{"id":1671,"date":"2021-12-01T01:57:05","date_gmt":"2021-12-01T04:57:05","guid":{"rendered":"https:\/\/nahuelproducciones.com.ar\/radioquijano\/?p=1671"},"modified":"2021-12-01T02:03:15","modified_gmt":"2021-12-01T05:03:15","slug":"caminata-y-bicicleteadapor-el-dia-mundial-de-lucha-contra-el-sida","status":"publish","type":"post","link":"https:\/\/nahuelproducciones.com.ar\/radioquijano\/caminata-y-bicicleteadapor-el-dia-mundial-de-lucha-contra-el-sida\/","title":{"rendered":"\u00abCaminata y bicicleteada\u00bbpor el \u00abDIA MUNDIAL DE LUCHA CONTRA EL SIDA\u00bb."},"content":{"rendered":"\n<p>El Hospital Dr. Francisco Herrera invita a la Comunidad de Campo Quijano, para que el d\u00eda  1\u00ba de diciembre participe de la \u00abCaminata y bicicleteada\u00bb , actividad que se organiza por conmemorarse el \u00abDIA MUNDIAL DE LUCHA CONTRA EL SIDA\u00bb.<\/p>\n\n\n\n<p>Este a\u00f1o lleva el  lema : \u00abPONER FIN A LAS DESIGUALDADES, PONER FIN AL SIDA, PONER FIN A LAS PANDEMIAS\u00bb.<\/p>\n\n\n\n<p> Hoy a partir de las 10:00 hs, el Equipo de Salud del Hospital lanzara la caminata y bicicleteada, con el objetivo de sensibilizar y concientizar a la poblaci\u00f3n sobre esta  problem\u00e1tica. <\/p>\n\n\n\n<p>El recorrido ser\u00e1 el siguiente:<\/p>\n\n\n\n<p>1.-SALIDA DESDE EL HOSPITAL POR CALLE ANT\u00c1RTIDA;<\/p>\n\n\n\n<p>2.- LUEGO POR YAPEY\u00da HASTA AVENIDA 9 DE JULIO;<\/p>\n\n\n\n<p>3.- CONTIN\u00daA POR CALLE SAN MART\u00cdN HASTA 25 DE MAYO;<\/p>\n\n\n\n<p>4.- FINALIZA EN CALLE POPPY HASTA PUNTO DE LLEGADA EN HOSPITAL<\/p>\n\n\n\n<p>Funcionar\u00e1 adem\u00e1s, un STAND INFORMATIVO en la PLAZA MART\u00cdN FIERRO desde  10:00hs a 12:00 hs.<\/p>\n\n\n\n<p>Por esta causa es que se invita  a la comunidad  a participar de las actividades, como as\u00ed tambi\u00e9n a acercarse al Servicio de Bioqu\u00edmica del Hospital , porque desde el Lunes 29 de noviembre al s\u00e1bado 4 de diciembre, de  8:30hs a 14.00 hs. se pueden realizar el TESTEO R\u00c1PIDO DE VIH. que es gratuito y confidencial.<\/p>\n\n\n\n<p><\/p>\n\n\n\n<p><a href=\"https:\/\/nahuelproducciones.com.ar\/index.php\/rq999\" target=\"_blank\" rel=\"noreferrer noopener\">#RQ99.9Mhz<\/a>   <a href=\"https:\/\/nahuelproducciones.com.ar\/\" target=\"_blank\" rel=\"noreferrer noopener\"> CAMPO QUIJANO<\/a><\/p>\n","protected":false},"excerpt":{"rendered":"<p>El Hospital Dr. Francisco Herrera invita a la Comunidad de Campo Quijano, para que el d\u00eda 1\u00ba de diciembre participe de la \u00abCaminata y bicicleteada\u00bb , actividad que se organiza por conmemorarse el \u00abDIA MUNDIAL DE LUCHA CONTRA EL SIDA\u00bb. Este a\u00f1o lleva el lema : \u00abPONER FIN A LAS DESIGUALDADES, PONER FIN AL SIDA, [&hellip;]<\/p>\n","protected":false},"author":8,"featured_media":1672,"comment_status":"open","ping_status":"open","sticky":false,"template":"","format":"standard","meta":{"_monsterinsights_skip_tracking":false,"_monsterinsights_sitenote_active":false,"_monsterinsights_sitenote_note":"","_monsterinsights_sitenote_category":0,"footnotes":""},"categories":[16],"tags":[269,36,267,271,268,272,270],"class_list":["post-1671","post","type-post","status-publish","format-standard","has-post-thumbnail","hentry","category-noticias","tag-caminata-y-bicicleteada","tag-campo-quijano","tag-hoas-dr-francisco-herrera","tag-lema-poner-fin-a-las-desigualdades","tag-lucha-contra-el-sida","tag-poner-fin-a-las-pandemias","tag-poner-fin-al-sida"],"yoast_head":"<!-- This site is optimized with the Yoast SEO plugin v20.8 - https:\/\/yoast.com\/wordpress\/plugins\/seo\/ -->\n<title>&quot;Caminata y bicicleteada&quot;por el &quot;DIA MUNDIAL DE LUCHA CONTRA EL SIDA&quot;. - RQ 99.9<\/title>\n<meta name=\"description\" content=\"Organiza el equipo de salud del Hospital Dr. Francisco Herrera de Campo Quijano.\" \/>\n<meta name=\"robots\" content=\"index, follow, max-snippet:-1, max-image-preview:large, max-video-preview:-1\" \/>\n<link rel=\"canonical\" href=\"https:\/\/nahuelproducciones.com.ar\/radioquijano\/caminata-y-bicicleteadapor-el-dia-mundial-de-lucha-contra-el-sida\/\" \/>\n<meta property=\"og:locale\" content=\"es_ES\" \/>\n<meta property=\"og:type\" content=\"article\" \/>\n<meta property=\"og:title\" content=\"&quot;Caminata y bicicleteada&quot;por el &quot;DIA MUNDIAL DE LUCHA CONTRA EL SIDA&quot;. - RQ 99.9\" \/>\n<meta property=\"og:description\" content=\"Organiza el equipo de salud del Hospital Dr. Francisco Herrera de Campo Quijano.\" \/>\n<meta property=\"og:url\" content=\"https:\/\/nahuelproducciones.com.ar\/radioquijano\/caminata-y-bicicleteadapor-el-dia-mundial-de-lucha-contra-el-sida\/\" \/>\n<meta property=\"og:site_name\" content=\"RQ 99.9\" \/>\n<meta property=\"article:publisher\" content=\"https:\/\/www.facebook.com\/nahuelproducciones999\/\" \/>\n<meta property=\"article:published_time\" content=\"2021-12-01T04:57:05+00:00\" \/>\n<meta property=\"article:modified_time\" content=\"2021-12-01T05:03:15+00:00\" \/>\n<meta property=\"og:image\" content=\"https:\/\/nahuelproducciones.com.ar\/radioquijano\/wp-content\/uploads\/2021\/12\/Dia-mundial-contra-el-cancer-e1638334601578.jpg\" \/>\n\t<meta property=\"og:image:width\" content=\"700\" \/>\n\t<meta property=\"og:image:height\" content=\"429\" \/>\n\t<meta property=\"og:image:type\" content=\"image\/jpeg\" \/>\n<meta name=\"author\" content=\"Cecilia Pastrana\" \/>\n<meta name=\"twitter:card\" content=\"summary_large_image\" \/>\n<meta name=\"twitter:creator\" content=\"@nahuproduciones\" \/>\n<meta name=\"twitter:site\" content=\"@nahuproduciones\" \/>\n<meta name=\"twitter:label1\" content=\"Escrito por\" \/>\n\t<meta name=\"twitter:data1\" content=\"Cecilia Pastrana\" \/>\n\t<meta name=\"twitter:label2\" content=\"Tiempo de lectura\" \/>\n\t<meta name=\"twitter:data2\" content=\"1 minuto\" \/>\n<script type=\"application\/ld+json\" class=\"yoast-schema-graph\">{\"@context\":\"https:\/\/schema.org\",\"@graph\":[{\"@type\":\"WebPage\",\"@id\":\"https:\/\/nahuelproducciones.com.ar\/radioquijano\/caminata-y-bicicleteadapor-el-dia-mundial-de-lucha-contra-el-sida\/\",\"url\":\"https:\/\/nahuelproducciones.com.ar\/radioquijano\/caminata-y-bicicleteadapor-el-dia-mundial-de-lucha-contra-el-sida\/\",\"name\":\"\\\"Caminata y bicicleteada\\\"por el \\\"DIA MUNDIAL DE LUCHA CONTRA EL SIDA\\\". - RQ 99.9\",\"isPartOf\":{\"@id\":\"https:\/\/nahuelproducciones.com.ar\/radioquijano\/#website\"},\"datePublished\":\"2021-12-01T04:57:05+00:00\",\"dateModified\":\"2021-12-01T05:03:15+00:00\",\"author\":{\"@id\":\"https:\/\/nahuelproducciones.com.ar\/radioquijano\/#\/schema\/person\/e8a4f939e2cb487fe6d0c54042c9d32c\"},\"description\":\"Organiza el equipo de salud del Hospital Dr. Francisco Herrera de Campo Quijano.\",\"breadcrumb\":{\"@id\":\"https:\/\/nahuelproducciones.com.ar\/radioquijano\/caminata-y-bicicleteadapor-el-dia-mundial-de-lucha-contra-el-sida\/#breadcrumb\"},\"inLanguage\":\"es\",\"potentialAction\":[{\"@type\":\"ReadAction\",\"target\":[\"https:\/\/nahuelproducciones.com.ar\/radioquijano\/caminata-y-bicicleteadapor-el-dia-mundial-de-lucha-contra-el-sida\/\"]}]},{\"@type\":\"BreadcrumbList\",\"@id\":\"https:\/\/nahuelproducciones.com.ar\/radioquijano\/caminata-y-bicicleteadapor-el-dia-mundial-de-lucha-contra-el-sida\/#breadcrumb\",\"itemListElement\":[{\"@type\":\"ListItem\",\"position\":1,\"name\":\"Portada\",\"item\":\"https:\/\/nahuelproducciones.com.ar\/radioquijano\/\"},{\"@type\":\"ListItem\",\"position\":2,\"name\":\"\u00abCaminata y bicicleteada\u00bbpor el \u00abDIA MUNDIAL DE LUCHA CONTRA EL SIDA\u00bb.\"}]},{\"@type\":\"WebSite\",\"@id\":\"https:\/\/nahuelproducciones.com.ar\/radioquijano\/#website\",\"url\":\"https:\/\/nahuelproducciones.com.ar\/radioquijano\/\",\"name\":\"RQ 99.9\",\"description\":\"Radio Quijano 99.9 MHz\",\"potentialAction\":[{\"@type\":\"SearchAction\",\"target\":{\"@type\":\"EntryPoint\",\"urlTemplate\":\"https:\/\/nahuelproducciones.com.ar\/radioquijano\/?s={search_term_string}\"},\"query-input\":\"required name=search_term_string\"}],\"inLanguage\":\"es\"},{\"@type\":\"Person\",\"@id\":\"https:\/\/nahuelproducciones.com.ar\/radioquijano\/#\/schema\/person\/e8a4f939e2cb487fe6d0c54042c9d32c\",\"name\":\"Cecilia Pastrana\",\"image\":{\"@type\":\"ImageObject\",\"inLanguage\":\"es\",\"@id\":\"https:\/\/nahuelproducciones.com.ar\/radioquijano\/#\/schema\/person\/image\/\",\"url\":\"https:\/\/secure.gravatar.com\/avatar\/661a3ef63a8488d4f2794ed44af8cf71420f7e106f3072c40125114df5157749?s=96&d=mm&r=g\",\"contentUrl\":\"https:\/\/secure.gravatar.com\/avatar\/661a3ef63a8488d4f2794ed44af8cf71420f7e106f3072c40125114df5157749?s=96&d=mm&r=g\",\"caption\":\"Cecilia Pastrana\"},\"sameAs\":[\"cecy\"],\"url\":\"https:\/\/nahuelproducciones.com.ar\/radioquijano\/author\/cecy\/\"}]}<\/script>\n<!-- \/ Yoast SEO plugin. -->","yoast_head_json":{"title":"\"Caminata y bicicleteada\"por el \"DIA MUNDIAL DE LUCHA CONTRA EL SIDA\". - RQ 99.9","description":"Organiza el equipo de salud del Hospital Dr. Francisco Herrera de Campo Quijano.","robots":{"index":"index","follow":"follow","max-snippet":"max-snippet:-1","max-image-preview":"max-image-preview:large","max-video-preview":"max-video-preview:-1"},"canonical":"https:\/\/nahuelproducciones.com.ar\/radioquijano\/caminata-y-bicicleteadapor-el-dia-mundial-de-lucha-contra-el-sida\/","og_locale":"es_ES","og_type":"article","og_title":"\"Caminata y bicicleteada\"por el \"DIA MUNDIAL DE LUCHA CONTRA EL SIDA\". - RQ 99.9","og_description":"Organiza el equipo de salud del Hospital Dr. Francisco Herrera de Campo Quijano.","og_url":"https:\/\/nahuelproducciones.com.ar\/radioquijano\/caminata-y-bicicleteadapor-el-dia-mundial-de-lucha-contra-el-sida\/","og_site_name":"RQ 99.9","article_publisher":"https:\/\/www.facebook.com\/nahuelproducciones999\/","article_published_time":"2021-12-01T04:57:05+00:00","article_modified_time":"2021-12-01T05:03:15+00:00","og_image":[{"width":700,"height":429,"url":"https:\/\/nahuelproducciones.com.ar\/radioquijano\/wp-content\/uploads\/2021\/12\/Dia-mundial-contra-el-cancer-e1638334601578.jpg","type":"image\/jpeg"}],"author":"Cecilia Pastrana","twitter_card":"summary_large_image","twitter_creator":"@nahuproduciones","twitter_site":"@nahuproduciones","twitter_misc":{"Escrito por":"Cecilia Pastrana","Tiempo de lectura":"1 minuto"},"schema":{"@context":"https:\/\/schema.org","@graph":[{"@type":"WebPage","@id":"https:\/\/nahuelproducciones.com.ar\/radioquijano\/caminata-y-bicicleteadapor-el-dia-mundial-de-lucha-contra-el-sida\/","url":"https:\/\/nahuelproducciones.com.ar\/radioquijano\/caminata-y-bicicleteadapor-el-dia-mundial-de-lucha-contra-el-sida\/","name":"\"Caminata y bicicleteada\"por el \"DIA MUNDIAL DE LUCHA CONTRA EL SIDA\". - RQ 99.9","isPartOf":{"@id":"https:\/\/nahuelproducciones.com.ar\/radioquijano\/#website"},"datePublished":"2021-12-01T04:57:05+00:00","dateModified":"2021-12-01T05:03:15+00:00","author":{"@id":"https:\/\/nahuelproducciones.com.ar\/radioquijano\/#\/schema\/person\/e8a4f939e2cb487fe6d0c54042c9d32c"},"description":"Organiza el equipo de salud del Hospital Dr. Francisco Herrera de Campo Quijano.","breadcrumb":{"@id":"https:\/\/nahuelproducciones.com.ar\/radioquijano\/caminata-y-bicicleteadapor-el-dia-mundial-de-lucha-contra-el-sida\/#breadcrumb"},"inLanguage":"es","potentialAction":[{"@type":"ReadAction","target":["https:\/\/nahuelproducciones.com.ar\/radioquijano\/caminata-y-bicicleteadapor-el-dia-mundial-de-lucha-contra-el-sida\/"]}]},{"@type":"BreadcrumbList","@id":"https:\/\/nahuelproducciones.com.ar\/radioquijano\/caminata-y-bicicleteadapor-el-dia-mundial-de-lucha-contra-el-sida\/#breadcrumb","itemListElement":[{"@type":"ListItem","position":1,"name":"Portada","item":"https:\/\/nahuelproducciones.com.ar\/radioquijano\/"},{"@type":"ListItem","position":2,"name":"\u00abCaminata y bicicleteada\u00bbpor el \u00abDIA MUNDIAL DE LUCHA CONTRA EL SIDA\u00bb."}]},{"@type":"WebSite","@id":"https:\/\/nahuelproducciones.com.ar\/radioquijano\/#website","url":"https:\/\/nahuelproducciones.com.ar\/radioquijano\/","name":"RQ 99.9","description":"Radio Quijano 99.9 MHz","potentialAction":[{"@type":"SearchAction","target":{"@type":"EntryPoint","urlTemplate":"https:\/\/nahuelproducciones.com.ar\/radioquijano\/?s={search_term_string}"},"query-input":"required name=search_term_string"}],"inLanguage":"es"},{"@type":"Person","@id":"https:\/\/nahuelproducciones.com.ar\/radioquijano\/#\/schema\/person\/e8a4f939e2cb487fe6d0c54042c9d32c","name":"Cecilia Pastrana","image":{"@type":"ImageObject","inLanguage":"es","@id":"https:\/\/nahuelproducciones.com.ar\/radioquijano\/#\/schema\/person\/image\/","url":"https:\/\/secure.gravatar.com\/avatar\/661a3ef63a8488d4f2794ed44af8cf71420f7e106f3072c40125114df5157749?s=96&d=mm&r=g","contentUrl":"https:\/\/secure.gravatar.com\/avatar\/661a3ef63a8488d4f2794ed44af8cf71420f7e106f3072c40125114df5157749?s=96&d=mm&r=g","caption":"Cecilia Pastrana"},"sameAs":["cecy"],"url":"https:\/\/nahuelproducciones.com.ar\/radioquijano\/author\/cecy\/"}]}},"_links":{"self":[{"href":"https:\/\/nahuelproducciones.com.ar\/radioquijano\/wp-json\/wp\/v2\/posts\/1671","targetHints":{"allow":["GET"]}}],"collection":[{"href":"https:\/\/nahuelproducciones.com.ar\/radioquijano\/wp-json\/wp\/v2\/posts"}],"about":[{"href":"https:\/\/nahuelproducciones.com.ar\/radioquijano\/wp-json\/wp\/v2\/types\/post"}],"author":[{"embeddable":true,"href":"https:\/\/nahuelproducciones.com.ar\/radioquijano\/wp-json\/wp\/v2\/users\/8"}],"replies":[{"embeddable":true,"href":"https:\/\/nahuelproducciones.com.ar\/radioquijano\/wp-json\/wp\/v2\/comments?post=1671"}],"version-history":[{"count":2,"href":"https:\/\/nahuelproducciones.com.ar\/radioquijano\/wp-json\/wp\/v2\/posts\/1671\/revisions"}],"predecessor-version":[{"id":1675,"href":"https:\/\/nahuelproducciones.com.ar\/radioquijano\/wp-json\/wp\/v2\/posts\/1671\/revisions\/1675"}],"wp:featuredmedia":[{"embeddable":true,"href":"https:\/\/nahuelproducciones.com.ar\/radioquijano\/wp-json\/wp\/v2\/media\/1672"}],"wp:attachment":[{"href":"https:\/\/nahuelproducciones.com.ar\/radioquijano\/wp-json\/wp\/v2\/media?parent=1671"}],"wp:term":[{"taxonomy":"category","embeddable":true,"href":"https:\/\/nahuelproducciones.com.ar\/radioquijano\/wp-json\/wp\/v2\/categories?post=1671"},{"taxonomy":"post_tag","embeddable":true,"href":"https:\/\/nahuelproducciones.com.ar\/radioquijano\/wp-json\/wp\/v2\/tags?post=1671"}],"curies":[{"name":"wp","href":"https:\/\/api.w.org\/{rel}","templated":true}]}}