{"id":1685,"date":"2021-12-05T19:53:38","date_gmt":"2021-12-05T22:53:38","guid":{"rendered":"https:\/\/nahuelproducciones.com.ar\/radioquijano\/?p=1685"},"modified":"2021-12-05T20:25:18","modified_gmt":"2021-12-05T23:25:18","slug":"carrazano-el-concejal-mas-votado-asumira-este-10-de-diciembre","status":"publish","type":"post","link":"https:\/\/nahuelproducciones.com.ar\/radioquijano\/carrazano-el-concejal-mas-votado-asumira-este-10-de-diciembre\/","title":{"rendered":"Carrazano, el concejal m\u00e1s votado asumir\u00e1 este 10 de diciembre"},"content":{"rendered":"\n<p>En efecto, Carlos Carrazano en el m\u00e1s votado y este 10 de diciembre asumir\u00e1 la concejal\u00eda en Campo Quijano a pesar de que el oficialismo se empe\u00f1a en manchar no solo su persona, sino tambi\u00e9n su profesi\u00f3n como profesor.<\/p>\n\n\n\n<p>A lo largo de la espera desde las elecciones hasta el momento de su asunci\u00f3n, se est\u00e1n produciendo diferentes manifestaciones no solo period\u00edsticas, tambi\u00e9n el intento de comprar voluntades para levantar las manos a favor del gobierno oficial del municipio.<\/p>\n\n\n\n<p>Carrazano ha expresado en sus redes que asumir\u00e1 la banca y que conf\u00eda en la justicia, por lo que ya ha recibido el correspondiente certificado que lo habilita a asumir junto a los dem\u00e1s ediles electos para la pr\u00f3xima gesti\u00f3n 2021 &#8211; 2.023.<\/p>\n\n\n\n<p>La expectativa que ha generado desde su campa\u00f1a es lo que ha minado profundamente en el interior del oficialismo, pues pensaban que \u00abCarlitos\u00bb ser\u00eda f\u00e1cil de comprar, pero el tiro les sali\u00f3 por la culata y todo tom\u00f3 otro matiz para quienes buscan no rendir cuentas al pueblo del gasto p\u00fablico.<\/p>\n\n\n\n<p>CARLOS CARRAZO ASUME A PESAR DE TODO Y DE ALGUNOS..<\/p>\n\n\n\n<iframe loading=\"lazy\" src=\"https:\/\/www.facebook.com\/plugins\/post.php?href=https%3A%2F%2Fwww.facebook.com%2Fpermalink.php%3Fstory_fbid%3D205170788455955%26id%3D100068891041182&#038;width=700&#038;show_text=true&#038;appId=410666069697405&#038;height=824\" width=\"700\" height=\"824\" style=\"border:none;overflow:hidden\" scrolling=\"no\" frameborder=\"0\" allowfullscreen=\"true\" allow=\"autoplay; clipboard-write; encrypted-media; picture-in-picture; web-share\"><\/iframe>\n","protected":false},"excerpt":{"rendered":"<p>Carrazano, el concejal m\u00e1s votado asumir\u00e1 este 10 de diciembre<\/p>\n","protected":false},"author":6,"featured_media":1688,"comment_status":"open","ping_status":"open","sticky":false,"template":"","format":"standard","meta":{"_monsterinsights_skip_tracking":false,"_monsterinsights_sitenote_active":false,"_monsterinsights_sitenote_note":"","_monsterinsights_sitenote_category":0,"footnotes":""},"categories":[8,16],"tags":[],"class_list":["post-1685","post","type-post","status-publish","format-standard","has-post-thumbnail","hentry","category-blog-de-sapito","category-noticias"],"yoast_head":"<!-- This site is optimized with the Yoast SEO plugin v20.8 - https:\/\/yoast.com\/wordpress\/plugins\/seo\/ -->\n<title>Carrazano, el concejal m\u00e1s votado asumir\u00e1 este 10 de diciembre - RQ 99.9<\/title>\n<meta name=\"description\" content=\"FOLLONI ESTA PREOCUPADO POR LA PR\u00d3XIMA GESTI\u00d3N DEL CONCEJO DELIBERANTE.\" \/>\n<meta name=\"robots\" content=\"index, follow, max-snippet:-1, max-image-preview:large, max-video-preview:-1\" \/>\n<link rel=\"canonical\" href=\"https:\/\/nahuelproducciones.com.ar\/radioquijano\/carrazano-el-concejal-mas-votado-asumira-este-10-de-diciembre\/\" \/>\n<meta property=\"og:locale\" content=\"es_ES\" \/>\n<meta property=\"og:type\" content=\"article\" \/>\n<meta property=\"og:title\" content=\"Carrazano, el concejal m\u00e1s votado asumir\u00e1 este 10 de diciembre - RQ 99.9\" \/>\n<meta property=\"og:description\" content=\"FOLLONI ESTA PREOCUPADO POR LA PR\u00d3XIMA GESTI\u00d3N DEL CONCEJO DELIBERANTE.\" \/>\n<meta property=\"og:url\" content=\"https:\/\/nahuelproducciones.com.ar\/radioquijano\/carrazano-el-concejal-mas-votado-asumira-este-10-de-diciembre\/\" \/>\n<meta property=\"og:site_name\" content=\"RQ 99.9\" \/>\n<meta property=\"article:publisher\" content=\"https:\/\/www.facebook.com\/nahuelproducciones999\/\" \/>\n<meta property=\"article:published_time\" content=\"2021-12-05T22:53:38+00:00\" \/>\n<meta property=\"article:modified_time\" content=\"2021-12-05T23:25:18+00:00\" \/>\n<meta property=\"og:image\" content=\"https:\/\/nahuelproducciones.com.ar\/radioquijano\/wp-content\/uploads\/2021\/12\/CERTIFICADO-CARLOS-CARRAZANO.jpg\" \/>\n\t<meta property=\"og:image:width\" content=\"700\" \/>\n\t<meta property=\"og:image:height\" content=\"370\" \/>\n\t<meta property=\"og:image:type\" content=\"image\/jpeg\" \/>\n<meta name=\"author\" content=\"Ricardo Guzman\" \/>\n<meta name=\"twitter:card\" content=\"summary_large_image\" \/>\n<meta name=\"twitter:creator\" content=\"@nahuproduciones\" \/>\n<meta name=\"twitter:site\" content=\"@nahuproduciones\" \/>\n<meta name=\"twitter:label1\" content=\"Escrito por\" \/>\n\t<meta name=\"twitter:data1\" content=\"Ricardo Guzman\" \/>\n\t<meta name=\"twitter:label2\" content=\"Tiempo de lectura\" \/>\n\t<meta name=\"twitter:data2\" content=\"1 minuto\" \/>\n<script type=\"application\/ld+json\" class=\"yoast-schema-graph\">{\"@context\":\"https:\/\/schema.org\",\"@graph\":[{\"@type\":\"WebPage\",\"@id\":\"https:\/\/nahuelproducciones.com.ar\/radioquijano\/carrazano-el-concejal-mas-votado-asumira-este-10-de-diciembre\/\",\"url\":\"https:\/\/nahuelproducciones.com.ar\/radioquijano\/carrazano-el-concejal-mas-votado-asumira-este-10-de-diciembre\/\",\"name\":\"Carrazano, el concejal m\u00e1s votado asumir\u00e1 este 10 de diciembre - RQ 99.9\",\"isPartOf\":{\"@id\":\"https:\/\/nahuelproducciones.com.ar\/radioquijano\/#website\"},\"datePublished\":\"2021-12-05T22:53:38+00:00\",\"dateModified\":\"2021-12-05T23:25:18+00:00\",\"author\":{\"@id\":\"https:\/\/nahuelproducciones.com.ar\/radioquijano\/#\/schema\/person\/b9b81a110cbdf07949e2cd02d478ab9d\"},\"description\":\"FOLLONI ESTA PREOCUPADO POR LA PR\u00d3XIMA GESTI\u00d3N DEL CONCEJO DELIBERANTE.\",\"breadcrumb\":{\"@id\":\"https:\/\/nahuelproducciones.com.ar\/radioquijano\/carrazano-el-concejal-mas-votado-asumira-este-10-de-diciembre\/#breadcrumb\"},\"inLanguage\":\"es\",\"potentialAction\":[{\"@type\":\"ReadAction\",\"target\":[\"https:\/\/nahuelproducciones.com.ar\/radioquijano\/carrazano-el-concejal-mas-votado-asumira-este-10-de-diciembre\/\"]}]},{\"@type\":\"BreadcrumbList\",\"@id\":\"https:\/\/nahuelproducciones.com.ar\/radioquijano\/carrazano-el-concejal-mas-votado-asumira-este-10-de-diciembre\/#breadcrumb\",\"itemListElement\":[{\"@type\":\"ListItem\",\"position\":1,\"name\":\"Portada\",\"item\":\"https:\/\/nahuelproducciones.com.ar\/radioquijano\/\"},{\"@type\":\"ListItem\",\"position\":2,\"name\":\"Carrazano, el concejal m\u00e1s votado asumir\u00e1 este 10 de diciembre\"}]},{\"@type\":\"WebSite\",\"@id\":\"https:\/\/nahuelproducciones.com.ar\/radioquijano\/#website\",\"url\":\"https:\/\/nahuelproducciones.com.ar\/radioquijano\/\",\"name\":\"RQ 99.9\",\"description\":\"Radio Quijano 99.9 MHz\",\"potentialAction\":[{\"@type\":\"SearchAction\",\"target\":{\"@type\":\"EntryPoint\",\"urlTemplate\":\"https:\/\/nahuelproducciones.com.ar\/radioquijano\/?s={search_term_string}\"},\"query-input\":\"required name=search_term_string\"}],\"inLanguage\":\"es\"},{\"@type\":\"Person\",\"@id\":\"https:\/\/nahuelproducciones.com.ar\/radioquijano\/#\/schema\/person\/b9b81a110cbdf07949e2cd02d478ab9d\",\"name\":\"Ricardo Guzman\",\"image\":{\"@type\":\"ImageObject\",\"inLanguage\":\"es\",\"@id\":\"https:\/\/nahuelproducciones.com.ar\/radioquijano\/#\/schema\/person\/image\/\",\"url\":\"https:\/\/secure.gravatar.com\/avatar\/a5d582deda251f95dc882b72fc6e7b4854f88bb25c3154519210afffa7d706e8?s=96&d=mm&r=g\",\"contentUrl\":\"https:\/\/secure.gravatar.com\/avatar\/a5d582deda251f95dc882b72fc6e7b4854f88bb25c3154519210afffa7d706e8?s=96&d=mm&r=g\",\"caption\":\"Ricardo Guzman\"},\"url\":\"https:\/\/nahuelproducciones.com.ar\/radioquijano\/author\/cady\/\"}]}<\/script>\n<!-- \/ Yoast SEO plugin. -->","yoast_head_json":{"title":"Carrazano, el concejal m\u00e1s votado asumir\u00e1 este 10 de diciembre - RQ 99.9","description":"FOLLONI ESTA PREOCUPADO POR LA PR\u00d3XIMA GESTI\u00d3N DEL CONCEJO DELIBERANTE.","robots":{"index":"index","follow":"follow","max-snippet":"max-snippet:-1","max-image-preview":"max-image-preview:large","max-video-preview":"max-video-preview:-1"},"canonical":"https:\/\/nahuelproducciones.com.ar\/radioquijano\/carrazano-el-concejal-mas-votado-asumira-este-10-de-diciembre\/","og_locale":"es_ES","og_type":"article","og_title":"Carrazano, el concejal m\u00e1s votado asumir\u00e1 este 10 de diciembre - RQ 99.9","og_description":"FOLLONI ESTA PREOCUPADO POR LA PR\u00d3XIMA GESTI\u00d3N DEL CONCEJO DELIBERANTE.","og_url":"https:\/\/nahuelproducciones.com.ar\/radioquijano\/carrazano-el-concejal-mas-votado-asumira-este-10-de-diciembre\/","og_site_name":"RQ 99.9","article_publisher":"https:\/\/www.facebook.com\/nahuelproducciones999\/","article_published_time":"2021-12-05T22:53:38+00:00","article_modified_time":"2021-12-05T23:25:18+00:00","og_image":[{"width":700,"height":370,"url":"https:\/\/nahuelproducciones.com.ar\/radioquijano\/wp-content\/uploads\/2021\/12\/CERTIFICADO-CARLOS-CARRAZANO.jpg","type":"image\/jpeg"}],"author":"Ricardo Guzman","twitter_card":"summary_large_image","twitter_creator":"@nahuproduciones","twitter_site":"@nahuproduciones","twitter_misc":{"Escrito por":"Ricardo Guzman","Tiempo de lectura":"1 minuto"},"schema":{"@context":"https:\/\/schema.org","@graph":[{"@type":"WebPage","@id":"https:\/\/nahuelproducciones.com.ar\/radioquijano\/carrazano-el-concejal-mas-votado-asumira-este-10-de-diciembre\/","url":"https:\/\/nahuelproducciones.com.ar\/radioquijano\/carrazano-el-concejal-mas-votado-asumira-este-10-de-diciembre\/","name":"Carrazano, el concejal m\u00e1s votado asumir\u00e1 este 10 de diciembre - RQ 99.9","isPartOf":{"@id":"https:\/\/nahuelproducciones.com.ar\/radioquijano\/#website"},"datePublished":"2021-12-05T22:53:38+00:00","dateModified":"2021-12-05T23:25:18+00:00","author":{"@id":"https:\/\/nahuelproducciones.com.ar\/radioquijano\/#\/schema\/person\/b9b81a110cbdf07949e2cd02d478ab9d"},"description":"FOLLONI ESTA PREOCUPADO POR LA PR\u00d3XIMA GESTI\u00d3N DEL CONCEJO DELIBERANTE.","breadcrumb":{"@id":"https:\/\/nahuelproducciones.com.ar\/radioquijano\/carrazano-el-concejal-mas-votado-asumira-este-10-de-diciembre\/#breadcrumb"},"inLanguage":"es","potentialAction":[{"@type":"ReadAction","target":["https:\/\/nahuelproducciones.com.ar\/radioquijano\/carrazano-el-concejal-mas-votado-asumira-este-10-de-diciembre\/"]}]},{"@type":"BreadcrumbList","@id":"https:\/\/nahuelproducciones.com.ar\/radioquijano\/carrazano-el-concejal-mas-votado-asumira-este-10-de-diciembre\/#breadcrumb","itemListElement":[{"@type":"ListItem","position":1,"name":"Portada","item":"https:\/\/nahuelproducciones.com.ar\/radioquijano\/"},{"@type":"ListItem","position":2,"name":"Carrazano, el concejal m\u00e1s votado asumir\u00e1 este 10 de diciembre"}]},{"@type":"WebSite","@id":"https:\/\/nahuelproducciones.com.ar\/radioquijano\/#website","url":"https:\/\/nahuelproducciones.com.ar\/radioquijano\/","name":"RQ 99.9","description":"Radio Quijano 99.9 MHz","potentialAction":[{"@type":"SearchAction","target":{"@type":"EntryPoint","urlTemplate":"https:\/\/nahuelproducciones.com.ar\/radioquijano\/?s={search_term_string}"},"query-input":"required name=search_term_string"}],"inLanguage":"es"},{"@type":"Person","@id":"https:\/\/nahuelproducciones.com.ar\/radioquijano\/#\/schema\/person\/b9b81a110cbdf07949e2cd02d478ab9d","name":"Ricardo Guzman","image":{"@type":"ImageObject","inLanguage":"es","@id":"https:\/\/nahuelproducciones.com.ar\/radioquijano\/#\/schema\/person\/image\/","url":"https:\/\/secure.gravatar.com\/avatar\/a5d582deda251f95dc882b72fc6e7b4854f88bb25c3154519210afffa7d706e8?s=96&d=mm&r=g","contentUrl":"https:\/\/secure.gravatar.com\/avatar\/a5d582deda251f95dc882b72fc6e7b4854f88bb25c3154519210afffa7d706e8?s=96&d=mm&r=g","caption":"Ricardo Guzman"},"url":"https:\/\/nahuelproducciones.com.ar\/radioquijano\/author\/cady\/"}]}},"_links":{"self":[{"href":"https:\/\/nahuelproducciones.com.ar\/radioquijano\/wp-json\/wp\/v2\/posts\/1685","targetHints":{"allow":["GET"]}}],"collection":[{"href":"https:\/\/nahuelproducciones.com.ar\/radioquijano\/wp-json\/wp\/v2\/posts"}],"about":[{"href":"https:\/\/nahuelproducciones.com.ar\/radioquijano\/wp-json\/wp\/v2\/types\/post"}],"author":[{"embeddable":true,"href":"https:\/\/nahuelproducciones.com.ar\/radioquijano\/wp-json\/wp\/v2\/users\/6"}],"replies":[{"embeddable":true,"href":"https:\/\/nahuelproducciones.com.ar\/radioquijano\/wp-json\/wp\/v2\/comments?post=1685"}],"version-history":[{"count":4,"href":"https:\/\/nahuelproducciones.com.ar\/radioquijano\/wp-json\/wp\/v2\/posts\/1685\/revisions"}],"predecessor-version":[{"id":1692,"href":"https:\/\/nahuelproducciones.com.ar\/radioquijano\/wp-json\/wp\/v2\/posts\/1685\/revisions\/1692"}],"wp:featuredmedia":[{"embeddable":true,"href":"https:\/\/nahuelproducciones.com.ar\/radioquijano\/wp-json\/wp\/v2\/media\/1688"}],"wp:attachment":[{"href":"https:\/\/nahuelproducciones.com.ar\/radioquijano\/wp-json\/wp\/v2\/media?parent=1685"}],"wp:term":[{"taxonomy":"category","embeddable":true,"href":"https:\/\/nahuelproducciones.com.ar\/radioquijano\/wp-json\/wp\/v2\/categories?post=1685"},{"taxonomy":"post_tag","embeddable":true,"href":"https:\/\/nahuelproducciones.com.ar\/radioquijano\/wp-json\/wp\/v2\/tags?post=1685"}],"curies":[{"name":"wp","href":"https:\/\/api.w.org\/{rel}","templated":true}]}}