{"id":1693,"date":"2021-12-05T22:12:02","date_gmt":"2021-12-06T01:12:02","guid":{"rendered":"https:\/\/nahuelproducciones.com.ar\/radioquijano\/?p=1693"},"modified":"2021-12-05T23:32:37","modified_gmt":"2021-12-06T02:32:37","slug":"quijano-salio-campeon-el-centenario-se-llevo-la-copa-del-certamen-provincial","status":"publish","type":"post","link":"https:\/\/nahuelproducciones.com.ar\/radioquijano\/quijano-salio-campeon-el-centenario-se-llevo-la-copa-del-certamen-provincial\/","title":{"rendered":"Quijano sali\u00f3 campe\u00f3n: \u00abEl Centenario\u00bb se llev\u00f3 la copa del certamen provincial"},"content":{"rendered":"\n<p>Este es el 4\u00b0 certamen provincial de f\u00fatbol en el que Campo Quijano\u00a0sali\u00f3 campe\u00f3n.<\/p>\n\n\n\n<p>El equipo se enfrent\u00f3 ante los representativos de El Tala y La Merced, partidos en los que pudo demostrar el juego no solo individual sino lo que se esperara, el juego en equipo.<\/p>\n\n\n\n<p>En su encuentro contra El Tala, Quijano gan\u00f3 2 a 0, mientras que en el partido contra La Merced ganaron por penales.<\/p>\n\n\n\n<p>Este\u00a04\u00b0 certamen provincial  es denominado \u00abLos hermanos sean unidos\u00bb, y lograron participar equipos de otras localidades de provincia. Una jornada que sirvi\u00f3 tambi\u00e9n para la integraci\u00f3n en la que tambi\u00e9n pudieron conocer el interior del Estadio Padre Ernesto Martearena.<\/p>\n\n\n\n<p>Cabe recordar que el equipo \u00abLos Centenarios\u00bb son parte de \u00abLa Bora\u00bb y de \u00abHuaytiquina\u00bb<\/p>\n\n\n\n<p>Lista de convocados Sabado 4 de diciembre<\/p>\n\n\n\n<p>1) Luciano Caldera- volante<br>2) Carlos Barboza- volante central<br>3) Viveros Luciano- arquero<br>4) Juan Gutierrez- central<br>5) Lucas Bava- central<br>6) Enrique Serapio- volante<br>7) Valdez Alejandro- volante central y marcador de punta<br>8) Efra\u00edn Fabian- marcador de punta, delantero<br>9) Chumpy- marcador de punta<br>10) Rodrigo L\u00f3pez- volante central<br>11) Esteban Esp\u00edndola- marcador de punta<br>12) Diego Piccolo<br>13) Lobo- delantero<br>14) Nacho Galarza- delantero<br>15) Benicio Paul<br>16) Lucas Ferreyra<br>17) Manu<br>18) Ariel Rivera- delantero<\/p>\n\n\n\n<div class=\"wp-block-group\"><div class=\"wp-block-group__inner-container is-layout-flow wp-block-group-is-layout-flow\">\n<figure class=\"wp-block-gallery columns-3 is-cropped wp-block-gallery-1 is-layout-flex wp-block-gallery-is-layout-flex\"><ul class=\"blocks-gallery-grid\"><li class=\"blocks-gallery-item\"><figure><img loading=\"lazy\" decoding=\"async\" width=\"700\" height=\"350\" src=\"https:\/\/nahuelproducciones.com.ar\/radioquijano\/wp-content\/uploads\/2021\/12\/262812258_458607925641892_6344689945221652006_n.jpg\" alt=\"\" data-id=\"1701\" data-full-url=\"https:\/\/nahuelproducciones.com.ar\/radioquijano\/wp-content\/uploads\/2021\/12\/262812258_458607925641892_6344689945221652006_n.jpg\" data-link=\"https:\/\/nahuelproducciones.com.ar\/radioquijano\/quijano-salio-campeon-el-centenario-se-llevo-la-copa-del-certamen-provincial\/262812258_458607925641892_6344689945221652006_n\/\" class=\"wp-image-1701\" srcset=\"https:\/\/nahuelproducciones.com.ar\/radioquijano\/wp-content\/uploads\/2021\/12\/262812258_458607925641892_6344689945221652006_n.jpg 700w, https:\/\/nahuelproducciones.com.ar\/radioquijano\/wp-content\/uploads\/2021\/12\/262812258_458607925641892_6344689945221652006_n-300x150.jpg 300w, https:\/\/nahuelproducciones.com.ar\/radioquijano\/wp-content\/uploads\/2021\/12\/262812258_458607925641892_6344689945221652006_n-150x75.jpg 150w\" sizes=\"auto, (max-width: 700px) 100vw, 700px\" \/><\/figure><\/li><li class=\"blocks-gallery-item\"><figure><img loading=\"lazy\" decoding=\"async\" width=\"700\" height=\"350\" src=\"https:\/\/nahuelproducciones.com.ar\/radioquijano\/wp-content\/uploads\/2021\/12\/262497010_458609538975064_8204848533422756010_n.jpg\" alt=\"\" data-id=\"1700\" data-full-url=\"https:\/\/nahuelproducciones.com.ar\/radioquijano\/wp-content\/uploads\/2021\/12\/262497010_458609538975064_8204848533422756010_n.jpg\" data-link=\"https:\/\/nahuelproducciones.com.ar\/radioquijano\/quijano-salio-campeon-el-centenario-se-llevo-la-copa-del-certamen-provincial\/262497010_458609538975064_8204848533422756010_n\/\" class=\"wp-image-1700\" srcset=\"https:\/\/nahuelproducciones.com.ar\/radioquijano\/wp-content\/uploads\/2021\/12\/262497010_458609538975064_8204848533422756010_n.jpg 700w, https:\/\/nahuelproducciones.com.ar\/radioquijano\/wp-content\/uploads\/2021\/12\/262497010_458609538975064_8204848533422756010_n-300x150.jpg 300w, https:\/\/nahuelproducciones.com.ar\/radioquijano\/wp-content\/uploads\/2021\/12\/262497010_458609538975064_8204848533422756010_n-150x75.jpg 150w\" sizes=\"auto, (max-width: 700px) 100vw, 700px\" \/><\/figure><\/li><li class=\"blocks-gallery-item\"><figure><img loading=\"lazy\" decoding=\"async\" width=\"1024\" height=\"768\" src=\"https:\/\/nahuelproducciones.com.ar\/radioquijano\/wp-content\/uploads\/2021\/12\/262377309_458607752308576_6107958228984249401_n-1024x768.jpg\" alt=\"\" data-id=\"1699\" data-full-url=\"https:\/\/nahuelproducciones.com.ar\/radioquijano\/wp-content\/uploads\/2021\/12\/262377309_458607752308576_6107958228984249401_n.jpg\" data-link=\"https:\/\/nahuelproducciones.com.ar\/radioquijano\/quijano-salio-campeon-el-centenario-se-llevo-la-copa-del-certamen-provincial\/262377309_458607752308576_6107958228984249401_n\/\" class=\"wp-image-1699\" srcset=\"https:\/\/nahuelproducciones.com.ar\/radioquijano\/wp-content\/uploads\/2021\/12\/262377309_458607752308576_6107958228984249401_n-1024x768.jpg 1024w, https:\/\/nahuelproducciones.com.ar\/radioquijano\/wp-content\/uploads\/2021\/12\/262377309_458607752308576_6107958228984249401_n-300x225.jpg 300w, https:\/\/nahuelproducciones.com.ar\/radioquijano\/wp-content\/uploads\/2021\/12\/262377309_458607752308576_6107958228984249401_n-768x576.jpg 768w, https:\/\/nahuelproducciones.com.ar\/radioquijano\/wp-content\/uploads\/2021\/12\/262377309_458607752308576_6107958228984249401_n-1536x1152.jpg 1536w, https:\/\/nahuelproducciones.com.ar\/radioquijano\/wp-content\/uploads\/2021\/12\/262377309_458607752308576_6107958228984249401_n-150x113.jpg 150w, https:\/\/nahuelproducciones.com.ar\/radioquijano\/wp-content\/uploads\/2021\/12\/262377309_458607752308576_6107958228984249401_n.jpg 1600w\" sizes=\"auto, (max-width: 1024px) 100vw, 1024px\" \/><\/figure><\/li><li class=\"blocks-gallery-item\"><figure><img loading=\"lazy\" decoding=\"async\" width=\"700\" height=\"350\" src=\"https:\/\/nahuelproducciones.com.ar\/radioquijano\/wp-content\/uploads\/2021\/12\/259507483_458607688975249_4427186858849804337_n.jpg\" alt=\"\" data-id=\"1698\" data-full-url=\"https:\/\/nahuelproducciones.com.ar\/radioquijano\/wp-content\/uploads\/2021\/12\/259507483_458607688975249_4427186858849804337_n.jpg\" data-link=\"https:\/\/nahuelproducciones.com.ar\/radioquijano\/quijano-salio-campeon-el-centenario-se-llevo-la-copa-del-certamen-provincial\/259507483_458607688975249_4427186858849804337_n\/\" class=\"wp-image-1698\" srcset=\"https:\/\/nahuelproducciones.com.ar\/radioquijano\/wp-content\/uploads\/2021\/12\/259507483_458607688975249_4427186858849804337_n.jpg 700w, https:\/\/nahuelproducciones.com.ar\/radioquijano\/wp-content\/uploads\/2021\/12\/259507483_458607688975249_4427186858849804337_n-300x150.jpg 300w, https:\/\/nahuelproducciones.com.ar\/radioquijano\/wp-content\/uploads\/2021\/12\/259507483_458607688975249_4427186858849804337_n-150x75.jpg 150w\" sizes=\"auto, (max-width: 700px) 100vw, 700px\" \/><\/figure><\/li><li class=\"blocks-gallery-item\"><figure><img loading=\"lazy\" decoding=\"async\" width=\"700\" height=\"350\" src=\"https:\/\/nahuelproducciones.com.ar\/radioquijano\/wp-content\/uploads\/2021\/12\/258853002_458607538975264_4036393158332451556_n.jpg\" alt=\"\" data-id=\"1697\" data-full-url=\"https:\/\/nahuelproducciones.com.ar\/radioquijano\/wp-content\/uploads\/2021\/12\/258853002_458607538975264_4036393158332451556_n.jpg\" data-link=\"https:\/\/nahuelproducciones.com.ar\/radioquijano\/quijano-salio-campeon-el-centenario-se-llevo-la-copa-del-certamen-provincial\/258853002_458607538975264_4036393158332451556_n\/\" class=\"wp-image-1697\" srcset=\"https:\/\/nahuelproducciones.com.ar\/radioquijano\/wp-content\/uploads\/2021\/12\/258853002_458607538975264_4036393158332451556_n.jpg 700w, https:\/\/nahuelproducciones.com.ar\/radioquijano\/wp-content\/uploads\/2021\/12\/258853002_458607538975264_4036393158332451556_n-300x150.jpg 300w, https:\/\/nahuelproducciones.com.ar\/radioquijano\/wp-content\/uploads\/2021\/12\/258853002_458607538975264_4036393158332451556_n-150x75.jpg 150w\" sizes=\"auto, (max-width: 700px) 100vw, 700px\" \/><\/figure><\/li><li class=\"blocks-gallery-item\"><figure><img loading=\"lazy\" decoding=\"async\" width=\"700\" height=\"350\" src=\"https:\/\/nahuelproducciones.com.ar\/radioquijano\/wp-content\/uploads\/2021\/12\/258816239_458607905641894_9034604569667525826_n.jpg\" alt=\"\" data-id=\"1696\" data-full-url=\"https:\/\/nahuelproducciones.com.ar\/radioquijano\/wp-content\/uploads\/2021\/12\/258816239_458607905641894_9034604569667525826_n.jpg\" data-link=\"https:\/\/nahuelproducciones.com.ar\/radioquijano\/quijano-salio-campeon-el-centenario-se-llevo-la-copa-del-certamen-provincial\/258816239_458607905641894_9034604569667525826_n\/\" class=\"wp-image-1696\" srcset=\"https:\/\/nahuelproducciones.com.ar\/radioquijano\/wp-content\/uploads\/2021\/12\/258816239_458607905641894_9034604569667525826_n.jpg 700w, https:\/\/nahuelproducciones.com.ar\/radioquijano\/wp-content\/uploads\/2021\/12\/258816239_458607905641894_9034604569667525826_n-300x150.jpg 300w, https:\/\/nahuelproducciones.com.ar\/radioquijano\/wp-content\/uploads\/2021\/12\/258816239_458607905641894_9034604569667525826_n-150x75.jpg 150w\" sizes=\"auto, (max-width: 700px) 100vw, 700px\" \/><\/figure><\/li><\/ul><\/figure>\n<\/div><\/div>\n\n\n\n<p><\/p>\n","protected":false},"excerpt":{"rendered":"<p>Este es el 4\u00b0 certamen provincial de f\u00fatbol en el que Campo Quijano\u00a0sali\u00f3 campe\u00f3n. El equipo se enfrent\u00f3 ante los representativos de El Tala y La Merced, partidos en los que pudo demostrar el juego no solo individual sino lo que se esperara, el juego en equipo. En su encuentro contra El Tala, Quijano gan\u00f3 [&hellip;]<\/p>\n","protected":false},"author":6,"featured_media":1698,"comment_status":"open","ping_status":"open","sticky":false,"template":"","format":"standard","meta":{"_monsterinsights_skip_tracking":false,"_monsterinsights_sitenote_active":false,"_monsterinsights_sitenote_note":"","_monsterinsights_sitenote_category":0,"footnotes":""},"categories":[16],"tags":[],"class_list":["post-1693","post","type-post","status-publish","format-standard","has-post-thumbnail","hentry","category-noticias"],"yoast_head":"<!-- This site is optimized with the Yoast SEO plugin v20.8 - https:\/\/yoast.com\/wordpress\/plugins\/seo\/ -->\n<title>Quijano sali\u00f3 campe\u00f3n: &quot;El Centenario&quot; se llev\u00f3 la copa del certamen provincial - RQ 99.9<\/title>\n<meta name=\"robots\" content=\"index, follow, max-snippet:-1, max-image-preview:large, max-video-preview:-1\" \/>\n<link rel=\"canonical\" href=\"https:\/\/nahuelproducciones.com.ar\/radioquijano\/quijano-salio-campeon-el-centenario-se-llevo-la-copa-del-certamen-provincial\/\" \/>\n<meta property=\"og:locale\" content=\"es_ES\" \/>\n<meta property=\"og:type\" content=\"article\" \/>\n<meta property=\"og:title\" content=\"Quijano sali\u00f3 campe\u00f3n: &quot;El Centenario&quot; se llev\u00f3 la copa del certamen provincial - RQ 99.9\" \/>\n<meta property=\"og:description\" content=\"Este es el 4\u00b0 certamen provincial de f\u00fatbol en el que Campo Quijano\u00a0sali\u00f3 campe\u00f3n. El equipo se enfrent\u00f3 ante los representativos de El Tala y La Merced, partidos en los que pudo demostrar el juego no solo individual sino lo que se esperara, el juego en equipo. En su encuentro contra El Tala, Quijano gan\u00f3 [&hellip;]\" \/>\n<meta property=\"og:url\" content=\"https:\/\/nahuelproducciones.com.ar\/radioquijano\/quijano-salio-campeon-el-centenario-se-llevo-la-copa-del-certamen-provincial\/\" \/>\n<meta property=\"og:site_name\" content=\"RQ 99.9\" \/>\n<meta property=\"article:publisher\" content=\"https:\/\/www.facebook.com\/nahuelproducciones999\/\" \/>\n<meta property=\"article:published_time\" content=\"2021-12-06T01:12:02+00:00\" \/>\n<meta property=\"article:modified_time\" content=\"2021-12-06T02:32:37+00:00\" \/>\n<meta property=\"og:image\" content=\"https:\/\/nahuelproducciones.com.ar\/radioquijano\/wp-content\/uploads\/2021\/12\/259507483_458607688975249_4427186858849804337_n.jpg\" \/>\n\t<meta property=\"og:image:width\" content=\"700\" \/>\n\t<meta property=\"og:image:height\" content=\"350\" \/>\n\t<meta property=\"og:image:type\" content=\"image\/jpeg\" \/>\n<meta name=\"author\" content=\"Ricardo Guzman\" \/>\n<meta name=\"twitter:card\" content=\"summary_large_image\" \/>\n<meta name=\"twitter:creator\" content=\"@nahuproduciones\" \/>\n<meta name=\"twitter:site\" content=\"@nahuproduciones\" \/>\n<meta name=\"twitter:label1\" content=\"Escrito por\" \/>\n\t<meta name=\"twitter:data1\" content=\"Ricardo Guzman\" \/>\n\t<meta name=\"twitter:label2\" content=\"Tiempo de lectura\" \/>\n\t<meta name=\"twitter:data2\" content=\"3 minutos\" \/>\n<script type=\"application\/ld+json\" class=\"yoast-schema-graph\">{\"@context\":\"https:\/\/schema.org\",\"@graph\":[{\"@type\":\"WebPage\",\"@id\":\"https:\/\/nahuelproducciones.com.ar\/radioquijano\/quijano-salio-campeon-el-centenario-se-llevo-la-copa-del-certamen-provincial\/\",\"url\":\"https:\/\/nahuelproducciones.com.ar\/radioquijano\/quijano-salio-campeon-el-centenario-se-llevo-la-copa-del-certamen-provincial\/\",\"name\":\"Quijano sali\u00f3 campe\u00f3n: \\\"El Centenario\\\" se llev\u00f3 la copa del certamen provincial - RQ 99.9\",\"isPartOf\":{\"@id\":\"https:\/\/nahuelproducciones.com.ar\/radioquijano\/#website\"},\"datePublished\":\"2021-12-06T01:12:02+00:00\",\"dateModified\":\"2021-12-06T02:32:37+00:00\",\"author\":{\"@id\":\"https:\/\/nahuelproducciones.com.ar\/radioquijano\/#\/schema\/person\/b9b81a110cbdf07949e2cd02d478ab9d\"},\"breadcrumb\":{\"@id\":\"https:\/\/nahuelproducciones.com.ar\/radioquijano\/quijano-salio-campeon-el-centenario-se-llevo-la-copa-del-certamen-provincial\/#breadcrumb\"},\"inLanguage\":\"es\",\"potentialAction\":[{\"@type\":\"ReadAction\",\"target\":[\"https:\/\/nahuelproducciones.com.ar\/radioquijano\/quijano-salio-campeon-el-centenario-se-llevo-la-copa-del-certamen-provincial\/\"]}]},{\"@type\":\"BreadcrumbList\",\"@id\":\"https:\/\/nahuelproducciones.com.ar\/radioquijano\/quijano-salio-campeon-el-centenario-se-llevo-la-copa-del-certamen-provincial\/#breadcrumb\",\"itemListElement\":[{\"@type\":\"ListItem\",\"position\":1,\"name\":\"Portada\",\"item\":\"https:\/\/nahuelproducciones.com.ar\/radioquijano\/\"},{\"@type\":\"ListItem\",\"position\":2,\"name\":\"Quijano sali\u00f3 campe\u00f3n: \u00abEl Centenario\u00bb se llev\u00f3 la copa del certamen provincial\"}]},{\"@type\":\"WebSite\",\"@id\":\"https:\/\/nahuelproducciones.com.ar\/radioquijano\/#website\",\"url\":\"https:\/\/nahuelproducciones.com.ar\/radioquijano\/\",\"name\":\"RQ 99.9\",\"description\":\"Radio Quijano 99.9 MHz\",\"potentialAction\":[{\"@type\":\"SearchAction\",\"target\":{\"@type\":\"EntryPoint\",\"urlTemplate\":\"https:\/\/nahuelproducciones.com.ar\/radioquijano\/?s={search_term_string}\"},\"query-input\":\"required name=search_term_string\"}],\"inLanguage\":\"es\"},{\"@type\":\"Person\",\"@id\":\"https:\/\/nahuelproducciones.com.ar\/radioquijano\/#\/schema\/person\/b9b81a110cbdf07949e2cd02d478ab9d\",\"name\":\"Ricardo Guzman\",\"image\":{\"@type\":\"ImageObject\",\"inLanguage\":\"es\",\"@id\":\"https:\/\/nahuelproducciones.com.ar\/radioquijano\/#\/schema\/person\/image\/\",\"url\":\"https:\/\/secure.gravatar.com\/avatar\/a5d582deda251f95dc882b72fc6e7b4854f88bb25c3154519210afffa7d706e8?s=96&d=mm&r=g\",\"contentUrl\":\"https:\/\/secure.gravatar.com\/avatar\/a5d582deda251f95dc882b72fc6e7b4854f88bb25c3154519210afffa7d706e8?s=96&d=mm&r=g\",\"caption\":\"Ricardo Guzman\"},\"url\":\"https:\/\/nahuelproducciones.com.ar\/radioquijano\/author\/cady\/\"}]}<\/script>\n<!-- \/ Yoast SEO plugin. -->","yoast_head_json":{"title":"Quijano sali\u00f3 campe\u00f3n: \"El Centenario\" se llev\u00f3 la copa del certamen provincial - RQ 99.9","robots":{"index":"index","follow":"follow","max-snippet":"max-snippet:-1","max-image-preview":"max-image-preview:large","max-video-preview":"max-video-preview:-1"},"canonical":"https:\/\/nahuelproducciones.com.ar\/radioquijano\/quijano-salio-campeon-el-centenario-se-llevo-la-copa-del-certamen-provincial\/","og_locale":"es_ES","og_type":"article","og_title":"Quijano sali\u00f3 campe\u00f3n: \"El Centenario\" se llev\u00f3 la copa del certamen provincial - RQ 99.9","og_description":"Este es el 4\u00b0 certamen provincial de f\u00fatbol en el que Campo Quijano\u00a0sali\u00f3 campe\u00f3n. El equipo se enfrent\u00f3 ante los representativos de El Tala y La Merced, partidos en los que pudo demostrar el juego no solo individual sino lo que se esperara, el juego en equipo. En su encuentro contra El Tala, Quijano gan\u00f3 [&hellip;]","og_url":"https:\/\/nahuelproducciones.com.ar\/radioquijano\/quijano-salio-campeon-el-centenario-se-llevo-la-copa-del-certamen-provincial\/","og_site_name":"RQ 99.9","article_publisher":"https:\/\/www.facebook.com\/nahuelproducciones999\/","article_published_time":"2021-12-06T01:12:02+00:00","article_modified_time":"2021-12-06T02:32:37+00:00","og_image":[{"width":700,"height":350,"url":"https:\/\/nahuelproducciones.com.ar\/radioquijano\/wp-content\/uploads\/2021\/12\/259507483_458607688975249_4427186858849804337_n.jpg","type":"image\/jpeg"}],"author":"Ricardo Guzman","twitter_card":"summary_large_image","twitter_creator":"@nahuproduciones","twitter_site":"@nahuproduciones","twitter_misc":{"Escrito por":"Ricardo Guzman","Tiempo de lectura":"3 minutos"},"schema":{"@context":"https:\/\/schema.org","@graph":[{"@type":"WebPage","@id":"https:\/\/nahuelproducciones.com.ar\/radioquijano\/quijano-salio-campeon-el-centenario-se-llevo-la-copa-del-certamen-provincial\/","url":"https:\/\/nahuelproducciones.com.ar\/radioquijano\/quijano-salio-campeon-el-centenario-se-llevo-la-copa-del-certamen-provincial\/","name":"Quijano sali\u00f3 campe\u00f3n: \"El Centenario\" se llev\u00f3 la copa del certamen provincial - RQ 99.9","isPartOf":{"@id":"https:\/\/nahuelproducciones.com.ar\/radioquijano\/#website"},"datePublished":"2021-12-06T01:12:02+00:00","dateModified":"2021-12-06T02:32:37+00:00","author":{"@id":"https:\/\/nahuelproducciones.com.ar\/radioquijano\/#\/schema\/person\/b9b81a110cbdf07949e2cd02d478ab9d"},"breadcrumb":{"@id":"https:\/\/nahuelproducciones.com.ar\/radioquijano\/quijano-salio-campeon-el-centenario-se-llevo-la-copa-del-certamen-provincial\/#breadcrumb"},"inLanguage":"es","potentialAction":[{"@type":"ReadAction","target":["https:\/\/nahuelproducciones.com.ar\/radioquijano\/quijano-salio-campeon-el-centenario-se-llevo-la-copa-del-certamen-provincial\/"]}]},{"@type":"BreadcrumbList","@id":"https:\/\/nahuelproducciones.com.ar\/radioquijano\/quijano-salio-campeon-el-centenario-se-llevo-la-copa-del-certamen-provincial\/#breadcrumb","itemListElement":[{"@type":"ListItem","position":1,"name":"Portada","item":"https:\/\/nahuelproducciones.com.ar\/radioquijano\/"},{"@type":"ListItem","position":2,"name":"Quijano sali\u00f3 campe\u00f3n: \u00abEl Centenario\u00bb se llev\u00f3 la copa del certamen provincial"}]},{"@type":"WebSite","@id":"https:\/\/nahuelproducciones.com.ar\/radioquijano\/#website","url":"https:\/\/nahuelproducciones.com.ar\/radioquijano\/","name":"RQ 99.9","description":"Radio Quijano 99.9 MHz","potentialAction":[{"@type":"SearchAction","target":{"@type":"EntryPoint","urlTemplate":"https:\/\/nahuelproducciones.com.ar\/radioquijano\/?s={search_term_string}"},"query-input":"required name=search_term_string"}],"inLanguage":"es"},{"@type":"Person","@id":"https:\/\/nahuelproducciones.com.ar\/radioquijano\/#\/schema\/person\/b9b81a110cbdf07949e2cd02d478ab9d","name":"Ricardo Guzman","image":{"@type":"ImageObject","inLanguage":"es","@id":"https:\/\/nahuelproducciones.com.ar\/radioquijano\/#\/schema\/person\/image\/","url":"https:\/\/secure.gravatar.com\/avatar\/a5d582deda251f95dc882b72fc6e7b4854f88bb25c3154519210afffa7d706e8?s=96&d=mm&r=g","contentUrl":"https:\/\/secure.gravatar.com\/avatar\/a5d582deda251f95dc882b72fc6e7b4854f88bb25c3154519210afffa7d706e8?s=96&d=mm&r=g","caption":"Ricardo Guzman"},"url":"https:\/\/nahuelproducciones.com.ar\/radioquijano\/author\/cady\/"}]}},"_links":{"self":[{"href":"https:\/\/nahuelproducciones.com.ar\/radioquijano\/wp-json\/wp\/v2\/posts\/1693","targetHints":{"allow":["GET"]}}],"collection":[{"href":"https:\/\/nahuelproducciones.com.ar\/radioquijano\/wp-json\/wp\/v2\/posts"}],"about":[{"href":"https:\/\/nahuelproducciones.com.ar\/radioquijano\/wp-json\/wp\/v2\/types\/post"}],"author":[{"embeddable":true,"href":"https:\/\/nahuelproducciones.com.ar\/radioquijano\/wp-json\/wp\/v2\/users\/6"}],"replies":[{"embeddable":true,"href":"https:\/\/nahuelproducciones.com.ar\/radioquijano\/wp-json\/wp\/v2\/comments?post=1693"}],"version-history":[{"count":4,"href":"https:\/\/nahuelproducciones.com.ar\/radioquijano\/wp-json\/wp\/v2\/posts\/1693\/revisions"}],"predecessor-version":[{"id":1707,"href":"https:\/\/nahuelproducciones.com.ar\/radioquijano\/wp-json\/wp\/v2\/posts\/1693\/revisions\/1707"}],"wp:featuredmedia":[{"embeddable":true,"href":"https:\/\/nahuelproducciones.com.ar\/radioquijano\/wp-json\/wp\/v2\/media\/1698"}],"wp:attachment":[{"href":"https:\/\/nahuelproducciones.com.ar\/radioquijano\/wp-json\/wp\/v2\/media?parent=1693"}],"wp:term":[{"taxonomy":"category","embeddable":true,"href":"https:\/\/nahuelproducciones.com.ar\/radioquijano\/wp-json\/wp\/v2\/categories?post=1693"},{"taxonomy":"post_tag","embeddable":true,"href":"https:\/\/nahuelproducciones.com.ar\/radioquijano\/wp-json\/wp\/v2\/tags?post=1693"}],"curies":[{"name":"wp","href":"https:\/\/api.w.org\/{rel}","templated":true}]}}