{"id":1716,"date":"2021-12-06T09:19:27","date_gmt":"2021-12-06T12:19:27","guid":{"rendered":"https:\/\/nahuelproducciones.com.ar\/radioquijano\/?p=1716"},"modified":"2021-12-07T23:44:01","modified_gmt":"2021-12-08T02:44:01","slug":"hoy-abren-las-inscripciones-para-la-tecnicatura-de-mineria","status":"publish","type":"post","link":"https:\/\/nahuelproducciones.com.ar\/radioquijano\/hoy-abren-las-inscripciones-para-la-tecnicatura-de-mineria\/","title":{"rendered":"Hoy abren las inscripciones para la tecnicatura en miner\u00eda"},"content":{"rendered":"\n<p>La tecnicatura se encuentra en Campo Quijano y es la \u00fanica oferta educativa de ese tipo en Salta.<\/p>\n\n\n\n<p>Desde este lunes y hasta el viernes pr\u00f3ximo est\u00e1 abierta la posibilidad de inscribirse en la tecnicatura de Miner\u00eda, que se dicta en Campo Quijano, que es la \u00fanica oferta educativa de este tipo en la provincia.&nbsp;<strong>Los interesados deben presentarse de 14 a 18 en la sede de la carrera, que est\u00e1 ubicada en Buenos Aires 357 de la ciudad del \u201cPortal de los Andes\u201d.<\/strong><\/p>\n\n\n\n<p>La capacitaci\u00f3n dura tres a\u00f1os, depende del Ministerio de Educaci\u00f3n de la Provincia y otorga el t\u00edtulo de&nbsp;<strong>T\u00e9cnico Minero<\/strong>. Seg\u00fan explicaron desde el establecimiento, los estudiantes adquirir\u00e1n \u201cconocimientos te\u00f3ricos y pr\u00e1cticos tanto referidos a los recursos mineros como a las t\u00e9cnicas que se aplican para llegar al objetivo final, la obtenci\u00f3n del metal, mineral o roca necesarios para el desarrollo de la industria\u201d.<\/p>\n\n\n\n<p>Gran parte de la carrera se desarrolla con viajes de campo a proyectos mineros y la participaci\u00f3n en pr\u00e1cticas en empresas e instituciones estatales vinculadas a la industria minera, lo cual le brinda a los alumnos y alumnas la posibilidad de experimentar \u201cin situ\u201d lo que ser\u00e1n sus posibles futuros laborales.<\/p>\n\n\n\n<p><strong>Desde que se abri\u00f3 esta oferta educativa, en 2013, se graduaron 58 estudiantes, de los cuales el 60% ya tiene trabajo en la industria minera.<\/strong>&nbsp;Algunos incluso fueron contratados mientras estaban cursando la capacitaci\u00f3n.<\/p>\n\n\n\n<p>Para el ciclo 2021 se inscribieron unos 220 estudiantes en la tecnicatura, de los cuales quedaron 85, tras rendir un examen de ingreso y otro tras un curso nivelatorio. El 35% de los estudiantes son del departamento Rosario de Lerma, el resto es de la capital salte\u00f1a, Cerrillos, Met\u00e1n y de otras provincias como Jujuy y Catamarca.<\/p>\n\n\n\n<p><strong>Pr\u00e1cticas<\/strong><\/p>\n\n\n\n<p>Entre los conocimientos que ofrece la tecnicatura en Miner\u00eda, los principales est\u00e1n dise\u00f1ados a trav\u00e9s de pr\u00e1cticas profesionalizantes con las que se busca vincular y afianzar los conceptos te\u00f3ricos que se brindan.<\/p>\n\n\n\n<p>\u201cRepresentan un hito fundamental, por lo que la instituci\u00f3n educativa debe garantizar que en alg\u00fan momento de su trayectoria el estudiante tenga la posibilidad de realizarlas en un \u00e1rea acorde con su futuro \u00e1mbito laboral. Esto es especialmente importante en la industria minera, ya que por lo general se desarrolla en lugares remotos e implica exigencias f\u00edsicas y emocionales relacionadas al desarraigo y al aislamiento geogr\u00e1fico y social\u201d, explic\u00f3 Carolina Mazzieri, quien es coordinadora y docente de la carrera en Campo Quijano.<\/p>\n\n\n\n<p>\u201cLa realizaci\u00f3n de pr\u00e1cticas profesionalizantes garantiza que el futuro t\u00e9cnico adquiera competencias no solo en el saber hacer, sino tambi\u00e9n en el saber estar. Esto implica el desarrollo, no solo de habilidades duras (ligadas al conocimiento espec\u00edfico de la disciplina), sino tambi\u00e9n, y muy especialmente, habilidades blandas o transversales (conocimientos no espec\u00edficos, vinculados a cuestiones actitudinales, emocionales y comunicacionales)\u201d, dijo.<\/p>\n\n\n\n<p>Asimismo, la experiencia se incorpora al curr\u00edculum laborales de los futuros t\u00e9cnicos mineros.<\/p>\n\n\n\n<p><\/p>\n\n\n\n<p><strong>Fuente: El Tribuno<\/strong><\/p>\n\n\n\n<p>#R<a href=\"https:\/\/nahuelproducciones.com.ar\/index.php\/rq999\" target=\"_blank\" rel=\"noreferrer noopener\">Q99.9Mhz <\/a>  <a href=\"https:\/\/nahuelproducciones.com.ar\/\" target=\"_blank\" rel=\"noreferrer noopener\">CAMPO QUIJANO<\/a><\/p>\n\n\n\n<p><\/p>\n\n\n\n<p><\/p>\n","protected":false},"excerpt":{"rendered":"<p>La tecnicatura se encuentra en Campo Quijano y es la \u00fanica oferta educativa de ese tipo en Salta. Desde este lunes y hasta el viernes pr\u00f3ximo est\u00e1 abierta la posibilidad de inscribirse en la tecnicatura de Miner\u00eda, que se dicta en Campo Quijano, que es la \u00fanica oferta educativa de este tipo en la provincia.&nbsp;Los [&hellip;]<\/p>\n","protected":false},"author":8,"featured_media":1717,"comment_status":"open","ping_status":"open","sticky":false,"template":"","format":"standard","meta":{"_monsterinsights_skip_tracking":false,"_monsterinsights_sitenote_active":false,"_monsterinsights_sitenote_note":"","_monsterinsights_sitenote_category":0,"footnotes":""},"categories":[2,16],"tags":[36,275,276,274],"class_list":["post-1716","post","type-post","status-publish","format-standard","has-post-thumbnail","hentry","category-cultura","category-noticias","tag-campo-quijano","tag-inscripcion","tag-mineria","tag-tecnicatura-de-mineria"],"yoast_head":"<!-- This site is optimized with the Yoast SEO plugin v20.8 - https:\/\/yoast.com\/wordpress\/plugins\/seo\/ -->\n<title>Hoy abren las inscripciones para la tecnicatura en miner\u00eda - RQ 99.9<\/title>\n<meta name=\"description\" content=\"Desde este lunes y hasta el viernes pr\u00f3ximo est\u00e1 abierta la posibilidad de inscribirse en la tecnicatura de Miner\u00eda, que se dicta en Campo Quijano, que es la \u00fanica oferta educativa de este tipo en la provincia.\u00a0Los interesados deben presentarse de 14 a 18 en la sede de la carrera, que est\u00e1 ubicada en Buenos Aires 357 de la ciudad del \u201cPortal de los Andes\u201d.\" \/>\n<meta name=\"robots\" content=\"index, follow, max-snippet:-1, max-image-preview:large, max-video-preview:-1\" \/>\n<link rel=\"canonical\" href=\"https:\/\/nahuelproducciones.com.ar\/radioquijano\/hoy-abren-las-inscripciones-para-la-tecnicatura-de-mineria\/\" \/>\n<meta property=\"og:locale\" content=\"es_ES\" \/>\n<meta property=\"og:type\" content=\"article\" \/>\n<meta property=\"og:title\" content=\"Hoy abren las inscripciones para la tecnicatura en miner\u00eda - RQ 99.9\" \/>\n<meta property=\"og:description\" content=\"Desde este lunes y hasta el viernes pr\u00f3ximo est\u00e1 abierta la posibilidad de inscribirse en la tecnicatura de Miner\u00eda, que se dicta en Campo Quijano, que es la \u00fanica oferta educativa de este tipo en la provincia.\u00a0Los interesados deben presentarse de 14 a 18 en la sede de la carrera, que est\u00e1 ubicada en Buenos Aires 357 de la ciudad del \u201cPortal de los Andes\u201d.\" \/>\n<meta property=\"og:url\" content=\"https:\/\/nahuelproducciones.com.ar\/radioquijano\/hoy-abren-las-inscripciones-para-la-tecnicatura-de-mineria\/\" \/>\n<meta property=\"og:site_name\" content=\"RQ 99.9\" \/>\n<meta property=\"article:publisher\" content=\"https:\/\/www.facebook.com\/nahuelproducciones999\/\" \/>\n<meta property=\"article:published_time\" content=\"2021-12-06T12:19:27+00:00\" \/>\n<meta property=\"article:modified_time\" content=\"2021-12-08T02:44:01+00:00\" \/>\n<meta property=\"og:image\" content=\"https:\/\/nahuelproducciones.com.ar\/radioquijano\/wp-content\/uploads\/2021\/12\/TECNICATURA-DE-MINERIA-EN-CAMPO-QUIJANO-LOGO-e1638793069380.jpg\" \/>\n\t<meta property=\"og:image:width\" content=\"480\" \/>\n\t<meta property=\"og:image:height\" content=\"445\" \/>\n\t<meta property=\"og:image:type\" content=\"image\/jpeg\" \/>\n<meta name=\"author\" content=\"Cecilia Pastrana\" \/>\n<meta name=\"twitter:card\" content=\"summary_large_image\" \/>\n<meta name=\"twitter:creator\" content=\"@nahuproduciones\" \/>\n<meta name=\"twitter:site\" content=\"@nahuproduciones\" \/>\n<meta name=\"twitter:label1\" content=\"Escrito por\" \/>\n\t<meta name=\"twitter:data1\" content=\"Cecilia Pastrana\" \/>\n\t<meta name=\"twitter:label2\" content=\"Tiempo de lectura\" \/>\n\t<meta name=\"twitter:data2\" content=\"3 minutos\" \/>\n<script type=\"application\/ld+json\" class=\"yoast-schema-graph\">{\"@context\":\"https:\/\/schema.org\",\"@graph\":[{\"@type\":\"WebPage\",\"@id\":\"https:\/\/nahuelproducciones.com.ar\/radioquijano\/hoy-abren-las-inscripciones-para-la-tecnicatura-de-mineria\/\",\"url\":\"https:\/\/nahuelproducciones.com.ar\/radioquijano\/hoy-abren-las-inscripciones-para-la-tecnicatura-de-mineria\/\",\"name\":\"Hoy abren las inscripciones para la tecnicatura en miner\u00eda - RQ 99.9\",\"isPartOf\":{\"@id\":\"https:\/\/nahuelproducciones.com.ar\/radioquijano\/#website\"},\"datePublished\":\"2021-12-06T12:19:27+00:00\",\"dateModified\":\"2021-12-08T02:44:01+00:00\",\"author\":{\"@id\":\"https:\/\/nahuelproducciones.com.ar\/radioquijano\/#\/schema\/person\/e8a4f939e2cb487fe6d0c54042c9d32c\"},\"description\":\"Desde este lunes y hasta el viernes pr\u00f3ximo est\u00e1 abierta la posibilidad de inscribirse en la tecnicatura de Miner\u00eda, que se dicta en Campo Quijano, que es la \u00fanica oferta educativa de este tipo en la provincia.\u00a0Los interesados deben presentarse de 14 a 18 en la sede de la carrera, que est\u00e1 ubicada en Buenos Aires 357 de la ciudad del \u201cPortal de los Andes\u201d.\",\"breadcrumb\":{\"@id\":\"https:\/\/nahuelproducciones.com.ar\/radioquijano\/hoy-abren-las-inscripciones-para-la-tecnicatura-de-mineria\/#breadcrumb\"},\"inLanguage\":\"es\",\"potentialAction\":[{\"@type\":\"ReadAction\",\"target\":[\"https:\/\/nahuelproducciones.com.ar\/radioquijano\/hoy-abren-las-inscripciones-para-la-tecnicatura-de-mineria\/\"]}]},{\"@type\":\"BreadcrumbList\",\"@id\":\"https:\/\/nahuelproducciones.com.ar\/radioquijano\/hoy-abren-las-inscripciones-para-la-tecnicatura-de-mineria\/#breadcrumb\",\"itemListElement\":[{\"@type\":\"ListItem\",\"position\":1,\"name\":\"Portada\",\"item\":\"https:\/\/nahuelproducciones.com.ar\/radioquijano\/\"},{\"@type\":\"ListItem\",\"position\":2,\"name\":\"Hoy abren las inscripciones para la tecnicatura en miner\u00eda\"}]},{\"@type\":\"WebSite\",\"@id\":\"https:\/\/nahuelproducciones.com.ar\/radioquijano\/#website\",\"url\":\"https:\/\/nahuelproducciones.com.ar\/radioquijano\/\",\"name\":\"RQ 99.9\",\"description\":\"Radio Quijano 99.9 MHz\",\"potentialAction\":[{\"@type\":\"SearchAction\",\"target\":{\"@type\":\"EntryPoint\",\"urlTemplate\":\"https:\/\/nahuelproducciones.com.ar\/radioquijano\/?s={search_term_string}\"},\"query-input\":\"required name=search_term_string\"}],\"inLanguage\":\"es\"},{\"@type\":\"Person\",\"@id\":\"https:\/\/nahuelproducciones.com.ar\/radioquijano\/#\/schema\/person\/e8a4f939e2cb487fe6d0c54042c9d32c\",\"name\":\"Cecilia Pastrana\",\"image\":{\"@type\":\"ImageObject\",\"inLanguage\":\"es\",\"@id\":\"https:\/\/nahuelproducciones.com.ar\/radioquijano\/#\/schema\/person\/image\/\",\"url\":\"https:\/\/secure.gravatar.com\/avatar\/661a3ef63a8488d4f2794ed44af8cf71420f7e106f3072c40125114df5157749?s=96&d=mm&r=g\",\"contentUrl\":\"https:\/\/secure.gravatar.com\/avatar\/661a3ef63a8488d4f2794ed44af8cf71420f7e106f3072c40125114df5157749?s=96&d=mm&r=g\",\"caption\":\"Cecilia Pastrana\"},\"sameAs\":[\"cecy\"],\"url\":\"https:\/\/nahuelproducciones.com.ar\/radioquijano\/author\/cecy\/\"}]}<\/script>\n<!-- \/ Yoast SEO plugin. -->","yoast_head_json":{"title":"Hoy abren las inscripciones para la tecnicatura en miner\u00eda - RQ 99.9","description":"Desde este lunes y hasta el viernes pr\u00f3ximo est\u00e1 abierta la posibilidad de inscribirse en la tecnicatura de Miner\u00eda, que se dicta en Campo Quijano, que es la \u00fanica oferta educativa de este tipo en la provincia.\u00a0Los interesados deben presentarse de 14 a 18 en la sede de la carrera, que est\u00e1 ubicada en Buenos Aires 357 de la ciudad del \u201cPortal de los Andes\u201d.","robots":{"index":"index","follow":"follow","max-snippet":"max-snippet:-1","max-image-preview":"max-image-preview:large","max-video-preview":"max-video-preview:-1"},"canonical":"https:\/\/nahuelproducciones.com.ar\/radioquijano\/hoy-abren-las-inscripciones-para-la-tecnicatura-de-mineria\/","og_locale":"es_ES","og_type":"article","og_title":"Hoy abren las inscripciones para la tecnicatura en miner\u00eda - RQ 99.9","og_description":"Desde este lunes y hasta el viernes pr\u00f3ximo est\u00e1 abierta la posibilidad de inscribirse en la tecnicatura de Miner\u00eda, que se dicta en Campo Quijano, que es la \u00fanica oferta educativa de este tipo en la provincia.\u00a0Los interesados deben presentarse de 14 a 18 en la sede de la carrera, que est\u00e1 ubicada en Buenos Aires 357 de la ciudad del \u201cPortal de los Andes\u201d.","og_url":"https:\/\/nahuelproducciones.com.ar\/radioquijano\/hoy-abren-las-inscripciones-para-la-tecnicatura-de-mineria\/","og_site_name":"RQ 99.9","article_publisher":"https:\/\/www.facebook.com\/nahuelproducciones999\/","article_published_time":"2021-12-06T12:19:27+00:00","article_modified_time":"2021-12-08T02:44:01+00:00","og_image":[{"width":480,"height":445,"url":"https:\/\/nahuelproducciones.com.ar\/radioquijano\/wp-content\/uploads\/2021\/12\/TECNICATURA-DE-MINERIA-EN-CAMPO-QUIJANO-LOGO-e1638793069380.jpg","type":"image\/jpeg"}],"author":"Cecilia Pastrana","twitter_card":"summary_large_image","twitter_creator":"@nahuproduciones","twitter_site":"@nahuproduciones","twitter_misc":{"Escrito por":"Cecilia Pastrana","Tiempo de lectura":"3 minutos"},"schema":{"@context":"https:\/\/schema.org","@graph":[{"@type":"WebPage","@id":"https:\/\/nahuelproducciones.com.ar\/radioquijano\/hoy-abren-las-inscripciones-para-la-tecnicatura-de-mineria\/","url":"https:\/\/nahuelproducciones.com.ar\/radioquijano\/hoy-abren-las-inscripciones-para-la-tecnicatura-de-mineria\/","name":"Hoy abren las inscripciones para la tecnicatura en miner\u00eda - RQ 99.9","isPartOf":{"@id":"https:\/\/nahuelproducciones.com.ar\/radioquijano\/#website"},"datePublished":"2021-12-06T12:19:27+00:00","dateModified":"2021-12-08T02:44:01+00:00","author":{"@id":"https:\/\/nahuelproducciones.com.ar\/radioquijano\/#\/schema\/person\/e8a4f939e2cb487fe6d0c54042c9d32c"},"description":"Desde este lunes y hasta el viernes pr\u00f3ximo est\u00e1 abierta la posibilidad de inscribirse en la tecnicatura de Miner\u00eda, que se dicta en Campo Quijano, que es la \u00fanica oferta educativa de este tipo en la provincia.\u00a0Los interesados deben presentarse de 14 a 18 en la sede de la carrera, que est\u00e1 ubicada en Buenos Aires 357 de la ciudad del \u201cPortal de los Andes\u201d.","breadcrumb":{"@id":"https:\/\/nahuelproducciones.com.ar\/radioquijano\/hoy-abren-las-inscripciones-para-la-tecnicatura-de-mineria\/#breadcrumb"},"inLanguage":"es","potentialAction":[{"@type":"ReadAction","target":["https:\/\/nahuelproducciones.com.ar\/radioquijano\/hoy-abren-las-inscripciones-para-la-tecnicatura-de-mineria\/"]}]},{"@type":"BreadcrumbList","@id":"https:\/\/nahuelproducciones.com.ar\/radioquijano\/hoy-abren-las-inscripciones-para-la-tecnicatura-de-mineria\/#breadcrumb","itemListElement":[{"@type":"ListItem","position":1,"name":"Portada","item":"https:\/\/nahuelproducciones.com.ar\/radioquijano\/"},{"@type":"ListItem","position":2,"name":"Hoy abren las inscripciones para la tecnicatura en miner\u00eda"}]},{"@type":"WebSite","@id":"https:\/\/nahuelproducciones.com.ar\/radioquijano\/#website","url":"https:\/\/nahuelproducciones.com.ar\/radioquijano\/","name":"RQ 99.9","description":"Radio Quijano 99.9 MHz","potentialAction":[{"@type":"SearchAction","target":{"@type":"EntryPoint","urlTemplate":"https:\/\/nahuelproducciones.com.ar\/radioquijano\/?s={search_term_string}"},"query-input":"required name=search_term_string"}],"inLanguage":"es"},{"@type":"Person","@id":"https:\/\/nahuelproducciones.com.ar\/radioquijano\/#\/schema\/person\/e8a4f939e2cb487fe6d0c54042c9d32c","name":"Cecilia Pastrana","image":{"@type":"ImageObject","inLanguage":"es","@id":"https:\/\/nahuelproducciones.com.ar\/radioquijano\/#\/schema\/person\/image\/","url":"https:\/\/secure.gravatar.com\/avatar\/661a3ef63a8488d4f2794ed44af8cf71420f7e106f3072c40125114df5157749?s=96&d=mm&r=g","contentUrl":"https:\/\/secure.gravatar.com\/avatar\/661a3ef63a8488d4f2794ed44af8cf71420f7e106f3072c40125114df5157749?s=96&d=mm&r=g","caption":"Cecilia Pastrana"},"sameAs":["cecy"],"url":"https:\/\/nahuelproducciones.com.ar\/radioquijano\/author\/cecy\/"}]}},"_links":{"self":[{"href":"https:\/\/nahuelproducciones.com.ar\/radioquijano\/wp-json\/wp\/v2\/posts\/1716","targetHints":{"allow":["GET"]}}],"collection":[{"href":"https:\/\/nahuelproducciones.com.ar\/radioquijano\/wp-json\/wp\/v2\/posts"}],"about":[{"href":"https:\/\/nahuelproducciones.com.ar\/radioquijano\/wp-json\/wp\/v2\/types\/post"}],"author":[{"embeddable":true,"href":"https:\/\/nahuelproducciones.com.ar\/radioquijano\/wp-json\/wp\/v2\/users\/8"}],"replies":[{"embeddable":true,"href":"https:\/\/nahuelproducciones.com.ar\/radioquijano\/wp-json\/wp\/v2\/comments?post=1716"}],"version-history":[{"count":2,"href":"https:\/\/nahuelproducciones.com.ar\/radioquijano\/wp-json\/wp\/v2\/posts\/1716\/revisions"}],"predecessor-version":[{"id":1728,"href":"https:\/\/nahuelproducciones.com.ar\/radioquijano\/wp-json\/wp\/v2\/posts\/1716\/revisions\/1728"}],"wp:featuredmedia":[{"embeddable":true,"href":"https:\/\/nahuelproducciones.com.ar\/radioquijano\/wp-json\/wp\/v2\/media\/1717"}],"wp:attachment":[{"href":"https:\/\/nahuelproducciones.com.ar\/radioquijano\/wp-json\/wp\/v2\/media?parent=1716"}],"wp:term":[{"taxonomy":"category","embeddable":true,"href":"https:\/\/nahuelproducciones.com.ar\/radioquijano\/wp-json\/wp\/v2\/categories?post=1716"},{"taxonomy":"post_tag","embeddable":true,"href":"https:\/\/nahuelproducciones.com.ar\/radioquijano\/wp-json\/wp\/v2\/tags?post=1716"}],"curies":[{"name":"wp","href":"https:\/\/api.w.org\/{rel}","templated":true}]}}