{"id":1731,"date":"2021-12-08T08:24:11","date_gmt":"2021-12-08T11:24:11","guid":{"rendered":"https:\/\/nahuelproducciones.com.ar\/radioquijano\/?p=1731"},"modified":"2021-12-08T08:26:04","modified_gmt":"2021-12-08T11:26:04","slug":"8-de-diciembre-junto-a-maria-santisima-celebremos-el-bello-dogma-de-la-inmaculada-concepcion","status":"publish","type":"post","link":"https:\/\/nahuelproducciones.com.ar\/radioquijano\/8-de-diciembre-junto-a-maria-santisima-celebremos-el-bello-dogma-de-la-inmaculada-concepcion\/","title":{"rendered":"8 DE DICIEMBRE JUNTO A MAR\u00cdA SANT\u00cdSIMA CELEBREMOS EL BELLO DOGMA DE LA INMACULADA CONCEPCI\u00d3N"},"content":{"rendered":"\n<p>D\u00eda de la Inmaculada Concepci\u00f3n de la Sant\u00edsima Virgen Mar\u00eda, es una festividad cristiana que se celebra el 8 de diciembre.<\/p>\n\n\n\n<p>Celebramos un principio irrevocable de la Iglesia Cat\u00f3lica decretado en el a\u00f1o 1854, el cual sostiene que la Virgen Mar\u00eda estuvo libre del pecado original a partir del instante de la concepci\u00f3n de su hijo Jesucristo, permaneciendo virgen antes, durante y despu\u00e9s del parto.<\/p>\n\n\n\n<p>Significado<\/p>\n\n\n\n<p>Este dogma desarrollado por la Iglesia Cat\u00f3lica sostiene que Dios preserv\u00f3 a Mar\u00eda desde el momento de su concepci\u00f3n, de toda mancha o efecto del pecado original de Ad\u00e1n y Eva que hab\u00eda de transmitirse a todos los hombres por descendencia. De ah\u00ed la expresi\u00f3n del arc\u00e1ngel Gabriel \u00abllena de gracia\u00bb (Gratia Plena), reflejado en la Biblia.<\/p>\n\n\n\n<p>En el municipio de  Campo Quijano est\u00e1n  previstas las diferentes actividades : D\u00eda y Hora de Gracia en la Fiesta de la Inmaculada Concepci\u00f3n.<\/p>\n\n\n\n<figure class=\"wp-block-image size-full\"><img loading=\"lazy\" decoding=\"async\" width=\"1024\" height=\"512\" src=\"https:\/\/nahuelproducciones.com.ar\/radioquijano\/wp-content\/uploads\/2021\/12\/act.8-nde-dic-parroquia-santiago-apostol_n-1.jpg\" alt=\"\" class=\"wp-image-1733\" srcset=\"https:\/\/nahuelproducciones.com.ar\/radioquijano\/wp-content\/uploads\/2021\/12\/act.8-nde-dic-parroquia-santiago-apostol_n-1.jpg 1024w, https:\/\/nahuelproducciones.com.ar\/radioquijano\/wp-content\/uploads\/2021\/12\/act.8-nde-dic-parroquia-santiago-apostol_n-1-300x150.jpg 300w, https:\/\/nahuelproducciones.com.ar\/radioquijano\/wp-content\/uploads\/2021\/12\/act.8-nde-dic-parroquia-santiago-apostol_n-1-768x384.jpg 768w, https:\/\/nahuelproducciones.com.ar\/radioquijano\/wp-content\/uploads\/2021\/12\/act.8-nde-dic-parroquia-santiago-apostol_n-1-150x75.jpg 150w\" sizes=\"auto, (max-width: 1024px) 100vw, 1024px\" \/><\/figure>\n\n\n\n<p>La Sant\u00edsima Virgen Mar\u00eda ha pedido que su mensaje sea conocido en el mundo entero. Ayudemos a la Sma. Virgen Mar\u00eda a cumplir su misi\u00f3n: que todas las almas se acerquen a Dios y se salven y que Jes\u00fas sea amado por todos los corazones.<\/p>\n\n\n\n<p><\/p>\n\n\n\n<p>#<a href=\"https:\/\/nahuelproducciones.com.ar\/index.php\/rq999\" target=\"_blank\" rel=\"noreferrer noopener\">RQ99.9Mhz<\/a>  <a href=\"https:\/\/nahuelproducciones.com.ar\/\" target=\"_blank\" rel=\"noreferrer noopener\">CAMPO QUIJANO<\/a><\/p>\n","protected":false},"excerpt":{"rendered":"<p>D\u00eda de la Inmaculada Concepci\u00f3n de la Sant\u00edsima Virgen Mar\u00eda, es una festividad cristiana que se celebra el 8 de diciembre. Celebramos un principio irrevocable de la Iglesia Cat\u00f3lica decretado en el a\u00f1o 1854, el cual sostiene que la Virgen Mar\u00eda estuvo libre del pecado original a partir del instante de la concepci\u00f3n de su [&hellip;]<\/p>\n","protected":false},"author":6,"featured_media":1732,"comment_status":"open","ping_status":"open","sticky":false,"template":"","format":"standard","meta":{"_monsterinsights_skip_tracking":false,"_monsterinsights_sitenote_active":false,"_monsterinsights_sitenote_note":"","_monsterinsights_sitenote_category":0,"footnotes":""},"categories":[16],"tags":[277,36,278,279,128],"class_list":["post-1731","post","type-post","status-publish","format-standard","has-post-thumbnail","hentry","category-noticias","tag-8-de-diciembre","tag-campo-quijano","tag-feriado","tag-inmaculada-concepcion","tag-parroquia-santiago-apostol-oficial"],"yoast_head":"<!-- This site is optimized with the Yoast SEO plugin v20.8 - https:\/\/yoast.com\/wordpress\/plugins\/seo\/ -->\n<title>8 DE DICIEMBRE JUNTO A MAR\u00cdA SANT\u00cdSIMA CELEBREMOS EL BELLO DOGMA DE LA INMACULADA CONCEPCI\u00d3N - RQ 99.9<\/title>\n<meta name=\"description\" content=\"D\u00eda y Hora de Gracia en la Fiesta de la Inmaculada Concepci\u00f3n.\" \/>\n<meta name=\"robots\" content=\"index, follow, max-snippet:-1, max-image-preview:large, max-video-preview:-1\" \/>\n<link rel=\"canonical\" href=\"https:\/\/nahuelproducciones.com.ar\/radioquijano\/8-de-diciembre-junto-a-maria-santisima-celebremos-el-bello-dogma-de-la-inmaculada-concepcion\/\" \/>\n<meta property=\"og:locale\" content=\"es_ES\" \/>\n<meta property=\"og:type\" content=\"article\" \/>\n<meta property=\"og:title\" content=\"8 DE DICIEMBRE JUNTO A MAR\u00cdA SANT\u00cdSIMA CELEBREMOS EL BELLO DOGMA DE LA INMACULADA CONCEPCI\u00d3N - RQ 99.9\" \/>\n<meta property=\"og:description\" content=\"D\u00eda y Hora de Gracia en la Fiesta de la Inmaculada Concepci\u00f3n.\" \/>\n<meta property=\"og:url\" content=\"https:\/\/nahuelproducciones.com.ar\/radioquijano\/8-de-diciembre-junto-a-maria-santisima-celebremos-el-bello-dogma-de-la-inmaculada-concepcion\/\" \/>\n<meta property=\"og:site_name\" content=\"RQ 99.9\" \/>\n<meta property=\"article:publisher\" content=\"https:\/\/www.facebook.com\/nahuelproducciones999\/\" \/>\n<meta property=\"article:published_time\" content=\"2021-12-08T11:24:11+00:00\" \/>\n<meta property=\"article:modified_time\" content=\"2021-12-08T11:26:04+00:00\" \/>\n<meta property=\"og:image\" content=\"https:\/\/nahuelproducciones.com.ar\/radioquijano\/wp-content\/uploads\/2021\/12\/act.8-nde-dic-parroquia-santiago-apostol_n-e1638962194620.jpg\" \/>\n\t<meta property=\"og:image:width\" content=\"700\" \/>\n\t<meta property=\"og:image:height\" content=\"350\" \/>\n\t<meta property=\"og:image:type\" content=\"image\/jpeg\" \/>\n<meta name=\"author\" content=\"Ricardo Guzman\" \/>\n<meta name=\"twitter:card\" content=\"summary_large_image\" \/>\n<meta name=\"twitter:creator\" content=\"@nahuproduciones\" \/>\n<meta name=\"twitter:site\" content=\"@nahuproduciones\" \/>\n<meta name=\"twitter:label1\" content=\"Escrito por\" \/>\n\t<meta name=\"twitter:data1\" content=\"Ricardo Guzman\" \/>\n\t<meta name=\"twitter:label2\" content=\"Tiempo de lectura\" \/>\n\t<meta name=\"twitter:data2\" content=\"2 minutos\" \/>\n<script type=\"application\/ld+json\" class=\"yoast-schema-graph\">{\"@context\":\"https:\/\/schema.org\",\"@graph\":[{\"@type\":\"WebPage\",\"@id\":\"https:\/\/nahuelproducciones.com.ar\/radioquijano\/8-de-diciembre-junto-a-maria-santisima-celebremos-el-bello-dogma-de-la-inmaculada-concepcion\/\",\"url\":\"https:\/\/nahuelproducciones.com.ar\/radioquijano\/8-de-diciembre-junto-a-maria-santisima-celebremos-el-bello-dogma-de-la-inmaculada-concepcion\/\",\"name\":\"8 DE DICIEMBRE JUNTO A MAR\u00cdA SANT\u00cdSIMA CELEBREMOS EL BELLO DOGMA DE LA INMACULADA CONCEPCI\u00d3N - RQ 99.9\",\"isPartOf\":{\"@id\":\"https:\/\/nahuelproducciones.com.ar\/radioquijano\/#website\"},\"datePublished\":\"2021-12-08T11:24:11+00:00\",\"dateModified\":\"2021-12-08T11:26:04+00:00\",\"author\":{\"@id\":\"https:\/\/nahuelproducciones.com.ar\/radioquijano\/#\/schema\/person\/b9b81a110cbdf07949e2cd02d478ab9d\"},\"description\":\"D\u00eda y Hora de Gracia en la Fiesta de la Inmaculada Concepci\u00f3n.\",\"breadcrumb\":{\"@id\":\"https:\/\/nahuelproducciones.com.ar\/radioquijano\/8-de-diciembre-junto-a-maria-santisima-celebremos-el-bello-dogma-de-la-inmaculada-concepcion\/#breadcrumb\"},\"inLanguage\":\"es\",\"potentialAction\":[{\"@type\":\"ReadAction\",\"target\":[\"https:\/\/nahuelproducciones.com.ar\/radioquijano\/8-de-diciembre-junto-a-maria-santisima-celebremos-el-bello-dogma-de-la-inmaculada-concepcion\/\"]}]},{\"@type\":\"BreadcrumbList\",\"@id\":\"https:\/\/nahuelproducciones.com.ar\/radioquijano\/8-de-diciembre-junto-a-maria-santisima-celebremos-el-bello-dogma-de-la-inmaculada-concepcion\/#breadcrumb\",\"itemListElement\":[{\"@type\":\"ListItem\",\"position\":1,\"name\":\"Portada\",\"item\":\"https:\/\/nahuelproducciones.com.ar\/radioquijano\/\"},{\"@type\":\"ListItem\",\"position\":2,\"name\":\"8 DE DICIEMBRE JUNTO A MAR\u00cdA SANT\u00cdSIMA CELEBREMOS EL BELLO DOGMA DE LA INMACULADA CONCEPCI\u00d3N\"}]},{\"@type\":\"WebSite\",\"@id\":\"https:\/\/nahuelproducciones.com.ar\/radioquijano\/#website\",\"url\":\"https:\/\/nahuelproducciones.com.ar\/radioquijano\/\",\"name\":\"RQ 99.9\",\"description\":\"Radio Quijano 99.9 MHz\",\"potentialAction\":[{\"@type\":\"SearchAction\",\"target\":{\"@type\":\"EntryPoint\",\"urlTemplate\":\"https:\/\/nahuelproducciones.com.ar\/radioquijano\/?s={search_term_string}\"},\"query-input\":\"required name=search_term_string\"}],\"inLanguage\":\"es\"},{\"@type\":\"Person\",\"@id\":\"https:\/\/nahuelproducciones.com.ar\/radioquijano\/#\/schema\/person\/b9b81a110cbdf07949e2cd02d478ab9d\",\"name\":\"Ricardo Guzman\",\"image\":{\"@type\":\"ImageObject\",\"inLanguage\":\"es\",\"@id\":\"https:\/\/nahuelproducciones.com.ar\/radioquijano\/#\/schema\/person\/image\/\",\"url\":\"https:\/\/secure.gravatar.com\/avatar\/a5d582deda251f95dc882b72fc6e7b4854f88bb25c3154519210afffa7d706e8?s=96&d=mm&r=g\",\"contentUrl\":\"https:\/\/secure.gravatar.com\/avatar\/a5d582deda251f95dc882b72fc6e7b4854f88bb25c3154519210afffa7d706e8?s=96&d=mm&r=g\",\"caption\":\"Ricardo Guzman\"},\"url\":\"https:\/\/nahuelproducciones.com.ar\/radioquijano\/author\/cady\/\"}]}<\/script>\n<!-- \/ Yoast SEO plugin. -->","yoast_head_json":{"title":"8 DE DICIEMBRE JUNTO A MAR\u00cdA SANT\u00cdSIMA CELEBREMOS EL BELLO DOGMA DE LA INMACULADA CONCEPCI\u00d3N - RQ 99.9","description":"D\u00eda y Hora de Gracia en la Fiesta de la Inmaculada Concepci\u00f3n.","robots":{"index":"index","follow":"follow","max-snippet":"max-snippet:-1","max-image-preview":"max-image-preview:large","max-video-preview":"max-video-preview:-1"},"canonical":"https:\/\/nahuelproducciones.com.ar\/radioquijano\/8-de-diciembre-junto-a-maria-santisima-celebremos-el-bello-dogma-de-la-inmaculada-concepcion\/","og_locale":"es_ES","og_type":"article","og_title":"8 DE DICIEMBRE JUNTO A MAR\u00cdA SANT\u00cdSIMA CELEBREMOS EL BELLO DOGMA DE LA INMACULADA CONCEPCI\u00d3N - RQ 99.9","og_description":"D\u00eda y Hora de Gracia en la Fiesta de la Inmaculada Concepci\u00f3n.","og_url":"https:\/\/nahuelproducciones.com.ar\/radioquijano\/8-de-diciembre-junto-a-maria-santisima-celebremos-el-bello-dogma-de-la-inmaculada-concepcion\/","og_site_name":"RQ 99.9","article_publisher":"https:\/\/www.facebook.com\/nahuelproducciones999\/","article_published_time":"2021-12-08T11:24:11+00:00","article_modified_time":"2021-12-08T11:26:04+00:00","og_image":[{"width":700,"height":350,"url":"https:\/\/nahuelproducciones.com.ar\/radioquijano\/wp-content\/uploads\/2021\/12\/act.8-nde-dic-parroquia-santiago-apostol_n-e1638962194620.jpg","type":"image\/jpeg"}],"author":"Ricardo Guzman","twitter_card":"summary_large_image","twitter_creator":"@nahuproduciones","twitter_site":"@nahuproduciones","twitter_misc":{"Escrito por":"Ricardo Guzman","Tiempo de lectura":"2 minutos"},"schema":{"@context":"https:\/\/schema.org","@graph":[{"@type":"WebPage","@id":"https:\/\/nahuelproducciones.com.ar\/radioquijano\/8-de-diciembre-junto-a-maria-santisima-celebremos-el-bello-dogma-de-la-inmaculada-concepcion\/","url":"https:\/\/nahuelproducciones.com.ar\/radioquijano\/8-de-diciembre-junto-a-maria-santisima-celebremos-el-bello-dogma-de-la-inmaculada-concepcion\/","name":"8 DE DICIEMBRE JUNTO A MAR\u00cdA SANT\u00cdSIMA CELEBREMOS EL BELLO DOGMA DE LA INMACULADA CONCEPCI\u00d3N - RQ 99.9","isPartOf":{"@id":"https:\/\/nahuelproducciones.com.ar\/radioquijano\/#website"},"datePublished":"2021-12-08T11:24:11+00:00","dateModified":"2021-12-08T11:26:04+00:00","author":{"@id":"https:\/\/nahuelproducciones.com.ar\/radioquijano\/#\/schema\/person\/b9b81a110cbdf07949e2cd02d478ab9d"},"description":"D\u00eda y Hora de Gracia en la Fiesta de la Inmaculada Concepci\u00f3n.","breadcrumb":{"@id":"https:\/\/nahuelproducciones.com.ar\/radioquijano\/8-de-diciembre-junto-a-maria-santisima-celebremos-el-bello-dogma-de-la-inmaculada-concepcion\/#breadcrumb"},"inLanguage":"es","potentialAction":[{"@type":"ReadAction","target":["https:\/\/nahuelproducciones.com.ar\/radioquijano\/8-de-diciembre-junto-a-maria-santisima-celebremos-el-bello-dogma-de-la-inmaculada-concepcion\/"]}]},{"@type":"BreadcrumbList","@id":"https:\/\/nahuelproducciones.com.ar\/radioquijano\/8-de-diciembre-junto-a-maria-santisima-celebremos-el-bello-dogma-de-la-inmaculada-concepcion\/#breadcrumb","itemListElement":[{"@type":"ListItem","position":1,"name":"Portada","item":"https:\/\/nahuelproducciones.com.ar\/radioquijano\/"},{"@type":"ListItem","position":2,"name":"8 DE DICIEMBRE JUNTO A MAR\u00cdA SANT\u00cdSIMA CELEBREMOS EL BELLO DOGMA DE LA INMACULADA CONCEPCI\u00d3N"}]},{"@type":"WebSite","@id":"https:\/\/nahuelproducciones.com.ar\/radioquijano\/#website","url":"https:\/\/nahuelproducciones.com.ar\/radioquijano\/","name":"RQ 99.9","description":"Radio Quijano 99.9 MHz","potentialAction":[{"@type":"SearchAction","target":{"@type":"EntryPoint","urlTemplate":"https:\/\/nahuelproducciones.com.ar\/radioquijano\/?s={search_term_string}"},"query-input":"required name=search_term_string"}],"inLanguage":"es"},{"@type":"Person","@id":"https:\/\/nahuelproducciones.com.ar\/radioquijano\/#\/schema\/person\/b9b81a110cbdf07949e2cd02d478ab9d","name":"Ricardo Guzman","image":{"@type":"ImageObject","inLanguage":"es","@id":"https:\/\/nahuelproducciones.com.ar\/radioquijano\/#\/schema\/person\/image\/","url":"https:\/\/secure.gravatar.com\/avatar\/a5d582deda251f95dc882b72fc6e7b4854f88bb25c3154519210afffa7d706e8?s=96&d=mm&r=g","contentUrl":"https:\/\/secure.gravatar.com\/avatar\/a5d582deda251f95dc882b72fc6e7b4854f88bb25c3154519210afffa7d706e8?s=96&d=mm&r=g","caption":"Ricardo Guzman"},"url":"https:\/\/nahuelproducciones.com.ar\/radioquijano\/author\/cady\/"}]}},"_links":{"self":[{"href":"https:\/\/nahuelproducciones.com.ar\/radioquijano\/wp-json\/wp\/v2\/posts\/1731","targetHints":{"allow":["GET"]}}],"collection":[{"href":"https:\/\/nahuelproducciones.com.ar\/radioquijano\/wp-json\/wp\/v2\/posts"}],"about":[{"href":"https:\/\/nahuelproducciones.com.ar\/radioquijano\/wp-json\/wp\/v2\/types\/post"}],"author":[{"embeddable":true,"href":"https:\/\/nahuelproducciones.com.ar\/radioquijano\/wp-json\/wp\/v2\/users\/6"}],"replies":[{"embeddable":true,"href":"https:\/\/nahuelproducciones.com.ar\/radioquijano\/wp-json\/wp\/v2\/comments?post=1731"}],"version-history":[{"count":2,"href":"https:\/\/nahuelproducciones.com.ar\/radioquijano\/wp-json\/wp\/v2\/posts\/1731\/revisions"}],"predecessor-version":[{"id":1735,"href":"https:\/\/nahuelproducciones.com.ar\/radioquijano\/wp-json\/wp\/v2\/posts\/1731\/revisions\/1735"}],"wp:featuredmedia":[{"embeddable":true,"href":"https:\/\/nahuelproducciones.com.ar\/radioquijano\/wp-json\/wp\/v2\/media\/1732"}],"wp:attachment":[{"href":"https:\/\/nahuelproducciones.com.ar\/radioquijano\/wp-json\/wp\/v2\/media?parent=1731"}],"wp:term":[{"taxonomy":"category","embeddable":true,"href":"https:\/\/nahuelproducciones.com.ar\/radioquijano\/wp-json\/wp\/v2\/categories?post=1731"},{"taxonomy":"post_tag","embeddable":true,"href":"https:\/\/nahuelproducciones.com.ar\/radioquijano\/wp-json\/wp\/v2\/tags?post=1731"}],"curies":[{"name":"wp","href":"https:\/\/api.w.org\/{rel}","templated":true}]}}