{"id":1791,"date":"2021-12-26T15:54:10","date_gmt":"2021-12-26T18:54:10","guid":{"rendered":"https:\/\/nahuelproducciones.com.ar\/radioquijano\/?p=1791"},"modified":"2021-12-26T16:07:55","modified_gmt":"2021-12-26T19:07:55","slug":"10-minutos-de-lluvia-y-el-caos-vehicular-sobre-rn-51-en-la-silleta","status":"publish","type":"post","link":"https:\/\/nahuelproducciones.com.ar\/radioquijano\/10-minutos-de-lluvia-y-el-caos-vehicular-sobre-rn-51-en-la-silleta\/","title":{"rendered":"10 minutos de lluvia y el caos vehicular sobre RN 51 en La Silleta"},"content":{"rendered":"\n<p>Una tormenta que no duro mucho, azot\u00f3 parte de La Silleta provocando que sus desag\u00fces naturales colapsaran de inmediato dada la cantidad de agua acumulada en los arroyos que circundan la localidad.<\/p>\n\n\n\n<p>Vecinos se La Silleta se comunicaron Radio Quijano 99.9 para expresar sus quejas y preocupaci\u00f3n ya que \u00abel agua circulaba por las calles\u00bb, \u00abLas calles son un rio\u00bb,  \u00abDonde est\u00e1n las autoridades?\u00bb.<\/p>\n\n\n\n<p>Cabe destacar que el municipio de Campo Quijano realiz\u00f3 te\u00f3ricamente, trabajos en el arroyo Los Nogales y en las fincas aleda\u00f1as a la delegaci\u00f3n municipal de La Silleta. Por lo que se supon\u00eda que este tipo de problemas ser\u00eda ya temas del pasado.<\/p>\n\n\n\n<p>Tambi\u00e9n enviaron videos testimoniales.<\/p>\n\n\n\n<iframe loading=\"lazy\" width=\"600\" height=\"480\" src=\"https:\/\/www.youtube.com\/embed\/mQ8hkRh96i4\" title=\"YouTube video player\" frameborder=\"0\" allow=\"accelerometer; autoplay; clipboard-write; encrypted-media; gyroscope; picture-in-picture\" allowfullscreen><\/iframe>\n","protected":false},"excerpt":{"rendered":"<p>Una tormenta que no duro mucho, azot\u00f3 parte de La Silleta provocando que sus desag\u00fces naturales colapsaran de inmediato dada la cantidad de agua acumulada en los arroyos que circundan la localidad. Vecinos se La Silleta se comunicaron Radio Quijano 99.9 para expresar sus quejas y preocupaci\u00f3n ya que \u00abel agua circulaba por las calles\u00bb, [&hellip;]<\/p>\n","protected":false},"author":6,"featured_media":1794,"comment_status":"open","ping_status":"open","sticky":false,"template":"","format":"standard","meta":{"_monsterinsights_skip_tracking":false,"_monsterinsights_sitenote_active":false,"_monsterinsights_sitenote_note":"","_monsterinsights_sitenote_category":0,"footnotes":""},"categories":[16],"tags":[36,75,77,63,84,71,100,62],"class_list":["post-1791","post","type-post","status-publish","format-standard","has-post-thumbnail","hentry","category-noticias","tag-campo-quijano","tag-concejo-deliberante-de-campo-quijano","tag-la-silleta","tag-lino-yonar","tag-manuel-cornejo","tag-municipalidad-de-campo-quijano","tag-municipio-de-campo-quijano","tag-topo-ramos"],"yoast_head":"<!-- This site is optimized with the Yoast SEO plugin v20.8 - https:\/\/yoast.com\/wordpress\/plugins\/seo\/ -->\n<title>10 minutos de lluvia y el caos vehicular sobre RN 51 en La Silleta - RQ 99.9<\/title>\n<meta name=\"robots\" content=\"index, follow, max-snippet:-1, max-image-preview:large, max-video-preview:-1\" \/>\n<link rel=\"canonical\" href=\"https:\/\/nahuelproducciones.com.ar\/radioquijano\/10-minutos-de-lluvia-y-el-caos-vehicular-sobre-rn-51-en-la-silleta\/\" \/>\n<meta property=\"og:locale\" content=\"es_ES\" \/>\n<meta property=\"og:type\" content=\"article\" \/>\n<meta property=\"og:title\" content=\"10 minutos de lluvia y el caos vehicular sobre RN 51 en La Silleta - RQ 99.9\" \/>\n<meta property=\"og:description\" content=\"Una tormenta que no duro mucho, azot\u00f3 parte de La Silleta provocando que sus desag\u00fces naturales colapsaran de inmediato dada la cantidad de agua acumulada en los arroyos que circundan la localidad. Vecinos se La Silleta se comunicaron Radio Quijano 99.9 para expresar sus quejas y preocupaci\u00f3n ya que \u00abel agua circulaba por las calles\u00bb, [&hellip;]\" \/>\n<meta property=\"og:url\" content=\"https:\/\/nahuelproducciones.com.ar\/radioquijano\/10-minutos-de-lluvia-y-el-caos-vehicular-sobre-rn-51-en-la-silleta\/\" \/>\n<meta property=\"og:site_name\" content=\"RQ 99.9\" \/>\n<meta property=\"article:publisher\" content=\"https:\/\/www.facebook.com\/nahuelproducciones999\/\" \/>\n<meta property=\"article:published_time\" content=\"2021-12-26T18:54:10+00:00\" \/>\n<meta property=\"article:modified_time\" content=\"2021-12-26T19:07:55+00:00\" \/>\n<meta property=\"og:image\" content=\"https:\/\/nahuelproducciones.com.ar\/radioquijano\/wp-content\/uploads\/2021\/12\/agua-en-La-Silleta.jpg\" \/>\n\t<meta property=\"og:image:width\" content=\"700\" \/>\n\t<meta property=\"og:image:height\" content=\"350\" \/>\n\t<meta property=\"og:image:type\" content=\"image\/jpeg\" \/>\n<meta name=\"author\" content=\"Ricardo Guzman\" \/>\n<meta name=\"twitter:card\" content=\"summary_large_image\" \/>\n<meta name=\"twitter:creator\" content=\"@nahuproduciones\" \/>\n<meta name=\"twitter:site\" content=\"@nahuproduciones\" \/>\n<meta name=\"twitter:label1\" content=\"Escrito por\" \/>\n\t<meta name=\"twitter:data1\" content=\"Ricardo Guzman\" \/>\n\t<meta name=\"twitter:label2\" content=\"Tiempo de lectura\" \/>\n\t<meta name=\"twitter:data2\" content=\"1 minuto\" \/>\n<script type=\"application\/ld+json\" class=\"yoast-schema-graph\">{\"@context\":\"https:\/\/schema.org\",\"@graph\":[{\"@type\":\"WebPage\",\"@id\":\"https:\/\/nahuelproducciones.com.ar\/radioquijano\/10-minutos-de-lluvia-y-el-caos-vehicular-sobre-rn-51-en-la-silleta\/\",\"url\":\"https:\/\/nahuelproducciones.com.ar\/radioquijano\/10-minutos-de-lluvia-y-el-caos-vehicular-sobre-rn-51-en-la-silleta\/\",\"name\":\"10 minutos de lluvia y el caos vehicular sobre RN 51 en La Silleta - RQ 99.9\",\"isPartOf\":{\"@id\":\"https:\/\/nahuelproducciones.com.ar\/radioquijano\/#website\"},\"datePublished\":\"2021-12-26T18:54:10+00:00\",\"dateModified\":\"2021-12-26T19:07:55+00:00\",\"author\":{\"@id\":\"https:\/\/nahuelproducciones.com.ar\/radioquijano\/#\/schema\/person\/b9b81a110cbdf07949e2cd02d478ab9d\"},\"breadcrumb\":{\"@id\":\"https:\/\/nahuelproducciones.com.ar\/radioquijano\/10-minutos-de-lluvia-y-el-caos-vehicular-sobre-rn-51-en-la-silleta\/#breadcrumb\"},\"inLanguage\":\"es\",\"potentialAction\":[{\"@type\":\"ReadAction\",\"target\":[\"https:\/\/nahuelproducciones.com.ar\/radioquijano\/10-minutos-de-lluvia-y-el-caos-vehicular-sobre-rn-51-en-la-silleta\/\"]}]},{\"@type\":\"BreadcrumbList\",\"@id\":\"https:\/\/nahuelproducciones.com.ar\/radioquijano\/10-minutos-de-lluvia-y-el-caos-vehicular-sobre-rn-51-en-la-silleta\/#breadcrumb\",\"itemListElement\":[{\"@type\":\"ListItem\",\"position\":1,\"name\":\"Portada\",\"item\":\"https:\/\/nahuelproducciones.com.ar\/radioquijano\/\"},{\"@type\":\"ListItem\",\"position\":2,\"name\":\"10 minutos de lluvia y el caos vehicular sobre RN 51 en La Silleta\"}]},{\"@type\":\"WebSite\",\"@id\":\"https:\/\/nahuelproducciones.com.ar\/radioquijano\/#website\",\"url\":\"https:\/\/nahuelproducciones.com.ar\/radioquijano\/\",\"name\":\"RQ 99.9\",\"description\":\"Radio Quijano 99.9 MHz\",\"potentialAction\":[{\"@type\":\"SearchAction\",\"target\":{\"@type\":\"EntryPoint\",\"urlTemplate\":\"https:\/\/nahuelproducciones.com.ar\/radioquijano\/?s={search_term_string}\"},\"query-input\":\"required name=search_term_string\"}],\"inLanguage\":\"es\"},{\"@type\":\"Person\",\"@id\":\"https:\/\/nahuelproducciones.com.ar\/radioquijano\/#\/schema\/person\/b9b81a110cbdf07949e2cd02d478ab9d\",\"name\":\"Ricardo Guzman\",\"image\":{\"@type\":\"ImageObject\",\"inLanguage\":\"es\",\"@id\":\"https:\/\/nahuelproducciones.com.ar\/radioquijano\/#\/schema\/person\/image\/\",\"url\":\"https:\/\/secure.gravatar.com\/avatar\/a5d582deda251f95dc882b72fc6e7b4854f88bb25c3154519210afffa7d706e8?s=96&d=mm&r=g\",\"contentUrl\":\"https:\/\/secure.gravatar.com\/avatar\/a5d582deda251f95dc882b72fc6e7b4854f88bb25c3154519210afffa7d706e8?s=96&d=mm&r=g\",\"caption\":\"Ricardo Guzman\"},\"url\":\"https:\/\/nahuelproducciones.com.ar\/radioquijano\/author\/cady\/\"}]}<\/script>\n<!-- \/ Yoast SEO plugin. -->","yoast_head_json":{"title":"10 minutos de lluvia y el caos vehicular sobre RN 51 en La Silleta - RQ 99.9","robots":{"index":"index","follow":"follow","max-snippet":"max-snippet:-1","max-image-preview":"max-image-preview:large","max-video-preview":"max-video-preview:-1"},"canonical":"https:\/\/nahuelproducciones.com.ar\/radioquijano\/10-minutos-de-lluvia-y-el-caos-vehicular-sobre-rn-51-en-la-silleta\/","og_locale":"es_ES","og_type":"article","og_title":"10 minutos de lluvia y el caos vehicular sobre RN 51 en La Silleta - RQ 99.9","og_description":"Una tormenta que no duro mucho, azot\u00f3 parte de La Silleta provocando que sus desag\u00fces naturales colapsaran de inmediato dada la cantidad de agua acumulada en los arroyos que circundan la localidad. Vecinos se La Silleta se comunicaron Radio Quijano 99.9 para expresar sus quejas y preocupaci\u00f3n ya que \u00abel agua circulaba por las calles\u00bb, [&hellip;]","og_url":"https:\/\/nahuelproducciones.com.ar\/radioquijano\/10-minutos-de-lluvia-y-el-caos-vehicular-sobre-rn-51-en-la-silleta\/","og_site_name":"RQ 99.9","article_publisher":"https:\/\/www.facebook.com\/nahuelproducciones999\/","article_published_time":"2021-12-26T18:54:10+00:00","article_modified_time":"2021-12-26T19:07:55+00:00","og_image":[{"width":700,"height":350,"url":"https:\/\/nahuelproducciones.com.ar\/radioquijano\/wp-content\/uploads\/2021\/12\/agua-en-La-Silleta.jpg","type":"image\/jpeg"}],"author":"Ricardo Guzman","twitter_card":"summary_large_image","twitter_creator":"@nahuproduciones","twitter_site":"@nahuproduciones","twitter_misc":{"Escrito por":"Ricardo Guzman","Tiempo de lectura":"1 minuto"},"schema":{"@context":"https:\/\/schema.org","@graph":[{"@type":"WebPage","@id":"https:\/\/nahuelproducciones.com.ar\/radioquijano\/10-minutos-de-lluvia-y-el-caos-vehicular-sobre-rn-51-en-la-silleta\/","url":"https:\/\/nahuelproducciones.com.ar\/radioquijano\/10-minutos-de-lluvia-y-el-caos-vehicular-sobre-rn-51-en-la-silleta\/","name":"10 minutos de lluvia y el caos vehicular sobre RN 51 en La Silleta - RQ 99.9","isPartOf":{"@id":"https:\/\/nahuelproducciones.com.ar\/radioquijano\/#website"},"datePublished":"2021-12-26T18:54:10+00:00","dateModified":"2021-12-26T19:07:55+00:00","author":{"@id":"https:\/\/nahuelproducciones.com.ar\/radioquijano\/#\/schema\/person\/b9b81a110cbdf07949e2cd02d478ab9d"},"breadcrumb":{"@id":"https:\/\/nahuelproducciones.com.ar\/radioquijano\/10-minutos-de-lluvia-y-el-caos-vehicular-sobre-rn-51-en-la-silleta\/#breadcrumb"},"inLanguage":"es","potentialAction":[{"@type":"ReadAction","target":["https:\/\/nahuelproducciones.com.ar\/radioquijano\/10-minutos-de-lluvia-y-el-caos-vehicular-sobre-rn-51-en-la-silleta\/"]}]},{"@type":"BreadcrumbList","@id":"https:\/\/nahuelproducciones.com.ar\/radioquijano\/10-minutos-de-lluvia-y-el-caos-vehicular-sobre-rn-51-en-la-silleta\/#breadcrumb","itemListElement":[{"@type":"ListItem","position":1,"name":"Portada","item":"https:\/\/nahuelproducciones.com.ar\/radioquijano\/"},{"@type":"ListItem","position":2,"name":"10 minutos de lluvia y el caos vehicular sobre RN 51 en La Silleta"}]},{"@type":"WebSite","@id":"https:\/\/nahuelproducciones.com.ar\/radioquijano\/#website","url":"https:\/\/nahuelproducciones.com.ar\/radioquijano\/","name":"RQ 99.9","description":"Radio Quijano 99.9 MHz","potentialAction":[{"@type":"SearchAction","target":{"@type":"EntryPoint","urlTemplate":"https:\/\/nahuelproducciones.com.ar\/radioquijano\/?s={search_term_string}"},"query-input":"required name=search_term_string"}],"inLanguage":"es"},{"@type":"Person","@id":"https:\/\/nahuelproducciones.com.ar\/radioquijano\/#\/schema\/person\/b9b81a110cbdf07949e2cd02d478ab9d","name":"Ricardo Guzman","image":{"@type":"ImageObject","inLanguage":"es","@id":"https:\/\/nahuelproducciones.com.ar\/radioquijano\/#\/schema\/person\/image\/","url":"https:\/\/secure.gravatar.com\/avatar\/a5d582deda251f95dc882b72fc6e7b4854f88bb25c3154519210afffa7d706e8?s=96&d=mm&r=g","contentUrl":"https:\/\/secure.gravatar.com\/avatar\/a5d582deda251f95dc882b72fc6e7b4854f88bb25c3154519210afffa7d706e8?s=96&d=mm&r=g","caption":"Ricardo Guzman"},"url":"https:\/\/nahuelproducciones.com.ar\/radioquijano\/author\/cady\/"}]}},"_links":{"self":[{"href":"https:\/\/nahuelproducciones.com.ar\/radioquijano\/wp-json\/wp\/v2\/posts\/1791","targetHints":{"allow":["GET"]}}],"collection":[{"href":"https:\/\/nahuelproducciones.com.ar\/radioquijano\/wp-json\/wp\/v2\/posts"}],"about":[{"href":"https:\/\/nahuelproducciones.com.ar\/radioquijano\/wp-json\/wp\/v2\/types\/post"}],"author":[{"embeddable":true,"href":"https:\/\/nahuelproducciones.com.ar\/radioquijano\/wp-json\/wp\/v2\/users\/6"}],"replies":[{"embeddable":true,"href":"https:\/\/nahuelproducciones.com.ar\/radioquijano\/wp-json\/wp\/v2\/comments?post=1791"}],"version-history":[{"count":2,"href":"https:\/\/nahuelproducciones.com.ar\/radioquijano\/wp-json\/wp\/v2\/posts\/1791\/revisions"}],"predecessor-version":[{"id":1796,"href":"https:\/\/nahuelproducciones.com.ar\/radioquijano\/wp-json\/wp\/v2\/posts\/1791\/revisions\/1796"}],"wp:featuredmedia":[{"embeddable":true,"href":"https:\/\/nahuelproducciones.com.ar\/radioquijano\/wp-json\/wp\/v2\/media\/1794"}],"wp:attachment":[{"href":"https:\/\/nahuelproducciones.com.ar\/radioquijano\/wp-json\/wp\/v2\/media?parent=1791"}],"wp:term":[{"taxonomy":"category","embeddable":true,"href":"https:\/\/nahuelproducciones.com.ar\/radioquijano\/wp-json\/wp\/v2\/categories?post=1791"},{"taxonomy":"post_tag","embeddable":true,"href":"https:\/\/nahuelproducciones.com.ar\/radioquijano\/wp-json\/wp\/v2\/tags?post=1791"}],"curies":[{"name":"wp","href":"https:\/\/api.w.org\/{rel}","templated":true}]}}