{"id":2282,"date":"2022-04-04T08:59:33","date_gmt":"2022-04-04T11:59:33","guid":{"rendered":"https:\/\/nahuelproducciones.com.ar\/radioquijano\/?p=2282"},"modified":"2022-04-04T09:38:05","modified_gmt":"2022-04-04T12:38:05","slug":"turnos-presenciales-en-el-hospital-dr-francisco-herrera-de-campo-quijano","status":"publish","type":"post","link":"https:\/\/nahuelproducciones.com.ar\/radioquijano\/turnos-presenciales-en-el-hospital-dr-francisco-herrera-de-campo-quijano\/","title":{"rendered":"Turnos presenciales en el Hospital \u00bb Dr. Francisco Herrera de Campo Quijano\u00bb."},"content":{"rendered":"\n<p>En el marco de la pandemia de COVID-19, a partir del 1 de abril de 2022  se encuentra disponible la modalidad de <strong>turnos presenciales<\/strong> por orden de llegada, por ventanilla de admisi\u00f3n, para las siguientes especialidades:<\/p>\n\n\n\n<p>PEDIATR\u00cdA: De Lunes a Viernes 07: 15 hs <\/p>\n\n\n\n<p>Lunes, Martes y Jueves 13:05 hs <\/p>\n\n\n\n<p>Se otorgar\u00e1n 18 turnos a la ma\u00f1ana y 18 a la tarde.<\/p>\n\n\n\n<p>CARDIOLOG\u00cdA:  Martes y Jueves 13:05 hs <\/p>\n\n\n\n<p>S\u00c1BADO: TURNO PROGRAMADO<\/p>\n\n\n\n<p>Se anotar\u00e1n 8 turnos.<\/p>\n\n\n\n<p><strong>Los turnos Programados:<\/strong><\/p>\n\n\n\n<p>OFTALMOLOGIA: Martes 12 y 26 de Abril a partir de hs 16:00 <\/p>\n\n\n\n<p>40 turnos se inscribir\u00e1n.<\/p>\n\n\n\n<p>ECOGRAFIA ABDOMINAL con pedido m\u00e9dico en mano, los viernes a partir de hs 10:00 .<\/p>\n\n\n\n<p>Se disponen de 20 turnos.<\/p>\n\n\n\n<p>Para las especialidades CL\u00cdNICA MEDICA Y GINECOLOG\u00cdA, se encuentran disponibles en  la modalidad v\u00eda WhatsApp y fijo:<\/p>\n\n\n\n<p>Claro 0387-155687749 (Ma\u00f1ana y tarde)Personal 0387-155754934 (Ma\u00f1ana y tarde).<\/p>\n\n\n\n<p>Los n\u00fameros de Celulares est\u00e1n activos de 07:15 hs hasta que son otorgados la totalidad de los turnos disponibles. Y a partir de las 13.05 hs en el turno tarde hasta que son otorgados la totalidad de los turnos.<\/p>\n\n\n\n<p>TURNOS<img loading=\"lazy\" decoding=\"async\" height=\"16\" width=\"16\" alt=\"&#x1f4f2;\" src=\"https:\/\/static.xx.fbcdn.net\/images\/emoji.php\/v9\/td8\/1\/16\/1f4f2.png\"><img loading=\"lazy\" decoding=\"async\" height=\"16\" width=\"16\" alt=\"&#x1f4de;\" src=\"https:\/\/static.xx.fbcdn.net\/images\/emoji.php\/v9\/t4d\/1\/16\/1f4de.png\"><img loading=\"lazy\" decoding=\"async\" height=\"16\" width=\"16\" alt=\"&#x260e;&#xfe0f;\" src=\"https:\/\/static.xx.fbcdn.net\/images\/emoji.php\/v9\/t22\/1\/16\/260e.png\">  4904171 <\/p>\n\n\n\n<p>4904810 int 18<\/p>\n\n\n\n<p><a href=\"https:\/\/www.facebook.com\/Hospital-Dr-Francisco-Herrera-Campo-Quijano-2476193842413482\">Hospital Dr. Francisco Herrera &#8211; Campo Quijano<\/a><\/p>\n\n\n\n<p><a href=\"https:\/\/nahuelproducciones.com.ar\/index.php\/rq999\" target=\"_blank\" rel=\"noreferrer noopener\">#RQ99.9Mhz<\/a>  <a href=\"https:\/\/nahuelproducciones.com.ar\/\" target=\"_blank\" rel=\"noreferrer noopener\">CAMPO QUIJANO<\/a><\/p>\n","protected":false},"excerpt":{"rendered":"<p>En el marco de la pandemia de COVID-19, a partir del 1 de abril de 2022 se encuentra disponible la modalidad de turnos presenciales por orden de llegada, por ventanilla de admisi\u00f3n, para las siguientes especialidades: PEDIATR\u00cdA: De Lunes a Viernes 07: 15 hs Lunes, Martes y Jueves 13:05 hs Se otorgar\u00e1n 18 turnos a [&hellip;]<\/p>\n","protected":false},"author":8,"featured_media":2283,"comment_status":"open","ping_status":"open","sticky":false,"template":"","format":"standard","meta":{"_monsterinsights_skip_tracking":false,"_monsterinsights_sitenote_active":false,"_monsterinsights_sitenote_note":"","_monsterinsights_sitenote_category":0,"footnotes":""},"categories":[18,16],"tags":[36,398,401,374,400,399,397],"class_list":["post-2282","post","type-post","status-publish","format-standard","has-post-thumbnail","hentry","category-covid-19","category-noticias","tag-campo-quijano","tag-cardiologia","tag-ecografia-abdominal","tag-hospital-dr-francisco-herrera","tag-oftalmologia","tag-pediatria","tag-turnos-presenciales"],"yoast_head":"<!-- This site is optimized with the Yoast SEO plugin v20.8 - https:\/\/yoast.com\/wordpress\/plugins\/seo\/ -->\n<title>Turnos presenciales en el Hospital &quot; Dr. Francisco Herrera de Campo Quijano&quot;. - RQ 99.9<\/title>\n<meta name=\"description\" content=\"a partir del 1 de abril de 2022\" \/>\n<meta name=\"robots\" content=\"index, follow, max-snippet:-1, max-image-preview:large, max-video-preview:-1\" \/>\n<link rel=\"canonical\" href=\"https:\/\/nahuelproducciones.com.ar\/radioquijano\/turnos-presenciales-en-el-hospital-dr-francisco-herrera-de-campo-quijano\/\" \/>\n<meta property=\"og:locale\" content=\"es_ES\" \/>\n<meta property=\"og:type\" content=\"article\" \/>\n<meta property=\"og:title\" content=\"Turnos presenciales en el Hospital &quot; Dr. Francisco Herrera de Campo Quijano&quot;. - RQ 99.9\" \/>\n<meta property=\"og:description\" content=\"a partir del 1 de abril de 2022\" \/>\n<meta property=\"og:url\" content=\"https:\/\/nahuelproducciones.com.ar\/radioquijano\/turnos-presenciales-en-el-hospital-dr-francisco-herrera-de-campo-quijano\/\" \/>\n<meta property=\"og:site_name\" content=\"RQ 99.9\" \/>\n<meta property=\"article:publisher\" content=\"https:\/\/www.facebook.com\/nahuelproducciones999\/\" \/>\n<meta property=\"article:published_time\" content=\"2022-04-04T11:59:33+00:00\" \/>\n<meta property=\"article:modified_time\" content=\"2022-04-04T12:38:05+00:00\" \/>\n<meta property=\"og:image\" content=\"https:\/\/nahuelproducciones.com.ar\/radioquijano\/wp-content\/uploads\/2022\/04\/Ilustrado-Navidad-Guirnalda-Instagram-Publicacion-17-e1649073549469.png\" \/>\n\t<meta property=\"og:image:width\" content=\"700\" \/>\n\t<meta property=\"og:image:height\" content=\"700\" \/>\n\t<meta property=\"og:image:type\" content=\"image\/png\" \/>\n<meta name=\"author\" content=\"Cecilia Pastrana\" \/>\n<meta name=\"twitter:card\" content=\"summary_large_image\" \/>\n<meta name=\"twitter:creator\" content=\"@nahuproduciones\" \/>\n<meta name=\"twitter:site\" content=\"@nahuproduciones\" \/>\n<meta name=\"twitter:label1\" content=\"Escrito por\" \/>\n\t<meta name=\"twitter:data1\" content=\"Cecilia Pastrana\" \/>\n\t<meta name=\"twitter:label2\" content=\"Tiempo de lectura\" \/>\n\t<meta name=\"twitter:data2\" content=\"2 minutos\" \/>\n<script type=\"application\/ld+json\" class=\"yoast-schema-graph\">{\"@context\":\"https:\/\/schema.org\",\"@graph\":[{\"@type\":\"WebPage\",\"@id\":\"https:\/\/nahuelproducciones.com.ar\/radioquijano\/turnos-presenciales-en-el-hospital-dr-francisco-herrera-de-campo-quijano\/\",\"url\":\"https:\/\/nahuelproducciones.com.ar\/radioquijano\/turnos-presenciales-en-el-hospital-dr-francisco-herrera-de-campo-quijano\/\",\"name\":\"Turnos presenciales en el Hospital \\\" Dr. Francisco Herrera de Campo Quijano\\\". - RQ 99.9\",\"isPartOf\":{\"@id\":\"https:\/\/nahuelproducciones.com.ar\/radioquijano\/#website\"},\"datePublished\":\"2022-04-04T11:59:33+00:00\",\"dateModified\":\"2022-04-04T12:38:05+00:00\",\"author\":{\"@id\":\"https:\/\/nahuelproducciones.com.ar\/radioquijano\/#\/schema\/person\/e8a4f939e2cb487fe6d0c54042c9d32c\"},\"description\":\"a partir del 1 de abril de 2022\",\"breadcrumb\":{\"@id\":\"https:\/\/nahuelproducciones.com.ar\/radioquijano\/turnos-presenciales-en-el-hospital-dr-francisco-herrera-de-campo-quijano\/#breadcrumb\"},\"inLanguage\":\"es\",\"potentialAction\":[{\"@type\":\"ReadAction\",\"target\":[\"https:\/\/nahuelproducciones.com.ar\/radioquijano\/turnos-presenciales-en-el-hospital-dr-francisco-herrera-de-campo-quijano\/\"]}]},{\"@type\":\"BreadcrumbList\",\"@id\":\"https:\/\/nahuelproducciones.com.ar\/radioquijano\/turnos-presenciales-en-el-hospital-dr-francisco-herrera-de-campo-quijano\/#breadcrumb\",\"itemListElement\":[{\"@type\":\"ListItem\",\"position\":1,\"name\":\"Portada\",\"item\":\"https:\/\/nahuelproducciones.com.ar\/radioquijano\/\"},{\"@type\":\"ListItem\",\"position\":2,\"name\":\"Turnos presenciales en el Hospital \u00bb Dr. Francisco Herrera de Campo Quijano\u00bb.\"}]},{\"@type\":\"WebSite\",\"@id\":\"https:\/\/nahuelproducciones.com.ar\/radioquijano\/#website\",\"url\":\"https:\/\/nahuelproducciones.com.ar\/radioquijano\/\",\"name\":\"RQ 99.9\",\"description\":\"Radio Quijano 99.9 MHz\",\"potentialAction\":[{\"@type\":\"SearchAction\",\"target\":{\"@type\":\"EntryPoint\",\"urlTemplate\":\"https:\/\/nahuelproducciones.com.ar\/radioquijano\/?s={search_term_string}\"},\"query-input\":\"required name=search_term_string\"}],\"inLanguage\":\"es\"},{\"@type\":\"Person\",\"@id\":\"https:\/\/nahuelproducciones.com.ar\/radioquijano\/#\/schema\/person\/e8a4f939e2cb487fe6d0c54042c9d32c\",\"name\":\"Cecilia Pastrana\",\"image\":{\"@type\":\"ImageObject\",\"inLanguage\":\"es\",\"@id\":\"https:\/\/nahuelproducciones.com.ar\/radioquijano\/#\/schema\/person\/image\/\",\"url\":\"https:\/\/secure.gravatar.com\/avatar\/661a3ef63a8488d4f2794ed44af8cf71420f7e106f3072c40125114df5157749?s=96&d=mm&r=g\",\"contentUrl\":\"https:\/\/secure.gravatar.com\/avatar\/661a3ef63a8488d4f2794ed44af8cf71420f7e106f3072c40125114df5157749?s=96&d=mm&r=g\",\"caption\":\"Cecilia Pastrana\"},\"sameAs\":[\"cecy\"],\"url\":\"https:\/\/nahuelproducciones.com.ar\/radioquijano\/author\/cecy\/\"}]}<\/script>\n<!-- \/ Yoast SEO plugin. -->","yoast_head_json":{"title":"Turnos presenciales en el Hospital \" Dr. Francisco Herrera de Campo Quijano\". - RQ 99.9","description":"a partir del 1 de abril de 2022","robots":{"index":"index","follow":"follow","max-snippet":"max-snippet:-1","max-image-preview":"max-image-preview:large","max-video-preview":"max-video-preview:-1"},"canonical":"https:\/\/nahuelproducciones.com.ar\/radioquijano\/turnos-presenciales-en-el-hospital-dr-francisco-herrera-de-campo-quijano\/","og_locale":"es_ES","og_type":"article","og_title":"Turnos presenciales en el Hospital \" Dr. Francisco Herrera de Campo Quijano\". - RQ 99.9","og_description":"a partir del 1 de abril de 2022","og_url":"https:\/\/nahuelproducciones.com.ar\/radioquijano\/turnos-presenciales-en-el-hospital-dr-francisco-herrera-de-campo-quijano\/","og_site_name":"RQ 99.9","article_publisher":"https:\/\/www.facebook.com\/nahuelproducciones999\/","article_published_time":"2022-04-04T11:59:33+00:00","article_modified_time":"2022-04-04T12:38:05+00:00","og_image":[{"width":700,"height":700,"url":"https:\/\/nahuelproducciones.com.ar\/radioquijano\/wp-content\/uploads\/2022\/04\/Ilustrado-Navidad-Guirnalda-Instagram-Publicacion-17-e1649073549469.png","type":"image\/png"}],"author":"Cecilia Pastrana","twitter_card":"summary_large_image","twitter_creator":"@nahuproduciones","twitter_site":"@nahuproduciones","twitter_misc":{"Escrito por":"Cecilia Pastrana","Tiempo de lectura":"2 minutos"},"schema":{"@context":"https:\/\/schema.org","@graph":[{"@type":"WebPage","@id":"https:\/\/nahuelproducciones.com.ar\/radioquijano\/turnos-presenciales-en-el-hospital-dr-francisco-herrera-de-campo-quijano\/","url":"https:\/\/nahuelproducciones.com.ar\/radioquijano\/turnos-presenciales-en-el-hospital-dr-francisco-herrera-de-campo-quijano\/","name":"Turnos presenciales en el Hospital \" Dr. Francisco Herrera de Campo Quijano\". - RQ 99.9","isPartOf":{"@id":"https:\/\/nahuelproducciones.com.ar\/radioquijano\/#website"},"datePublished":"2022-04-04T11:59:33+00:00","dateModified":"2022-04-04T12:38:05+00:00","author":{"@id":"https:\/\/nahuelproducciones.com.ar\/radioquijano\/#\/schema\/person\/e8a4f939e2cb487fe6d0c54042c9d32c"},"description":"a partir del 1 de abril de 2022","breadcrumb":{"@id":"https:\/\/nahuelproducciones.com.ar\/radioquijano\/turnos-presenciales-en-el-hospital-dr-francisco-herrera-de-campo-quijano\/#breadcrumb"},"inLanguage":"es","potentialAction":[{"@type":"ReadAction","target":["https:\/\/nahuelproducciones.com.ar\/radioquijano\/turnos-presenciales-en-el-hospital-dr-francisco-herrera-de-campo-quijano\/"]}]},{"@type":"BreadcrumbList","@id":"https:\/\/nahuelproducciones.com.ar\/radioquijano\/turnos-presenciales-en-el-hospital-dr-francisco-herrera-de-campo-quijano\/#breadcrumb","itemListElement":[{"@type":"ListItem","position":1,"name":"Portada","item":"https:\/\/nahuelproducciones.com.ar\/radioquijano\/"},{"@type":"ListItem","position":2,"name":"Turnos presenciales en el Hospital \u00bb Dr. Francisco Herrera de Campo Quijano\u00bb."}]},{"@type":"WebSite","@id":"https:\/\/nahuelproducciones.com.ar\/radioquijano\/#website","url":"https:\/\/nahuelproducciones.com.ar\/radioquijano\/","name":"RQ 99.9","description":"Radio Quijano 99.9 MHz","potentialAction":[{"@type":"SearchAction","target":{"@type":"EntryPoint","urlTemplate":"https:\/\/nahuelproducciones.com.ar\/radioquijano\/?s={search_term_string}"},"query-input":"required name=search_term_string"}],"inLanguage":"es"},{"@type":"Person","@id":"https:\/\/nahuelproducciones.com.ar\/radioquijano\/#\/schema\/person\/e8a4f939e2cb487fe6d0c54042c9d32c","name":"Cecilia Pastrana","image":{"@type":"ImageObject","inLanguage":"es","@id":"https:\/\/nahuelproducciones.com.ar\/radioquijano\/#\/schema\/person\/image\/","url":"https:\/\/secure.gravatar.com\/avatar\/661a3ef63a8488d4f2794ed44af8cf71420f7e106f3072c40125114df5157749?s=96&d=mm&r=g","contentUrl":"https:\/\/secure.gravatar.com\/avatar\/661a3ef63a8488d4f2794ed44af8cf71420f7e106f3072c40125114df5157749?s=96&d=mm&r=g","caption":"Cecilia Pastrana"},"sameAs":["cecy"],"url":"https:\/\/nahuelproducciones.com.ar\/radioquijano\/author\/cecy\/"}]}},"_links":{"self":[{"href":"https:\/\/nahuelproducciones.com.ar\/radioquijano\/wp-json\/wp\/v2\/posts\/2282","targetHints":{"allow":["GET"]}}],"collection":[{"href":"https:\/\/nahuelproducciones.com.ar\/radioquijano\/wp-json\/wp\/v2\/posts"}],"about":[{"href":"https:\/\/nahuelproducciones.com.ar\/radioquijano\/wp-json\/wp\/v2\/types\/post"}],"author":[{"embeddable":true,"href":"https:\/\/nahuelproducciones.com.ar\/radioquijano\/wp-json\/wp\/v2\/users\/8"}],"replies":[{"embeddable":true,"href":"https:\/\/nahuelproducciones.com.ar\/radioquijano\/wp-json\/wp\/v2\/comments?post=2282"}],"version-history":[{"count":3,"href":"https:\/\/nahuelproducciones.com.ar\/radioquijano\/wp-json\/wp\/v2\/posts\/2282\/revisions"}],"predecessor-version":[{"id":2288,"href":"https:\/\/nahuelproducciones.com.ar\/radioquijano\/wp-json\/wp\/v2\/posts\/2282\/revisions\/2288"}],"wp:featuredmedia":[{"embeddable":true,"href":"https:\/\/nahuelproducciones.com.ar\/radioquijano\/wp-json\/wp\/v2\/media\/2283"}],"wp:attachment":[{"href":"https:\/\/nahuelproducciones.com.ar\/radioquijano\/wp-json\/wp\/v2\/media?parent=2282"}],"wp:term":[{"taxonomy":"category","embeddable":true,"href":"https:\/\/nahuelproducciones.com.ar\/radioquijano\/wp-json\/wp\/v2\/categories?post=2282"},{"taxonomy":"post_tag","embeddable":true,"href":"https:\/\/nahuelproducciones.com.ar\/radioquijano\/wp-json\/wp\/v2\/tags?post=2282"}],"curies":[{"name":"wp","href":"https:\/\/api.w.org\/{rel}","templated":true}]}}