{"id":2289,"date":"2022-04-06T01:40:42","date_gmt":"2022-04-06T04:40:42","guid":{"rendered":"https:\/\/nahuelproducciones.com.ar\/radioquijano\/?p=2289"},"modified":"2022-04-06T07:00:57","modified_gmt":"2022-04-06T10:00:57","slug":"no-llegan-a-tiempo-con-los-horarios-de-saeta-en-su-recorrido-rosario-quijano-y-falta-de-mantenimiento-de-las-unidades","status":"publish","type":"post","link":"https:\/\/nahuelproducciones.com.ar\/radioquijano\/no-llegan-a-tiempo-con-los-horarios-de-saeta-en-su-recorrido-rosario-quijano-y-falta-de-mantenimiento-de-las-unidades\/","title":{"rendered":"No llegan a tiempo con los horarios de SAETA en su recorrido ROSARIO &#8211; QUIJANO y falta de mantenimiento de las unidades."},"content":{"rendered":"\n<p><\/p>\n\n\n\n<h2 class=\"wp-block-heading\" id=\"jsc_c_3ry\"><strong><a href=\"https:\/\/www.facebook.com\/profile.php?id=100025934972763\">Silvia Vazquez<\/a><\/strong>&nbsp;a trav\u00e9s de Facebook se quej\u00f3 de lo sucedido este lunes en la ma\u00f1ana con el servicio de SAETA ROSARIO-QUIJANO.<\/h2>\n\n\n\n<p>&nbsp;As\u00ed comenc\u00e9 el d\u00eda Realmente esto no da para vas &#8230;.donde carajo est\u00e1n las autoridades, hoy el colectivo de las 7:40 hs aproximadamente no llego a la ruta &#8230;lleg\u00f3 a pasar casi 8:01 &#8230;el otro que venia atr\u00e1s con p\u00e9rdida de agua y destrozado (unidad que se la ocupa para las sillas de rueda)&#8230;hasta cuando vamos a ser manoseados con las unidades de saeta 2 coches con mil horarios a cumplir !!!!!, basta el martes pasado un alumno de la T\u00e9cnica de Quijano fue pr\u00e1cticamente tirado en la zona del ecosol que xq los coches no llegan a cumplir horarios &#8230;sin contar que casi con la puerta le agarran la pierna &#8230; (x seguridad y respeto no p\u00fablico nombre de la flia ) &#8230;.Hoy se lleg\u00f3 exactamente 8:19 a las 3 Instituciones T\u00c9CNICA ING MAURI, SECUNDARIO YOVANOVICH Y ESC.Dody&#8230;.Cambiaron horarios pero nadie controla las unidades si estan en condiciones y no era cambiar horarios sino AUMENTAR COCHES UNIDADES!!!!!!DONDE CARAJO ESTAN LAS autoridades principales de Quijano as\u00ed cuidan su gente y ni hablar Mart\u00ednez en Rosario y Discapacidad que hoy la trafic amarilla paso por ruta vac\u00eda pero si con personal de tr\u00e1nsito escondido en unos de los asientos con el chaleco flour que dec\u00eda tr\u00e1nsito <img loading=\"lazy\" decoding=\"async\" height=\"16\" width=\"16\" alt=\"&#x1f92c;\" src=\"https:\/\/static.xx.fbcdn.net\/images\/emoji.php\/v9\/t82\/1\/16\/1f92c.png\"><img loading=\"lazy\" decoding=\"async\" height=\"16\" width=\"16\" alt=\"&#x1f92c;\" src=\"https:\/\/static.xx.fbcdn.net\/images\/emoji.php\/v9\/t82\/1\/16\/1f92c.png\"><img loading=\"lazy\" decoding=\"async\" height=\"16\" width=\"16\" alt=\"&#x1f92c;\" src=\"https:\/\/static.xx.fbcdn.net\/images\/emoji.php\/v9\/t82\/1\/16\/1f92c.png\"><img loading=\"lazy\" decoding=\"async\" height=\"16\" width=\"16\" alt=\"&#x1f92c;\" src=\"https:\/\/static.xx.fbcdn.net\/images\/emoji.php\/v9\/t82\/1\/16\/1f92c.png\"><img loading=\"lazy\" decoding=\"async\" height=\"16\" width=\"16\" alt=\"&#x1f92c;\" src=\"https:\/\/static.xx.fbcdn.net\/images\/emoji.php\/v9\/t82\/1\/16\/1f92c.png\"><img loading=\"lazy\" decoding=\"async\" height=\"16\" width=\"16\" alt=\"&#x1f92c;\" src=\"https:\/\/static.xx.fbcdn.net\/images\/emoji.php\/v9\/t82\/1\/16\/1f92c.png\"><img loading=\"lazy\" decoding=\"async\" height=\"16\" width=\"16\" alt=\"&#x1f92c;\" src=\"https:\/\/static.xx.fbcdn.net\/images\/emoji.php\/v9\/t82\/1\/16\/1f92c.png\"><img loading=\"lazy\" decoding=\"async\" height=\"16\" width=\"16\" alt=\"&#x1f92c;\" src=\"https:\/\/static.xx.fbcdn.net\/images\/emoji.php\/v9\/t82\/1\/16\/1f92c.png\"><img loading=\"lazy\" decoding=\"async\" height=\"16\" width=\"16\" alt=\"&#x1f92c;\" src=\"https:\/\/static.xx.fbcdn.net\/images\/emoji.php\/v9\/t82\/1\/16\/1f92c.png\"><img loading=\"lazy\" decoding=\"async\" height=\"16\" width=\"16\" alt=\"&#x1f44f;\" src=\"https:\/\/static.xx.fbcdn.net\/images\/emoji.php\/v9\/tfe\/1\/16\/1f44f.png\"><img loading=\"lazy\" decoding=\"async\" height=\"16\" width=\"16\" alt=\"&#x1f44f;\" src=\"https:\/\/static.xx.fbcdn.net\/images\/emoji.php\/v9\/tfe\/1\/16\/1f44f.png\"><img loading=\"lazy\" decoding=\"async\" height=\"16\" width=\"16\" alt=\"&#x1f44f;\" src=\"https:\/\/static.xx.fbcdn.net\/images\/emoji.php\/v9\/tfe\/1\/16\/1f44f.png\"><img loading=\"lazy\" decoding=\"async\" height=\"16\" width=\"16\" alt=\"&#x1f44f;\" src=\"https:\/\/static.xx.fbcdn.net\/images\/emoji.php\/v9\/tfe\/1\/16\/1f44f.png\"><img loading=\"lazy\" decoding=\"async\" height=\"16\" width=\"16\" alt=\"&#x1f44f;\" src=\"https:\/\/static.xx.fbcdn.net\/images\/emoji.php\/v9\/tfe\/1\/16\/1f44f.png\"><img loading=\"lazy\" decoding=\"async\" height=\"16\" width=\"16\" alt=\"&#x1f44f;\" src=\"https:\/\/static.xx.fbcdn.net\/images\/emoji.php\/v9\/tfe\/1\/16\/1f44f.png\"><img loading=\"lazy\" decoding=\"async\" height=\"16\" width=\"16\" alt=\"&#x1f44f;\" src=\"https:\/\/static.xx.fbcdn.net\/images\/emoji.php\/v9\/tfe\/1\/16\/1f44f.png\">!!!!!!!!!!!Entienda de una maldita vez esto es gesti\u00f3n de las dichosas autoridades de ambos municipios&#8230;.a los padres no le dan bola<img loading=\"lazy\" decoding=\"async\" height=\"16\" width=\"16\" alt=\"&#x1f92c;\" src=\"https:\/\/static.xx.fbcdn.net\/images\/emoji.php\/v9\/t82\/1\/16\/1f92c.png\">.<\/p>\n\n\n\n<p>La vecina tambi\u00e9n dialogo con Cecy Pastrana en el programa de la Ma\u00f1ana del Valle de Radio Quijano.<\/p>\n\n\n\n<figure class=\"wp-block-audio\"><audio controls src=\"https:\/\/nahuelproducciones.com.ar\/radioquijano\/wp-content\/uploads\/2022\/04\/04-04-2022-queja-de-la-mama-por-la-el-horario-de-saeta-rosario-quijano.mp3\"><\/audio><\/figure>\n\n\n\n<div class=\"wp-block-image\"><figure class=\"aligncenter size-full\"><img loading=\"lazy\" decoding=\"async\" width=\"700\" height=\"350\" src=\"https:\/\/nahuelproducciones.com.ar\/radioquijano\/wp-content\/uploads\/2022\/04\/WhatsApp-Image-2022-04-06-at-1.37.09-AM.jpeg\" alt=\"\" class=\"wp-image-2307\" srcset=\"https:\/\/nahuelproducciones.com.ar\/radioquijano\/wp-content\/uploads\/2022\/04\/WhatsApp-Image-2022-04-06-at-1.37.09-AM.jpeg 700w, https:\/\/nahuelproducciones.com.ar\/radioquijano\/wp-content\/uploads\/2022\/04\/WhatsApp-Image-2022-04-06-at-1.37.09-AM-300x150.jpeg 300w, https:\/\/nahuelproducciones.com.ar\/radioquijano\/wp-content\/uploads\/2022\/04\/WhatsApp-Image-2022-04-06-at-1.37.09-AM-150x75.jpeg 150w\" sizes=\"auto, (max-width: 700px) 100vw, 700px\" \/><\/figure><\/div>\n\n\n\n<div class=\"wp-block-image\"><figure class=\"aligncenter size-full\"><img loading=\"lazy\" decoding=\"async\" width=\"700\" height=\"350\" src=\"https:\/\/nahuelproducciones.com.ar\/radioquijano\/wp-content\/uploads\/2022\/04\/WhatsApp-Image-2022-04-06-at-1.37.09-AM-1.jpeg\" alt=\"\" class=\"wp-image-2308\" srcset=\"https:\/\/nahuelproducciones.com.ar\/radioquijano\/wp-content\/uploads\/2022\/04\/WhatsApp-Image-2022-04-06-at-1.37.09-AM-1.jpeg 700w, https:\/\/nahuelproducciones.com.ar\/radioquijano\/wp-content\/uploads\/2022\/04\/WhatsApp-Image-2022-04-06-at-1.37.09-AM-1-300x150.jpeg 300w, https:\/\/nahuelproducciones.com.ar\/radioquijano\/wp-content\/uploads\/2022\/04\/WhatsApp-Image-2022-04-06-at-1.37.09-AM-1-150x75.jpeg 150w\" sizes=\"auto, (max-width: 700px) 100vw, 700px\" \/><\/figure><\/div>\n\n\n\n<div class=\"wp-block-columns is-layout-flex wp-container-core-columns-is-layout-9d6595d7 wp-block-columns-is-layout-flex\">\n<div class=\"wp-block-column is-layout-flow wp-block-column-is-layout-flow\" style=\"flex-basis:100%\">\n<div class=\"wp-block-columns is-layout-flex wp-container-core-columns-is-layout-9d6595d7 wp-block-columns-is-layout-flex\">\n<div class=\"wp-block-column is-layout-flow wp-block-column-is-layout-flow\" style=\"flex-basis:100%\">\n<div class=\"wp-block-image\"><figure class=\"aligncenter size-large is-resized\"><img loading=\"lazy\" decoding=\"async\" src=\"https:\/\/nahuelproducciones.com.ar\/radioquijano\/wp-content\/uploads\/2022\/04\/WhatsApp-Image-2022-04-06-at-2.36.35-AM-1-2-768x1024.jpeg\" alt=\"\" class=\"wp-image-2321\" width=\"437\" height=\"582\" srcset=\"https:\/\/nahuelproducciones.com.ar\/radioquijano\/wp-content\/uploads\/2022\/04\/WhatsApp-Image-2022-04-06-at-2.36.35-AM-1-2-768x1024.jpeg 768w, https:\/\/nahuelproducciones.com.ar\/radioquijano\/wp-content\/uploads\/2022\/04\/WhatsApp-Image-2022-04-06-at-2.36.35-AM-1-2-225x300.jpeg 225w, https:\/\/nahuelproducciones.com.ar\/radioquijano\/wp-content\/uploads\/2022\/04\/WhatsApp-Image-2022-04-06-at-2.36.35-AM-1-2-1152x1536.jpeg 1152w, https:\/\/nahuelproducciones.com.ar\/radioquijano\/wp-content\/uploads\/2022\/04\/WhatsApp-Image-2022-04-06-at-2.36.35-AM-1-2-640x853.jpeg 640w, https:\/\/nahuelproducciones.com.ar\/radioquijano\/wp-content\/uploads\/2022\/04\/WhatsApp-Image-2022-04-06-at-2.36.35-AM-1-2-150x200.jpeg 150w, https:\/\/nahuelproducciones.com.ar\/radioquijano\/wp-content\/uploads\/2022\/04\/WhatsApp-Image-2022-04-06-at-2.36.35-AM-1-2.jpeg 1200w\" sizes=\"auto, (max-width: 437px) 100vw, 437px\" \/><\/figure><\/div>\n<\/div>\n<\/div>\n\n\n\n<div class=\"wp-block-columns is-layout-flex wp-container-core-columns-is-layout-9d6595d7 wp-block-columns-is-layout-flex\">\n<div class=\"wp-block-column is-layout-flow wp-block-column-is-layout-flow\">\n<figure class=\"wp-block-image size-large\"><img loading=\"lazy\" decoding=\"async\" width=\"1024\" height=\"768\" src=\"https:\/\/nahuelproducciones.com.ar\/radioquijano\/wp-content\/uploads\/2022\/04\/WhatsApp-Image-2022-04-06-at-2.32.16-AM-1-1024x768.jpeg\" alt=\"\" class=\"wp-image-2322\" srcset=\"https:\/\/nahuelproducciones.com.ar\/radioquijano\/wp-content\/uploads\/2022\/04\/WhatsApp-Image-2022-04-06-at-2.32.16-AM-1-1024x768.jpeg 1024w, https:\/\/nahuelproducciones.com.ar\/radioquijano\/wp-content\/uploads\/2022\/04\/WhatsApp-Image-2022-04-06-at-2.32.16-AM-1-300x225.jpeg 300w, https:\/\/nahuelproducciones.com.ar\/radioquijano\/wp-content\/uploads\/2022\/04\/WhatsApp-Image-2022-04-06-at-2.32.16-AM-1-768x576.jpeg 768w, https:\/\/nahuelproducciones.com.ar\/radioquijano\/wp-content\/uploads\/2022\/04\/WhatsApp-Image-2022-04-06-at-2.32.16-AM-1-1536x1152.jpeg 1536w, https:\/\/nahuelproducciones.com.ar\/radioquijano\/wp-content\/uploads\/2022\/04\/WhatsApp-Image-2022-04-06-at-2.32.16-AM-1-150x113.jpeg 150w, https:\/\/nahuelproducciones.com.ar\/radioquijano\/wp-content\/uploads\/2022\/04\/WhatsApp-Image-2022-04-06-at-2.32.16-AM-1.jpeg 1600w\" sizes=\"auto, (max-width: 1024px) 100vw, 1024px\" \/><\/figure>\n<\/div>\n\n\n\n<div class=\"wp-block-column is-layout-flow wp-block-column-is-layout-flow\">\n<figure class=\"wp-block-image size-large\"><img loading=\"lazy\" decoding=\"async\" width=\"1024\" height=\"768\" src=\"https:\/\/nahuelproducciones.com.ar\/radioquijano\/wp-content\/uploads\/2022\/04\/WhatsApp-Image-2022-04-06-at-2.36.35-AM-1024x768.jpeg\" alt=\"\" class=\"wp-image-2318\" srcset=\"https:\/\/nahuelproducciones.com.ar\/radioquijano\/wp-content\/uploads\/2022\/04\/WhatsApp-Image-2022-04-06-at-2.36.35-AM-1024x768.jpeg 1024w, https:\/\/nahuelproducciones.com.ar\/radioquijano\/wp-content\/uploads\/2022\/04\/WhatsApp-Image-2022-04-06-at-2.36.35-AM-300x225.jpeg 300w, https:\/\/nahuelproducciones.com.ar\/radioquijano\/wp-content\/uploads\/2022\/04\/WhatsApp-Image-2022-04-06-at-2.36.35-AM-768x576.jpeg 768w, https:\/\/nahuelproducciones.com.ar\/radioquijano\/wp-content\/uploads\/2022\/04\/WhatsApp-Image-2022-04-06-at-2.36.35-AM-1536x1152.jpeg 1536w, https:\/\/nahuelproducciones.com.ar\/radioquijano\/wp-content\/uploads\/2022\/04\/WhatsApp-Image-2022-04-06-at-2.36.35-AM-150x113.jpeg 150w, https:\/\/nahuelproducciones.com.ar\/radioquijano\/wp-content\/uploads\/2022\/04\/WhatsApp-Image-2022-04-06-at-2.36.35-AM.jpeg 1600w\" sizes=\"auto, (max-width: 1024px) 100vw, 1024px\" \/><\/figure>\n<\/div>\n\n\n\n<div class=\"wp-block-column is-layout-flow wp-block-column-is-layout-flow\">\n<figure class=\"wp-block-image size-large\"><img loading=\"lazy\" decoding=\"async\" width=\"1024\" height=\"768\" src=\"https:\/\/nahuelproducciones.com.ar\/radioquijano\/wp-content\/uploads\/2022\/04\/WhatsApp-Image-2022-04-06-at-2.32.17-AM-1024x768.jpeg\" alt=\"\" class=\"wp-image-2319\" srcset=\"https:\/\/nahuelproducciones.com.ar\/radioquijano\/wp-content\/uploads\/2022\/04\/WhatsApp-Image-2022-04-06-at-2.32.17-AM-1024x768.jpeg 1024w, https:\/\/nahuelproducciones.com.ar\/radioquijano\/wp-content\/uploads\/2022\/04\/WhatsApp-Image-2022-04-06-at-2.32.17-AM-300x225.jpeg 300w, https:\/\/nahuelproducciones.com.ar\/radioquijano\/wp-content\/uploads\/2022\/04\/WhatsApp-Image-2022-04-06-at-2.32.17-AM-768x576.jpeg 768w, https:\/\/nahuelproducciones.com.ar\/radioquijano\/wp-content\/uploads\/2022\/04\/WhatsApp-Image-2022-04-06-at-2.32.17-AM-1536x1152.jpeg 1536w, https:\/\/nahuelproducciones.com.ar\/radioquijano\/wp-content\/uploads\/2022\/04\/WhatsApp-Image-2022-04-06-at-2.32.17-AM-150x113.jpeg 150w, https:\/\/nahuelproducciones.com.ar\/radioquijano\/wp-content\/uploads\/2022\/04\/WhatsApp-Image-2022-04-06-at-2.32.17-AM.jpeg 1600w\" sizes=\"auto, (max-width: 1024px) 100vw, 1024px\" \/><\/figure>\n<\/div>\n<\/div>\n<\/div>\n<\/div>\n\n\n\n<p><a href=\"https:\/\/nahuelproducciones.com.ar\/index.php\/rq999\" target=\"_blank\" rel=\"noreferrer noopener\">#RQ99.9Mhz <\/a>  <a href=\"https:\/\/nahuelproducciones.com.ar\/\" target=\"_blank\" rel=\"noreferrer noopener\">CAMPOQUIJANO<\/a><\/p>\n\n\n\n<p><\/p>\n","protected":false},"excerpt":{"rendered":"<p>Silvia Vazquez&nbsp;a trav\u00e9s de Facebook se quej\u00f3 de lo sucedido este lunes en la ma\u00f1ana con el servicio de SAETA ROSARIO-QUIJANO. &nbsp;As\u00ed comenc\u00e9 el d\u00eda Realmente esto no da para vas &#8230;.donde carajo est\u00e1n las autoridades, hoy el colectivo de las 7:40 hs aproximadamente no llego a la ruta &#8230;lleg\u00f3 a pasar casi 8:01 &#8230;el [&hellip;]<\/p>\n","protected":false},"author":8,"featured_media":2303,"comment_status":"open","ping_status":"open","sticky":false,"template":"","format":"standard","meta":{"_monsterinsights_skip_tracking":false,"_monsterinsights_sitenote_active":false,"_monsterinsights_sitenote_note":"","_monsterinsights_sitenote_category":0,"footnotes":""},"categories":[16],"tags":[36,47,404],"class_list":["post-2289","post","type-post","status-publish","format-standard","has-post-thumbnail","hentry","category-noticias","tag-campo-quijano","tag-rosario-de-lerma","tag-saeta"],"yoast_head":"<!-- This site is optimized with the Yoast SEO plugin v20.8 - https:\/\/yoast.com\/wordpress\/plugins\/seo\/ -->\n<title>No llegan a tiempo con los horarios de SAETA en su recorrido ROSARIO - QUIJANO y falta de mantenimiento de las unidades. - RQ 99.9<\/title>\n<meta name=\"robots\" content=\"index, follow, max-snippet:-1, max-image-preview:large, max-video-preview:-1\" \/>\n<link rel=\"canonical\" href=\"https:\/\/nahuelproducciones.com.ar\/radioquijano\/no-llegan-a-tiempo-con-los-horarios-de-saeta-en-su-recorrido-rosario-quijano-y-falta-de-mantenimiento-de-las-unidades\/\" \/>\n<meta property=\"og:locale\" content=\"es_ES\" \/>\n<meta property=\"og:type\" content=\"article\" \/>\n<meta property=\"og:title\" content=\"No llegan a tiempo con los horarios de SAETA en su recorrido ROSARIO - QUIJANO y falta de mantenimiento de las unidades. - RQ 99.9\" \/>\n<meta property=\"og:description\" content=\"Silvia Vazquez&nbsp;a trav\u00e9s de Facebook se quej\u00f3 de lo sucedido este lunes en la ma\u00f1ana con el servicio de SAETA ROSARIO-QUIJANO. &nbsp;As\u00ed comenc\u00e9 el d\u00eda Realmente esto no da para vas &#8230;.donde carajo est\u00e1n las autoridades, hoy el colectivo de las 7:40 hs aproximadamente no llego a la ruta &#8230;lleg\u00f3 a pasar casi 8:01 &#8230;el [&hellip;]\" \/>\n<meta property=\"og:url\" content=\"https:\/\/nahuelproducciones.com.ar\/radioquijano\/no-llegan-a-tiempo-con-los-horarios-de-saeta-en-su-recorrido-rosario-quijano-y-falta-de-mantenimiento-de-las-unidades\/\" \/>\n<meta property=\"og:site_name\" content=\"RQ 99.9\" \/>\n<meta property=\"article:publisher\" content=\"https:\/\/www.facebook.com\/nahuelproducciones999\/\" \/>\n<meta property=\"article:published_time\" content=\"2022-04-06T04:40:42+00:00\" \/>\n<meta property=\"article:modified_time\" content=\"2022-04-06T10:00:57+00:00\" \/>\n<meta property=\"og:image\" content=\"https:\/\/nahuelproducciones.com.ar\/radioquijano\/wp-content\/uploads\/2022\/04\/WhatsApp-Image-2022-04-06-at-1.37.08-AM.jpeg\" \/>\n\t<meta property=\"og:image:width\" content=\"700\" \/>\n\t<meta property=\"og:image:height\" content=\"350\" \/>\n\t<meta property=\"og:image:type\" content=\"image\/jpeg\" \/>\n<meta name=\"author\" content=\"Cecilia Pastrana\" \/>\n<meta name=\"twitter:card\" content=\"summary_large_image\" \/>\n<meta name=\"twitter:creator\" content=\"@nahuproduciones\" \/>\n<meta name=\"twitter:site\" content=\"@nahuproduciones\" \/>\n<meta name=\"twitter:label1\" content=\"Escrito por\" \/>\n\t<meta name=\"twitter:data1\" content=\"Cecilia Pastrana\" \/>\n\t<meta name=\"twitter:label2\" content=\"Tiempo de lectura\" \/>\n\t<meta name=\"twitter:data2\" content=\"6 minutos\" \/>\n<script type=\"application\/ld+json\" class=\"yoast-schema-graph\">{\"@context\":\"https:\/\/schema.org\",\"@graph\":[{\"@type\":\"WebPage\",\"@id\":\"https:\/\/nahuelproducciones.com.ar\/radioquijano\/no-llegan-a-tiempo-con-los-horarios-de-saeta-en-su-recorrido-rosario-quijano-y-falta-de-mantenimiento-de-las-unidades\/\",\"url\":\"https:\/\/nahuelproducciones.com.ar\/radioquijano\/no-llegan-a-tiempo-con-los-horarios-de-saeta-en-su-recorrido-rosario-quijano-y-falta-de-mantenimiento-de-las-unidades\/\",\"name\":\"No llegan a tiempo con los horarios de SAETA en su recorrido ROSARIO - QUIJANO y falta de mantenimiento de las unidades. - RQ 99.9\",\"isPartOf\":{\"@id\":\"https:\/\/nahuelproducciones.com.ar\/radioquijano\/#website\"},\"datePublished\":\"2022-04-06T04:40:42+00:00\",\"dateModified\":\"2022-04-06T10:00:57+00:00\",\"author\":{\"@id\":\"https:\/\/nahuelproducciones.com.ar\/radioquijano\/#\/schema\/person\/e8a4f939e2cb487fe6d0c54042c9d32c\"},\"breadcrumb\":{\"@id\":\"https:\/\/nahuelproducciones.com.ar\/radioquijano\/no-llegan-a-tiempo-con-los-horarios-de-saeta-en-su-recorrido-rosario-quijano-y-falta-de-mantenimiento-de-las-unidades\/#breadcrumb\"},\"inLanguage\":\"es\",\"potentialAction\":[{\"@type\":\"ReadAction\",\"target\":[\"https:\/\/nahuelproducciones.com.ar\/radioquijano\/no-llegan-a-tiempo-con-los-horarios-de-saeta-en-su-recorrido-rosario-quijano-y-falta-de-mantenimiento-de-las-unidades\/\"]}]},{\"@type\":\"BreadcrumbList\",\"@id\":\"https:\/\/nahuelproducciones.com.ar\/radioquijano\/no-llegan-a-tiempo-con-los-horarios-de-saeta-en-su-recorrido-rosario-quijano-y-falta-de-mantenimiento-de-las-unidades\/#breadcrumb\",\"itemListElement\":[{\"@type\":\"ListItem\",\"position\":1,\"name\":\"Portada\",\"item\":\"https:\/\/nahuelproducciones.com.ar\/radioquijano\/\"},{\"@type\":\"ListItem\",\"position\":2,\"name\":\"No llegan a tiempo con los horarios de SAETA en su recorrido ROSARIO &#8211; QUIJANO y falta de mantenimiento de las unidades.\"}]},{\"@type\":\"WebSite\",\"@id\":\"https:\/\/nahuelproducciones.com.ar\/radioquijano\/#website\",\"url\":\"https:\/\/nahuelproducciones.com.ar\/radioquijano\/\",\"name\":\"RQ 99.9\",\"description\":\"Radio Quijano 99.9 MHz\",\"potentialAction\":[{\"@type\":\"SearchAction\",\"target\":{\"@type\":\"EntryPoint\",\"urlTemplate\":\"https:\/\/nahuelproducciones.com.ar\/radioquijano\/?s={search_term_string}\"},\"query-input\":\"required name=search_term_string\"}],\"inLanguage\":\"es\"},{\"@type\":\"Person\",\"@id\":\"https:\/\/nahuelproducciones.com.ar\/radioquijano\/#\/schema\/person\/e8a4f939e2cb487fe6d0c54042c9d32c\",\"name\":\"Cecilia Pastrana\",\"image\":{\"@type\":\"ImageObject\",\"inLanguage\":\"es\",\"@id\":\"https:\/\/nahuelproducciones.com.ar\/radioquijano\/#\/schema\/person\/image\/\",\"url\":\"https:\/\/secure.gravatar.com\/avatar\/661a3ef63a8488d4f2794ed44af8cf71420f7e106f3072c40125114df5157749?s=96&d=mm&r=g\",\"contentUrl\":\"https:\/\/secure.gravatar.com\/avatar\/661a3ef63a8488d4f2794ed44af8cf71420f7e106f3072c40125114df5157749?s=96&d=mm&r=g\",\"caption\":\"Cecilia Pastrana\"},\"sameAs\":[\"cecy\"],\"url\":\"https:\/\/nahuelproducciones.com.ar\/radioquijano\/author\/cecy\/\"}]}<\/script>\n<!-- \/ Yoast SEO plugin. -->","yoast_head_json":{"title":"No llegan a tiempo con los horarios de SAETA en su recorrido ROSARIO - QUIJANO y falta de mantenimiento de las unidades. - RQ 99.9","robots":{"index":"index","follow":"follow","max-snippet":"max-snippet:-1","max-image-preview":"max-image-preview:large","max-video-preview":"max-video-preview:-1"},"canonical":"https:\/\/nahuelproducciones.com.ar\/radioquijano\/no-llegan-a-tiempo-con-los-horarios-de-saeta-en-su-recorrido-rosario-quijano-y-falta-de-mantenimiento-de-las-unidades\/","og_locale":"es_ES","og_type":"article","og_title":"No llegan a tiempo con los horarios de SAETA en su recorrido ROSARIO - QUIJANO y falta de mantenimiento de las unidades. - RQ 99.9","og_description":"Silvia Vazquez&nbsp;a trav\u00e9s de Facebook se quej\u00f3 de lo sucedido este lunes en la ma\u00f1ana con el servicio de SAETA ROSARIO-QUIJANO. &nbsp;As\u00ed comenc\u00e9 el d\u00eda Realmente esto no da para vas &#8230;.donde carajo est\u00e1n las autoridades, hoy el colectivo de las 7:40 hs aproximadamente no llego a la ruta &#8230;lleg\u00f3 a pasar casi 8:01 &#8230;el [&hellip;]","og_url":"https:\/\/nahuelproducciones.com.ar\/radioquijano\/no-llegan-a-tiempo-con-los-horarios-de-saeta-en-su-recorrido-rosario-quijano-y-falta-de-mantenimiento-de-las-unidades\/","og_site_name":"RQ 99.9","article_publisher":"https:\/\/www.facebook.com\/nahuelproducciones999\/","article_published_time":"2022-04-06T04:40:42+00:00","article_modified_time":"2022-04-06T10:00:57+00:00","og_image":[{"width":700,"height":350,"url":"https:\/\/nahuelproducciones.com.ar\/radioquijano\/wp-content\/uploads\/2022\/04\/WhatsApp-Image-2022-04-06-at-1.37.08-AM.jpeg","type":"image\/jpeg"}],"author":"Cecilia Pastrana","twitter_card":"summary_large_image","twitter_creator":"@nahuproduciones","twitter_site":"@nahuproduciones","twitter_misc":{"Escrito por":"Cecilia Pastrana","Tiempo de lectura":"6 minutos"},"schema":{"@context":"https:\/\/schema.org","@graph":[{"@type":"WebPage","@id":"https:\/\/nahuelproducciones.com.ar\/radioquijano\/no-llegan-a-tiempo-con-los-horarios-de-saeta-en-su-recorrido-rosario-quijano-y-falta-de-mantenimiento-de-las-unidades\/","url":"https:\/\/nahuelproducciones.com.ar\/radioquijano\/no-llegan-a-tiempo-con-los-horarios-de-saeta-en-su-recorrido-rosario-quijano-y-falta-de-mantenimiento-de-las-unidades\/","name":"No llegan a tiempo con los horarios de SAETA en su recorrido ROSARIO - QUIJANO y falta de mantenimiento de las unidades. - RQ 99.9","isPartOf":{"@id":"https:\/\/nahuelproducciones.com.ar\/radioquijano\/#website"},"datePublished":"2022-04-06T04:40:42+00:00","dateModified":"2022-04-06T10:00:57+00:00","author":{"@id":"https:\/\/nahuelproducciones.com.ar\/radioquijano\/#\/schema\/person\/e8a4f939e2cb487fe6d0c54042c9d32c"},"breadcrumb":{"@id":"https:\/\/nahuelproducciones.com.ar\/radioquijano\/no-llegan-a-tiempo-con-los-horarios-de-saeta-en-su-recorrido-rosario-quijano-y-falta-de-mantenimiento-de-las-unidades\/#breadcrumb"},"inLanguage":"es","potentialAction":[{"@type":"ReadAction","target":["https:\/\/nahuelproducciones.com.ar\/radioquijano\/no-llegan-a-tiempo-con-los-horarios-de-saeta-en-su-recorrido-rosario-quijano-y-falta-de-mantenimiento-de-las-unidades\/"]}]},{"@type":"BreadcrumbList","@id":"https:\/\/nahuelproducciones.com.ar\/radioquijano\/no-llegan-a-tiempo-con-los-horarios-de-saeta-en-su-recorrido-rosario-quijano-y-falta-de-mantenimiento-de-las-unidades\/#breadcrumb","itemListElement":[{"@type":"ListItem","position":1,"name":"Portada","item":"https:\/\/nahuelproducciones.com.ar\/radioquijano\/"},{"@type":"ListItem","position":2,"name":"No llegan a tiempo con los horarios de SAETA en su recorrido ROSARIO &#8211; QUIJANO y falta de mantenimiento de las unidades."}]},{"@type":"WebSite","@id":"https:\/\/nahuelproducciones.com.ar\/radioquijano\/#website","url":"https:\/\/nahuelproducciones.com.ar\/radioquijano\/","name":"RQ 99.9","description":"Radio Quijano 99.9 MHz","potentialAction":[{"@type":"SearchAction","target":{"@type":"EntryPoint","urlTemplate":"https:\/\/nahuelproducciones.com.ar\/radioquijano\/?s={search_term_string}"},"query-input":"required name=search_term_string"}],"inLanguage":"es"},{"@type":"Person","@id":"https:\/\/nahuelproducciones.com.ar\/radioquijano\/#\/schema\/person\/e8a4f939e2cb487fe6d0c54042c9d32c","name":"Cecilia Pastrana","image":{"@type":"ImageObject","inLanguage":"es","@id":"https:\/\/nahuelproducciones.com.ar\/radioquijano\/#\/schema\/person\/image\/","url":"https:\/\/secure.gravatar.com\/avatar\/661a3ef63a8488d4f2794ed44af8cf71420f7e106f3072c40125114df5157749?s=96&d=mm&r=g","contentUrl":"https:\/\/secure.gravatar.com\/avatar\/661a3ef63a8488d4f2794ed44af8cf71420f7e106f3072c40125114df5157749?s=96&d=mm&r=g","caption":"Cecilia Pastrana"},"sameAs":["cecy"],"url":"https:\/\/nahuelproducciones.com.ar\/radioquijano\/author\/cecy\/"}]}},"_links":{"self":[{"href":"https:\/\/nahuelproducciones.com.ar\/radioquijano\/wp-json\/wp\/v2\/posts\/2289","targetHints":{"allow":["GET"]}}],"collection":[{"href":"https:\/\/nahuelproducciones.com.ar\/radioquijano\/wp-json\/wp\/v2\/posts"}],"about":[{"href":"https:\/\/nahuelproducciones.com.ar\/radioquijano\/wp-json\/wp\/v2\/types\/post"}],"author":[{"embeddable":true,"href":"https:\/\/nahuelproducciones.com.ar\/radioquijano\/wp-json\/wp\/v2\/users\/8"}],"replies":[{"embeddable":true,"href":"https:\/\/nahuelproducciones.com.ar\/radioquijano\/wp-json\/wp\/v2\/comments?post=2289"}],"version-history":[{"count":8,"href":"https:\/\/nahuelproducciones.com.ar\/radioquijano\/wp-json\/wp\/v2\/posts\/2289\/revisions"}],"predecessor-version":[{"id":2323,"href":"https:\/\/nahuelproducciones.com.ar\/radioquijano\/wp-json\/wp\/v2\/posts\/2289\/revisions\/2323"}],"wp:featuredmedia":[{"embeddable":true,"href":"https:\/\/nahuelproducciones.com.ar\/radioquijano\/wp-json\/wp\/v2\/media\/2303"}],"wp:attachment":[{"href":"https:\/\/nahuelproducciones.com.ar\/radioquijano\/wp-json\/wp\/v2\/media?parent=2289"}],"wp:term":[{"taxonomy":"category","embeddable":true,"href":"https:\/\/nahuelproducciones.com.ar\/radioquijano\/wp-json\/wp\/v2\/categories?post=2289"},{"taxonomy":"post_tag","embeddable":true,"href":"https:\/\/nahuelproducciones.com.ar\/radioquijano\/wp-json\/wp\/v2\/tags?post=2289"}],"curies":[{"name":"wp","href":"https:\/\/api.w.org\/{rel}","templated":true}]}}