{"id":2324,"date":"2022-04-06T07:29:52","date_gmt":"2022-04-06T10:29:52","guid":{"rendered":"https:\/\/nahuelproducciones.com.ar\/radioquijano\/?p=2324"},"modified":"2022-04-06T07:32:08","modified_gmt":"2022-04-06T10:32:08","slug":"hoy-regresan-las-consultas-en-la-red-social-de-sandra-marce-espeche","status":"publish","type":"post","link":"https:\/\/nahuelproducciones.com.ar\/radioquijano\/hoy-regresan-las-consultas-en-la-red-social-de-sandra-marce-espeche\/","title":{"rendered":"Hoy regresan las consultas en la Red Social de Sandra Marce Espeche."},"content":{"rendered":"\n<p>La Red Social realiza hace muchos a\u00f1os trabajo solidario en el Valle de Lerma y hoy regresa con consultas jur\u00eddicas gratuitas para toda la comunidad.<\/p>\n\n\n\n<p>Podes consultar por un tema muy importante como es la Discapacidad, los  derechos y beneficios.<\/p>\n\n\n\n<p>En el horario de 17:30 hs a 19:30 hs , mi\u00e9rcoles de por medio te esperan en  Gral G\u00fcemes N\u00b0437 en<br>Campo Quijano.<\/p>\n\n\n\n<p>Para m\u00e1s informaci\u00f3n llama  al tel\u00e9fono 3874827082.<\/p>\n\n\n\n<p>La Red Social de Sandra Marce Espeche viene acompa\u00f1ando y trabajando para que cada persona pueda lograr capacitarse  con los talleres destinados a toda la familia. En breve comenzaran y con tiempo se brindaran los d\u00edas y los horarios para que puedas acceder gratuitamente a los mismos.<\/p>\n\n\n\n<p>Las mujeres y hombres encuentran no s\u00f3lo un lugar para el aprendizaje, sino un espacio para desestresarse y una herramienta laboral,fundamental para la econom\u00eda del hogar.<\/p>\n\n\n\n<p><\/p>\n\n\n\n<p><a href=\"https:\/\/nahuelproducciones.com.ar\/index.php\/rq999\" target=\"_blank\" rel=\"noreferrer noopener\">#RQ99.9Mhz <\/a>  <a href=\"https:\/\/nahuelproducciones.com.ar\/\" target=\"_blank\" rel=\"noreferrer noopener\">CAMPO QUIJANO<\/a><\/p>\n","protected":false},"excerpt":{"rendered":"<p>La Red Social realiza hace muchos a\u00f1os trabajo solidario en el Valle de Lerma y hoy regresa con consultas jur\u00eddicas gratuitas para toda la comunidad. Podes consultar por un tema muy importante como es la Discapacidad, los derechos y beneficios. En el horario de 17:30 hs a 19:30 hs , mi\u00e9rcoles de por medio te [&hellip;]<\/p>\n","protected":false},"author":8,"featured_media":2325,"comment_status":"open","ping_status":"open","sticky":false,"template":"","format":"standard","meta":{"_monsterinsights_skip_tracking":false,"_monsterinsights_sitenote_active":false,"_monsterinsights_sitenote_note":"","_monsterinsights_sitenote_category":0,"footnotes":""},"categories":[16],"tags":[36,406,212,47,405],"class_list":["post-2324","post","type-post","status-publish","format-standard","has-post-thumbnail","hentry","category-noticias","tag-campo-quijano","tag-consultas-juridicas-gratuitas","tag-red-social-sandra-marce-espeche","tag-rosario-de-lerma","tag-valle-de-lerma"],"yoast_head":"<!-- This site is optimized with the Yoast SEO plugin v20.8 - https:\/\/yoast.com\/wordpress\/plugins\/seo\/ -->\n<title>Hoy regresan las consultas en la Red Social de Sandra Marce Espeche. - RQ 99.9<\/title>\n<meta name=\"description\" content=\"En el horario de 17:30 hs a 19:30 hs , mi\u00e9rcoles de por medio te esperan en Gral. G\u00fcemes N\u00b0437 en Campo Quijano.\" \/>\n<meta name=\"robots\" content=\"index, follow, max-snippet:-1, max-image-preview:large, max-video-preview:-1\" \/>\n<link rel=\"canonical\" href=\"https:\/\/nahuelproducciones.com.ar\/radioquijano\/hoy-regresan-las-consultas-en-la-red-social-de-sandra-marce-espeche\/\" \/>\n<meta property=\"og:locale\" content=\"es_ES\" \/>\n<meta property=\"og:type\" content=\"article\" \/>\n<meta property=\"og:title\" content=\"Hoy regresan las consultas en la Red Social de Sandra Marce Espeche. - RQ 99.9\" \/>\n<meta property=\"og:description\" content=\"En el horario de 17:30 hs a 19:30 hs , mi\u00e9rcoles de por medio te esperan en Gral. G\u00fcemes N\u00b0437 en Campo Quijano.\" \/>\n<meta property=\"og:url\" content=\"https:\/\/nahuelproducciones.com.ar\/radioquijano\/hoy-regresan-las-consultas-en-la-red-social-de-sandra-marce-espeche\/\" \/>\n<meta property=\"og:site_name\" content=\"RQ 99.9\" \/>\n<meta property=\"article:publisher\" content=\"https:\/\/www.facebook.com\/nahuelproducciones999\/\" \/>\n<meta property=\"article:published_time\" content=\"2022-04-06T10:29:52+00:00\" \/>\n<meta property=\"article:modified_time\" content=\"2022-04-06T10:32:08+00:00\" \/>\n<meta property=\"og:image\" content=\"https:\/\/nahuelproducciones.com.ar\/radioquijano\/wp-content\/uploads\/2022\/04\/Verde-Rosa-25-Aniversario-de-Bodas-Redes-Sociales-Instagram-Publicacion-1-e1649241118452.png\" \/>\n\t<meta property=\"og:image:width\" content=\"600\" \/>\n\t<meta property=\"og:image:height\" content=\"600\" \/>\n\t<meta property=\"og:image:type\" content=\"image\/png\" \/>\n<meta name=\"author\" content=\"Cecilia Pastrana\" \/>\n<meta name=\"twitter:card\" content=\"summary_large_image\" \/>\n<meta name=\"twitter:creator\" content=\"@nahuproduciones\" \/>\n<meta name=\"twitter:site\" content=\"@nahuproduciones\" \/>\n<meta name=\"twitter:label1\" content=\"Escrito por\" \/>\n\t<meta name=\"twitter:data1\" content=\"Cecilia Pastrana\" \/>\n\t<meta name=\"twitter:label2\" content=\"Tiempo de lectura\" \/>\n\t<meta name=\"twitter:data2\" content=\"1 minuto\" \/>\n<script type=\"application\/ld+json\" class=\"yoast-schema-graph\">{\"@context\":\"https:\/\/schema.org\",\"@graph\":[{\"@type\":\"WebPage\",\"@id\":\"https:\/\/nahuelproducciones.com.ar\/radioquijano\/hoy-regresan-las-consultas-en-la-red-social-de-sandra-marce-espeche\/\",\"url\":\"https:\/\/nahuelproducciones.com.ar\/radioquijano\/hoy-regresan-las-consultas-en-la-red-social-de-sandra-marce-espeche\/\",\"name\":\"Hoy regresan las consultas en la Red Social de Sandra Marce Espeche. - RQ 99.9\",\"isPartOf\":{\"@id\":\"https:\/\/nahuelproducciones.com.ar\/radioquijano\/#website\"},\"datePublished\":\"2022-04-06T10:29:52+00:00\",\"dateModified\":\"2022-04-06T10:32:08+00:00\",\"author\":{\"@id\":\"https:\/\/nahuelproducciones.com.ar\/radioquijano\/#\/schema\/person\/e8a4f939e2cb487fe6d0c54042c9d32c\"},\"description\":\"En el horario de 17:30 hs a 19:30 hs , mi\u00e9rcoles de por medio te esperan en Gral. G\u00fcemes N\u00b0437 en Campo Quijano.\",\"breadcrumb\":{\"@id\":\"https:\/\/nahuelproducciones.com.ar\/radioquijano\/hoy-regresan-las-consultas-en-la-red-social-de-sandra-marce-espeche\/#breadcrumb\"},\"inLanguage\":\"es\",\"potentialAction\":[{\"@type\":\"ReadAction\",\"target\":[\"https:\/\/nahuelproducciones.com.ar\/radioquijano\/hoy-regresan-las-consultas-en-la-red-social-de-sandra-marce-espeche\/\"]}]},{\"@type\":\"BreadcrumbList\",\"@id\":\"https:\/\/nahuelproducciones.com.ar\/radioquijano\/hoy-regresan-las-consultas-en-la-red-social-de-sandra-marce-espeche\/#breadcrumb\",\"itemListElement\":[{\"@type\":\"ListItem\",\"position\":1,\"name\":\"Portada\",\"item\":\"https:\/\/nahuelproducciones.com.ar\/radioquijano\/\"},{\"@type\":\"ListItem\",\"position\":2,\"name\":\"Hoy regresan las consultas en la Red Social de Sandra Marce Espeche.\"}]},{\"@type\":\"WebSite\",\"@id\":\"https:\/\/nahuelproducciones.com.ar\/radioquijano\/#website\",\"url\":\"https:\/\/nahuelproducciones.com.ar\/radioquijano\/\",\"name\":\"RQ 99.9\",\"description\":\"Radio Quijano 99.9 MHz\",\"potentialAction\":[{\"@type\":\"SearchAction\",\"target\":{\"@type\":\"EntryPoint\",\"urlTemplate\":\"https:\/\/nahuelproducciones.com.ar\/radioquijano\/?s={search_term_string}\"},\"query-input\":\"required name=search_term_string\"}],\"inLanguage\":\"es\"},{\"@type\":\"Person\",\"@id\":\"https:\/\/nahuelproducciones.com.ar\/radioquijano\/#\/schema\/person\/e8a4f939e2cb487fe6d0c54042c9d32c\",\"name\":\"Cecilia Pastrana\",\"image\":{\"@type\":\"ImageObject\",\"inLanguage\":\"es\",\"@id\":\"https:\/\/nahuelproducciones.com.ar\/radioquijano\/#\/schema\/person\/image\/\",\"url\":\"https:\/\/secure.gravatar.com\/avatar\/661a3ef63a8488d4f2794ed44af8cf71420f7e106f3072c40125114df5157749?s=96&d=mm&r=g\",\"contentUrl\":\"https:\/\/secure.gravatar.com\/avatar\/661a3ef63a8488d4f2794ed44af8cf71420f7e106f3072c40125114df5157749?s=96&d=mm&r=g\",\"caption\":\"Cecilia Pastrana\"},\"sameAs\":[\"cecy\"],\"url\":\"https:\/\/nahuelproducciones.com.ar\/radioquijano\/author\/cecy\/\"}]}<\/script>\n<!-- \/ Yoast SEO plugin. -->","yoast_head_json":{"title":"Hoy regresan las consultas en la Red Social de Sandra Marce Espeche. - RQ 99.9","description":"En el horario de 17:30 hs a 19:30 hs , mi\u00e9rcoles de por medio te esperan en Gral. G\u00fcemes N\u00b0437 en Campo Quijano.","robots":{"index":"index","follow":"follow","max-snippet":"max-snippet:-1","max-image-preview":"max-image-preview:large","max-video-preview":"max-video-preview:-1"},"canonical":"https:\/\/nahuelproducciones.com.ar\/radioquijano\/hoy-regresan-las-consultas-en-la-red-social-de-sandra-marce-espeche\/","og_locale":"es_ES","og_type":"article","og_title":"Hoy regresan las consultas en la Red Social de Sandra Marce Espeche. - RQ 99.9","og_description":"En el horario de 17:30 hs a 19:30 hs , mi\u00e9rcoles de por medio te esperan en Gral. G\u00fcemes N\u00b0437 en Campo Quijano.","og_url":"https:\/\/nahuelproducciones.com.ar\/radioquijano\/hoy-regresan-las-consultas-en-la-red-social-de-sandra-marce-espeche\/","og_site_name":"RQ 99.9","article_publisher":"https:\/\/www.facebook.com\/nahuelproducciones999\/","article_published_time":"2022-04-06T10:29:52+00:00","article_modified_time":"2022-04-06T10:32:08+00:00","og_image":[{"width":600,"height":600,"url":"https:\/\/nahuelproducciones.com.ar\/radioquijano\/wp-content\/uploads\/2022\/04\/Verde-Rosa-25-Aniversario-de-Bodas-Redes-Sociales-Instagram-Publicacion-1-e1649241118452.png","type":"image\/png"}],"author":"Cecilia Pastrana","twitter_card":"summary_large_image","twitter_creator":"@nahuproduciones","twitter_site":"@nahuproduciones","twitter_misc":{"Escrito por":"Cecilia Pastrana","Tiempo de lectura":"1 minuto"},"schema":{"@context":"https:\/\/schema.org","@graph":[{"@type":"WebPage","@id":"https:\/\/nahuelproducciones.com.ar\/radioquijano\/hoy-regresan-las-consultas-en-la-red-social-de-sandra-marce-espeche\/","url":"https:\/\/nahuelproducciones.com.ar\/radioquijano\/hoy-regresan-las-consultas-en-la-red-social-de-sandra-marce-espeche\/","name":"Hoy regresan las consultas en la Red Social de Sandra Marce Espeche. - RQ 99.9","isPartOf":{"@id":"https:\/\/nahuelproducciones.com.ar\/radioquijano\/#website"},"datePublished":"2022-04-06T10:29:52+00:00","dateModified":"2022-04-06T10:32:08+00:00","author":{"@id":"https:\/\/nahuelproducciones.com.ar\/radioquijano\/#\/schema\/person\/e8a4f939e2cb487fe6d0c54042c9d32c"},"description":"En el horario de 17:30 hs a 19:30 hs , mi\u00e9rcoles de por medio te esperan en Gral. G\u00fcemes N\u00b0437 en Campo Quijano.","breadcrumb":{"@id":"https:\/\/nahuelproducciones.com.ar\/radioquijano\/hoy-regresan-las-consultas-en-la-red-social-de-sandra-marce-espeche\/#breadcrumb"},"inLanguage":"es","potentialAction":[{"@type":"ReadAction","target":["https:\/\/nahuelproducciones.com.ar\/radioquijano\/hoy-regresan-las-consultas-en-la-red-social-de-sandra-marce-espeche\/"]}]},{"@type":"BreadcrumbList","@id":"https:\/\/nahuelproducciones.com.ar\/radioquijano\/hoy-regresan-las-consultas-en-la-red-social-de-sandra-marce-espeche\/#breadcrumb","itemListElement":[{"@type":"ListItem","position":1,"name":"Portada","item":"https:\/\/nahuelproducciones.com.ar\/radioquijano\/"},{"@type":"ListItem","position":2,"name":"Hoy regresan las consultas en la Red Social de Sandra Marce Espeche."}]},{"@type":"WebSite","@id":"https:\/\/nahuelproducciones.com.ar\/radioquijano\/#website","url":"https:\/\/nahuelproducciones.com.ar\/radioquijano\/","name":"RQ 99.9","description":"Radio Quijano 99.9 MHz","potentialAction":[{"@type":"SearchAction","target":{"@type":"EntryPoint","urlTemplate":"https:\/\/nahuelproducciones.com.ar\/radioquijano\/?s={search_term_string}"},"query-input":"required name=search_term_string"}],"inLanguage":"es"},{"@type":"Person","@id":"https:\/\/nahuelproducciones.com.ar\/radioquijano\/#\/schema\/person\/e8a4f939e2cb487fe6d0c54042c9d32c","name":"Cecilia Pastrana","image":{"@type":"ImageObject","inLanguage":"es","@id":"https:\/\/nahuelproducciones.com.ar\/radioquijano\/#\/schema\/person\/image\/","url":"https:\/\/secure.gravatar.com\/avatar\/661a3ef63a8488d4f2794ed44af8cf71420f7e106f3072c40125114df5157749?s=96&d=mm&r=g","contentUrl":"https:\/\/secure.gravatar.com\/avatar\/661a3ef63a8488d4f2794ed44af8cf71420f7e106f3072c40125114df5157749?s=96&d=mm&r=g","caption":"Cecilia Pastrana"},"sameAs":["cecy"],"url":"https:\/\/nahuelproducciones.com.ar\/radioquijano\/author\/cecy\/"}]}},"_links":{"self":[{"href":"https:\/\/nahuelproducciones.com.ar\/radioquijano\/wp-json\/wp\/v2\/posts\/2324","targetHints":{"allow":["GET"]}}],"collection":[{"href":"https:\/\/nahuelproducciones.com.ar\/radioquijano\/wp-json\/wp\/v2\/posts"}],"about":[{"href":"https:\/\/nahuelproducciones.com.ar\/radioquijano\/wp-json\/wp\/v2\/types\/post"}],"author":[{"embeddable":true,"href":"https:\/\/nahuelproducciones.com.ar\/radioquijano\/wp-json\/wp\/v2\/users\/8"}],"replies":[{"embeddable":true,"href":"https:\/\/nahuelproducciones.com.ar\/radioquijano\/wp-json\/wp\/v2\/comments?post=2324"}],"version-history":[{"count":1,"href":"https:\/\/nahuelproducciones.com.ar\/radioquijano\/wp-json\/wp\/v2\/posts\/2324\/revisions"}],"predecessor-version":[{"id":2326,"href":"https:\/\/nahuelproducciones.com.ar\/radioquijano\/wp-json\/wp\/v2\/posts\/2324\/revisions\/2326"}],"wp:featuredmedia":[{"embeddable":true,"href":"https:\/\/nahuelproducciones.com.ar\/radioquijano\/wp-json\/wp\/v2\/media\/2325"}],"wp:attachment":[{"href":"https:\/\/nahuelproducciones.com.ar\/radioquijano\/wp-json\/wp\/v2\/media?parent=2324"}],"wp:term":[{"taxonomy":"category","embeddable":true,"href":"https:\/\/nahuelproducciones.com.ar\/radioquijano\/wp-json\/wp\/v2\/categories?post=2324"},{"taxonomy":"post_tag","embeddable":true,"href":"https:\/\/nahuelproducciones.com.ar\/radioquijano\/wp-json\/wp\/v2\/tags?post=2324"}],"curies":[{"name":"wp","href":"https:\/\/api.w.org\/{rel}","templated":true}]}}