{"id":2401,"date":"2022-04-13T00:18:51","date_gmt":"2022-04-13T03:18:51","guid":{"rendered":"https:\/\/nahuelproducciones.com.ar\/radioquijano\/?p=2401"},"modified":"2022-04-13T00:30:48","modified_gmt":"2022-04-13T03:30:48","slug":"2401-2","status":"publish","type":"post","link":"https:\/\/nahuelproducciones.com.ar\/radioquijano\/2401-2\/","title":{"rendered":"\u00abEl servicio de colectivo Rosario &#8211; Quijano y viceversa esta mejorando.\u00bb"},"content":{"rendered":"\n<p>Vecinos cuestionaron  las condiciones en las que se prestaba el<strong>\u00a0<\/strong>servicio de colectivo\u00a0y le pidi\u00f3 interceder al Concejo Deliberante.<\/p>\n\n\n\n<p>El mismo intendente de Campo Quijano, ante la promesa de corte de ruta si no se solucionaba el horario y la incorporaci\u00f3n de mas unidades, se reuni\u00f3 esa misma ma\u00f1ana con el Presidente de Saeta, Claudio Mohr y plantearon el regreso al horario anterior , sumar mas unidades en el horario de ingreso y egreso de los alumnos.<\/p>\n\n\n\n<p>En estos d\u00edas se observaron veh\u00edculos nuevos e incluso con sistema de ascenso y descenso de sillas de rueda.<\/p>\n\n\n\n<p>Se est\u00e1n respetando los horarios de recorridos propuestos.<\/p>\n\n\n\n<p>Falta transito en la ruta, son mucho chicos que caminan y algunos choferes de autos particulares van con poca precauci\u00f3n por el lugar.<\/p>\n\n\n\n<p>A d\u00edas de lo planteado, los vecinos se sienten conformes y piensan que otras cosas deber\u00edan mejorar . Apuntaron<strong>\u00a0<\/strong>a que seguir\u00e1n controlando para lograr un transporte digno para la zona.<\/p>\n\n\n\n<p>Gracias a la Sra Silvia Vazquez por la rese\u00f1a y fotograf\u00edas.<\/p>\n\n\n\n<p><\/p>\n\n\n\n<figure class=\"wp-block-gallery columns-3 is-cropped wp-block-gallery-1 is-layout-flex wp-block-gallery-is-layout-flex\"><ul class=\"blocks-gallery-grid\"><li class=\"blocks-gallery-item\"><figure><img loading=\"lazy\" decoding=\"async\" width=\"1024\" height=\"575\" src=\"https:\/\/nahuelproducciones.com.ar\/radioquijano\/wp-content\/uploads\/2022\/04\/WhatsApp-Image-2022-04-12-at-1.28.25-PM-1024x575.jpeg\" alt=\"\" data-id=\"2403\" data-link=\"https:\/\/nahuelproducciones.com.ar\/radioquijano\/?attachment_id=2403\" class=\"wp-image-2403\" srcset=\"https:\/\/nahuelproducciones.com.ar\/radioquijano\/wp-content\/uploads\/2022\/04\/WhatsApp-Image-2022-04-12-at-1.28.25-PM-1024x575.jpeg 1024w, https:\/\/nahuelproducciones.com.ar\/radioquijano\/wp-content\/uploads\/2022\/04\/WhatsApp-Image-2022-04-12-at-1.28.25-PM-300x168.jpeg 300w, https:\/\/nahuelproducciones.com.ar\/radioquijano\/wp-content\/uploads\/2022\/04\/WhatsApp-Image-2022-04-12-at-1.28.25-PM-768x431.jpeg 768w, https:\/\/nahuelproducciones.com.ar\/radioquijano\/wp-content\/uploads\/2022\/04\/WhatsApp-Image-2022-04-12-at-1.28.25-PM-150x84.jpeg 150w, https:\/\/nahuelproducciones.com.ar\/radioquijano\/wp-content\/uploads\/2022\/04\/WhatsApp-Image-2022-04-12-at-1.28.25-PM.jpeg 1040w\" sizes=\"auto, (max-width: 1024px) 100vw, 1024px\" \/><\/figure><\/li><li class=\"blocks-gallery-item\"><figure><img loading=\"lazy\" decoding=\"async\" width=\"768\" height=\"1024\" src=\"https:\/\/nahuelproducciones.com.ar\/radioquijano\/wp-content\/uploads\/2022\/04\/WhatsApp-Image-2022-04-12-at-8.02.53-AM-768x1024.jpeg\" alt=\"\" data-id=\"2404\" data-link=\"https:\/\/nahuelproducciones.com.ar\/radioquijano\/?attachment_id=2404\" class=\"wp-image-2404\" srcset=\"https:\/\/nahuelproducciones.com.ar\/radioquijano\/wp-content\/uploads\/2022\/04\/WhatsApp-Image-2022-04-12-at-8.02.53-AM-768x1024.jpeg 768w, https:\/\/nahuelproducciones.com.ar\/radioquijano\/wp-content\/uploads\/2022\/04\/WhatsApp-Image-2022-04-12-at-8.02.53-AM-225x300.jpeg 225w, https:\/\/nahuelproducciones.com.ar\/radioquijano\/wp-content\/uploads\/2022\/04\/WhatsApp-Image-2022-04-12-at-8.02.53-AM-1152x1536.jpeg 1152w, https:\/\/nahuelproducciones.com.ar\/radioquijano\/wp-content\/uploads\/2022\/04\/WhatsApp-Image-2022-04-12-at-8.02.53-AM-640x853.jpeg 640w, https:\/\/nahuelproducciones.com.ar\/radioquijano\/wp-content\/uploads\/2022\/04\/WhatsApp-Image-2022-04-12-at-8.02.53-AM-150x200.jpeg 150w, https:\/\/nahuelproducciones.com.ar\/radioquijano\/wp-content\/uploads\/2022\/04\/WhatsApp-Image-2022-04-12-at-8.02.53-AM.jpeg 1200w\" sizes=\"auto, (max-width: 768px) 100vw, 768px\" \/><\/figure><\/li><li class=\"blocks-gallery-item\"><figure><img loading=\"lazy\" decoding=\"async\" width=\"768\" height=\"1024\" src=\"https:\/\/nahuelproducciones.com.ar\/radioquijano\/wp-content\/uploads\/2022\/04\/WhatsApp-Image-2022-04-12-at-8.02.57-AM-768x1024.jpeg\" alt=\"\" data-id=\"2405\" data-link=\"https:\/\/nahuelproducciones.com.ar\/radioquijano\/?attachment_id=2405\" class=\"wp-image-2405\" srcset=\"https:\/\/nahuelproducciones.com.ar\/radioquijano\/wp-content\/uploads\/2022\/04\/WhatsApp-Image-2022-04-12-at-8.02.57-AM-768x1024.jpeg 768w, https:\/\/nahuelproducciones.com.ar\/radioquijano\/wp-content\/uploads\/2022\/04\/WhatsApp-Image-2022-04-12-at-8.02.57-AM-225x300.jpeg 225w, https:\/\/nahuelproducciones.com.ar\/radioquijano\/wp-content\/uploads\/2022\/04\/WhatsApp-Image-2022-04-12-at-8.02.57-AM-1152x1536.jpeg 1152w, https:\/\/nahuelproducciones.com.ar\/radioquijano\/wp-content\/uploads\/2022\/04\/WhatsApp-Image-2022-04-12-at-8.02.57-AM-640x853.jpeg 640w, https:\/\/nahuelproducciones.com.ar\/radioquijano\/wp-content\/uploads\/2022\/04\/WhatsApp-Image-2022-04-12-at-8.02.57-AM-150x200.jpeg 150w, https:\/\/nahuelproducciones.com.ar\/radioquijano\/wp-content\/uploads\/2022\/04\/WhatsApp-Image-2022-04-12-at-8.02.57-AM.jpeg 1200w\" sizes=\"auto, (max-width: 768px) 100vw, 768px\" \/><\/figure><\/li><li class=\"blocks-gallery-item\"><figure><img loading=\"lazy\" decoding=\"async\" width=\"1024\" height=\"576\" src=\"https:\/\/nahuelproducciones.com.ar\/radioquijano\/wp-content\/uploads\/2022\/04\/WhatsApp-Image-2022-04-12-at-8.05.36-AM-1024x576.jpeg\" alt=\"\" data-id=\"2406\" data-link=\"https:\/\/nahuelproducciones.com.ar\/radioquijano\/?attachment_id=2406\" class=\"wp-image-2406\" srcset=\"https:\/\/nahuelproducciones.com.ar\/radioquijano\/wp-content\/uploads\/2022\/04\/WhatsApp-Image-2022-04-12-at-8.05.36-AM-1024x576.jpeg 1024w, https:\/\/nahuelproducciones.com.ar\/radioquijano\/wp-content\/uploads\/2022\/04\/WhatsApp-Image-2022-04-12-at-8.05.36-AM-300x169.jpeg 300w, https:\/\/nahuelproducciones.com.ar\/radioquijano\/wp-content\/uploads\/2022\/04\/WhatsApp-Image-2022-04-12-at-8.05.36-AM-768x432.jpeg 768w, https:\/\/nahuelproducciones.com.ar\/radioquijano\/wp-content\/uploads\/2022\/04\/WhatsApp-Image-2022-04-12-at-8.05.36-AM-1536x864.jpeg 1536w, https:\/\/nahuelproducciones.com.ar\/radioquijano\/wp-content\/uploads\/2022\/04\/WhatsApp-Image-2022-04-12-at-8.05.36-AM-150x84.jpeg 150w, https:\/\/nahuelproducciones.com.ar\/radioquijano\/wp-content\/uploads\/2022\/04\/WhatsApp-Image-2022-04-12-at-8.05.36-AM.jpeg 1600w\" sizes=\"auto, (max-width: 1024px) 100vw, 1024px\" \/><\/figure><\/li><li class=\"blocks-gallery-item\"><figure><img loading=\"lazy\" decoding=\"async\" width=\"1024\" height=\"576\" src=\"https:\/\/nahuelproducciones.com.ar\/radioquijano\/wp-content\/uploads\/2022\/04\/WhatsApp-Image-2022-04-12-at-8.31.06-AM-1-1024x576.jpeg\" alt=\"\" data-id=\"2407\" data-link=\"https:\/\/nahuelproducciones.com.ar\/radioquijano\/?attachment_id=2407\" class=\"wp-image-2407\" srcset=\"https:\/\/nahuelproducciones.com.ar\/radioquijano\/wp-content\/uploads\/2022\/04\/WhatsApp-Image-2022-04-12-at-8.31.06-AM-1-1024x576.jpeg 1024w, https:\/\/nahuelproducciones.com.ar\/radioquijano\/wp-content\/uploads\/2022\/04\/WhatsApp-Image-2022-04-12-at-8.31.06-AM-1-300x169.jpeg 300w, https:\/\/nahuelproducciones.com.ar\/radioquijano\/wp-content\/uploads\/2022\/04\/WhatsApp-Image-2022-04-12-at-8.31.06-AM-1-768x432.jpeg 768w, https:\/\/nahuelproducciones.com.ar\/radioquijano\/wp-content\/uploads\/2022\/04\/WhatsApp-Image-2022-04-12-at-8.31.06-AM-1-1536x864.jpeg 1536w, https:\/\/nahuelproducciones.com.ar\/radioquijano\/wp-content\/uploads\/2022\/04\/WhatsApp-Image-2022-04-12-at-8.31.06-AM-1-150x84.jpeg 150w, https:\/\/nahuelproducciones.com.ar\/radioquijano\/wp-content\/uploads\/2022\/04\/WhatsApp-Image-2022-04-12-at-8.31.06-AM-1.jpeg 1600w\" sizes=\"auto, (max-width: 1024px) 100vw, 1024px\" \/><\/figure><\/li><li class=\"blocks-gallery-item\"><figure><img loading=\"lazy\" decoding=\"async\" width=\"768\" height=\"1024\" src=\"https:\/\/nahuelproducciones.com.ar\/radioquijano\/wp-content\/uploads\/2022\/04\/WhatsApp-Image-2022-04-11-at-8.35.06-AM-768x1024.jpeg\" alt=\"\" data-id=\"2408\" data-full-url=\"https:\/\/nahuelproducciones.com.ar\/radioquijano\/wp-content\/uploads\/2022\/04\/WhatsApp-Image-2022-04-11-at-8.35.06-AM.jpeg\" data-link=\"https:\/\/nahuelproducciones.com.ar\/radioquijano\/?attachment_id=2408\" class=\"wp-image-2408\" srcset=\"https:\/\/nahuelproducciones.com.ar\/radioquijano\/wp-content\/uploads\/2022\/04\/WhatsApp-Image-2022-04-11-at-8.35.06-AM-768x1024.jpeg 768w, https:\/\/nahuelproducciones.com.ar\/radioquijano\/wp-content\/uploads\/2022\/04\/WhatsApp-Image-2022-04-11-at-8.35.06-AM-225x300.jpeg 225w, https:\/\/nahuelproducciones.com.ar\/radioquijano\/wp-content\/uploads\/2022\/04\/WhatsApp-Image-2022-04-11-at-8.35.06-AM-1152x1536.jpeg 1152w, https:\/\/nahuelproducciones.com.ar\/radioquijano\/wp-content\/uploads\/2022\/04\/WhatsApp-Image-2022-04-11-at-8.35.06-AM-640x853.jpeg 640w, https:\/\/nahuelproducciones.com.ar\/radioquijano\/wp-content\/uploads\/2022\/04\/WhatsApp-Image-2022-04-11-at-8.35.06-AM-150x200.jpeg 150w, https:\/\/nahuelproducciones.com.ar\/radioquijano\/wp-content\/uploads\/2022\/04\/WhatsApp-Image-2022-04-11-at-8.35.06-AM.jpeg 1200w\" sizes=\"auto, (max-width: 768px) 100vw, 768px\" \/><\/figure><\/li><\/ul><\/figure>\n\n\n\n<p><a href=\"https:\/\/nahuelproducciones.com.ar\/index.php\/rq999\" target=\"_blank\" rel=\"noreferrer noopener\">#RQ99.9Mhz<\/a>   <a href=\"https:\/\/nahuelproducciones.com.ar\/\" target=\"_blank\" rel=\"noreferrer noopener\">CAMPO QUIJANO<\/a><\/p>\n","protected":false},"excerpt":{"rendered":"<p>Vecinos cuestionaron las condiciones en las que se prestaba el\u00a0servicio de colectivo\u00a0y le pidi\u00f3 interceder al Concejo Deliberante. El mismo intendente de Campo Quijano, ante la promesa de corte de ruta si no se solucionaba el horario y la incorporaci\u00f3n de mas unidades, se reuni\u00f3 esa misma ma\u00f1ana con el Presidente de Saeta, Claudio Mohr [&hellip;]<\/p>\n","protected":false},"author":8,"featured_media":2402,"comment_status":"open","ping_status":"open","sticky":false,"template":"","format":"standard","meta":{"_monsterinsights_skip_tracking":false,"_monsterinsights_sitenote_active":false,"_monsterinsights_sitenote_note":"","_monsterinsights_sitenote_category":0,"footnotes":""},"categories":[16],"tags":[36,58,427,75,47,404,426],"class_list":["post-2401","post","type-post","status-publish","format-standard","has-post-thumbnail","hentry","category-noticias","tag-campo-quijano","tag-carlos-folloni","tag-claudio-mohr","tag-concejo-deliberante-de-campo-quijano","tag-rosario-de-lerma","tag-saeta","tag-transporte"],"yoast_head":"<!-- This site is optimized with the Yoast SEO plugin v20.8 - https:\/\/yoast.com\/wordpress\/plugins\/seo\/ -->\n<title>&quot;El servicio de colectivo Rosario - Quijano y viceversa esta mejorando.&quot; - RQ 99.9<\/title>\n<meta name=\"description\" content=\"A d\u00edas de lo planteado, los vecinos se sienten conformes y piensan que otras cosas deber\u00edan mejorar . Apuntaron\u00a0a que seguir\u00e1n controlando para lograr un transporte digno para la zona.\" \/>\n<meta name=\"robots\" content=\"index, follow, max-snippet:-1, max-image-preview:large, max-video-preview:-1\" \/>\n<link rel=\"canonical\" href=\"https:\/\/nahuelproducciones.com.ar\/radioquijano\/2401-2\/\" \/>\n<meta property=\"og:locale\" content=\"es_ES\" \/>\n<meta property=\"og:type\" content=\"article\" \/>\n<meta property=\"og:title\" content=\"&quot;El servicio de colectivo Rosario - Quijano y viceversa esta mejorando.&quot; - RQ 99.9\" \/>\n<meta property=\"og:description\" content=\"A d\u00edas de lo planteado, los vecinos se sienten conformes y piensan que otras cosas deber\u00edan mejorar . Apuntaron\u00a0a que seguir\u00e1n controlando para lograr un transporte digno para la zona.\" \/>\n<meta property=\"og:url\" content=\"https:\/\/nahuelproducciones.com.ar\/radioquijano\/2401-2\/\" \/>\n<meta property=\"og:site_name\" content=\"RQ 99.9\" \/>\n<meta property=\"article:publisher\" content=\"https:\/\/www.facebook.com\/nahuelproducciones999\/\" \/>\n<meta property=\"article:published_time\" content=\"2022-04-13T03:18:51+00:00\" \/>\n<meta property=\"article:modified_time\" content=\"2022-04-13T03:30:48+00:00\" \/>\n<meta property=\"og:image\" content=\"https:\/\/nahuelproducciones.com.ar\/radioquijano\/wp-content\/uploads\/2022\/04\/WhatsApp-Image-2022-04-12-at-8.31.06-AM-e1649819634733.jpeg\" \/>\n\t<meta property=\"og:image:width\" content=\"700\" \/>\n\t<meta property=\"og:image:height\" content=\"394\" \/>\n\t<meta property=\"og:image:type\" content=\"image\/jpeg\" \/>\n<meta name=\"author\" content=\"Cecilia Pastrana\" \/>\n<meta name=\"twitter:card\" content=\"summary_large_image\" \/>\n<meta name=\"twitter:creator\" content=\"@nahuproduciones\" \/>\n<meta name=\"twitter:site\" content=\"@nahuproduciones\" \/>\n<meta name=\"twitter:label1\" content=\"Escrito por\" \/>\n\t<meta name=\"twitter:data1\" content=\"Cecilia Pastrana\" \/>\n\t<meta name=\"twitter:label2\" content=\"Tiempo de lectura\" \/>\n\t<meta name=\"twitter:data2\" content=\"2 minutos\" \/>\n<script type=\"application\/ld+json\" class=\"yoast-schema-graph\">{\"@context\":\"https:\/\/schema.org\",\"@graph\":[{\"@type\":\"WebPage\",\"@id\":\"https:\/\/nahuelproducciones.com.ar\/radioquijano\/2401-2\/\",\"url\":\"https:\/\/nahuelproducciones.com.ar\/radioquijano\/2401-2\/\",\"name\":\"\\\"El servicio de colectivo Rosario - Quijano y viceversa esta mejorando.\\\" - RQ 99.9\",\"isPartOf\":{\"@id\":\"https:\/\/nahuelproducciones.com.ar\/radioquijano\/#website\"},\"datePublished\":\"2022-04-13T03:18:51+00:00\",\"dateModified\":\"2022-04-13T03:30:48+00:00\",\"author\":{\"@id\":\"https:\/\/nahuelproducciones.com.ar\/radioquijano\/#\/schema\/person\/e8a4f939e2cb487fe6d0c54042c9d32c\"},\"description\":\"A d\u00edas de lo planteado, los vecinos se sienten conformes y piensan que otras cosas deber\u00edan mejorar . Apuntaron\u00a0a que seguir\u00e1n controlando para lograr un transporte digno para la zona.\",\"breadcrumb\":{\"@id\":\"https:\/\/nahuelproducciones.com.ar\/radioquijano\/2401-2\/#breadcrumb\"},\"inLanguage\":\"es\",\"potentialAction\":[{\"@type\":\"ReadAction\",\"target\":[\"https:\/\/nahuelproducciones.com.ar\/radioquijano\/2401-2\/\"]}]},{\"@type\":\"BreadcrumbList\",\"@id\":\"https:\/\/nahuelproducciones.com.ar\/radioquijano\/2401-2\/#breadcrumb\",\"itemListElement\":[{\"@type\":\"ListItem\",\"position\":1,\"name\":\"Portada\",\"item\":\"https:\/\/nahuelproducciones.com.ar\/radioquijano\/\"},{\"@type\":\"ListItem\",\"position\":2,\"name\":\"\u00abEl servicio de colectivo Rosario &#8211; Quijano y viceversa esta mejorando.\u00bb\"}]},{\"@type\":\"WebSite\",\"@id\":\"https:\/\/nahuelproducciones.com.ar\/radioquijano\/#website\",\"url\":\"https:\/\/nahuelproducciones.com.ar\/radioquijano\/\",\"name\":\"RQ 99.9\",\"description\":\"Radio Quijano 99.9 MHz\",\"potentialAction\":[{\"@type\":\"SearchAction\",\"target\":{\"@type\":\"EntryPoint\",\"urlTemplate\":\"https:\/\/nahuelproducciones.com.ar\/radioquijano\/?s={search_term_string}\"},\"query-input\":\"required name=search_term_string\"}],\"inLanguage\":\"es\"},{\"@type\":\"Person\",\"@id\":\"https:\/\/nahuelproducciones.com.ar\/radioquijano\/#\/schema\/person\/e8a4f939e2cb487fe6d0c54042c9d32c\",\"name\":\"Cecilia Pastrana\",\"image\":{\"@type\":\"ImageObject\",\"inLanguage\":\"es\",\"@id\":\"https:\/\/nahuelproducciones.com.ar\/radioquijano\/#\/schema\/person\/image\/\",\"url\":\"https:\/\/secure.gravatar.com\/avatar\/661a3ef63a8488d4f2794ed44af8cf71420f7e106f3072c40125114df5157749?s=96&d=mm&r=g\",\"contentUrl\":\"https:\/\/secure.gravatar.com\/avatar\/661a3ef63a8488d4f2794ed44af8cf71420f7e106f3072c40125114df5157749?s=96&d=mm&r=g\",\"caption\":\"Cecilia Pastrana\"},\"sameAs\":[\"cecy\"],\"url\":\"https:\/\/nahuelproducciones.com.ar\/radioquijano\/author\/cecy\/\"}]}<\/script>\n<!-- \/ Yoast SEO plugin. -->","yoast_head_json":{"title":"\"El servicio de colectivo Rosario - Quijano y viceversa esta mejorando.\" - RQ 99.9","description":"A d\u00edas de lo planteado, los vecinos se sienten conformes y piensan que otras cosas deber\u00edan mejorar . Apuntaron\u00a0a que seguir\u00e1n controlando para lograr un transporte digno para la zona.","robots":{"index":"index","follow":"follow","max-snippet":"max-snippet:-1","max-image-preview":"max-image-preview:large","max-video-preview":"max-video-preview:-1"},"canonical":"https:\/\/nahuelproducciones.com.ar\/radioquijano\/2401-2\/","og_locale":"es_ES","og_type":"article","og_title":"\"El servicio de colectivo Rosario - Quijano y viceversa esta mejorando.\" - RQ 99.9","og_description":"A d\u00edas de lo planteado, los vecinos se sienten conformes y piensan que otras cosas deber\u00edan mejorar . Apuntaron\u00a0a que seguir\u00e1n controlando para lograr un transporte digno para la zona.","og_url":"https:\/\/nahuelproducciones.com.ar\/radioquijano\/2401-2\/","og_site_name":"RQ 99.9","article_publisher":"https:\/\/www.facebook.com\/nahuelproducciones999\/","article_published_time":"2022-04-13T03:18:51+00:00","article_modified_time":"2022-04-13T03:30:48+00:00","og_image":[{"width":700,"height":394,"url":"https:\/\/nahuelproducciones.com.ar\/radioquijano\/wp-content\/uploads\/2022\/04\/WhatsApp-Image-2022-04-12-at-8.31.06-AM-e1649819634733.jpeg","type":"image\/jpeg"}],"author":"Cecilia Pastrana","twitter_card":"summary_large_image","twitter_creator":"@nahuproduciones","twitter_site":"@nahuproduciones","twitter_misc":{"Escrito por":"Cecilia Pastrana","Tiempo de lectura":"2 minutos"},"schema":{"@context":"https:\/\/schema.org","@graph":[{"@type":"WebPage","@id":"https:\/\/nahuelproducciones.com.ar\/radioquijano\/2401-2\/","url":"https:\/\/nahuelproducciones.com.ar\/radioquijano\/2401-2\/","name":"\"El servicio de colectivo Rosario - Quijano y viceversa esta mejorando.\" - RQ 99.9","isPartOf":{"@id":"https:\/\/nahuelproducciones.com.ar\/radioquijano\/#website"},"datePublished":"2022-04-13T03:18:51+00:00","dateModified":"2022-04-13T03:30:48+00:00","author":{"@id":"https:\/\/nahuelproducciones.com.ar\/radioquijano\/#\/schema\/person\/e8a4f939e2cb487fe6d0c54042c9d32c"},"description":"A d\u00edas de lo planteado, los vecinos se sienten conformes y piensan que otras cosas deber\u00edan mejorar . Apuntaron\u00a0a que seguir\u00e1n controlando para lograr un transporte digno para la zona.","breadcrumb":{"@id":"https:\/\/nahuelproducciones.com.ar\/radioquijano\/2401-2\/#breadcrumb"},"inLanguage":"es","potentialAction":[{"@type":"ReadAction","target":["https:\/\/nahuelproducciones.com.ar\/radioquijano\/2401-2\/"]}]},{"@type":"BreadcrumbList","@id":"https:\/\/nahuelproducciones.com.ar\/radioquijano\/2401-2\/#breadcrumb","itemListElement":[{"@type":"ListItem","position":1,"name":"Portada","item":"https:\/\/nahuelproducciones.com.ar\/radioquijano\/"},{"@type":"ListItem","position":2,"name":"\u00abEl servicio de colectivo Rosario &#8211; Quijano y viceversa esta mejorando.\u00bb"}]},{"@type":"WebSite","@id":"https:\/\/nahuelproducciones.com.ar\/radioquijano\/#website","url":"https:\/\/nahuelproducciones.com.ar\/radioquijano\/","name":"RQ 99.9","description":"Radio Quijano 99.9 MHz","potentialAction":[{"@type":"SearchAction","target":{"@type":"EntryPoint","urlTemplate":"https:\/\/nahuelproducciones.com.ar\/radioquijano\/?s={search_term_string}"},"query-input":"required name=search_term_string"}],"inLanguage":"es"},{"@type":"Person","@id":"https:\/\/nahuelproducciones.com.ar\/radioquijano\/#\/schema\/person\/e8a4f939e2cb487fe6d0c54042c9d32c","name":"Cecilia Pastrana","image":{"@type":"ImageObject","inLanguage":"es","@id":"https:\/\/nahuelproducciones.com.ar\/radioquijano\/#\/schema\/person\/image\/","url":"https:\/\/secure.gravatar.com\/avatar\/661a3ef63a8488d4f2794ed44af8cf71420f7e106f3072c40125114df5157749?s=96&d=mm&r=g","contentUrl":"https:\/\/secure.gravatar.com\/avatar\/661a3ef63a8488d4f2794ed44af8cf71420f7e106f3072c40125114df5157749?s=96&d=mm&r=g","caption":"Cecilia Pastrana"},"sameAs":["cecy"],"url":"https:\/\/nahuelproducciones.com.ar\/radioquijano\/author\/cecy\/"}]}},"_links":{"self":[{"href":"https:\/\/nahuelproducciones.com.ar\/radioquijano\/wp-json\/wp\/v2\/posts\/2401","targetHints":{"allow":["GET"]}}],"collection":[{"href":"https:\/\/nahuelproducciones.com.ar\/radioquijano\/wp-json\/wp\/v2\/posts"}],"about":[{"href":"https:\/\/nahuelproducciones.com.ar\/radioquijano\/wp-json\/wp\/v2\/types\/post"}],"author":[{"embeddable":true,"href":"https:\/\/nahuelproducciones.com.ar\/radioquijano\/wp-json\/wp\/v2\/users\/8"}],"replies":[{"embeddable":true,"href":"https:\/\/nahuelproducciones.com.ar\/radioquijano\/wp-json\/wp\/v2\/comments?post=2401"}],"version-history":[{"count":3,"href":"https:\/\/nahuelproducciones.com.ar\/radioquijano\/wp-json\/wp\/v2\/posts\/2401\/revisions"}],"predecessor-version":[{"id":2413,"href":"https:\/\/nahuelproducciones.com.ar\/radioquijano\/wp-json\/wp\/v2\/posts\/2401\/revisions\/2413"}],"wp:featuredmedia":[{"embeddable":true,"href":"https:\/\/nahuelproducciones.com.ar\/radioquijano\/wp-json\/wp\/v2\/media\/2402"}],"wp:attachment":[{"href":"https:\/\/nahuelproducciones.com.ar\/radioquijano\/wp-json\/wp\/v2\/media?parent=2401"}],"wp:term":[{"taxonomy":"category","embeddable":true,"href":"https:\/\/nahuelproducciones.com.ar\/radioquijano\/wp-json\/wp\/v2\/categories?post=2401"},{"taxonomy":"post_tag","embeddable":true,"href":"https:\/\/nahuelproducciones.com.ar\/radioquijano\/wp-json\/wp\/v2\/tags?post=2401"}],"curies":[{"name":"wp","href":"https:\/\/api.w.org\/{rel}","templated":true}]}}