{"id":2438,"date":"2022-04-18T12:40:44","date_gmt":"2022-04-18T15:40:44","guid":{"rendered":"https:\/\/nahuelproducciones.com.ar\/radioquijano\/?p=2438"},"modified":"2022-04-18T12:41:18","modified_gmt":"2022-04-18T15:41:18","slug":"corte-total-en-ruta-n51-altura-santa-rosa-de-tastil","status":"publish","type":"post","link":"https:\/\/nahuelproducciones.com.ar\/radioquijano\/corte-total-en-ruta-n51-altura-santa-rosa-de-tastil\/","title":{"rendered":"CORTE TOTAL EN RUTA N\u00b051 ALTURA SANTA ROSA DE TASTIL"},"content":{"rendered":"\n<p>En la ma\u00f1ana de hoy lunes 18 de abril se produjo un accidente minutos antes de las 7 :30, km 94,5 yendo a San Antonio de los Cobres .<\/p>\n\n\n\n<p>En la oportunidad un cami\u00f3n Scania volc\u00f3 el chofer y no habr\u00eda sobrevivido.<\/p>\n\n\n\n<p><a href=\"https:\/\/www.facebook.com\/informatepuna?__cft__[0]=AZVvx7cwuNVZO-p4zuFjBSnu2qwFhOF3PHr6YaS_WGsfP7FaE5wuAOAsIRrRafc4kodmyJxp2wCDJzJR3zfMGbjzt3Zmz3Pvy77ZFdgUpLhhM6CSYX_WTL89MIGoBKmhKLGQ7865O8dl5yfUCc55FCO_&amp;__tn__=-UC%2CP-R\"><strong>Informate Puna<\/strong><\/a> en su facebook brind\u00f3 la informaci\u00f3n a temprana hora.<\/p>\n\n\n\n<p>Por el momento se mantiene un corte total en  Ruta N\u00b0 51 altura Santa Rosa de Tastil.<\/p>\n\n\n\n<p>Ampliaremos  <\/p>\n\n\n\n<div class=\"wp-block-columns is-layout-flex wp-container-core-columns-is-layout-9d6595d7 wp-block-columns-is-layout-flex\">\n<div class=\"wp-block-column is-layout-flow wp-block-column-is-layout-flow\" style=\"flex-basis:100%\">\n<div class=\"wp-block-columns is-layout-flex wp-container-core-columns-is-layout-9d6595d7 wp-block-columns-is-layout-flex\">\n<div class=\"wp-block-column is-layout-flow wp-block-column-is-layout-flow\">\n<figure class=\"wp-block-image size-full\"><img loading=\"lazy\" decoding=\"async\" width=\"750\" height=\"1000\" src=\"https:\/\/nahuelproducciones.com.ar\/radioquijano\/wp-content\/uploads\/2022\/04\/WhatsApp-Image-2022-04-18-at-12.13.26-PM-1.jpeg\" alt=\"\" class=\"wp-image-2441\" srcset=\"https:\/\/nahuelproducciones.com.ar\/radioquijano\/wp-content\/uploads\/2022\/04\/WhatsApp-Image-2022-04-18-at-12.13.26-PM-1.jpeg 750w, https:\/\/nahuelproducciones.com.ar\/radioquijano\/wp-content\/uploads\/2022\/04\/WhatsApp-Image-2022-04-18-at-12.13.26-PM-1-225x300.jpeg 225w, https:\/\/nahuelproducciones.com.ar\/radioquijano\/wp-content\/uploads\/2022\/04\/WhatsApp-Image-2022-04-18-at-12.13.26-PM-1-640x853.jpeg 640w, https:\/\/nahuelproducciones.com.ar\/radioquijano\/wp-content\/uploads\/2022\/04\/WhatsApp-Image-2022-04-18-at-12.13.26-PM-1-150x200.jpeg 150w\" sizes=\"auto, (max-width: 750px) 100vw, 750px\" \/><\/figure>\n<\/div>\n\n\n\n<div class=\"wp-block-column is-layout-flow wp-block-column-is-layout-flow\">\n<figure class=\"wp-block-image size-large\"><img loading=\"lazy\" decoding=\"async\" width=\"768\" height=\"1024\" src=\"https:\/\/nahuelproducciones.com.ar\/radioquijano\/wp-content\/uploads\/2022\/04\/WhatsApp-Image-2022-04-18-at-12.13.27-PM-1-768x1024.jpeg\" alt=\"\" class=\"wp-image-2442\" srcset=\"https:\/\/nahuelproducciones.com.ar\/radioquijano\/wp-content\/uploads\/2022\/04\/WhatsApp-Image-2022-04-18-at-12.13.27-PM-1-768x1024.jpeg 768w, https:\/\/nahuelproducciones.com.ar\/radioquijano\/wp-content\/uploads\/2022\/04\/WhatsApp-Image-2022-04-18-at-12.13.27-PM-1-225x300.jpeg 225w, https:\/\/nahuelproducciones.com.ar\/radioquijano\/wp-content\/uploads\/2022\/04\/WhatsApp-Image-2022-04-18-at-12.13.27-PM-1-640x853.jpeg 640w, https:\/\/nahuelproducciones.com.ar\/radioquijano\/wp-content\/uploads\/2022\/04\/WhatsApp-Image-2022-04-18-at-12.13.27-PM-1-150x200.jpeg 150w, https:\/\/nahuelproducciones.com.ar\/radioquijano\/wp-content\/uploads\/2022\/04\/WhatsApp-Image-2022-04-18-at-12.13.27-PM-1.jpeg 960w\" sizes=\"auto, (max-width: 768px) 100vw, 768px\" \/><\/figure>\n<\/div>\n\n\n\n<div class=\"wp-block-column is-layout-flow wp-block-column-is-layout-flow\">\n<figure class=\"wp-block-image size-large\"><img loading=\"lazy\" decoding=\"async\" width=\"768\" height=\"1024\" src=\"https:\/\/nahuelproducciones.com.ar\/radioquijano\/wp-content\/uploads\/2022\/04\/WhatsApp-Image-2022-04-18-at-12.13.27-PM-2-768x1024.jpeg\" alt=\"\" class=\"wp-image-2443\" srcset=\"https:\/\/nahuelproducciones.com.ar\/radioquijano\/wp-content\/uploads\/2022\/04\/WhatsApp-Image-2022-04-18-at-12.13.27-PM-2-768x1024.jpeg 768w, https:\/\/nahuelproducciones.com.ar\/radioquijano\/wp-content\/uploads\/2022\/04\/WhatsApp-Image-2022-04-18-at-12.13.27-PM-2-225x300.jpeg 225w, https:\/\/nahuelproducciones.com.ar\/radioquijano\/wp-content\/uploads\/2022\/04\/WhatsApp-Image-2022-04-18-at-12.13.27-PM-2-640x853.jpeg 640w, https:\/\/nahuelproducciones.com.ar\/radioquijano\/wp-content\/uploads\/2022\/04\/WhatsApp-Image-2022-04-18-at-12.13.27-PM-2-150x200.jpeg 150w, https:\/\/nahuelproducciones.com.ar\/radioquijano\/wp-content\/uploads\/2022\/04\/WhatsApp-Image-2022-04-18-at-12.13.27-PM-2.jpeg 960w\" sizes=\"auto, (max-width: 768px) 100vw, 768px\" \/><\/figure>\n<\/div>\n<\/div>\n<\/div>\n<\/div>\n\n\n\n<p>#RQ99.9Mhz   CAMPOQUIJANO<\/p>\n","protected":false},"excerpt":{"rendered":"<p>En la ma\u00f1ana de hoy lunes 18 de abril se produjo un accidente minutos antes de las 7 :30, km 94,5 yendo a San Antonio de los Cobres . En la oportunidad un cami\u00f3n Scania volc\u00f3 el chofer y no habr\u00eda sobrevivido. Informate Puna en su facebook brind\u00f3 la informaci\u00f3n a temprana hora. Por el [&hellip;]<\/p>\n","protected":false},"author":8,"featured_media":2439,"comment_status":"open","ping_status":"open","sticky":false,"template":"","format":"standard","meta":{"_monsterinsights_skip_tracking":false,"_monsterinsights_sitenote_active":false,"_monsterinsights_sitenote_note":"","_monsterinsights_sitenote_category":0,"footnotes":""},"categories":[16],"tags":[431,430,428,429],"class_list":["post-2438","post","type-post","status-publish","format-standard","has-post-thumbnail","hentry","category-noticias","tag-accidente","tag-informate-puna","tag-ruta-n51","tag-san-antonio-de-los-cobres"],"yoast_head":"<!-- This site is optimized with the Yoast SEO plugin v20.8 - https:\/\/yoast.com\/wordpress\/plugins\/seo\/ -->\n<title>CORTE TOTAL EN RUTA N\u00b051 ALTURA SANTA ROSA DE TASTIL - RQ 99.9<\/title>\n<meta name=\"description\" content=\"Por el momento se mantiene un corte total en Ruta N\u00b0 51 altura Santa Rosa de Tastil.\" \/>\n<meta name=\"robots\" content=\"index, follow, max-snippet:-1, max-image-preview:large, max-video-preview:-1\" \/>\n<link rel=\"canonical\" href=\"https:\/\/nahuelproducciones.com.ar\/radioquijano\/corte-total-en-ruta-n51-altura-santa-rosa-de-tastil\/\" \/>\n<meta property=\"og:locale\" content=\"es_ES\" \/>\n<meta property=\"og:type\" content=\"article\" \/>\n<meta property=\"og:title\" content=\"CORTE TOTAL EN RUTA N\u00b051 ALTURA SANTA ROSA DE TASTIL - RQ 99.9\" \/>\n<meta property=\"og:description\" content=\"Por el momento se mantiene un corte total en Ruta N\u00b0 51 altura Santa Rosa de Tastil.\" \/>\n<meta property=\"og:url\" content=\"https:\/\/nahuelproducciones.com.ar\/radioquijano\/corte-total-en-ruta-n51-altura-santa-rosa-de-tastil\/\" \/>\n<meta property=\"og:site_name\" content=\"RQ 99.9\" \/>\n<meta property=\"article:publisher\" content=\"https:\/\/www.facebook.com\/nahuelproducciones999\/\" \/>\n<meta property=\"article:published_time\" content=\"2022-04-18T15:40:44+00:00\" \/>\n<meta property=\"article:modified_time\" content=\"2022-04-18T15:41:18+00:00\" \/>\n<meta property=\"og:image\" content=\"https:\/\/nahuelproducciones.com.ar\/radioquijano\/wp-content\/uploads\/2022\/04\/WhatsApp-Image-2022-04-18-at-12.13.26-PM.jpeg\" \/>\n\t<meta property=\"og:image:width\" content=\"750\" \/>\n\t<meta property=\"og:image:height\" content=\"1000\" \/>\n\t<meta property=\"og:image:type\" content=\"image\/jpeg\" \/>\n<meta name=\"author\" content=\"Cecilia Pastrana\" \/>\n<meta name=\"twitter:card\" content=\"summary_large_image\" \/>\n<meta name=\"twitter:creator\" content=\"@nahuproduciones\" \/>\n<meta name=\"twitter:site\" content=\"@nahuproduciones\" \/>\n<meta name=\"twitter:label1\" content=\"Escrito por\" \/>\n\t<meta name=\"twitter:data1\" content=\"Cecilia Pastrana\" \/>\n\t<meta name=\"twitter:label2\" content=\"Tiempo de lectura\" \/>\n\t<meta name=\"twitter:data2\" content=\"1 minuto\" \/>\n<script type=\"application\/ld+json\" class=\"yoast-schema-graph\">{\"@context\":\"https:\/\/schema.org\",\"@graph\":[{\"@type\":\"WebPage\",\"@id\":\"https:\/\/nahuelproducciones.com.ar\/radioquijano\/corte-total-en-ruta-n51-altura-santa-rosa-de-tastil\/\",\"url\":\"https:\/\/nahuelproducciones.com.ar\/radioquijano\/corte-total-en-ruta-n51-altura-santa-rosa-de-tastil\/\",\"name\":\"CORTE TOTAL EN RUTA N\u00b051 ALTURA SANTA ROSA DE TASTIL - RQ 99.9\",\"isPartOf\":{\"@id\":\"https:\/\/nahuelproducciones.com.ar\/radioquijano\/#website\"},\"datePublished\":\"2022-04-18T15:40:44+00:00\",\"dateModified\":\"2022-04-18T15:41:18+00:00\",\"author\":{\"@id\":\"https:\/\/nahuelproducciones.com.ar\/radioquijano\/#\/schema\/person\/e8a4f939e2cb487fe6d0c54042c9d32c\"},\"description\":\"Por el momento se mantiene un corte total en Ruta N\u00b0 51 altura Santa Rosa de Tastil.\",\"breadcrumb\":{\"@id\":\"https:\/\/nahuelproducciones.com.ar\/radioquijano\/corte-total-en-ruta-n51-altura-santa-rosa-de-tastil\/#breadcrumb\"},\"inLanguage\":\"es\",\"potentialAction\":[{\"@type\":\"ReadAction\",\"target\":[\"https:\/\/nahuelproducciones.com.ar\/radioquijano\/corte-total-en-ruta-n51-altura-santa-rosa-de-tastil\/\"]}]},{\"@type\":\"BreadcrumbList\",\"@id\":\"https:\/\/nahuelproducciones.com.ar\/radioquijano\/corte-total-en-ruta-n51-altura-santa-rosa-de-tastil\/#breadcrumb\",\"itemListElement\":[{\"@type\":\"ListItem\",\"position\":1,\"name\":\"Portada\",\"item\":\"https:\/\/nahuelproducciones.com.ar\/radioquijano\/\"},{\"@type\":\"ListItem\",\"position\":2,\"name\":\"CORTE TOTAL EN RUTA N\u00b051 ALTURA SANTA ROSA DE TASTIL\"}]},{\"@type\":\"WebSite\",\"@id\":\"https:\/\/nahuelproducciones.com.ar\/radioquijano\/#website\",\"url\":\"https:\/\/nahuelproducciones.com.ar\/radioquijano\/\",\"name\":\"RQ 99.9\",\"description\":\"Radio Quijano 99.9 MHz\",\"potentialAction\":[{\"@type\":\"SearchAction\",\"target\":{\"@type\":\"EntryPoint\",\"urlTemplate\":\"https:\/\/nahuelproducciones.com.ar\/radioquijano\/?s={search_term_string}\"},\"query-input\":\"required name=search_term_string\"}],\"inLanguage\":\"es\"},{\"@type\":\"Person\",\"@id\":\"https:\/\/nahuelproducciones.com.ar\/radioquijano\/#\/schema\/person\/e8a4f939e2cb487fe6d0c54042c9d32c\",\"name\":\"Cecilia Pastrana\",\"image\":{\"@type\":\"ImageObject\",\"inLanguage\":\"es\",\"@id\":\"https:\/\/nahuelproducciones.com.ar\/radioquijano\/#\/schema\/person\/image\/\",\"url\":\"https:\/\/secure.gravatar.com\/avatar\/661a3ef63a8488d4f2794ed44af8cf71420f7e106f3072c40125114df5157749?s=96&d=mm&r=g\",\"contentUrl\":\"https:\/\/secure.gravatar.com\/avatar\/661a3ef63a8488d4f2794ed44af8cf71420f7e106f3072c40125114df5157749?s=96&d=mm&r=g\",\"caption\":\"Cecilia Pastrana\"},\"sameAs\":[\"cecy\"],\"url\":\"https:\/\/nahuelproducciones.com.ar\/radioquijano\/author\/cecy\/\"}]}<\/script>\n<!-- \/ Yoast SEO plugin. -->","yoast_head_json":{"title":"CORTE TOTAL EN RUTA N\u00b051 ALTURA SANTA ROSA DE TASTIL - RQ 99.9","description":"Por el momento se mantiene un corte total en Ruta N\u00b0 51 altura Santa Rosa de Tastil.","robots":{"index":"index","follow":"follow","max-snippet":"max-snippet:-1","max-image-preview":"max-image-preview:large","max-video-preview":"max-video-preview:-1"},"canonical":"https:\/\/nahuelproducciones.com.ar\/radioquijano\/corte-total-en-ruta-n51-altura-santa-rosa-de-tastil\/","og_locale":"es_ES","og_type":"article","og_title":"CORTE TOTAL EN RUTA N\u00b051 ALTURA SANTA ROSA DE TASTIL - RQ 99.9","og_description":"Por el momento se mantiene un corte total en Ruta N\u00b0 51 altura Santa Rosa de Tastil.","og_url":"https:\/\/nahuelproducciones.com.ar\/radioquijano\/corte-total-en-ruta-n51-altura-santa-rosa-de-tastil\/","og_site_name":"RQ 99.9","article_publisher":"https:\/\/www.facebook.com\/nahuelproducciones999\/","article_published_time":"2022-04-18T15:40:44+00:00","article_modified_time":"2022-04-18T15:41:18+00:00","og_image":[{"width":750,"height":1000,"url":"https:\/\/nahuelproducciones.com.ar\/radioquijano\/wp-content\/uploads\/2022\/04\/WhatsApp-Image-2022-04-18-at-12.13.26-PM.jpeg","type":"image\/jpeg"}],"author":"Cecilia Pastrana","twitter_card":"summary_large_image","twitter_creator":"@nahuproduciones","twitter_site":"@nahuproduciones","twitter_misc":{"Escrito por":"Cecilia Pastrana","Tiempo de lectura":"1 minuto"},"schema":{"@context":"https:\/\/schema.org","@graph":[{"@type":"WebPage","@id":"https:\/\/nahuelproducciones.com.ar\/radioquijano\/corte-total-en-ruta-n51-altura-santa-rosa-de-tastil\/","url":"https:\/\/nahuelproducciones.com.ar\/radioquijano\/corte-total-en-ruta-n51-altura-santa-rosa-de-tastil\/","name":"CORTE TOTAL EN RUTA N\u00b051 ALTURA SANTA ROSA DE TASTIL - RQ 99.9","isPartOf":{"@id":"https:\/\/nahuelproducciones.com.ar\/radioquijano\/#website"},"datePublished":"2022-04-18T15:40:44+00:00","dateModified":"2022-04-18T15:41:18+00:00","author":{"@id":"https:\/\/nahuelproducciones.com.ar\/radioquijano\/#\/schema\/person\/e8a4f939e2cb487fe6d0c54042c9d32c"},"description":"Por el momento se mantiene un corte total en Ruta N\u00b0 51 altura Santa Rosa de Tastil.","breadcrumb":{"@id":"https:\/\/nahuelproducciones.com.ar\/radioquijano\/corte-total-en-ruta-n51-altura-santa-rosa-de-tastil\/#breadcrumb"},"inLanguage":"es","potentialAction":[{"@type":"ReadAction","target":["https:\/\/nahuelproducciones.com.ar\/radioquijano\/corte-total-en-ruta-n51-altura-santa-rosa-de-tastil\/"]}]},{"@type":"BreadcrumbList","@id":"https:\/\/nahuelproducciones.com.ar\/radioquijano\/corte-total-en-ruta-n51-altura-santa-rosa-de-tastil\/#breadcrumb","itemListElement":[{"@type":"ListItem","position":1,"name":"Portada","item":"https:\/\/nahuelproducciones.com.ar\/radioquijano\/"},{"@type":"ListItem","position":2,"name":"CORTE TOTAL EN RUTA N\u00b051 ALTURA SANTA ROSA DE TASTIL"}]},{"@type":"WebSite","@id":"https:\/\/nahuelproducciones.com.ar\/radioquijano\/#website","url":"https:\/\/nahuelproducciones.com.ar\/radioquijano\/","name":"RQ 99.9","description":"Radio Quijano 99.9 MHz","potentialAction":[{"@type":"SearchAction","target":{"@type":"EntryPoint","urlTemplate":"https:\/\/nahuelproducciones.com.ar\/radioquijano\/?s={search_term_string}"},"query-input":"required name=search_term_string"}],"inLanguage":"es"},{"@type":"Person","@id":"https:\/\/nahuelproducciones.com.ar\/radioquijano\/#\/schema\/person\/e8a4f939e2cb487fe6d0c54042c9d32c","name":"Cecilia Pastrana","image":{"@type":"ImageObject","inLanguage":"es","@id":"https:\/\/nahuelproducciones.com.ar\/radioquijano\/#\/schema\/person\/image\/","url":"https:\/\/secure.gravatar.com\/avatar\/661a3ef63a8488d4f2794ed44af8cf71420f7e106f3072c40125114df5157749?s=96&d=mm&r=g","contentUrl":"https:\/\/secure.gravatar.com\/avatar\/661a3ef63a8488d4f2794ed44af8cf71420f7e106f3072c40125114df5157749?s=96&d=mm&r=g","caption":"Cecilia Pastrana"},"sameAs":["cecy"],"url":"https:\/\/nahuelproducciones.com.ar\/radioquijano\/author\/cecy\/"}]}},"_links":{"self":[{"href":"https:\/\/nahuelproducciones.com.ar\/radioquijano\/wp-json\/wp\/v2\/posts\/2438","targetHints":{"allow":["GET"]}}],"collection":[{"href":"https:\/\/nahuelproducciones.com.ar\/radioquijano\/wp-json\/wp\/v2\/posts"}],"about":[{"href":"https:\/\/nahuelproducciones.com.ar\/radioquijano\/wp-json\/wp\/v2\/types\/post"}],"author":[{"embeddable":true,"href":"https:\/\/nahuelproducciones.com.ar\/radioquijano\/wp-json\/wp\/v2\/users\/8"}],"replies":[{"embeddable":true,"href":"https:\/\/nahuelproducciones.com.ar\/radioquijano\/wp-json\/wp\/v2\/comments?post=2438"}],"version-history":[{"count":2,"href":"https:\/\/nahuelproducciones.com.ar\/radioquijano\/wp-json\/wp\/v2\/posts\/2438\/revisions"}],"predecessor-version":[{"id":2445,"href":"https:\/\/nahuelproducciones.com.ar\/radioquijano\/wp-json\/wp\/v2\/posts\/2438\/revisions\/2445"}],"wp:featuredmedia":[{"embeddable":true,"href":"https:\/\/nahuelproducciones.com.ar\/radioquijano\/wp-json\/wp\/v2\/media\/2439"}],"wp:attachment":[{"href":"https:\/\/nahuelproducciones.com.ar\/radioquijano\/wp-json\/wp\/v2\/media?parent=2438"}],"wp:term":[{"taxonomy":"category","embeddable":true,"href":"https:\/\/nahuelproducciones.com.ar\/radioquijano\/wp-json\/wp\/v2\/categories?post=2438"},{"taxonomy":"post_tag","embeddable":true,"href":"https:\/\/nahuelproducciones.com.ar\/radioquijano\/wp-json\/wp\/v2\/tags?post=2438"}],"curies":[{"name":"wp","href":"https:\/\/api.w.org\/{rel}","templated":true}]}}