{"id":2451,"date":"2022-04-19T07:23:42","date_gmt":"2022-04-19T10:23:42","guid":{"rendered":"https:\/\/nahuelproducciones.com.ar\/radioquijano\/?p=2451"},"modified":"2022-04-19T07:23:43","modified_gmt":"2022-04-19T10:23:43","slug":"jornada-de-promocion-y-colecta-de-sangre-en-el-centro-de-jubilados-y-pensionados-de-campo-quijano","status":"publish","type":"post","link":"https:\/\/nahuelproducciones.com.ar\/radioquijano\/jornada-de-promocion-y-colecta-de-sangre-en-el-centro-de-jubilados-y-pensionados-de-campo-quijano\/","title":{"rendered":"Jornada de promoci\u00f3n y colecta de sangre en el Centro de Jubilados y Pensionados de Campo Quijano"},"content":{"rendered":"\n<p>El equipo del Centro Regional de Hemoterapia realizar\u00e1 el mi\u00e9rcoles 20 de abril en el Centro de jubilados y Pensionados de Campo Quijano en el horario de 9:00 hs a 14:00 hs. <\/p>\n\n\n\n<p> Ser\u00e1 una nueva jornada de promoci\u00f3n y colecta de sangre  de cualquier grupo y factor.<\/p>\n\n\n\n<p>Se solicita a los donantes usar barbijo, llevar documento de identidad, no estar en ayunas e hidratarse suficientemente.<\/p>\n\n\n\n<p> Los menores de edad, a partir de los 16 a\u00f1os, est\u00e1n habilitados legalmente para donar sangre de manera voluntaria y sin necesidad de consentimiento de un mayor.<\/p>\n\n\n\n<p>En la ocasi\u00f3n, personal del CUCAI Salta informar\u00e1 a los concurrentes acerca de la donaci\u00f3n de m\u00e9dula \u00f3sea para trasplante a personas con enfermedades de la sangre. <\/p>\n\n\n\n<p>Tambi\u00e9n se registrar\u00e1 a potenciales donantes.<\/p>\n\n\n\n<div class=\"wp-block-image\"><figure class=\"aligncenter size-large is-resized\"><img loading=\"lazy\" decoding=\"async\" src=\"https:\/\/nahuelproducciones.com.ar\/radioquijano\/wp-content\/uploads\/2022\/04\/CAMPANA-DONACIN-DE-SANGRE-19-DE-ABRIL2022-1-1024x1024.jpg\" alt=\"\" class=\"wp-image-2453\" width=\"355\" height=\"355\" srcset=\"https:\/\/nahuelproducciones.com.ar\/radioquijano\/wp-content\/uploads\/2022\/04\/CAMPANA-DONACIN-DE-SANGRE-19-DE-ABRIL2022-1-1024x1024.jpg 1024w, https:\/\/nahuelproducciones.com.ar\/radioquijano\/wp-content\/uploads\/2022\/04\/CAMPANA-DONACIN-DE-SANGRE-19-DE-ABRIL2022-1-300x300.jpg 300w, https:\/\/nahuelproducciones.com.ar\/radioquijano\/wp-content\/uploads\/2022\/04\/CAMPANA-DONACIN-DE-SANGRE-19-DE-ABRIL2022-1-768x768.jpg 768w, https:\/\/nahuelproducciones.com.ar\/radioquijano\/wp-content\/uploads\/2022\/04\/CAMPANA-DONACIN-DE-SANGRE-19-DE-ABRIL2022-1-1536x1536.jpg 1536w, https:\/\/nahuelproducciones.com.ar\/radioquijano\/wp-content\/uploads\/2022\/04\/CAMPANA-DONACIN-DE-SANGRE-19-DE-ABRIL2022-1-96x96.jpg 96w, https:\/\/nahuelproducciones.com.ar\/radioquijano\/wp-content\/uploads\/2022\/04\/CAMPANA-DONACIN-DE-SANGRE-19-DE-ABRIL2022-1-150x150.jpg 150w, https:\/\/nahuelproducciones.com.ar\/radioquijano\/wp-content\/uploads\/2022\/04\/CAMPANA-DONACIN-DE-SANGRE-19-DE-ABRIL2022-1.jpg 1599w\" sizes=\"auto, (max-width: 355px) 100vw, 355px\" \/><\/figure><\/div>\n\n\n\n<p><\/p>\n\n\n\n<p><a href=\"https:\/\/nahuelproducciones.com.ar\/index.php\/rq999\" target=\"_blank\" rel=\"noreferrer noopener\">#RQ99.9Mhz <\/a>  CAMPO QUIJANO<a href=\"https:\/\/nahuelproducciones.com.ar\/\">https:\/\/nahuelproducciones.com.ar\/<\/a><\/p>\n","protected":false},"excerpt":{"rendered":"<p>El equipo del Centro Regional de Hemoterapia realizar\u00e1 el mi\u00e9rcoles 20 de abril en el Centro de jubilados y Pensionados de Campo Quijano en el horario de 9:00 hs a 14:00 hs. Ser\u00e1 una nueva jornada de promoci\u00f3n y colecta de sangre de cualquier grupo y factor. Se solicita a los donantes usar barbijo, llevar [&hellip;]<\/p>\n","protected":false},"author":8,"featured_media":2452,"comment_status":"open","ping_status":"open","sticky":false,"template":"","format":"standard","meta":{"_monsterinsights_skip_tracking":false,"_monsterinsights_sitenote_active":false,"_monsterinsights_sitenote_note":"","_monsterinsights_sitenote_category":0,"footnotes":""},"categories":[18,16],"tags":[36,433,435,434],"class_list":["post-2451","post","type-post","status-publish","format-standard","has-post-thumbnail","hentry","category-covid-19","category-noticias","tag-campo-quijano","tag-centro-de-jubilados-y-pensionados-de-campo-quijano","tag-centro-regional-de-hemoterapia","tag-cucai"],"yoast_head":"<!-- This site is optimized with the Yoast SEO plugin v20.8 - https:\/\/yoast.com\/wordpress\/plugins\/seo\/ -->\n<title>Jornada de promoci\u00f3n y colecta de sangre en el Centro de Jubilados y Pensionados de Campo Quijano - RQ 99.9<\/title>\n<meta name=\"description\" content=\"Ser\u00e1 el mi\u00e9rcoles 20 de abril en el Centro de jubilados y Pensionados de Campo Quijano en el horario de 9:00 hs a 14:00 hs.\" \/>\n<meta name=\"robots\" content=\"index, follow, max-snippet:-1, max-image-preview:large, max-video-preview:-1\" \/>\n<link rel=\"canonical\" href=\"https:\/\/nahuelproducciones.com.ar\/radioquijano\/jornada-de-promocion-y-colecta-de-sangre-en-el-centro-de-jubilados-y-pensionados-de-campo-quijano\/\" \/>\n<meta property=\"og:locale\" content=\"es_ES\" \/>\n<meta property=\"og:type\" content=\"article\" \/>\n<meta property=\"og:title\" content=\"Jornada de promoci\u00f3n y colecta de sangre en el Centro de Jubilados y Pensionados de Campo Quijano - RQ 99.9\" \/>\n<meta property=\"og:description\" content=\"Ser\u00e1 el mi\u00e9rcoles 20 de abril en el Centro de jubilados y Pensionados de Campo Quijano en el horario de 9:00 hs a 14:00 hs.\" \/>\n<meta property=\"og:url\" content=\"https:\/\/nahuelproducciones.com.ar\/radioquijano\/jornada-de-promocion-y-colecta-de-sangre-en-el-centro-de-jubilados-y-pensionados-de-campo-quijano\/\" \/>\n<meta property=\"og:site_name\" content=\"RQ 99.9\" \/>\n<meta property=\"article:publisher\" content=\"https:\/\/www.facebook.com\/nahuelproducciones999\/\" \/>\n<meta property=\"article:published_time\" content=\"2022-04-19T10:23:42+00:00\" \/>\n<meta property=\"article:modified_time\" content=\"2022-04-19T10:23:43+00:00\" \/>\n<meta property=\"og:image\" content=\"https:\/\/nahuelproducciones.com.ar\/radioquijano\/wp-content\/uploads\/2022\/04\/CAMPANA-DONACIN-DE-SANGRE-19-DE-ABRIL2022-e1650363741924.jpg\" \/>\n\t<meta property=\"og:image:width\" content=\"600\" \/>\n\t<meta property=\"og:image:height\" content=\"600\" \/>\n\t<meta property=\"og:image:type\" content=\"image\/jpeg\" \/>\n<meta name=\"author\" content=\"Cecilia Pastrana\" \/>\n<meta name=\"twitter:card\" content=\"summary_large_image\" \/>\n<meta name=\"twitter:creator\" content=\"@nahuproduciones\" \/>\n<meta name=\"twitter:site\" content=\"@nahuproduciones\" \/>\n<meta name=\"twitter:label1\" content=\"Escrito por\" \/>\n\t<meta name=\"twitter:data1\" content=\"Cecilia Pastrana\" \/>\n\t<meta name=\"twitter:label2\" content=\"Tiempo de lectura\" \/>\n\t<meta name=\"twitter:data2\" content=\"1 minuto\" \/>\n<script type=\"application\/ld+json\" class=\"yoast-schema-graph\">{\"@context\":\"https:\/\/schema.org\",\"@graph\":[{\"@type\":\"WebPage\",\"@id\":\"https:\/\/nahuelproducciones.com.ar\/radioquijano\/jornada-de-promocion-y-colecta-de-sangre-en-el-centro-de-jubilados-y-pensionados-de-campo-quijano\/\",\"url\":\"https:\/\/nahuelproducciones.com.ar\/radioquijano\/jornada-de-promocion-y-colecta-de-sangre-en-el-centro-de-jubilados-y-pensionados-de-campo-quijano\/\",\"name\":\"Jornada de promoci\u00f3n y colecta de sangre en el Centro de Jubilados y Pensionados de Campo Quijano - RQ 99.9\",\"isPartOf\":{\"@id\":\"https:\/\/nahuelproducciones.com.ar\/radioquijano\/#website\"},\"datePublished\":\"2022-04-19T10:23:42+00:00\",\"dateModified\":\"2022-04-19T10:23:43+00:00\",\"author\":{\"@id\":\"https:\/\/nahuelproducciones.com.ar\/radioquijano\/#\/schema\/person\/e8a4f939e2cb487fe6d0c54042c9d32c\"},\"description\":\"Ser\u00e1 el mi\u00e9rcoles 20 de abril en el Centro de jubilados y Pensionados de Campo Quijano en el horario de 9:00 hs a 14:00 hs.\",\"breadcrumb\":{\"@id\":\"https:\/\/nahuelproducciones.com.ar\/radioquijano\/jornada-de-promocion-y-colecta-de-sangre-en-el-centro-de-jubilados-y-pensionados-de-campo-quijano\/#breadcrumb\"},\"inLanguage\":\"es\",\"potentialAction\":[{\"@type\":\"ReadAction\",\"target\":[\"https:\/\/nahuelproducciones.com.ar\/radioquijano\/jornada-de-promocion-y-colecta-de-sangre-en-el-centro-de-jubilados-y-pensionados-de-campo-quijano\/\"]}]},{\"@type\":\"BreadcrumbList\",\"@id\":\"https:\/\/nahuelproducciones.com.ar\/radioquijano\/jornada-de-promocion-y-colecta-de-sangre-en-el-centro-de-jubilados-y-pensionados-de-campo-quijano\/#breadcrumb\",\"itemListElement\":[{\"@type\":\"ListItem\",\"position\":1,\"name\":\"Portada\",\"item\":\"https:\/\/nahuelproducciones.com.ar\/radioquijano\/\"},{\"@type\":\"ListItem\",\"position\":2,\"name\":\"Jornada de promoci\u00f3n y colecta de sangre en el Centro de Jubilados y Pensionados de Campo Quijano\"}]},{\"@type\":\"WebSite\",\"@id\":\"https:\/\/nahuelproducciones.com.ar\/radioquijano\/#website\",\"url\":\"https:\/\/nahuelproducciones.com.ar\/radioquijano\/\",\"name\":\"RQ 99.9\",\"description\":\"Radio Quijano 99.9 MHz\",\"potentialAction\":[{\"@type\":\"SearchAction\",\"target\":{\"@type\":\"EntryPoint\",\"urlTemplate\":\"https:\/\/nahuelproducciones.com.ar\/radioquijano\/?s={search_term_string}\"},\"query-input\":\"required name=search_term_string\"}],\"inLanguage\":\"es\"},{\"@type\":\"Person\",\"@id\":\"https:\/\/nahuelproducciones.com.ar\/radioquijano\/#\/schema\/person\/e8a4f939e2cb487fe6d0c54042c9d32c\",\"name\":\"Cecilia Pastrana\",\"image\":{\"@type\":\"ImageObject\",\"inLanguage\":\"es\",\"@id\":\"https:\/\/nahuelproducciones.com.ar\/radioquijano\/#\/schema\/person\/image\/\",\"url\":\"https:\/\/secure.gravatar.com\/avatar\/661a3ef63a8488d4f2794ed44af8cf71420f7e106f3072c40125114df5157749?s=96&d=mm&r=g\",\"contentUrl\":\"https:\/\/secure.gravatar.com\/avatar\/661a3ef63a8488d4f2794ed44af8cf71420f7e106f3072c40125114df5157749?s=96&d=mm&r=g\",\"caption\":\"Cecilia Pastrana\"},\"sameAs\":[\"cecy\"],\"url\":\"https:\/\/nahuelproducciones.com.ar\/radioquijano\/author\/cecy\/\"}]}<\/script>\n<!-- \/ Yoast SEO plugin. -->","yoast_head_json":{"title":"Jornada de promoci\u00f3n y colecta de sangre en el Centro de Jubilados y Pensionados de Campo Quijano - RQ 99.9","description":"Ser\u00e1 el mi\u00e9rcoles 20 de abril en el Centro de jubilados y Pensionados de Campo Quijano en el horario de 9:00 hs a 14:00 hs.","robots":{"index":"index","follow":"follow","max-snippet":"max-snippet:-1","max-image-preview":"max-image-preview:large","max-video-preview":"max-video-preview:-1"},"canonical":"https:\/\/nahuelproducciones.com.ar\/radioquijano\/jornada-de-promocion-y-colecta-de-sangre-en-el-centro-de-jubilados-y-pensionados-de-campo-quijano\/","og_locale":"es_ES","og_type":"article","og_title":"Jornada de promoci\u00f3n y colecta de sangre en el Centro de Jubilados y Pensionados de Campo Quijano - RQ 99.9","og_description":"Ser\u00e1 el mi\u00e9rcoles 20 de abril en el Centro de jubilados y Pensionados de Campo Quijano en el horario de 9:00 hs a 14:00 hs.","og_url":"https:\/\/nahuelproducciones.com.ar\/radioquijano\/jornada-de-promocion-y-colecta-de-sangre-en-el-centro-de-jubilados-y-pensionados-de-campo-quijano\/","og_site_name":"RQ 99.9","article_publisher":"https:\/\/www.facebook.com\/nahuelproducciones999\/","article_published_time":"2022-04-19T10:23:42+00:00","article_modified_time":"2022-04-19T10:23:43+00:00","og_image":[{"width":600,"height":600,"url":"https:\/\/nahuelproducciones.com.ar\/radioquijano\/wp-content\/uploads\/2022\/04\/CAMPANA-DONACIN-DE-SANGRE-19-DE-ABRIL2022-e1650363741924.jpg","type":"image\/jpeg"}],"author":"Cecilia Pastrana","twitter_card":"summary_large_image","twitter_creator":"@nahuproduciones","twitter_site":"@nahuproduciones","twitter_misc":{"Escrito por":"Cecilia Pastrana","Tiempo de lectura":"1 minuto"},"schema":{"@context":"https:\/\/schema.org","@graph":[{"@type":"WebPage","@id":"https:\/\/nahuelproducciones.com.ar\/radioquijano\/jornada-de-promocion-y-colecta-de-sangre-en-el-centro-de-jubilados-y-pensionados-de-campo-quijano\/","url":"https:\/\/nahuelproducciones.com.ar\/radioquijano\/jornada-de-promocion-y-colecta-de-sangre-en-el-centro-de-jubilados-y-pensionados-de-campo-quijano\/","name":"Jornada de promoci\u00f3n y colecta de sangre en el Centro de Jubilados y Pensionados de Campo Quijano - RQ 99.9","isPartOf":{"@id":"https:\/\/nahuelproducciones.com.ar\/radioquijano\/#website"},"datePublished":"2022-04-19T10:23:42+00:00","dateModified":"2022-04-19T10:23:43+00:00","author":{"@id":"https:\/\/nahuelproducciones.com.ar\/radioquijano\/#\/schema\/person\/e8a4f939e2cb487fe6d0c54042c9d32c"},"description":"Ser\u00e1 el mi\u00e9rcoles 20 de abril en el Centro de jubilados y Pensionados de Campo Quijano en el horario de 9:00 hs a 14:00 hs.","breadcrumb":{"@id":"https:\/\/nahuelproducciones.com.ar\/radioquijano\/jornada-de-promocion-y-colecta-de-sangre-en-el-centro-de-jubilados-y-pensionados-de-campo-quijano\/#breadcrumb"},"inLanguage":"es","potentialAction":[{"@type":"ReadAction","target":["https:\/\/nahuelproducciones.com.ar\/radioquijano\/jornada-de-promocion-y-colecta-de-sangre-en-el-centro-de-jubilados-y-pensionados-de-campo-quijano\/"]}]},{"@type":"BreadcrumbList","@id":"https:\/\/nahuelproducciones.com.ar\/radioquijano\/jornada-de-promocion-y-colecta-de-sangre-en-el-centro-de-jubilados-y-pensionados-de-campo-quijano\/#breadcrumb","itemListElement":[{"@type":"ListItem","position":1,"name":"Portada","item":"https:\/\/nahuelproducciones.com.ar\/radioquijano\/"},{"@type":"ListItem","position":2,"name":"Jornada de promoci\u00f3n y colecta de sangre en el Centro de Jubilados y Pensionados de Campo Quijano"}]},{"@type":"WebSite","@id":"https:\/\/nahuelproducciones.com.ar\/radioquijano\/#website","url":"https:\/\/nahuelproducciones.com.ar\/radioquijano\/","name":"RQ 99.9","description":"Radio Quijano 99.9 MHz","potentialAction":[{"@type":"SearchAction","target":{"@type":"EntryPoint","urlTemplate":"https:\/\/nahuelproducciones.com.ar\/radioquijano\/?s={search_term_string}"},"query-input":"required name=search_term_string"}],"inLanguage":"es"},{"@type":"Person","@id":"https:\/\/nahuelproducciones.com.ar\/radioquijano\/#\/schema\/person\/e8a4f939e2cb487fe6d0c54042c9d32c","name":"Cecilia Pastrana","image":{"@type":"ImageObject","inLanguage":"es","@id":"https:\/\/nahuelproducciones.com.ar\/radioquijano\/#\/schema\/person\/image\/","url":"https:\/\/secure.gravatar.com\/avatar\/661a3ef63a8488d4f2794ed44af8cf71420f7e106f3072c40125114df5157749?s=96&d=mm&r=g","contentUrl":"https:\/\/secure.gravatar.com\/avatar\/661a3ef63a8488d4f2794ed44af8cf71420f7e106f3072c40125114df5157749?s=96&d=mm&r=g","caption":"Cecilia Pastrana"},"sameAs":["cecy"],"url":"https:\/\/nahuelproducciones.com.ar\/radioquijano\/author\/cecy\/"}]}},"_links":{"self":[{"href":"https:\/\/nahuelproducciones.com.ar\/radioquijano\/wp-json\/wp\/v2\/posts\/2451","targetHints":{"allow":["GET"]}}],"collection":[{"href":"https:\/\/nahuelproducciones.com.ar\/radioquijano\/wp-json\/wp\/v2\/posts"}],"about":[{"href":"https:\/\/nahuelproducciones.com.ar\/radioquijano\/wp-json\/wp\/v2\/types\/post"}],"author":[{"embeddable":true,"href":"https:\/\/nahuelproducciones.com.ar\/radioquijano\/wp-json\/wp\/v2\/users\/8"}],"replies":[{"embeddable":true,"href":"https:\/\/nahuelproducciones.com.ar\/radioquijano\/wp-json\/wp\/v2\/comments?post=2451"}],"version-history":[{"count":1,"href":"https:\/\/nahuelproducciones.com.ar\/radioquijano\/wp-json\/wp\/v2\/posts\/2451\/revisions"}],"predecessor-version":[{"id":2454,"href":"https:\/\/nahuelproducciones.com.ar\/radioquijano\/wp-json\/wp\/v2\/posts\/2451\/revisions\/2454"}],"wp:featuredmedia":[{"embeddable":true,"href":"https:\/\/nahuelproducciones.com.ar\/radioquijano\/wp-json\/wp\/v2\/media\/2452"}],"wp:attachment":[{"href":"https:\/\/nahuelproducciones.com.ar\/radioquijano\/wp-json\/wp\/v2\/media?parent=2451"}],"wp:term":[{"taxonomy":"category","embeddable":true,"href":"https:\/\/nahuelproducciones.com.ar\/radioquijano\/wp-json\/wp\/v2\/categories?post=2451"},{"taxonomy":"post_tag","embeddable":true,"href":"https:\/\/nahuelproducciones.com.ar\/radioquijano\/wp-json\/wp\/v2\/tags?post=2451"}],"curies":[{"name":"wp","href":"https:\/\/api.w.org\/{rel}","templated":true}]}}