{"id":2508,"date":"2022-04-27T08:06:27","date_gmt":"2022-04-27T11:06:27","guid":{"rendered":"https:\/\/nahuelproducciones.com.ar\/radioquijano\/?p=2508"},"modified":"2022-04-27T08:06:28","modified_gmt":"2022-04-27T11:06:28","slug":"el-hosp-dr-francisco-herrera-de-campo-quijano-se-sumo-a-la-20va-semana-de-vacunacion-en-las-americas","status":"publish","type":"post","link":"https:\/\/nahuelproducciones.com.ar\/radioquijano\/el-hosp-dr-francisco-herrera-de-campo-quijano-se-sumo-a-la-20va-semana-de-vacunacion-en-las-americas\/","title":{"rendered":"El Hosp. Dr Francisco Herrera de Campo Quijano se sum\u00f3 a la 20\u00b0va Semana de Vacunaci\u00f3n en las Am\u00e9ricas."},"content":{"rendered":"\n<p>La Semana de Vacunaci\u00f3n en las Am\u00e9ricas y la Semana Mundial de la Inmunizaci\u00f3n son iniciativas de la Organizaci\u00f3n Panamericana de la Salud y los pa\u00edses miembros, con el objetivo de fortalecer las estrategias de vacunaci\u00f3n a la poblaci\u00f3n, en especial a aquellos individuos que no tienen todas las vacunas del calendario o no han completado el esquema contra COVID-19.<\/p>\n\n\n\n<p>Desde el 23 al 30 de abril se llevar\u00e1n adelante jornadas de\u00a0<strong>vacunaci\u00f3n<\/strong>\u00a0y actividades de promoci\u00f3n en todo el pa\u00eds para acercar la\u00a0<strong>vacunaci\u00f3n<\/strong>\u00a0a todas las personas.<\/p>\n\n\n\n<p>En el municipio de Campo Quijano hay vacunaci\u00f3n en distintas instituciones del \u00c1rea Operativa .<\/p>\n\n\n\n<p>Bajo el lema: EST\u00c1S PROTEGIDO? PONETE TODAS TUS VACUNAS, el hospital inform\u00f3 que los d\u00edas 26, 27 y 30 de abril estar\u00e1n vacunando en las siguientes instituciones:<\/p>\n\n\n\n<p>26-04-2022  09:00 A 16:00 Hs<\/p>\n\n\n\n<p>HOSPITAL DR. FCO. HERBERA-SALON APS Y CENTRO MATERNO<\/p>\n\n\n\n<p>26-04-2022   <\/p>\n\n\n\n<p>08:00 A 16:00 Hs <\/p>\n\n\n\n<p>CENTRO DE SALUD LA SILLETA<\/p>\n\n\n\n<p> 09:00 A 15:00 Hs  <\/p>\n\n\n\n<p>PARAJES SANTA ROSA-MAURY Y GOBERNADOR SOLA<\/p>\n\n\n\n<p> 09:00 A 13:00 Hs  y 14:00 A 17:00 Hs<\/p>\n\n\n\n<p>ESCUELA TECNICA ING. MAURY<\/p>\n\n\n\n<p>15:00 A 18:00 Hs<\/p>\n\n\n\n<p>COLEGIO SECUNDARIO \u00abGESTA QUEMESIANA-LA SILLETA<\/p>\n\n\n\n<p>27-04-2022<\/p>\n\n\n\n<p>  09:00 A 13:00 Hs <\/p>\n\n\n\n<p>PLAZA MARTIN FERRO<\/p>\n\n\n\n<p>  09:00 A 16:00 Hs <\/p>\n\n\n\n<p>PUESTO SANITARIO SAN ANTONIO<\/p>\n\n\n\n<p>28-04-2022<\/p>\n\n\n\n<p>  09:00 A 12:00 Hs  y  14:00 A 17:00 Hs <\/p>\n\n\n\n<p>ESCUELA PRIMARIA BARTOLOME MITRE<\/p>\n\n\n\n<p>  09:00 A 15:00 Hs <\/p>\n\n\n\n<p>PARAJE SAN BERNARDO DE LAS ZORRAS.EL ROSAL Y<\/p>\n\n\n\n<p>POTRERO DE CHARI<\/p>\n\n\n\n<p>29\/04 Y 30\/04 HOSPITAL FCO HERRERA SALON DE APS<\/p>\n\n\n\n<div class=\"wp-block-image\"><figure class=\"aligncenter size-large is-resized\"><img loading=\"lazy\" decoding=\"async\" src=\"https:\/\/nahuelproducciones.com.ar\/radioquijano\/wp-content\/uploads\/2022\/04\/WhatsApp-Image-2022-04-27-at-8.00.14-AM-1-738x1024.jpeg\" alt=\"\" class=\"wp-image-2510\" width=\"538\" height=\"746\" srcset=\"https:\/\/nahuelproducciones.com.ar\/radioquijano\/wp-content\/uploads\/2022\/04\/WhatsApp-Image-2022-04-27-at-8.00.14-AM-1-738x1024.jpeg 738w, https:\/\/nahuelproducciones.com.ar\/radioquijano\/wp-content\/uploads\/2022\/04\/WhatsApp-Image-2022-04-27-at-8.00.14-AM-1-216x300.jpeg 216w, https:\/\/nahuelproducciones.com.ar\/radioquijano\/wp-content\/uploads\/2022\/04\/WhatsApp-Image-2022-04-27-at-8.00.14-AM-1-768x1065.jpeg 768w, https:\/\/nahuelproducciones.com.ar\/radioquijano\/wp-content\/uploads\/2022\/04\/WhatsApp-Image-2022-04-27-at-8.00.14-AM-1-150x208.jpeg 150w, https:\/\/nahuelproducciones.com.ar\/radioquijano\/wp-content\/uploads\/2022\/04\/WhatsApp-Image-2022-04-27-at-8.00.14-AM-1.jpeg 923w\" sizes=\"auto, (max-width: 538px) 100vw, 538px\" \/><\/figure><\/div>\n\n\n\n<p><\/p>\n\n\n\n<p>#<a href=\"https:\/\/nahuelproducciones.com.ar\/index.php\/rq999\" target=\"_blank\" rel=\"noreferrer noopener\">RQ99.9Mhz <\/a>  <a href=\"https:\/\/nahuelproducciones.com.ar\/\" target=\"_blank\" rel=\"noreferrer noopener\">CAMPO QUIJANO<\/a><\/p>\n","protected":false},"excerpt":{"rendered":"<p>La Semana de Vacunaci\u00f3n en las Am\u00e9ricas y la Semana Mundial de la Inmunizaci\u00f3n son iniciativas de la Organizaci\u00f3n Panamericana de la Salud y los pa\u00edses miembros, con el objetivo de fortalecer las estrategias de vacunaci\u00f3n a la poblaci\u00f3n, en especial a aquellos individuos que no tienen todas las vacunas del calendario o no han [&hellip;]<\/p>\n","protected":false},"author":8,"featured_media":2509,"comment_status":"open","ping_status":"open","sticky":false,"template":"","format":"standard","meta":{"_monsterinsights_skip_tracking":false,"_monsterinsights_sitenote_active":false,"_monsterinsights_sitenote_note":"","_monsterinsights_sitenote_category":0,"footnotes":""},"categories":[16],"tags":[36,374,441],"class_list":["post-2508","post","type-post","status-publish","format-standard","has-post-thumbnail","hentry","category-noticias","tag-campo-quijano","tag-hospital-dr-francisco-herrera","tag-semana-de-vacunacion-en-las-americas"],"yoast_head":"<!-- This site is optimized with the Yoast SEO plugin v20.8 - https:\/\/yoast.com\/wordpress\/plugins\/seo\/ -->\n<title>El Hosp. Dr Francisco Herrera de Campo Quijano se sum\u00f3 a la 20\u00b0va Semana de Vacunaci\u00f3n en las Am\u00e9ricas. - RQ 99.9<\/title>\n<meta name=\"description\" content=\"El hospital inform\u00f3 que los d\u00edas 26, 27 y 30 de abril estar\u00e1n vacunando en las instituciones:\" \/>\n<meta name=\"robots\" content=\"index, follow, max-snippet:-1, max-image-preview:large, max-video-preview:-1\" \/>\n<link rel=\"canonical\" href=\"https:\/\/nahuelproducciones.com.ar\/radioquijano\/el-hosp-dr-francisco-herrera-de-campo-quijano-se-sumo-a-la-20va-semana-de-vacunacion-en-las-americas\/\" \/>\n<meta property=\"og:locale\" content=\"es_ES\" \/>\n<meta property=\"og:type\" content=\"article\" \/>\n<meta property=\"og:title\" content=\"El Hosp. Dr Francisco Herrera de Campo Quijano se sum\u00f3 a la 20\u00b0va Semana de Vacunaci\u00f3n en las Am\u00e9ricas. - RQ 99.9\" \/>\n<meta property=\"og:description\" content=\"El hospital inform\u00f3 que los d\u00edas 26, 27 y 30 de abril estar\u00e1n vacunando en las instituciones:\" \/>\n<meta property=\"og:url\" content=\"https:\/\/nahuelproducciones.com.ar\/radioquijano\/el-hosp-dr-francisco-herrera-de-campo-quijano-se-sumo-a-la-20va-semana-de-vacunacion-en-las-americas\/\" \/>\n<meta property=\"og:site_name\" content=\"RQ 99.9\" \/>\n<meta property=\"article:publisher\" content=\"https:\/\/www.facebook.com\/nahuelproducciones999\/\" \/>\n<meta property=\"article:published_time\" content=\"2022-04-27T11:06:27+00:00\" \/>\n<meta property=\"article:modified_time\" content=\"2022-04-27T11:06:28+00:00\" \/>\n<meta property=\"og:image\" content=\"https:\/\/nahuelproducciones.com.ar\/radioquijano\/wp-content\/uploads\/2022\/04\/WhatsApp-Image-2022-04-27-at-8.00.14-AM.jpeg\" \/>\n\t<meta property=\"og:image:width\" content=\"923\" \/>\n\t<meta property=\"og:image:height\" content=\"1280\" \/>\n\t<meta property=\"og:image:type\" content=\"image\/jpeg\" \/>\n<meta name=\"author\" content=\"Cecilia Pastrana\" \/>\n<meta name=\"twitter:card\" content=\"summary_large_image\" \/>\n<meta name=\"twitter:creator\" content=\"@nahuproduciones\" \/>\n<meta name=\"twitter:site\" content=\"@nahuproduciones\" \/>\n<meta name=\"twitter:label1\" content=\"Escrito por\" \/>\n\t<meta name=\"twitter:data1\" content=\"Cecilia Pastrana\" \/>\n\t<meta name=\"twitter:label2\" content=\"Tiempo de lectura\" \/>\n\t<meta name=\"twitter:data2\" content=\"2 minutos\" \/>\n<script type=\"application\/ld+json\" class=\"yoast-schema-graph\">{\"@context\":\"https:\/\/schema.org\",\"@graph\":[{\"@type\":\"WebPage\",\"@id\":\"https:\/\/nahuelproducciones.com.ar\/radioquijano\/el-hosp-dr-francisco-herrera-de-campo-quijano-se-sumo-a-la-20va-semana-de-vacunacion-en-las-americas\/\",\"url\":\"https:\/\/nahuelproducciones.com.ar\/radioquijano\/el-hosp-dr-francisco-herrera-de-campo-quijano-se-sumo-a-la-20va-semana-de-vacunacion-en-las-americas\/\",\"name\":\"El Hosp. Dr Francisco Herrera de Campo Quijano se sum\u00f3 a la 20\u00b0va Semana de Vacunaci\u00f3n en las Am\u00e9ricas. - RQ 99.9\",\"isPartOf\":{\"@id\":\"https:\/\/nahuelproducciones.com.ar\/radioquijano\/#website\"},\"datePublished\":\"2022-04-27T11:06:27+00:00\",\"dateModified\":\"2022-04-27T11:06:28+00:00\",\"author\":{\"@id\":\"https:\/\/nahuelproducciones.com.ar\/radioquijano\/#\/schema\/person\/e8a4f939e2cb487fe6d0c54042c9d32c\"},\"description\":\"El hospital inform\u00f3 que los d\u00edas 26, 27 y 30 de abril estar\u00e1n vacunando en las instituciones:\",\"breadcrumb\":{\"@id\":\"https:\/\/nahuelproducciones.com.ar\/radioquijano\/el-hosp-dr-francisco-herrera-de-campo-quijano-se-sumo-a-la-20va-semana-de-vacunacion-en-las-americas\/#breadcrumb\"},\"inLanguage\":\"es\",\"potentialAction\":[{\"@type\":\"ReadAction\",\"target\":[\"https:\/\/nahuelproducciones.com.ar\/radioquijano\/el-hosp-dr-francisco-herrera-de-campo-quijano-se-sumo-a-la-20va-semana-de-vacunacion-en-las-americas\/\"]}]},{\"@type\":\"BreadcrumbList\",\"@id\":\"https:\/\/nahuelproducciones.com.ar\/radioquijano\/el-hosp-dr-francisco-herrera-de-campo-quijano-se-sumo-a-la-20va-semana-de-vacunacion-en-las-americas\/#breadcrumb\",\"itemListElement\":[{\"@type\":\"ListItem\",\"position\":1,\"name\":\"Portada\",\"item\":\"https:\/\/nahuelproducciones.com.ar\/radioquijano\/\"},{\"@type\":\"ListItem\",\"position\":2,\"name\":\"El Hosp. Dr Francisco Herrera de Campo Quijano se sum\u00f3 a la 20\u00b0va Semana de Vacunaci\u00f3n en las Am\u00e9ricas.\"}]},{\"@type\":\"WebSite\",\"@id\":\"https:\/\/nahuelproducciones.com.ar\/radioquijano\/#website\",\"url\":\"https:\/\/nahuelproducciones.com.ar\/radioquijano\/\",\"name\":\"RQ 99.9\",\"description\":\"Radio Quijano 99.9 MHz\",\"potentialAction\":[{\"@type\":\"SearchAction\",\"target\":{\"@type\":\"EntryPoint\",\"urlTemplate\":\"https:\/\/nahuelproducciones.com.ar\/radioquijano\/?s={search_term_string}\"},\"query-input\":\"required name=search_term_string\"}],\"inLanguage\":\"es\"},{\"@type\":\"Person\",\"@id\":\"https:\/\/nahuelproducciones.com.ar\/radioquijano\/#\/schema\/person\/e8a4f939e2cb487fe6d0c54042c9d32c\",\"name\":\"Cecilia Pastrana\",\"image\":{\"@type\":\"ImageObject\",\"inLanguage\":\"es\",\"@id\":\"https:\/\/nahuelproducciones.com.ar\/radioquijano\/#\/schema\/person\/image\/\",\"url\":\"https:\/\/secure.gravatar.com\/avatar\/661a3ef63a8488d4f2794ed44af8cf71420f7e106f3072c40125114df5157749?s=96&d=mm&r=g\",\"contentUrl\":\"https:\/\/secure.gravatar.com\/avatar\/661a3ef63a8488d4f2794ed44af8cf71420f7e106f3072c40125114df5157749?s=96&d=mm&r=g\",\"caption\":\"Cecilia Pastrana\"},\"sameAs\":[\"cecy\"],\"url\":\"https:\/\/nahuelproducciones.com.ar\/radioquijano\/author\/cecy\/\"}]}<\/script>\n<!-- \/ Yoast SEO plugin. -->","yoast_head_json":{"title":"El Hosp. Dr Francisco Herrera de Campo Quijano se sum\u00f3 a la 20\u00b0va Semana de Vacunaci\u00f3n en las Am\u00e9ricas. - RQ 99.9","description":"El hospital inform\u00f3 que los d\u00edas 26, 27 y 30 de abril estar\u00e1n vacunando en las instituciones:","robots":{"index":"index","follow":"follow","max-snippet":"max-snippet:-1","max-image-preview":"max-image-preview:large","max-video-preview":"max-video-preview:-1"},"canonical":"https:\/\/nahuelproducciones.com.ar\/radioquijano\/el-hosp-dr-francisco-herrera-de-campo-quijano-se-sumo-a-la-20va-semana-de-vacunacion-en-las-americas\/","og_locale":"es_ES","og_type":"article","og_title":"El Hosp. Dr Francisco Herrera de Campo Quijano se sum\u00f3 a la 20\u00b0va Semana de Vacunaci\u00f3n en las Am\u00e9ricas. - RQ 99.9","og_description":"El hospital inform\u00f3 que los d\u00edas 26, 27 y 30 de abril estar\u00e1n vacunando en las instituciones:","og_url":"https:\/\/nahuelproducciones.com.ar\/radioquijano\/el-hosp-dr-francisco-herrera-de-campo-quijano-se-sumo-a-la-20va-semana-de-vacunacion-en-las-americas\/","og_site_name":"RQ 99.9","article_publisher":"https:\/\/www.facebook.com\/nahuelproducciones999\/","article_published_time":"2022-04-27T11:06:27+00:00","article_modified_time":"2022-04-27T11:06:28+00:00","og_image":[{"width":923,"height":1280,"url":"https:\/\/nahuelproducciones.com.ar\/radioquijano\/wp-content\/uploads\/2022\/04\/WhatsApp-Image-2022-04-27-at-8.00.14-AM.jpeg","type":"image\/jpeg"}],"author":"Cecilia Pastrana","twitter_card":"summary_large_image","twitter_creator":"@nahuproduciones","twitter_site":"@nahuproduciones","twitter_misc":{"Escrito por":"Cecilia Pastrana","Tiempo de lectura":"2 minutos"},"schema":{"@context":"https:\/\/schema.org","@graph":[{"@type":"WebPage","@id":"https:\/\/nahuelproducciones.com.ar\/radioquijano\/el-hosp-dr-francisco-herrera-de-campo-quijano-se-sumo-a-la-20va-semana-de-vacunacion-en-las-americas\/","url":"https:\/\/nahuelproducciones.com.ar\/radioquijano\/el-hosp-dr-francisco-herrera-de-campo-quijano-se-sumo-a-la-20va-semana-de-vacunacion-en-las-americas\/","name":"El Hosp. Dr Francisco Herrera de Campo Quijano se sum\u00f3 a la 20\u00b0va Semana de Vacunaci\u00f3n en las Am\u00e9ricas. - RQ 99.9","isPartOf":{"@id":"https:\/\/nahuelproducciones.com.ar\/radioquijano\/#website"},"datePublished":"2022-04-27T11:06:27+00:00","dateModified":"2022-04-27T11:06:28+00:00","author":{"@id":"https:\/\/nahuelproducciones.com.ar\/radioquijano\/#\/schema\/person\/e8a4f939e2cb487fe6d0c54042c9d32c"},"description":"El hospital inform\u00f3 que los d\u00edas 26, 27 y 30 de abril estar\u00e1n vacunando en las instituciones:","breadcrumb":{"@id":"https:\/\/nahuelproducciones.com.ar\/radioquijano\/el-hosp-dr-francisco-herrera-de-campo-quijano-se-sumo-a-la-20va-semana-de-vacunacion-en-las-americas\/#breadcrumb"},"inLanguage":"es","potentialAction":[{"@type":"ReadAction","target":["https:\/\/nahuelproducciones.com.ar\/radioquijano\/el-hosp-dr-francisco-herrera-de-campo-quijano-se-sumo-a-la-20va-semana-de-vacunacion-en-las-americas\/"]}]},{"@type":"BreadcrumbList","@id":"https:\/\/nahuelproducciones.com.ar\/radioquijano\/el-hosp-dr-francisco-herrera-de-campo-quijano-se-sumo-a-la-20va-semana-de-vacunacion-en-las-americas\/#breadcrumb","itemListElement":[{"@type":"ListItem","position":1,"name":"Portada","item":"https:\/\/nahuelproducciones.com.ar\/radioquijano\/"},{"@type":"ListItem","position":2,"name":"El Hosp. Dr Francisco Herrera de Campo Quijano se sum\u00f3 a la 20\u00b0va Semana de Vacunaci\u00f3n en las Am\u00e9ricas."}]},{"@type":"WebSite","@id":"https:\/\/nahuelproducciones.com.ar\/radioquijano\/#website","url":"https:\/\/nahuelproducciones.com.ar\/radioquijano\/","name":"RQ 99.9","description":"Radio Quijano 99.9 MHz","potentialAction":[{"@type":"SearchAction","target":{"@type":"EntryPoint","urlTemplate":"https:\/\/nahuelproducciones.com.ar\/radioquijano\/?s={search_term_string}"},"query-input":"required name=search_term_string"}],"inLanguage":"es"},{"@type":"Person","@id":"https:\/\/nahuelproducciones.com.ar\/radioquijano\/#\/schema\/person\/e8a4f939e2cb487fe6d0c54042c9d32c","name":"Cecilia Pastrana","image":{"@type":"ImageObject","inLanguage":"es","@id":"https:\/\/nahuelproducciones.com.ar\/radioquijano\/#\/schema\/person\/image\/","url":"https:\/\/secure.gravatar.com\/avatar\/661a3ef63a8488d4f2794ed44af8cf71420f7e106f3072c40125114df5157749?s=96&d=mm&r=g","contentUrl":"https:\/\/secure.gravatar.com\/avatar\/661a3ef63a8488d4f2794ed44af8cf71420f7e106f3072c40125114df5157749?s=96&d=mm&r=g","caption":"Cecilia Pastrana"},"sameAs":["cecy"],"url":"https:\/\/nahuelproducciones.com.ar\/radioquijano\/author\/cecy\/"}]}},"_links":{"self":[{"href":"https:\/\/nahuelproducciones.com.ar\/radioquijano\/wp-json\/wp\/v2\/posts\/2508","targetHints":{"allow":["GET"]}}],"collection":[{"href":"https:\/\/nahuelproducciones.com.ar\/radioquijano\/wp-json\/wp\/v2\/posts"}],"about":[{"href":"https:\/\/nahuelproducciones.com.ar\/radioquijano\/wp-json\/wp\/v2\/types\/post"}],"author":[{"embeddable":true,"href":"https:\/\/nahuelproducciones.com.ar\/radioquijano\/wp-json\/wp\/v2\/users\/8"}],"replies":[{"embeddable":true,"href":"https:\/\/nahuelproducciones.com.ar\/radioquijano\/wp-json\/wp\/v2\/comments?post=2508"}],"version-history":[{"count":1,"href":"https:\/\/nahuelproducciones.com.ar\/radioquijano\/wp-json\/wp\/v2\/posts\/2508\/revisions"}],"predecessor-version":[{"id":2511,"href":"https:\/\/nahuelproducciones.com.ar\/radioquijano\/wp-json\/wp\/v2\/posts\/2508\/revisions\/2511"}],"wp:featuredmedia":[{"embeddable":true,"href":"https:\/\/nahuelproducciones.com.ar\/radioquijano\/wp-json\/wp\/v2\/media\/2509"}],"wp:attachment":[{"href":"https:\/\/nahuelproducciones.com.ar\/radioquijano\/wp-json\/wp\/v2\/media?parent=2508"}],"wp:term":[{"taxonomy":"category","embeddable":true,"href":"https:\/\/nahuelproducciones.com.ar\/radioquijano\/wp-json\/wp\/v2\/categories?post=2508"},{"taxonomy":"post_tag","embeddable":true,"href":"https:\/\/nahuelproducciones.com.ar\/radioquijano\/wp-json\/wp\/v2\/tags?post=2508"}],"curies":[{"name":"wp","href":"https:\/\/api.w.org\/{rel}","templated":true}]}}