{"id":2512,"date":"2022-04-27T09:07:23","date_gmt":"2022-04-27T12:07:23","guid":{"rendered":"https:\/\/nahuelproducciones.com.ar\/radioquijano\/?p=2512"},"modified":"2022-04-27T09:08:01","modified_gmt":"2022-04-27T12:08:01","slug":"hoy-los-vecinos-de-la-ruta-51-se-haran-presente-en-el-municipio-de-campo-quijano","status":"publish","type":"post","link":"https:\/\/nahuelproducciones.com.ar\/radioquijano\/hoy-los-vecinos-de-la-ruta-51-se-haran-presente-en-el-municipio-de-campo-quijano\/","title":{"rendered":"Hoy los vecinos de la Ruta 51 se har\u00e1n presente en el municipio de Campo Quijano."},"content":{"rendered":"\n<p>Hoy a las 08:30 Vecinos de la Ruta 51 se har\u00e1n presente en el municipio de Campo Quijano.<\/p>\n\n\n\n<p>Un grupo de vecinos llegar\u00e1n al Centro Civico Municipal para dar a conocer la problem\u00e1tica que estan viviendo con el corredor 6 de colectivos. <\/p>\n\n\n\n<p>Comentaron a RQ99.9Mhz que han presentado notas desde el 2019 a Saeta, AMT y la empresa Transal y el servicio no mejor\u00f3. La \u00faltima nota que se present\u00f3 fue el 11 de abril y otra el 19 de abril del 2022<\/p>\n\n\n\n<p><br>No se obtuvieron respuestas de ninguna nota presentada, por tal motivo van a pedir que los atienda el intendente para dialogar sobre este y varios temas. \u00abAgradecemos los vecinos que puedan sumarse, ya que la mayor\u00eda padecemos el no poder viajar y llegar tarde a los destinos por quedar varados en las paradas.\u00bb<\/p>\n\n\n\n<blockquote class=\"wp-block-quote is-layout-flow wp-block-quote-is-layout-flow\"><p>\u00abAgradecemos los vecinos que puedan sumarse, ya que la mayor\u00eda padecemos el no poder viajar y llegar tarde a los destinos por quedar varados en las paradas.\u00bb<\/p><cite>Los vecinos esperan que el ejecutivo interceda ante toda esta problem\u00e1tica, que es los acompa\u00f1a de hace muchos  a\u00f1os.<\/cite><\/blockquote>\n\n\n\n<div class=\"wp-block-image\"><figure class=\"aligncenter size-full is-resized\"><img loading=\"lazy\" decoding=\"async\" src=\"https:\/\/nahuelproducciones.com.ar\/radioquijano\/wp-content\/uploads\/2022\/04\/WhatsApp-Image-2022-04-27-at-8.57.35-AM-1.jpeg\" alt=\"\" class=\"wp-image-2514\" width=\"587\" height=\"364\" srcset=\"https:\/\/nahuelproducciones.com.ar\/radioquijano\/wp-content\/uploads\/2022\/04\/WhatsApp-Image-2022-04-27-at-8.57.35-AM-1.jpeg 919w, https:\/\/nahuelproducciones.com.ar\/radioquijano\/wp-content\/uploads\/2022\/04\/WhatsApp-Image-2022-04-27-at-8.57.35-AM-1-300x186.jpeg 300w, https:\/\/nahuelproducciones.com.ar\/radioquijano\/wp-content\/uploads\/2022\/04\/WhatsApp-Image-2022-04-27-at-8.57.35-AM-1-768x476.jpeg 768w, https:\/\/nahuelproducciones.com.ar\/radioquijano\/wp-content\/uploads\/2022\/04\/WhatsApp-Image-2022-04-27-at-8.57.35-AM-1-150x93.jpeg 150w\" sizes=\"auto, (max-width: 587px) 100vw, 587px\" \/><figcaption>Ruta N\u00b051 ubicada a trav\u00e9s de Google Earth.<\/figcaption><\/figure><\/div>\n","protected":false},"excerpt":{"rendered":"<p>Hoy a las 08:30 Vecinos de la Ruta 51 se har\u00e1n presente en el municipio de Campo Quijano. Un grupo de vecinos llegar\u00e1n al Centro Civico Municipal para dar a conocer la problem\u00e1tica que estan viviendo con el corredor 6 de colectivos. Comentaron a RQ99.9Mhz que han presentado notas desde el 2019 a Saeta, AMT [&hellip;]<\/p>\n","protected":false},"author":8,"featured_media":2513,"comment_status":"open","ping_status":"open","sticky":false,"template":"","format":"standard","meta":{"_monsterinsights_skip_tracking":false,"_monsterinsights_sitenote_active":false,"_monsterinsights_sitenote_note":"","_monsterinsights_sitenote_category":0,"footnotes":""},"categories":[16],"tags":[71,100,442],"class_list":["post-2512","post","type-post","status-publish","format-standard","has-post-thumbnail","hentry","category-noticias","tag-municipalidad-de-campo-quijano","tag-municipio-de-campo-quijano","tag-vecinos-de-ruta-51"],"yoast_head":"<!-- This site is optimized with the Yoast SEO plugin v20.8 - https:\/\/yoast.com\/wordpress\/plugins\/seo\/ -->\n<title>Hoy los vecinos de la Ruta 51 se har\u00e1n presente en el municipio de Campo Quijano. - RQ 99.9<\/title>\n<meta name=\"robots\" content=\"index, follow, max-snippet:-1, max-image-preview:large, max-video-preview:-1\" \/>\n<link rel=\"canonical\" href=\"https:\/\/nahuelproducciones.com.ar\/radioquijano\/hoy-los-vecinos-de-la-ruta-51-se-haran-presente-en-el-municipio-de-campo-quijano\/\" \/>\n<meta property=\"og:locale\" content=\"es_ES\" \/>\n<meta property=\"og:type\" content=\"article\" \/>\n<meta property=\"og:title\" content=\"Hoy los vecinos de la Ruta 51 se har\u00e1n presente en el municipio de Campo Quijano. - RQ 99.9\" \/>\n<meta property=\"og:description\" content=\"Hoy a las 08:30 Vecinos de la Ruta 51 se har\u00e1n presente en el municipio de Campo Quijano. Un grupo de vecinos llegar\u00e1n al Centro Civico Municipal para dar a conocer la problem\u00e1tica que estan viviendo con el corredor 6 de colectivos. Comentaron a RQ99.9Mhz que han presentado notas desde el 2019 a Saeta, AMT [&hellip;]\" \/>\n<meta property=\"og:url\" content=\"https:\/\/nahuelproducciones.com.ar\/radioquijano\/hoy-los-vecinos-de-la-ruta-51-se-haran-presente-en-el-municipio-de-campo-quijano\/\" \/>\n<meta property=\"og:site_name\" content=\"RQ 99.9\" \/>\n<meta property=\"article:publisher\" content=\"https:\/\/www.facebook.com\/nahuelproducciones999\/\" \/>\n<meta property=\"article:published_time\" content=\"2022-04-27T12:07:23+00:00\" \/>\n<meta property=\"article:modified_time\" content=\"2022-04-27T12:08:01+00:00\" \/>\n<meta property=\"og:image\" content=\"https:\/\/nahuelproducciones.com.ar\/radioquijano\/wp-content\/uploads\/2022\/04\/WhatsApp-Image-2022-04-27-at-8.57.35-AM.jpeg\" \/>\n\t<meta property=\"og:image:width\" content=\"919\" \/>\n\t<meta property=\"og:image:height\" content=\"570\" \/>\n\t<meta property=\"og:image:type\" content=\"image\/jpeg\" \/>\n<meta name=\"author\" content=\"Cecilia Pastrana\" \/>\n<meta name=\"twitter:card\" content=\"summary_large_image\" \/>\n<meta name=\"twitter:creator\" content=\"@nahuproduciones\" \/>\n<meta name=\"twitter:site\" content=\"@nahuproduciones\" \/>\n<meta name=\"twitter:label1\" content=\"Escrito por\" \/>\n\t<meta name=\"twitter:data1\" content=\"Cecilia Pastrana\" \/>\n\t<meta name=\"twitter:label2\" content=\"Tiempo de lectura\" \/>\n\t<meta name=\"twitter:data2\" content=\"2 minutos\" \/>\n<script type=\"application\/ld+json\" class=\"yoast-schema-graph\">{\"@context\":\"https:\/\/schema.org\",\"@graph\":[{\"@type\":\"WebPage\",\"@id\":\"https:\/\/nahuelproducciones.com.ar\/radioquijano\/hoy-los-vecinos-de-la-ruta-51-se-haran-presente-en-el-municipio-de-campo-quijano\/\",\"url\":\"https:\/\/nahuelproducciones.com.ar\/radioquijano\/hoy-los-vecinos-de-la-ruta-51-se-haran-presente-en-el-municipio-de-campo-quijano\/\",\"name\":\"Hoy los vecinos de la Ruta 51 se har\u00e1n presente en el municipio de Campo Quijano. - RQ 99.9\",\"isPartOf\":{\"@id\":\"https:\/\/nahuelproducciones.com.ar\/radioquijano\/#website\"},\"datePublished\":\"2022-04-27T12:07:23+00:00\",\"dateModified\":\"2022-04-27T12:08:01+00:00\",\"author\":{\"@id\":\"https:\/\/nahuelproducciones.com.ar\/radioquijano\/#\/schema\/person\/e8a4f939e2cb487fe6d0c54042c9d32c\"},\"breadcrumb\":{\"@id\":\"https:\/\/nahuelproducciones.com.ar\/radioquijano\/hoy-los-vecinos-de-la-ruta-51-se-haran-presente-en-el-municipio-de-campo-quijano\/#breadcrumb\"},\"inLanguage\":\"es\",\"potentialAction\":[{\"@type\":\"ReadAction\",\"target\":[\"https:\/\/nahuelproducciones.com.ar\/radioquijano\/hoy-los-vecinos-de-la-ruta-51-se-haran-presente-en-el-municipio-de-campo-quijano\/\"]}]},{\"@type\":\"BreadcrumbList\",\"@id\":\"https:\/\/nahuelproducciones.com.ar\/radioquijano\/hoy-los-vecinos-de-la-ruta-51-se-haran-presente-en-el-municipio-de-campo-quijano\/#breadcrumb\",\"itemListElement\":[{\"@type\":\"ListItem\",\"position\":1,\"name\":\"Portada\",\"item\":\"https:\/\/nahuelproducciones.com.ar\/radioquijano\/\"},{\"@type\":\"ListItem\",\"position\":2,\"name\":\"Hoy los vecinos de la Ruta 51 se har\u00e1n presente en el municipio de Campo Quijano.\"}]},{\"@type\":\"WebSite\",\"@id\":\"https:\/\/nahuelproducciones.com.ar\/radioquijano\/#website\",\"url\":\"https:\/\/nahuelproducciones.com.ar\/radioquijano\/\",\"name\":\"RQ 99.9\",\"description\":\"Radio Quijano 99.9 MHz\",\"potentialAction\":[{\"@type\":\"SearchAction\",\"target\":{\"@type\":\"EntryPoint\",\"urlTemplate\":\"https:\/\/nahuelproducciones.com.ar\/radioquijano\/?s={search_term_string}\"},\"query-input\":\"required name=search_term_string\"}],\"inLanguage\":\"es\"},{\"@type\":\"Person\",\"@id\":\"https:\/\/nahuelproducciones.com.ar\/radioquijano\/#\/schema\/person\/e8a4f939e2cb487fe6d0c54042c9d32c\",\"name\":\"Cecilia Pastrana\",\"image\":{\"@type\":\"ImageObject\",\"inLanguage\":\"es\",\"@id\":\"https:\/\/nahuelproducciones.com.ar\/radioquijano\/#\/schema\/person\/image\/\",\"url\":\"https:\/\/secure.gravatar.com\/avatar\/661a3ef63a8488d4f2794ed44af8cf71420f7e106f3072c40125114df5157749?s=96&d=mm&r=g\",\"contentUrl\":\"https:\/\/secure.gravatar.com\/avatar\/661a3ef63a8488d4f2794ed44af8cf71420f7e106f3072c40125114df5157749?s=96&d=mm&r=g\",\"caption\":\"Cecilia Pastrana\"},\"sameAs\":[\"cecy\"],\"url\":\"https:\/\/nahuelproducciones.com.ar\/radioquijano\/author\/cecy\/\"}]}<\/script>\n<!-- \/ Yoast SEO plugin. -->","yoast_head_json":{"title":"Hoy los vecinos de la Ruta 51 se har\u00e1n presente en el municipio de Campo Quijano. - RQ 99.9","robots":{"index":"index","follow":"follow","max-snippet":"max-snippet:-1","max-image-preview":"max-image-preview:large","max-video-preview":"max-video-preview:-1"},"canonical":"https:\/\/nahuelproducciones.com.ar\/radioquijano\/hoy-los-vecinos-de-la-ruta-51-se-haran-presente-en-el-municipio-de-campo-quijano\/","og_locale":"es_ES","og_type":"article","og_title":"Hoy los vecinos de la Ruta 51 se har\u00e1n presente en el municipio de Campo Quijano. - RQ 99.9","og_description":"Hoy a las 08:30 Vecinos de la Ruta 51 se har\u00e1n presente en el municipio de Campo Quijano. Un grupo de vecinos llegar\u00e1n al Centro Civico Municipal para dar a conocer la problem\u00e1tica que estan viviendo con el corredor 6 de colectivos. Comentaron a RQ99.9Mhz que han presentado notas desde el 2019 a Saeta, AMT [&hellip;]","og_url":"https:\/\/nahuelproducciones.com.ar\/radioquijano\/hoy-los-vecinos-de-la-ruta-51-se-haran-presente-en-el-municipio-de-campo-quijano\/","og_site_name":"RQ 99.9","article_publisher":"https:\/\/www.facebook.com\/nahuelproducciones999\/","article_published_time":"2022-04-27T12:07:23+00:00","article_modified_time":"2022-04-27T12:08:01+00:00","og_image":[{"width":919,"height":570,"url":"https:\/\/nahuelproducciones.com.ar\/radioquijano\/wp-content\/uploads\/2022\/04\/WhatsApp-Image-2022-04-27-at-8.57.35-AM.jpeg","type":"image\/jpeg"}],"author":"Cecilia Pastrana","twitter_card":"summary_large_image","twitter_creator":"@nahuproduciones","twitter_site":"@nahuproduciones","twitter_misc":{"Escrito por":"Cecilia Pastrana","Tiempo de lectura":"2 minutos"},"schema":{"@context":"https:\/\/schema.org","@graph":[{"@type":"WebPage","@id":"https:\/\/nahuelproducciones.com.ar\/radioquijano\/hoy-los-vecinos-de-la-ruta-51-se-haran-presente-en-el-municipio-de-campo-quijano\/","url":"https:\/\/nahuelproducciones.com.ar\/radioquijano\/hoy-los-vecinos-de-la-ruta-51-se-haran-presente-en-el-municipio-de-campo-quijano\/","name":"Hoy los vecinos de la Ruta 51 se har\u00e1n presente en el municipio de Campo Quijano. - RQ 99.9","isPartOf":{"@id":"https:\/\/nahuelproducciones.com.ar\/radioquijano\/#website"},"datePublished":"2022-04-27T12:07:23+00:00","dateModified":"2022-04-27T12:08:01+00:00","author":{"@id":"https:\/\/nahuelproducciones.com.ar\/radioquijano\/#\/schema\/person\/e8a4f939e2cb487fe6d0c54042c9d32c"},"breadcrumb":{"@id":"https:\/\/nahuelproducciones.com.ar\/radioquijano\/hoy-los-vecinos-de-la-ruta-51-se-haran-presente-en-el-municipio-de-campo-quijano\/#breadcrumb"},"inLanguage":"es","potentialAction":[{"@type":"ReadAction","target":["https:\/\/nahuelproducciones.com.ar\/radioquijano\/hoy-los-vecinos-de-la-ruta-51-se-haran-presente-en-el-municipio-de-campo-quijano\/"]}]},{"@type":"BreadcrumbList","@id":"https:\/\/nahuelproducciones.com.ar\/radioquijano\/hoy-los-vecinos-de-la-ruta-51-se-haran-presente-en-el-municipio-de-campo-quijano\/#breadcrumb","itemListElement":[{"@type":"ListItem","position":1,"name":"Portada","item":"https:\/\/nahuelproducciones.com.ar\/radioquijano\/"},{"@type":"ListItem","position":2,"name":"Hoy los vecinos de la Ruta 51 se har\u00e1n presente en el municipio de Campo Quijano."}]},{"@type":"WebSite","@id":"https:\/\/nahuelproducciones.com.ar\/radioquijano\/#website","url":"https:\/\/nahuelproducciones.com.ar\/radioquijano\/","name":"RQ 99.9","description":"Radio Quijano 99.9 MHz","potentialAction":[{"@type":"SearchAction","target":{"@type":"EntryPoint","urlTemplate":"https:\/\/nahuelproducciones.com.ar\/radioquijano\/?s={search_term_string}"},"query-input":"required name=search_term_string"}],"inLanguage":"es"},{"@type":"Person","@id":"https:\/\/nahuelproducciones.com.ar\/radioquijano\/#\/schema\/person\/e8a4f939e2cb487fe6d0c54042c9d32c","name":"Cecilia Pastrana","image":{"@type":"ImageObject","inLanguage":"es","@id":"https:\/\/nahuelproducciones.com.ar\/radioquijano\/#\/schema\/person\/image\/","url":"https:\/\/secure.gravatar.com\/avatar\/661a3ef63a8488d4f2794ed44af8cf71420f7e106f3072c40125114df5157749?s=96&d=mm&r=g","contentUrl":"https:\/\/secure.gravatar.com\/avatar\/661a3ef63a8488d4f2794ed44af8cf71420f7e106f3072c40125114df5157749?s=96&d=mm&r=g","caption":"Cecilia Pastrana"},"sameAs":["cecy"],"url":"https:\/\/nahuelproducciones.com.ar\/radioquijano\/author\/cecy\/"}]}},"_links":{"self":[{"href":"https:\/\/nahuelproducciones.com.ar\/radioquijano\/wp-json\/wp\/v2\/posts\/2512","targetHints":{"allow":["GET"]}}],"collection":[{"href":"https:\/\/nahuelproducciones.com.ar\/radioquijano\/wp-json\/wp\/v2\/posts"}],"about":[{"href":"https:\/\/nahuelproducciones.com.ar\/radioquijano\/wp-json\/wp\/v2\/types\/post"}],"author":[{"embeddable":true,"href":"https:\/\/nahuelproducciones.com.ar\/radioquijano\/wp-json\/wp\/v2\/users\/8"}],"replies":[{"embeddable":true,"href":"https:\/\/nahuelproducciones.com.ar\/radioquijano\/wp-json\/wp\/v2\/comments?post=2512"}],"version-history":[{"count":1,"href":"https:\/\/nahuelproducciones.com.ar\/radioquijano\/wp-json\/wp\/v2\/posts\/2512\/revisions"}],"predecessor-version":[{"id":2515,"href":"https:\/\/nahuelproducciones.com.ar\/radioquijano\/wp-json\/wp\/v2\/posts\/2512\/revisions\/2515"}],"wp:featuredmedia":[{"embeddable":true,"href":"https:\/\/nahuelproducciones.com.ar\/radioquijano\/wp-json\/wp\/v2\/media\/2513"}],"wp:attachment":[{"href":"https:\/\/nahuelproducciones.com.ar\/radioquijano\/wp-json\/wp\/v2\/media?parent=2512"}],"wp:term":[{"taxonomy":"category","embeddable":true,"href":"https:\/\/nahuelproducciones.com.ar\/radioquijano\/wp-json\/wp\/v2\/categories?post=2512"},{"taxonomy":"post_tag","embeddable":true,"href":"https:\/\/nahuelproducciones.com.ar\/radioquijano\/wp-json\/wp\/v2\/tags?post=2512"}],"curies":[{"name":"wp","href":"https:\/\/api.w.org\/{rel}","templated":true}]}}