{"id":2519,"date":"2022-04-28T10:11:31","date_gmt":"2022-04-28T13:11:31","guid":{"rendered":"https:\/\/nahuelproducciones.com.ar\/radioquijano\/?p=2519"},"modified":"2022-04-28T10:16:24","modified_gmt":"2022-04-28T13:16:24","slug":"en-la-silleta-decomisaron-carne-no-apta-para-el-consumo-humano","status":"publish","type":"post","link":"https:\/\/nahuelproducciones.com.ar\/radioquijano\/en-la-silleta-decomisaron-carne-no-apta-para-el-consumo-humano\/","title":{"rendered":"En La Silleta decomisaron carne no apta para el consumo humano"},"content":{"rendered":"\n<p>El operativo se efectu\u00f3 en la noche del martes 26 de abril, durante un control vehicular camino al Encon Grande. Alrededor de 400 kilos de carne eran transportados y envueltos en bolsas arpilleras en la caja de una camioneta<\/p>\n\n\n\n<p>Efectivos del Destacamento La Silleta en circunstancias que realizaban control vehicular por calle San Martin camino al Encon Grande comprobaron que, en la caja de una camioneta, un hombre transportaba carne vacuna faenada en condiciones no aptas para el consumo humano.<\/p>\n\n\n\n<p>Ante la situaci\u00f3n se labr\u00f3 el acta correspondiente tomando intervenci\u00f3n la Fiscal\u00eda Penal de la zona quien orden\u00f3 el decomiso e incineraci\u00f3n del producto secuestrado e identificaci\u00f3n del conductor de la camioneta.<\/p>\n\n\n\n<div class=\"wp-block-columns is-layout-flex wp-container-core-columns-is-layout-9d6595d7 wp-block-columns-is-layout-flex\">\n<div class=\"wp-block-column is-layout-flow wp-block-column-is-layout-flow\" style=\"flex-basis:100%\">\n<figure class=\"wp-block-gallery columns-2 is-cropped wp-block-gallery-1 is-layout-flex wp-block-gallery-is-layout-flex\"><ul class=\"blocks-gallery-grid\"><li class=\"blocks-gallery-item\"><figure><img loading=\"lazy\" decoding=\"async\" width=\"1024\" height=\"577\" src=\"https:\/\/nahuelproducciones.com.ar\/radioquijano\/wp-content\/uploads\/2022\/04\/CARNE-NO-COMESTIBLE-EN-SILLETA2-1024x577.jpeg\" alt=\"\" data-id=\"2521\" data-link=\"https:\/\/nahuelproducciones.com.ar\/radioquijano\/?attachment_id=2521\" class=\"wp-image-2521\" srcset=\"https:\/\/nahuelproducciones.com.ar\/radioquijano\/wp-content\/uploads\/2022\/04\/CARNE-NO-COMESTIBLE-EN-SILLETA2-1024x577.jpeg 1024w, https:\/\/nahuelproducciones.com.ar\/radioquijano\/wp-content\/uploads\/2022\/04\/CARNE-NO-COMESTIBLE-EN-SILLETA2-300x169.jpeg 300w, https:\/\/nahuelproducciones.com.ar\/radioquijano\/wp-content\/uploads\/2022\/04\/CARNE-NO-COMESTIBLE-EN-SILLETA2-768x432.jpeg 768w, https:\/\/nahuelproducciones.com.ar\/radioquijano\/wp-content\/uploads\/2022\/04\/CARNE-NO-COMESTIBLE-EN-SILLETA2-1536x865.jpeg 1536w, https:\/\/nahuelproducciones.com.ar\/radioquijano\/wp-content\/uploads\/2022\/04\/CARNE-NO-COMESTIBLE-EN-SILLETA2-150x84.jpeg 150w, https:\/\/nahuelproducciones.com.ar\/radioquijano\/wp-content\/uploads\/2022\/04\/CARNE-NO-COMESTIBLE-EN-SILLETA2.jpeg 1600w\" sizes=\"auto, (max-width: 1024px) 100vw, 1024px\" \/><\/figure><\/li><li class=\"blocks-gallery-item\"><figure><img loading=\"lazy\" decoding=\"async\" width=\"1024\" height=\"577\" src=\"https:\/\/nahuelproducciones.com.ar\/radioquijano\/wp-content\/uploads\/2022\/04\/CARNE-NO-COMESTIBLE-EN-SILLETA1-1-1024x577.jpeg\" alt=\"\" data-id=\"2522\" data-full-url=\"https:\/\/nahuelproducciones.com.ar\/radioquijano\/wp-content\/uploads\/2022\/04\/CARNE-NO-COMESTIBLE-EN-SILLETA1-1.jpeg\" data-link=\"https:\/\/nahuelproducciones.com.ar\/radioquijano\/?attachment_id=2522\" class=\"wp-image-2522\" srcset=\"https:\/\/nahuelproducciones.com.ar\/radioquijano\/wp-content\/uploads\/2022\/04\/CARNE-NO-COMESTIBLE-EN-SILLETA1-1-1024x577.jpeg 1024w, https:\/\/nahuelproducciones.com.ar\/radioquijano\/wp-content\/uploads\/2022\/04\/CARNE-NO-COMESTIBLE-EN-SILLETA1-1-300x169.jpeg 300w, https:\/\/nahuelproducciones.com.ar\/radioquijano\/wp-content\/uploads\/2022\/04\/CARNE-NO-COMESTIBLE-EN-SILLETA1-1-768x432.jpeg 768w, https:\/\/nahuelproducciones.com.ar\/radioquijano\/wp-content\/uploads\/2022\/04\/CARNE-NO-COMESTIBLE-EN-SILLETA1-1-1536x865.jpeg 1536w, https:\/\/nahuelproducciones.com.ar\/radioquijano\/wp-content\/uploads\/2022\/04\/CARNE-NO-COMESTIBLE-EN-SILLETA1-1-150x84.jpeg 150w, https:\/\/nahuelproducciones.com.ar\/radioquijano\/wp-content\/uploads\/2022\/04\/CARNE-NO-COMESTIBLE-EN-SILLETA1-1.jpeg 1600w\" sizes=\"auto, (max-width: 1024px) 100vw, 1024px\" \/><\/figure><\/li><\/ul><\/figure>\n<\/div>\n<\/div>\n\n\n\n<p>Fuente: Divisi\u00f3n Prensa y Difusi\u00f3n &#8211; Policia de Salta<\/p>\n\n\n\n<p><\/p>\n\n\n\n<p><a href=\"https:\/\/nahuelproducciones.com.ar\/index.php\/rq999\" target=\"_blank\" rel=\"noreferrer noopener\">RQ99.9Mhz   <\/a> <a href=\"https:\/\/nahuelproducciones.com.ar\/\" target=\"_blank\" rel=\"noreferrer noopener\">CAMPO QUIJANO<\/a><\/p>\n","protected":false},"excerpt":{"rendered":"<p>El operativo se efectu\u00f3 en la noche del martes 26 de abril, durante un control vehicular camino al Encon Grande. Alrededor de 400 kilos de carne eran transportados y envueltos en bolsas arpilleras en la caja de una camioneta Efectivos del Destacamento La Silleta en circunstancias que realizaban control vehicular por calle San Martin camino [&hellip;]<\/p>\n","protected":false},"author":8,"featured_media":2520,"comment_status":"open","ping_status":"open","sticky":false,"template":"","format":"standard","meta":{"_monsterinsights_skip_tracking":false,"_monsterinsights_sitenote_active":false,"_monsterinsights_sitenote_note":"","_monsterinsights_sitenote_category":0,"footnotes":""},"categories":[8,16],"tags":[446,77,71],"class_list":["post-2519","post","type-post","status-publish","format-standard","has-post-thumbnail","hentry","category-blog-de-sapito","category-noticias","tag-encon-grande","tag-la-silleta","tag-municipalidad-de-campo-quijano"],"yoast_head":"<!-- This site is optimized with the Yoast SEO plugin v20.8 - https:\/\/yoast.com\/wordpress\/plugins\/seo\/ -->\n<title>En La Silleta decomisaron carne no apta para el consumo humano - RQ 99.9<\/title>\n<meta name=\"description\" content=\"El operativo se efectu\u00f3 en la noche del martes 26 de abril, durante un control vehicular camino al Encon Grande. Alrededor de 400 kilos de carne eran transportados y envueltos en bolsas arpilleras en la caja de una camioneta\" \/>\n<meta name=\"robots\" content=\"index, follow, max-snippet:-1, max-image-preview:large, max-video-preview:-1\" \/>\n<link rel=\"canonical\" href=\"https:\/\/nahuelproducciones.com.ar\/radioquijano\/en-la-silleta-decomisaron-carne-no-apta-para-el-consumo-humano\/\" \/>\n<meta property=\"og:locale\" content=\"es_ES\" \/>\n<meta property=\"og:type\" content=\"article\" \/>\n<meta property=\"og:title\" content=\"En La Silleta decomisaron carne no apta para el consumo humano - RQ 99.9\" \/>\n<meta property=\"og:description\" content=\"El operativo se efectu\u00f3 en la noche del martes 26 de abril, durante un control vehicular camino al Encon Grande. Alrededor de 400 kilos de carne eran transportados y envueltos en bolsas arpilleras en la caja de una camioneta\" \/>\n<meta property=\"og:url\" content=\"https:\/\/nahuelproducciones.com.ar\/radioquijano\/en-la-silleta-decomisaron-carne-no-apta-para-el-consumo-humano\/\" \/>\n<meta property=\"og:site_name\" content=\"RQ 99.9\" \/>\n<meta property=\"article:publisher\" content=\"https:\/\/www.facebook.com\/nahuelproducciones999\/\" \/>\n<meta property=\"article:published_time\" content=\"2022-04-28T13:11:31+00:00\" \/>\n<meta property=\"article:modified_time\" content=\"2022-04-28T13:16:24+00:00\" \/>\n<meta property=\"og:image\" content=\"https:\/\/nahuelproducciones.com.ar\/radioquijano\/wp-content\/uploads\/2022\/04\/CARNE-NO-COMESTIBLE-EN-SILLETA1-e1651151414470.jpeg\" \/>\n\t<meta property=\"og:image:width\" content=\"700\" \/>\n\t<meta property=\"og:image:height\" content=\"394\" \/>\n\t<meta property=\"og:image:type\" content=\"image\/jpeg\" \/>\n<meta name=\"author\" content=\"Cecilia Pastrana\" \/>\n<meta name=\"twitter:card\" content=\"summary_large_image\" \/>\n<meta name=\"twitter:creator\" content=\"@nahuproduciones\" \/>\n<meta name=\"twitter:site\" content=\"@nahuproduciones\" \/>\n<meta name=\"twitter:label1\" content=\"Escrito por\" \/>\n\t<meta name=\"twitter:data1\" content=\"Cecilia Pastrana\" \/>\n\t<meta name=\"twitter:label2\" content=\"Tiempo de lectura\" \/>\n\t<meta name=\"twitter:data2\" content=\"1 minuto\" \/>\n<script type=\"application\/ld+json\" class=\"yoast-schema-graph\">{\"@context\":\"https:\/\/schema.org\",\"@graph\":[{\"@type\":\"WebPage\",\"@id\":\"https:\/\/nahuelproducciones.com.ar\/radioquijano\/en-la-silleta-decomisaron-carne-no-apta-para-el-consumo-humano\/\",\"url\":\"https:\/\/nahuelproducciones.com.ar\/radioquijano\/en-la-silleta-decomisaron-carne-no-apta-para-el-consumo-humano\/\",\"name\":\"En La Silleta decomisaron carne no apta para el consumo humano - RQ 99.9\",\"isPartOf\":{\"@id\":\"https:\/\/nahuelproducciones.com.ar\/radioquijano\/#website\"},\"datePublished\":\"2022-04-28T13:11:31+00:00\",\"dateModified\":\"2022-04-28T13:16:24+00:00\",\"author\":{\"@id\":\"https:\/\/nahuelproducciones.com.ar\/radioquijano\/#\/schema\/person\/e8a4f939e2cb487fe6d0c54042c9d32c\"},\"description\":\"El operativo se efectu\u00f3 en la noche del martes 26 de abril, durante un control vehicular camino al Encon Grande. Alrededor de 400 kilos de carne eran transportados y envueltos en bolsas arpilleras en la caja de una camioneta\",\"breadcrumb\":{\"@id\":\"https:\/\/nahuelproducciones.com.ar\/radioquijano\/en-la-silleta-decomisaron-carne-no-apta-para-el-consumo-humano\/#breadcrumb\"},\"inLanguage\":\"es\",\"potentialAction\":[{\"@type\":\"ReadAction\",\"target\":[\"https:\/\/nahuelproducciones.com.ar\/radioquijano\/en-la-silleta-decomisaron-carne-no-apta-para-el-consumo-humano\/\"]}]},{\"@type\":\"BreadcrumbList\",\"@id\":\"https:\/\/nahuelproducciones.com.ar\/radioquijano\/en-la-silleta-decomisaron-carne-no-apta-para-el-consumo-humano\/#breadcrumb\",\"itemListElement\":[{\"@type\":\"ListItem\",\"position\":1,\"name\":\"Portada\",\"item\":\"https:\/\/nahuelproducciones.com.ar\/radioquijano\/\"},{\"@type\":\"ListItem\",\"position\":2,\"name\":\"En La Silleta decomisaron carne no apta para el consumo humano\"}]},{\"@type\":\"WebSite\",\"@id\":\"https:\/\/nahuelproducciones.com.ar\/radioquijano\/#website\",\"url\":\"https:\/\/nahuelproducciones.com.ar\/radioquijano\/\",\"name\":\"RQ 99.9\",\"description\":\"Radio Quijano 99.9 MHz\",\"potentialAction\":[{\"@type\":\"SearchAction\",\"target\":{\"@type\":\"EntryPoint\",\"urlTemplate\":\"https:\/\/nahuelproducciones.com.ar\/radioquijano\/?s={search_term_string}\"},\"query-input\":\"required name=search_term_string\"}],\"inLanguage\":\"es\"},{\"@type\":\"Person\",\"@id\":\"https:\/\/nahuelproducciones.com.ar\/radioquijano\/#\/schema\/person\/e8a4f939e2cb487fe6d0c54042c9d32c\",\"name\":\"Cecilia Pastrana\",\"image\":{\"@type\":\"ImageObject\",\"inLanguage\":\"es\",\"@id\":\"https:\/\/nahuelproducciones.com.ar\/radioquijano\/#\/schema\/person\/image\/\",\"url\":\"https:\/\/secure.gravatar.com\/avatar\/661a3ef63a8488d4f2794ed44af8cf71420f7e106f3072c40125114df5157749?s=96&d=mm&r=g\",\"contentUrl\":\"https:\/\/secure.gravatar.com\/avatar\/661a3ef63a8488d4f2794ed44af8cf71420f7e106f3072c40125114df5157749?s=96&d=mm&r=g\",\"caption\":\"Cecilia Pastrana\"},\"sameAs\":[\"cecy\"],\"url\":\"https:\/\/nahuelproducciones.com.ar\/radioquijano\/author\/cecy\/\"}]}<\/script>\n<!-- \/ Yoast SEO plugin. -->","yoast_head_json":{"title":"En La Silleta decomisaron carne no apta para el consumo humano - RQ 99.9","description":"El operativo se efectu\u00f3 en la noche del martes 26 de abril, durante un control vehicular camino al Encon Grande. Alrededor de 400 kilos de carne eran transportados y envueltos en bolsas arpilleras en la caja de una camioneta","robots":{"index":"index","follow":"follow","max-snippet":"max-snippet:-1","max-image-preview":"max-image-preview:large","max-video-preview":"max-video-preview:-1"},"canonical":"https:\/\/nahuelproducciones.com.ar\/radioquijano\/en-la-silleta-decomisaron-carne-no-apta-para-el-consumo-humano\/","og_locale":"es_ES","og_type":"article","og_title":"En La Silleta decomisaron carne no apta para el consumo humano - RQ 99.9","og_description":"El operativo se efectu\u00f3 en la noche del martes 26 de abril, durante un control vehicular camino al Encon Grande. Alrededor de 400 kilos de carne eran transportados y envueltos en bolsas arpilleras en la caja de una camioneta","og_url":"https:\/\/nahuelproducciones.com.ar\/radioquijano\/en-la-silleta-decomisaron-carne-no-apta-para-el-consumo-humano\/","og_site_name":"RQ 99.9","article_publisher":"https:\/\/www.facebook.com\/nahuelproducciones999\/","article_published_time":"2022-04-28T13:11:31+00:00","article_modified_time":"2022-04-28T13:16:24+00:00","og_image":[{"width":700,"height":394,"url":"https:\/\/nahuelproducciones.com.ar\/radioquijano\/wp-content\/uploads\/2022\/04\/CARNE-NO-COMESTIBLE-EN-SILLETA1-e1651151414470.jpeg","type":"image\/jpeg"}],"author":"Cecilia Pastrana","twitter_card":"summary_large_image","twitter_creator":"@nahuproduciones","twitter_site":"@nahuproduciones","twitter_misc":{"Escrito por":"Cecilia Pastrana","Tiempo de lectura":"1 minuto"},"schema":{"@context":"https:\/\/schema.org","@graph":[{"@type":"WebPage","@id":"https:\/\/nahuelproducciones.com.ar\/radioquijano\/en-la-silleta-decomisaron-carne-no-apta-para-el-consumo-humano\/","url":"https:\/\/nahuelproducciones.com.ar\/radioquijano\/en-la-silleta-decomisaron-carne-no-apta-para-el-consumo-humano\/","name":"En La Silleta decomisaron carne no apta para el consumo humano - RQ 99.9","isPartOf":{"@id":"https:\/\/nahuelproducciones.com.ar\/radioquijano\/#website"},"datePublished":"2022-04-28T13:11:31+00:00","dateModified":"2022-04-28T13:16:24+00:00","author":{"@id":"https:\/\/nahuelproducciones.com.ar\/radioquijano\/#\/schema\/person\/e8a4f939e2cb487fe6d0c54042c9d32c"},"description":"El operativo se efectu\u00f3 en la noche del martes 26 de abril, durante un control vehicular camino al Encon Grande. Alrededor de 400 kilos de carne eran transportados y envueltos en bolsas arpilleras en la caja de una camioneta","breadcrumb":{"@id":"https:\/\/nahuelproducciones.com.ar\/radioquijano\/en-la-silleta-decomisaron-carne-no-apta-para-el-consumo-humano\/#breadcrumb"},"inLanguage":"es","potentialAction":[{"@type":"ReadAction","target":["https:\/\/nahuelproducciones.com.ar\/radioquijano\/en-la-silleta-decomisaron-carne-no-apta-para-el-consumo-humano\/"]}]},{"@type":"BreadcrumbList","@id":"https:\/\/nahuelproducciones.com.ar\/radioquijano\/en-la-silleta-decomisaron-carne-no-apta-para-el-consumo-humano\/#breadcrumb","itemListElement":[{"@type":"ListItem","position":1,"name":"Portada","item":"https:\/\/nahuelproducciones.com.ar\/radioquijano\/"},{"@type":"ListItem","position":2,"name":"En La Silleta decomisaron carne no apta para el consumo humano"}]},{"@type":"WebSite","@id":"https:\/\/nahuelproducciones.com.ar\/radioquijano\/#website","url":"https:\/\/nahuelproducciones.com.ar\/radioquijano\/","name":"RQ 99.9","description":"Radio Quijano 99.9 MHz","potentialAction":[{"@type":"SearchAction","target":{"@type":"EntryPoint","urlTemplate":"https:\/\/nahuelproducciones.com.ar\/radioquijano\/?s={search_term_string}"},"query-input":"required name=search_term_string"}],"inLanguage":"es"},{"@type":"Person","@id":"https:\/\/nahuelproducciones.com.ar\/radioquijano\/#\/schema\/person\/e8a4f939e2cb487fe6d0c54042c9d32c","name":"Cecilia Pastrana","image":{"@type":"ImageObject","inLanguage":"es","@id":"https:\/\/nahuelproducciones.com.ar\/radioquijano\/#\/schema\/person\/image\/","url":"https:\/\/secure.gravatar.com\/avatar\/661a3ef63a8488d4f2794ed44af8cf71420f7e106f3072c40125114df5157749?s=96&d=mm&r=g","contentUrl":"https:\/\/secure.gravatar.com\/avatar\/661a3ef63a8488d4f2794ed44af8cf71420f7e106f3072c40125114df5157749?s=96&d=mm&r=g","caption":"Cecilia Pastrana"},"sameAs":["cecy"],"url":"https:\/\/nahuelproducciones.com.ar\/radioquijano\/author\/cecy\/"}]}},"_links":{"self":[{"href":"https:\/\/nahuelproducciones.com.ar\/radioquijano\/wp-json\/wp\/v2\/posts\/2519","targetHints":{"allow":["GET"]}}],"collection":[{"href":"https:\/\/nahuelproducciones.com.ar\/radioquijano\/wp-json\/wp\/v2\/posts"}],"about":[{"href":"https:\/\/nahuelproducciones.com.ar\/radioquijano\/wp-json\/wp\/v2\/types\/post"}],"author":[{"embeddable":true,"href":"https:\/\/nahuelproducciones.com.ar\/radioquijano\/wp-json\/wp\/v2\/users\/8"}],"replies":[{"embeddable":true,"href":"https:\/\/nahuelproducciones.com.ar\/radioquijano\/wp-json\/wp\/v2\/comments?post=2519"}],"version-history":[{"count":2,"href":"https:\/\/nahuelproducciones.com.ar\/radioquijano\/wp-json\/wp\/v2\/posts\/2519\/revisions"}],"predecessor-version":[{"id":2524,"href":"https:\/\/nahuelproducciones.com.ar\/radioquijano\/wp-json\/wp\/v2\/posts\/2519\/revisions\/2524"}],"wp:featuredmedia":[{"embeddable":true,"href":"https:\/\/nahuelproducciones.com.ar\/radioquijano\/wp-json\/wp\/v2\/media\/2520"}],"wp:attachment":[{"href":"https:\/\/nahuelproducciones.com.ar\/radioquijano\/wp-json\/wp\/v2\/media?parent=2519"}],"wp:term":[{"taxonomy":"category","embeddable":true,"href":"https:\/\/nahuelproducciones.com.ar\/radioquijano\/wp-json\/wp\/v2\/categories?post=2519"},{"taxonomy":"post_tag","embeddable":true,"href":"https:\/\/nahuelproducciones.com.ar\/radioquijano\/wp-json\/wp\/v2\/tags?post=2519"}],"curies":[{"name":"wp","href":"https:\/\/api.w.org\/{rel}","templated":true}]}}