{"id":2546,"date":"2022-05-07T23:23:41","date_gmt":"2022-05-08T02:23:41","guid":{"rendered":"https:\/\/nahuelproducciones.com.ar\/radioquijano\/?p=2546"},"modified":"2022-05-08T21:59:16","modified_gmt":"2022-05-09T00:59:16","slug":"taller-de-educacion-alimentaria-y-nutricional","status":"publish","type":"post","link":"https:\/\/nahuelproducciones.com.ar\/radioquijano\/taller-de-educacion-alimentaria-y-nutricional\/","title":{"rendered":"Taller de educaci\u00f3n alimentaria y nutricional"},"content":{"rendered":"\n<p>En el Centro de jubilados y pensionados de Campo Quijano el taller se dictar\u00e1 el Taller de Educaci\u00f3n Alimentaria y Nutricional por  la Lic. Silvia Cabezas<\/p>\n\n\n\n<p>El d\u00eda 11 de Mayo a partir de hs 14.00 a 15.30 los esperan a la segunda jornada en donde podr\u00e1n poner en pr\u00e1ctica lo visto en el taller del d\u00eda 4 de mayo.<\/p>\n\n\n\n<p>En esta oportunidad tendr\u00e1n mas recetas saludables y consejos sobre alimentaci\u00f3n.<\/p>\n\n\n\n<p>El TALLER  es GRATUITO para afiliados al PAMI y p\u00fablico en general.<\/p>\n\n\n\n<p><\/p>\n\n\n\n<p>#RQ99.9Mhz    CAMPO QUIJANO<\/p>\n\n\n\n<figure class=\"wp-block-audio\"><audio controls src=\"https:\/\/nahuelproducciones.com.ar\/radioquijano\/wp-content\/uploads\/2022\/05\/04-05-2022-lic-nutricionista-Silvia-Cabezas-taller-garatuito-en-CENTRO-DE-JUB-Y-PENSIONADOS-EL-4-Y-11-DE-MAYO.mp3\"><\/audio><figcaption>Entrevista a Lic. Silvia Cabezas.<\/figcaption><\/figure>\n\n\n\n<p><\/p>\n","protected":false},"excerpt":{"rendered":"<p>En el Centro de jubilados y pensionados de Campo Quijano el taller se dictar\u00e1 el Taller de Educaci\u00f3n Alimentaria y Nutricional por la Lic. Silvia Cabezas El d\u00eda 11 de Mayo a partir de hs 14.00 a 15.30 los esperan a la segunda jornada en donde podr\u00e1n poner en pr\u00e1ctica lo visto en el taller [&hellip;]<\/p>\n","protected":false},"author":8,"featured_media":2558,"comment_status":"open","ping_status":"open","sticky":false,"template":"","format":"standard","meta":{"_monsterinsights_skip_tracking":false,"_monsterinsights_sitenote_active":false,"_monsterinsights_sitenote_note":"","_monsterinsights_sitenote_category":0,"footnotes":""},"categories":[8,16],"tags":[36,124,455,335,454,457],"class_list":["post-2546","post","type-post","status-publish","format-standard","has-post-thumbnail","hentry","category-blog-de-sapito","category-noticias","tag-campo-quijano","tag-centro-de-jubilados-y-pensionados-el-portal-de-los-andes","tag-lic-silvia-cabezas","tag-pami","tag-salud","tag-taller-de-educacion-alimentaria-y-nutricional"],"yoast_head":"<!-- This site is optimized with the Yoast SEO plugin v20.8 - https:\/\/yoast.com\/wordpress\/plugins\/seo\/ -->\n<title>Taller de educaci\u00f3n alimentaria y nutricional - RQ 99.9<\/title>\n<meta name=\"description\" content=\"El 11 de Mayo a partir de hs 14.00 a 15.30\" \/>\n<meta name=\"robots\" content=\"index, follow, max-snippet:-1, max-image-preview:large, max-video-preview:-1\" \/>\n<link rel=\"canonical\" href=\"https:\/\/nahuelproducciones.com.ar\/radioquijano\/taller-de-educacion-alimentaria-y-nutricional\/\" \/>\n<meta property=\"og:locale\" content=\"es_ES\" \/>\n<meta property=\"og:type\" content=\"article\" \/>\n<meta property=\"og:title\" content=\"Taller de educaci\u00f3n alimentaria y nutricional - RQ 99.9\" \/>\n<meta property=\"og:description\" content=\"El 11 de Mayo a partir de hs 14.00 a 15.30\" \/>\n<meta property=\"og:url\" content=\"https:\/\/nahuelproducciones.com.ar\/radioquijano\/taller-de-educacion-alimentaria-y-nutricional\/\" \/>\n<meta property=\"og:site_name\" content=\"RQ 99.9\" \/>\n<meta property=\"article:publisher\" content=\"https:\/\/www.facebook.com\/nahuelproducciones999\/\" \/>\n<meta property=\"article:published_time\" content=\"2022-05-08T02:23:41+00:00\" \/>\n<meta property=\"article:modified_time\" content=\"2022-05-09T00:59:16+00:00\" \/>\n<meta property=\"og:image\" content=\"https:\/\/nahuelproducciones.com.ar\/radioquijano\/wp-content\/uploads\/2022\/05\/educacion-alimentaria.jpg\" \/>\n\t<meta property=\"og:image:width\" content=\"700\" \/>\n\t<meta property=\"og:image:height\" content=\"350\" \/>\n\t<meta property=\"og:image:type\" content=\"image\/jpeg\" \/>\n<meta name=\"author\" content=\"Cecilia Pastrana\" \/>\n<meta name=\"twitter:card\" content=\"summary_large_image\" \/>\n<meta name=\"twitter:creator\" content=\"@nahuproduciones\" \/>\n<meta name=\"twitter:site\" content=\"@nahuproduciones\" \/>\n<meta name=\"twitter:label1\" content=\"Escrito por\" \/>\n\t<meta name=\"twitter:data1\" content=\"Cecilia Pastrana\" \/>\n\t<meta name=\"twitter:label2\" content=\"Tiempo de lectura\" \/>\n\t<meta name=\"twitter:data2\" content=\"1 minuto\" \/>\n<script type=\"application\/ld+json\" class=\"yoast-schema-graph\">{\"@context\":\"https:\/\/schema.org\",\"@graph\":[{\"@type\":\"WebPage\",\"@id\":\"https:\/\/nahuelproducciones.com.ar\/radioquijano\/taller-de-educacion-alimentaria-y-nutricional\/\",\"url\":\"https:\/\/nahuelproducciones.com.ar\/radioquijano\/taller-de-educacion-alimentaria-y-nutricional\/\",\"name\":\"Taller de educaci\u00f3n alimentaria y nutricional - RQ 99.9\",\"isPartOf\":{\"@id\":\"https:\/\/nahuelproducciones.com.ar\/radioquijano\/#website\"},\"datePublished\":\"2022-05-08T02:23:41+00:00\",\"dateModified\":\"2022-05-09T00:59:16+00:00\",\"author\":{\"@id\":\"https:\/\/nahuelproducciones.com.ar\/radioquijano\/#\/schema\/person\/e8a4f939e2cb487fe6d0c54042c9d32c\"},\"description\":\"El 11 de Mayo a partir de hs 14.00 a 15.30\",\"breadcrumb\":{\"@id\":\"https:\/\/nahuelproducciones.com.ar\/radioquijano\/taller-de-educacion-alimentaria-y-nutricional\/#breadcrumb\"},\"inLanguage\":\"es\",\"potentialAction\":[{\"@type\":\"ReadAction\",\"target\":[\"https:\/\/nahuelproducciones.com.ar\/radioquijano\/taller-de-educacion-alimentaria-y-nutricional\/\"]}]},{\"@type\":\"BreadcrumbList\",\"@id\":\"https:\/\/nahuelproducciones.com.ar\/radioquijano\/taller-de-educacion-alimentaria-y-nutricional\/#breadcrumb\",\"itemListElement\":[{\"@type\":\"ListItem\",\"position\":1,\"name\":\"Portada\",\"item\":\"https:\/\/nahuelproducciones.com.ar\/radioquijano\/\"},{\"@type\":\"ListItem\",\"position\":2,\"name\":\"Taller de educaci\u00f3n alimentaria y nutricional\"}]},{\"@type\":\"WebSite\",\"@id\":\"https:\/\/nahuelproducciones.com.ar\/radioquijano\/#website\",\"url\":\"https:\/\/nahuelproducciones.com.ar\/radioquijano\/\",\"name\":\"RQ 99.9\",\"description\":\"Radio Quijano 99.9 MHz\",\"potentialAction\":[{\"@type\":\"SearchAction\",\"target\":{\"@type\":\"EntryPoint\",\"urlTemplate\":\"https:\/\/nahuelproducciones.com.ar\/radioquijano\/?s={search_term_string}\"},\"query-input\":\"required name=search_term_string\"}],\"inLanguage\":\"es\"},{\"@type\":\"Person\",\"@id\":\"https:\/\/nahuelproducciones.com.ar\/radioquijano\/#\/schema\/person\/e8a4f939e2cb487fe6d0c54042c9d32c\",\"name\":\"Cecilia Pastrana\",\"image\":{\"@type\":\"ImageObject\",\"inLanguage\":\"es\",\"@id\":\"https:\/\/nahuelproducciones.com.ar\/radioquijano\/#\/schema\/person\/image\/\",\"url\":\"https:\/\/secure.gravatar.com\/avatar\/661a3ef63a8488d4f2794ed44af8cf71420f7e106f3072c40125114df5157749?s=96&d=mm&r=g\",\"contentUrl\":\"https:\/\/secure.gravatar.com\/avatar\/661a3ef63a8488d4f2794ed44af8cf71420f7e106f3072c40125114df5157749?s=96&d=mm&r=g\",\"caption\":\"Cecilia Pastrana\"},\"sameAs\":[\"cecy\"],\"url\":\"https:\/\/nahuelproducciones.com.ar\/radioquijano\/author\/cecy\/\"}]}<\/script>\n<!-- \/ Yoast SEO plugin. -->","yoast_head_json":{"title":"Taller de educaci\u00f3n alimentaria y nutricional - RQ 99.9","description":"El 11 de Mayo a partir de hs 14.00 a 15.30","robots":{"index":"index","follow":"follow","max-snippet":"max-snippet:-1","max-image-preview":"max-image-preview:large","max-video-preview":"max-video-preview:-1"},"canonical":"https:\/\/nahuelproducciones.com.ar\/radioquijano\/taller-de-educacion-alimentaria-y-nutricional\/","og_locale":"es_ES","og_type":"article","og_title":"Taller de educaci\u00f3n alimentaria y nutricional - RQ 99.9","og_description":"El 11 de Mayo a partir de hs 14.00 a 15.30","og_url":"https:\/\/nahuelproducciones.com.ar\/radioquijano\/taller-de-educacion-alimentaria-y-nutricional\/","og_site_name":"RQ 99.9","article_publisher":"https:\/\/www.facebook.com\/nahuelproducciones999\/","article_published_time":"2022-05-08T02:23:41+00:00","article_modified_time":"2022-05-09T00:59:16+00:00","og_image":[{"width":700,"height":350,"url":"https:\/\/nahuelproducciones.com.ar\/radioquijano\/wp-content\/uploads\/2022\/05\/educacion-alimentaria.jpg","type":"image\/jpeg"}],"author":"Cecilia Pastrana","twitter_card":"summary_large_image","twitter_creator":"@nahuproduciones","twitter_site":"@nahuproduciones","twitter_misc":{"Escrito por":"Cecilia Pastrana","Tiempo de lectura":"1 minuto"},"schema":{"@context":"https:\/\/schema.org","@graph":[{"@type":"WebPage","@id":"https:\/\/nahuelproducciones.com.ar\/radioquijano\/taller-de-educacion-alimentaria-y-nutricional\/","url":"https:\/\/nahuelproducciones.com.ar\/radioquijano\/taller-de-educacion-alimentaria-y-nutricional\/","name":"Taller de educaci\u00f3n alimentaria y nutricional - RQ 99.9","isPartOf":{"@id":"https:\/\/nahuelproducciones.com.ar\/radioquijano\/#website"},"datePublished":"2022-05-08T02:23:41+00:00","dateModified":"2022-05-09T00:59:16+00:00","author":{"@id":"https:\/\/nahuelproducciones.com.ar\/radioquijano\/#\/schema\/person\/e8a4f939e2cb487fe6d0c54042c9d32c"},"description":"El 11 de Mayo a partir de hs 14.00 a 15.30","breadcrumb":{"@id":"https:\/\/nahuelproducciones.com.ar\/radioquijano\/taller-de-educacion-alimentaria-y-nutricional\/#breadcrumb"},"inLanguage":"es","potentialAction":[{"@type":"ReadAction","target":["https:\/\/nahuelproducciones.com.ar\/radioquijano\/taller-de-educacion-alimentaria-y-nutricional\/"]}]},{"@type":"BreadcrumbList","@id":"https:\/\/nahuelproducciones.com.ar\/radioquijano\/taller-de-educacion-alimentaria-y-nutricional\/#breadcrumb","itemListElement":[{"@type":"ListItem","position":1,"name":"Portada","item":"https:\/\/nahuelproducciones.com.ar\/radioquijano\/"},{"@type":"ListItem","position":2,"name":"Taller de educaci\u00f3n alimentaria y nutricional"}]},{"@type":"WebSite","@id":"https:\/\/nahuelproducciones.com.ar\/radioquijano\/#website","url":"https:\/\/nahuelproducciones.com.ar\/radioquijano\/","name":"RQ 99.9","description":"Radio Quijano 99.9 MHz","potentialAction":[{"@type":"SearchAction","target":{"@type":"EntryPoint","urlTemplate":"https:\/\/nahuelproducciones.com.ar\/radioquijano\/?s={search_term_string}"},"query-input":"required name=search_term_string"}],"inLanguage":"es"},{"@type":"Person","@id":"https:\/\/nahuelproducciones.com.ar\/radioquijano\/#\/schema\/person\/e8a4f939e2cb487fe6d0c54042c9d32c","name":"Cecilia Pastrana","image":{"@type":"ImageObject","inLanguage":"es","@id":"https:\/\/nahuelproducciones.com.ar\/radioquijano\/#\/schema\/person\/image\/","url":"https:\/\/secure.gravatar.com\/avatar\/661a3ef63a8488d4f2794ed44af8cf71420f7e106f3072c40125114df5157749?s=96&d=mm&r=g","contentUrl":"https:\/\/secure.gravatar.com\/avatar\/661a3ef63a8488d4f2794ed44af8cf71420f7e106f3072c40125114df5157749?s=96&d=mm&r=g","caption":"Cecilia Pastrana"},"sameAs":["cecy"],"url":"https:\/\/nahuelproducciones.com.ar\/radioquijano\/author\/cecy\/"}]}},"_links":{"self":[{"href":"https:\/\/nahuelproducciones.com.ar\/radioquijano\/wp-json\/wp\/v2\/posts\/2546","targetHints":{"allow":["GET"]}}],"collection":[{"href":"https:\/\/nahuelproducciones.com.ar\/radioquijano\/wp-json\/wp\/v2\/posts"}],"about":[{"href":"https:\/\/nahuelproducciones.com.ar\/radioquijano\/wp-json\/wp\/v2\/types\/post"}],"author":[{"embeddable":true,"href":"https:\/\/nahuelproducciones.com.ar\/radioquijano\/wp-json\/wp\/v2\/users\/8"}],"replies":[{"embeddable":true,"href":"https:\/\/nahuelproducciones.com.ar\/radioquijano\/wp-json\/wp\/v2\/comments?post=2546"}],"version-history":[{"count":4,"href":"https:\/\/nahuelproducciones.com.ar\/radioquijano\/wp-json\/wp\/v2\/posts\/2546\/revisions"}],"predecessor-version":[{"id":2563,"href":"https:\/\/nahuelproducciones.com.ar\/radioquijano\/wp-json\/wp\/v2\/posts\/2546\/revisions\/2563"}],"wp:featuredmedia":[{"embeddable":true,"href":"https:\/\/nahuelproducciones.com.ar\/radioquijano\/wp-json\/wp\/v2\/media\/2558"}],"wp:attachment":[{"href":"https:\/\/nahuelproducciones.com.ar\/radioquijano\/wp-json\/wp\/v2\/media?parent=2546"}],"wp:term":[{"taxonomy":"category","embeddable":true,"href":"https:\/\/nahuelproducciones.com.ar\/radioquijano\/wp-json\/wp\/v2\/categories?post=2546"},{"taxonomy":"post_tag","embeddable":true,"href":"https:\/\/nahuelproducciones.com.ar\/radioquijano\/wp-json\/wp\/v2\/tags?post=2546"}],"curies":[{"name":"wp","href":"https:\/\/api.w.org\/{rel}","templated":true}]}}