{"id":2582,"date":"2022-05-10T00:54:36","date_gmt":"2022-05-10T03:54:36","guid":{"rendered":"https:\/\/nahuelproducciones.com.ar\/radioquijano\/?p=2582"},"modified":"2022-05-10T09:32:46","modified_gmt":"2022-05-10T12:32:46","slug":"piden-transito-mas-seguro-en-zona-de-las-escuelas-de-campo-quijano","status":"publish","type":"post","link":"https:\/\/nahuelproducciones.com.ar\/radioquijano\/piden-transito-mas-seguro-en-zona-de-las-escuelas-de-campo-quijano\/","title":{"rendered":"Piden tr\u00e1nsito m\u00e1s seguro en zona de las escuelas de Campo Quijano."},"content":{"rendered":"\n<p>Silvia V\u00e1squez es referente de varios padres de la Escuela T\u00e9cnica Ing Maury de Campo Quijano, que buscan lograr un tr\u00e1nsito m\u00e1s seguro a la entrada y salida de la instituci\u00f3n , para brindar mayor seguridad a los adolescentes y a toda la comunidad educativa.<\/p>\n\n\n\n<p>V\u00e1squez tiene su hija estudiando en la t\u00e9cnica, pero su preocupaci\u00f3n se extendi\u00f3 a todas las instituciones educativas que ven la ausencia del personal de tr\u00e1nsito y piden con insistencia se reanude el recorrido original del colectivo 6 que viene de Rosario de Lerma que es m\u00e1s directo a cada uno de los centros de estudio.<\/p>\n\n\n\n<p>Despu\u00e9s de la reuni\u00f3n que mantuvo la referente de los padres, con el intendente Carlos Folloni, el director de tr\u00e1nsito el Dr Farf\u00e1n , el director de modernizaci\u00f3n Pablo Nova y el secretario de gobierno Adri\u00e1n Guaymas, obtuvo el compromiso de que avanzar\u00edan con la se\u00f1alizaci\u00f3n, la presencia de personal de tr\u00e1nsito y  de bici polic\u00edas&nbsp;para reordenar el tr\u00e1nsito en el ingreso y salida escola, <\/p>\n\n\n\n<p>Adem\u00e1s se habl\u00f3 de buscar sensibilizar a la comunidad educativa sobre las pautas y conductas preventivas en cuanto a las normas de seguridad vial, por lo cual deber\u00eda concientizar a los distintos niveles educativos.<\/p>\n\n\n\n<p>Estas acciones se enmarcan en el concepto de movilidad segura que contempla a los distintos actores que hacen el tr\u00e1nsito (conductores, peatones y ciclistas), infraestructura, estad\u00edsticas, legislaci\u00f3n, educaci\u00f3n y control.<\/p>\n\n\n\n<p>El jueves y viernes se pudo apreciar al personal de tr\u00e1nsito en las escuelas pero hoy lunes no hab\u00eda, si hab\u00eda en la ruta. La se\u00f1ora Silvia manifest\u00f3 a RQ9.9Mhz que notific\u00f3 de esta situaci\u00f3n al intendente y al mismo director de tr\u00e1nsito.<\/p>\n\n\n\n<figure class=\"wp-block-gallery columns-3 is-cropped wp-block-gallery-1 is-layout-flex wp-block-gallery-is-layout-flex\"><ul class=\"blocks-gallery-grid\"><li class=\"blocks-gallery-item\"><figure><img loading=\"lazy\" decoding=\"async\" width=\"804\" height=\"1024\" src=\"https:\/\/nahuelproducciones.com.ar\/radioquijano\/wp-content\/uploads\/2022\/05\/WhatsApp-Image-2022-05-09-at-9.31.23-AM-804x1024.jpeg\" alt=\"\" data-id=\"2584\" data-link=\"https:\/\/nahuelproducciones.com.ar\/radioquijano\/?attachment_id=2584\" class=\"wp-image-2584\" srcset=\"https:\/\/nahuelproducciones.com.ar\/radioquijano\/wp-content\/uploads\/2022\/05\/WhatsApp-Image-2022-05-09-at-9.31.23-AM-804x1024.jpeg 804w, https:\/\/nahuelproducciones.com.ar\/radioquijano\/wp-content\/uploads\/2022\/05\/WhatsApp-Image-2022-05-09-at-9.31.23-AM-236x300.jpeg 236w, https:\/\/nahuelproducciones.com.ar\/radioquijano\/wp-content\/uploads\/2022\/05\/WhatsApp-Image-2022-05-09-at-9.31.23-AM-768x978.jpeg 768w, https:\/\/nahuelproducciones.com.ar\/radioquijano\/wp-content\/uploads\/2022\/05\/WhatsApp-Image-2022-05-09-at-9.31.23-AM-150x191.jpeg 150w, https:\/\/nahuelproducciones.com.ar\/radioquijano\/wp-content\/uploads\/2022\/05\/WhatsApp-Image-2022-05-09-at-9.31.23-AM.jpeg 1005w\" sizes=\"auto, (max-width: 804px) 100vw, 804px\" \/><\/figure><\/li><li class=\"blocks-gallery-item\"><figure><img loading=\"lazy\" decoding=\"async\" width=\"1024\" height=\"768\" src=\"https:\/\/nahuelproducciones.com.ar\/radioquijano\/wp-content\/uploads\/2022\/05\/WhatsApp-Image-2022-05-09-at-8.21.02-AM-1024x768.jpeg\" alt=\"\" data-id=\"2585\" data-link=\"https:\/\/nahuelproducciones.com.ar\/radioquijano\/?attachment_id=2585\" class=\"wp-image-2585\" srcset=\"https:\/\/nahuelproducciones.com.ar\/radioquijano\/wp-content\/uploads\/2022\/05\/WhatsApp-Image-2022-05-09-at-8.21.02-AM-1024x768.jpeg 1024w, https:\/\/nahuelproducciones.com.ar\/radioquijano\/wp-content\/uploads\/2022\/05\/WhatsApp-Image-2022-05-09-at-8.21.02-AM-300x225.jpeg 300w, https:\/\/nahuelproducciones.com.ar\/radioquijano\/wp-content\/uploads\/2022\/05\/WhatsApp-Image-2022-05-09-at-8.21.02-AM-768x576.jpeg 768w, https:\/\/nahuelproducciones.com.ar\/radioquijano\/wp-content\/uploads\/2022\/05\/WhatsApp-Image-2022-05-09-at-8.21.02-AM-1536x1152.jpeg 1536w, https:\/\/nahuelproducciones.com.ar\/radioquijano\/wp-content\/uploads\/2022\/05\/WhatsApp-Image-2022-05-09-at-8.21.02-AM-150x113.jpeg 150w, https:\/\/nahuelproducciones.com.ar\/radioquijano\/wp-content\/uploads\/2022\/05\/WhatsApp-Image-2022-05-09-at-8.21.02-AM.jpeg 1600w\" sizes=\"auto, (max-width: 1024px) 100vw, 1024px\" \/><\/figure><\/li><li class=\"blocks-gallery-item\"><figure><img loading=\"lazy\" decoding=\"async\" width=\"768\" height=\"1024\" src=\"https:\/\/nahuelproducciones.com.ar\/radioquijano\/wp-content\/uploads\/2022\/05\/WhatsApp-Image-2022-05-09-at-8.21.00-AM-1-1-768x1024.jpeg\" alt=\"\" data-id=\"2588\" data-full-url=\"https:\/\/nahuelproducciones.com.ar\/radioquijano\/wp-content\/uploads\/2022\/05\/WhatsApp-Image-2022-05-09-at-8.21.00-AM-1-1.jpeg\" data-link=\"https:\/\/nahuelproducciones.com.ar\/radioquijano\/?attachment_id=2588\" class=\"wp-image-2588\" srcset=\"https:\/\/nahuelproducciones.com.ar\/radioquijano\/wp-content\/uploads\/2022\/05\/WhatsApp-Image-2022-05-09-at-8.21.00-AM-1-1-768x1024.jpeg 768w, https:\/\/nahuelproducciones.com.ar\/radioquijano\/wp-content\/uploads\/2022\/05\/WhatsApp-Image-2022-05-09-at-8.21.00-AM-1-1-225x300.jpeg 225w, https:\/\/nahuelproducciones.com.ar\/radioquijano\/wp-content\/uploads\/2022\/05\/WhatsApp-Image-2022-05-09-at-8.21.00-AM-1-1-1152x1536.jpeg 1152w, https:\/\/nahuelproducciones.com.ar\/radioquijano\/wp-content\/uploads\/2022\/05\/WhatsApp-Image-2022-05-09-at-8.21.00-AM-1-1-640x853.jpeg 640w, https:\/\/nahuelproducciones.com.ar\/radioquijano\/wp-content\/uploads\/2022\/05\/WhatsApp-Image-2022-05-09-at-8.21.00-AM-1-1-150x200.jpeg 150w, https:\/\/nahuelproducciones.com.ar\/radioquijano\/wp-content\/uploads\/2022\/05\/WhatsApp-Image-2022-05-09-at-8.21.00-AM-1-1.jpeg 1200w\" sizes=\"auto, (max-width: 768px) 100vw, 768px\" \/><\/figure><\/li><li class=\"blocks-gallery-item\"><figure><img loading=\"lazy\" decoding=\"async\" width=\"768\" height=\"1024\" src=\"https:\/\/nahuelproducciones.com.ar\/radioquijano\/wp-content\/uploads\/2022\/05\/WhatsApp-Image-2022-05-09-at-8.21.01-AM-768x1024.jpeg\" alt=\"\" data-id=\"2586\" data-link=\"https:\/\/nahuelproducciones.com.ar\/radioquijano\/?attachment_id=2586\" class=\"wp-image-2586\" srcset=\"https:\/\/nahuelproducciones.com.ar\/radioquijano\/wp-content\/uploads\/2022\/05\/WhatsApp-Image-2022-05-09-at-8.21.01-AM-768x1024.jpeg 768w, https:\/\/nahuelproducciones.com.ar\/radioquijano\/wp-content\/uploads\/2022\/05\/WhatsApp-Image-2022-05-09-at-8.21.01-AM-225x300.jpeg 225w, https:\/\/nahuelproducciones.com.ar\/radioquijano\/wp-content\/uploads\/2022\/05\/WhatsApp-Image-2022-05-09-at-8.21.01-AM-1152x1536.jpeg 1152w, https:\/\/nahuelproducciones.com.ar\/radioquijano\/wp-content\/uploads\/2022\/05\/WhatsApp-Image-2022-05-09-at-8.21.01-AM-640x853.jpeg 640w, https:\/\/nahuelproducciones.com.ar\/radioquijano\/wp-content\/uploads\/2022\/05\/WhatsApp-Image-2022-05-09-at-8.21.01-AM-150x200.jpeg 150w, https:\/\/nahuelproducciones.com.ar\/radioquijano\/wp-content\/uploads\/2022\/05\/WhatsApp-Image-2022-05-09-at-8.21.01-AM.jpeg 1200w\" sizes=\"auto, (max-width: 768px) 100vw, 768px\" \/><\/figure><\/li><li class=\"blocks-gallery-item\"><figure><img loading=\"lazy\" decoding=\"async\" width=\"1024\" height=\"768\" src=\"https:\/\/nahuelproducciones.com.ar\/radioquijano\/wp-content\/uploads\/2022\/05\/WhatsApp-Image-2022-05-09-at-8.21.00-AM-1-1024x768.jpeg\" alt=\"\" data-id=\"2587\" data-link=\"https:\/\/nahuelproducciones.com.ar\/radioquijano\/?attachment_id=2587\" class=\"wp-image-2587\" srcset=\"https:\/\/nahuelproducciones.com.ar\/radioquijano\/wp-content\/uploads\/2022\/05\/WhatsApp-Image-2022-05-09-at-8.21.00-AM-1-1024x768.jpeg 1024w, https:\/\/nahuelproducciones.com.ar\/radioquijano\/wp-content\/uploads\/2022\/05\/WhatsApp-Image-2022-05-09-at-8.21.00-AM-1-300x225.jpeg 300w, https:\/\/nahuelproducciones.com.ar\/radioquijano\/wp-content\/uploads\/2022\/05\/WhatsApp-Image-2022-05-09-at-8.21.00-AM-1-768x576.jpeg 768w, https:\/\/nahuelproducciones.com.ar\/radioquijano\/wp-content\/uploads\/2022\/05\/WhatsApp-Image-2022-05-09-at-8.21.00-AM-1-1536x1152.jpeg 1536w, https:\/\/nahuelproducciones.com.ar\/radioquijano\/wp-content\/uploads\/2022\/05\/WhatsApp-Image-2022-05-09-at-8.21.00-AM-1-150x113.jpeg 150w, https:\/\/nahuelproducciones.com.ar\/radioquijano\/wp-content\/uploads\/2022\/05\/WhatsApp-Image-2022-05-09-at-8.21.00-AM-1.jpeg 1600w\" sizes=\"auto, (max-width: 1024px) 100vw, 1024px\" \/><\/figure><\/li><\/ul><\/figure>\n\n\n\n<p><a href=\"https:\/\/nahuelproducciones.com.ar\/index.php\/rq999\" target=\"_blank\" rel=\"noreferrer noopener\">#RQ99.9Mhz <\/a> <a href=\"https:\/\/nahuelproducciones.com.ar\/\"> campo quijano<\/a><\/p>\n","protected":false},"excerpt":{"rendered":"<p>Silvia V\u00e1squez es referente de varios padres de la Escuela T\u00e9cnica Ing Maury de Campo Quijano, que buscan lograr un tr\u00e1nsito m\u00e1s seguro a la entrada y salida de la instituci\u00f3n , para brindar mayor seguridad a los adolescentes y a toda la comunidad educativa. V\u00e1squez tiene su hija estudiando en la t\u00e9cnica, pero su [&hellip;]<\/p>\n","protected":false},"author":8,"featured_media":2583,"comment_status":"open","ping_status":"open","sticky":false,"template":"","format":"standard","meta":{"_monsterinsights_skip_tracking":false,"_monsterinsights_sitenote_active":false,"_monsterinsights_sitenote_note":"","_monsterinsights_sitenote_category":0,"footnotes":""},"categories":[2,16],"tags":[],"class_list":["post-2582","post","type-post","status-publish","format-standard","has-post-thumbnail","hentry","category-cultura","category-noticias"],"yoast_head":"<!-- This site is optimized with the Yoast SEO plugin v20.8 - https:\/\/yoast.com\/wordpress\/plugins\/seo\/ -->\n<title>Piden tr\u00e1nsito m\u00e1s seguro en zona de las escuelas de Campo Quijano. - RQ 99.9<\/title>\n<meta name=\"description\" content=\"El jueves y viernes se pudo apreciar al personal de tr\u00e1nsito en las escuelas pero hoy lunes no hab\u00eda, si hab\u00eda en la ruta.\" \/>\n<meta name=\"robots\" content=\"index, follow, max-snippet:-1, max-image-preview:large, max-video-preview:-1\" \/>\n<link rel=\"canonical\" href=\"https:\/\/nahuelproducciones.com.ar\/radioquijano\/piden-transito-mas-seguro-en-zona-de-las-escuelas-de-campo-quijano\/\" \/>\n<meta property=\"og:locale\" content=\"es_ES\" \/>\n<meta property=\"og:type\" content=\"article\" \/>\n<meta property=\"og:title\" content=\"Piden tr\u00e1nsito m\u00e1s seguro en zona de las escuelas de Campo Quijano. - RQ 99.9\" \/>\n<meta property=\"og:description\" content=\"El jueves y viernes se pudo apreciar al personal de tr\u00e1nsito en las escuelas pero hoy lunes no hab\u00eda, si hab\u00eda en la ruta.\" \/>\n<meta property=\"og:url\" content=\"https:\/\/nahuelproducciones.com.ar\/radioquijano\/piden-transito-mas-seguro-en-zona-de-las-escuelas-de-campo-quijano\/\" \/>\n<meta property=\"og:site_name\" content=\"RQ 99.9\" \/>\n<meta property=\"article:publisher\" content=\"https:\/\/www.facebook.com\/nahuelproducciones999\/\" \/>\n<meta property=\"article:published_time\" content=\"2022-05-10T03:54:36+00:00\" \/>\n<meta property=\"article:modified_time\" content=\"2022-05-10T12:32:46+00:00\" \/>\n<meta property=\"og:image\" content=\"https:\/\/nahuelproducciones.com.ar\/radioquijano\/wp-content\/uploads\/2022\/05\/WhatsApp-Image-2022-05-09-at-8.21.00-AM-e1652154397289.jpeg\" \/>\n\t<meta property=\"og:image:width\" content=\"600\" \/>\n\t<meta property=\"og:image:height\" content=\"450\" \/>\n\t<meta property=\"og:image:type\" content=\"image\/jpeg\" \/>\n<meta name=\"author\" content=\"Cecilia Pastrana\" \/>\n<meta name=\"twitter:card\" content=\"summary_large_image\" \/>\n<meta name=\"twitter:creator\" content=\"@nahuproduciones\" \/>\n<meta name=\"twitter:site\" content=\"@nahuproduciones\" \/>\n<meta name=\"twitter:label1\" content=\"Escrito por\" \/>\n\t<meta name=\"twitter:data1\" content=\"Cecilia Pastrana\" \/>\n\t<meta name=\"twitter:label2\" content=\"Tiempo de lectura\" \/>\n\t<meta name=\"twitter:data2\" content=\"3 minutos\" \/>\n<script type=\"application\/ld+json\" class=\"yoast-schema-graph\">{\"@context\":\"https:\/\/schema.org\",\"@graph\":[{\"@type\":\"WebPage\",\"@id\":\"https:\/\/nahuelproducciones.com.ar\/radioquijano\/piden-transito-mas-seguro-en-zona-de-las-escuelas-de-campo-quijano\/\",\"url\":\"https:\/\/nahuelproducciones.com.ar\/radioquijano\/piden-transito-mas-seguro-en-zona-de-las-escuelas-de-campo-quijano\/\",\"name\":\"Piden tr\u00e1nsito m\u00e1s seguro en zona de las escuelas de Campo Quijano. - RQ 99.9\",\"isPartOf\":{\"@id\":\"https:\/\/nahuelproducciones.com.ar\/radioquijano\/#website\"},\"datePublished\":\"2022-05-10T03:54:36+00:00\",\"dateModified\":\"2022-05-10T12:32:46+00:00\",\"author\":{\"@id\":\"https:\/\/nahuelproducciones.com.ar\/radioquijano\/#\/schema\/person\/e8a4f939e2cb487fe6d0c54042c9d32c\"},\"description\":\"El jueves y viernes se pudo apreciar al personal de tr\u00e1nsito en las escuelas pero hoy lunes no hab\u00eda, si hab\u00eda en la ruta.\",\"breadcrumb\":{\"@id\":\"https:\/\/nahuelproducciones.com.ar\/radioquijano\/piden-transito-mas-seguro-en-zona-de-las-escuelas-de-campo-quijano\/#breadcrumb\"},\"inLanguage\":\"es\",\"potentialAction\":[{\"@type\":\"ReadAction\",\"target\":[\"https:\/\/nahuelproducciones.com.ar\/radioquijano\/piden-transito-mas-seguro-en-zona-de-las-escuelas-de-campo-quijano\/\"]}]},{\"@type\":\"BreadcrumbList\",\"@id\":\"https:\/\/nahuelproducciones.com.ar\/radioquijano\/piden-transito-mas-seguro-en-zona-de-las-escuelas-de-campo-quijano\/#breadcrumb\",\"itemListElement\":[{\"@type\":\"ListItem\",\"position\":1,\"name\":\"Portada\",\"item\":\"https:\/\/nahuelproducciones.com.ar\/radioquijano\/\"},{\"@type\":\"ListItem\",\"position\":2,\"name\":\"Piden tr\u00e1nsito m\u00e1s seguro en zona de las escuelas de Campo Quijano.\"}]},{\"@type\":\"WebSite\",\"@id\":\"https:\/\/nahuelproducciones.com.ar\/radioquijano\/#website\",\"url\":\"https:\/\/nahuelproducciones.com.ar\/radioquijano\/\",\"name\":\"RQ 99.9\",\"description\":\"Radio Quijano 99.9 MHz\",\"potentialAction\":[{\"@type\":\"SearchAction\",\"target\":{\"@type\":\"EntryPoint\",\"urlTemplate\":\"https:\/\/nahuelproducciones.com.ar\/radioquijano\/?s={search_term_string}\"},\"query-input\":\"required name=search_term_string\"}],\"inLanguage\":\"es\"},{\"@type\":\"Person\",\"@id\":\"https:\/\/nahuelproducciones.com.ar\/radioquijano\/#\/schema\/person\/e8a4f939e2cb487fe6d0c54042c9d32c\",\"name\":\"Cecilia Pastrana\",\"image\":{\"@type\":\"ImageObject\",\"inLanguage\":\"es\",\"@id\":\"https:\/\/nahuelproducciones.com.ar\/radioquijano\/#\/schema\/person\/image\/\",\"url\":\"https:\/\/secure.gravatar.com\/avatar\/661a3ef63a8488d4f2794ed44af8cf71420f7e106f3072c40125114df5157749?s=96&d=mm&r=g\",\"contentUrl\":\"https:\/\/secure.gravatar.com\/avatar\/661a3ef63a8488d4f2794ed44af8cf71420f7e106f3072c40125114df5157749?s=96&d=mm&r=g\",\"caption\":\"Cecilia Pastrana\"},\"sameAs\":[\"cecy\"],\"url\":\"https:\/\/nahuelproducciones.com.ar\/radioquijano\/author\/cecy\/\"}]}<\/script>\n<!-- \/ Yoast SEO plugin. -->","yoast_head_json":{"title":"Piden tr\u00e1nsito m\u00e1s seguro en zona de las escuelas de Campo Quijano. - RQ 99.9","description":"El jueves y viernes se pudo apreciar al personal de tr\u00e1nsito en las escuelas pero hoy lunes no hab\u00eda, si hab\u00eda en la ruta.","robots":{"index":"index","follow":"follow","max-snippet":"max-snippet:-1","max-image-preview":"max-image-preview:large","max-video-preview":"max-video-preview:-1"},"canonical":"https:\/\/nahuelproducciones.com.ar\/radioquijano\/piden-transito-mas-seguro-en-zona-de-las-escuelas-de-campo-quijano\/","og_locale":"es_ES","og_type":"article","og_title":"Piden tr\u00e1nsito m\u00e1s seguro en zona de las escuelas de Campo Quijano. - RQ 99.9","og_description":"El jueves y viernes se pudo apreciar al personal de tr\u00e1nsito en las escuelas pero hoy lunes no hab\u00eda, si hab\u00eda en la ruta.","og_url":"https:\/\/nahuelproducciones.com.ar\/radioquijano\/piden-transito-mas-seguro-en-zona-de-las-escuelas-de-campo-quijano\/","og_site_name":"RQ 99.9","article_publisher":"https:\/\/www.facebook.com\/nahuelproducciones999\/","article_published_time":"2022-05-10T03:54:36+00:00","article_modified_time":"2022-05-10T12:32:46+00:00","og_image":[{"width":600,"height":450,"url":"https:\/\/nahuelproducciones.com.ar\/radioquijano\/wp-content\/uploads\/2022\/05\/WhatsApp-Image-2022-05-09-at-8.21.00-AM-e1652154397289.jpeg","type":"image\/jpeg"}],"author":"Cecilia Pastrana","twitter_card":"summary_large_image","twitter_creator":"@nahuproduciones","twitter_site":"@nahuproduciones","twitter_misc":{"Escrito por":"Cecilia Pastrana","Tiempo de lectura":"3 minutos"},"schema":{"@context":"https:\/\/schema.org","@graph":[{"@type":"WebPage","@id":"https:\/\/nahuelproducciones.com.ar\/radioquijano\/piden-transito-mas-seguro-en-zona-de-las-escuelas-de-campo-quijano\/","url":"https:\/\/nahuelproducciones.com.ar\/radioquijano\/piden-transito-mas-seguro-en-zona-de-las-escuelas-de-campo-quijano\/","name":"Piden tr\u00e1nsito m\u00e1s seguro en zona de las escuelas de Campo Quijano. - RQ 99.9","isPartOf":{"@id":"https:\/\/nahuelproducciones.com.ar\/radioquijano\/#website"},"datePublished":"2022-05-10T03:54:36+00:00","dateModified":"2022-05-10T12:32:46+00:00","author":{"@id":"https:\/\/nahuelproducciones.com.ar\/radioquijano\/#\/schema\/person\/e8a4f939e2cb487fe6d0c54042c9d32c"},"description":"El jueves y viernes se pudo apreciar al personal de tr\u00e1nsito en las escuelas pero hoy lunes no hab\u00eda, si hab\u00eda en la ruta.","breadcrumb":{"@id":"https:\/\/nahuelproducciones.com.ar\/radioquijano\/piden-transito-mas-seguro-en-zona-de-las-escuelas-de-campo-quijano\/#breadcrumb"},"inLanguage":"es","potentialAction":[{"@type":"ReadAction","target":["https:\/\/nahuelproducciones.com.ar\/radioquijano\/piden-transito-mas-seguro-en-zona-de-las-escuelas-de-campo-quijano\/"]}]},{"@type":"BreadcrumbList","@id":"https:\/\/nahuelproducciones.com.ar\/radioquijano\/piden-transito-mas-seguro-en-zona-de-las-escuelas-de-campo-quijano\/#breadcrumb","itemListElement":[{"@type":"ListItem","position":1,"name":"Portada","item":"https:\/\/nahuelproducciones.com.ar\/radioquijano\/"},{"@type":"ListItem","position":2,"name":"Piden tr\u00e1nsito m\u00e1s seguro en zona de las escuelas de Campo Quijano."}]},{"@type":"WebSite","@id":"https:\/\/nahuelproducciones.com.ar\/radioquijano\/#website","url":"https:\/\/nahuelproducciones.com.ar\/radioquijano\/","name":"RQ 99.9","description":"Radio Quijano 99.9 MHz","potentialAction":[{"@type":"SearchAction","target":{"@type":"EntryPoint","urlTemplate":"https:\/\/nahuelproducciones.com.ar\/radioquijano\/?s={search_term_string}"},"query-input":"required name=search_term_string"}],"inLanguage":"es"},{"@type":"Person","@id":"https:\/\/nahuelproducciones.com.ar\/radioquijano\/#\/schema\/person\/e8a4f939e2cb487fe6d0c54042c9d32c","name":"Cecilia Pastrana","image":{"@type":"ImageObject","inLanguage":"es","@id":"https:\/\/nahuelproducciones.com.ar\/radioquijano\/#\/schema\/person\/image\/","url":"https:\/\/secure.gravatar.com\/avatar\/661a3ef63a8488d4f2794ed44af8cf71420f7e106f3072c40125114df5157749?s=96&d=mm&r=g","contentUrl":"https:\/\/secure.gravatar.com\/avatar\/661a3ef63a8488d4f2794ed44af8cf71420f7e106f3072c40125114df5157749?s=96&d=mm&r=g","caption":"Cecilia Pastrana"},"sameAs":["cecy"],"url":"https:\/\/nahuelproducciones.com.ar\/radioquijano\/author\/cecy\/"}]}},"_links":{"self":[{"href":"https:\/\/nahuelproducciones.com.ar\/radioquijano\/wp-json\/wp\/v2\/posts\/2582","targetHints":{"allow":["GET"]}}],"collection":[{"href":"https:\/\/nahuelproducciones.com.ar\/radioquijano\/wp-json\/wp\/v2\/posts"}],"about":[{"href":"https:\/\/nahuelproducciones.com.ar\/radioquijano\/wp-json\/wp\/v2\/types\/post"}],"author":[{"embeddable":true,"href":"https:\/\/nahuelproducciones.com.ar\/radioquijano\/wp-json\/wp\/v2\/users\/8"}],"replies":[{"embeddable":true,"href":"https:\/\/nahuelproducciones.com.ar\/radioquijano\/wp-json\/wp\/v2\/comments?post=2582"}],"version-history":[{"count":3,"href":"https:\/\/nahuelproducciones.com.ar\/radioquijano\/wp-json\/wp\/v2\/posts\/2582\/revisions"}],"predecessor-version":[{"id":2598,"href":"https:\/\/nahuelproducciones.com.ar\/radioquijano\/wp-json\/wp\/v2\/posts\/2582\/revisions\/2598"}],"wp:featuredmedia":[{"embeddable":true,"href":"https:\/\/nahuelproducciones.com.ar\/radioquijano\/wp-json\/wp\/v2\/media\/2583"}],"wp:attachment":[{"href":"https:\/\/nahuelproducciones.com.ar\/radioquijano\/wp-json\/wp\/v2\/media?parent=2582"}],"wp:term":[{"taxonomy":"category","embeddable":true,"href":"https:\/\/nahuelproducciones.com.ar\/radioquijano\/wp-json\/wp\/v2\/categories?post=2582"},{"taxonomy":"post_tag","embeddable":true,"href":"https:\/\/nahuelproducciones.com.ar\/radioquijano\/wp-json\/wp\/v2\/tags?post=2582"}],"curies":[{"name":"wp","href":"https:\/\/api.w.org\/{rel}","templated":true}]}}