{"id":2617,"date":"2022-05-17T01:28:43","date_gmt":"2022-05-17T04:28:43","guid":{"rendered":"https:\/\/nahuelproducciones.com.ar\/radioquijano\/?p=2617"},"modified":"2022-05-17T01:28:44","modified_gmt":"2022-05-17T04:28:44","slug":"reconocernos-y-reconocer-a-vecinos-en-los-spots-publicitarios-del-censo-2022","status":"publish","type":"post","link":"https:\/\/nahuelproducciones.com.ar\/radioquijano\/reconocernos-y-reconocer-a-vecinos-en-los-spots-publicitarios-del-censo-2022\/","title":{"rendered":"\u00abReconocernos\u00bb y reconocer a vecinos en los spots publicitarios del Censo 2022."},"content":{"rendered":"\n<p>Llega el Censo 2022. Llega el momento de reconocernos por nuestro hogar y por nuestra familia.<\/p>\n\n\n\n<p>El Censo abre espacios de reconocimiento a  una sociedad multi\u00e9tnica, pluricultural y con m\u00faltiples identidades.<\/p>\n\n\n\n<p>En Campo Quijano descubrimos rostros de vecinos que participaron en los <em>Spot<\/em>s publicitarios y charlamos con Mabel Vildoza que nos cont\u00f3 esta experiencia y muchas cositas mas, despues de un a\u00f1o muy particular, tras ser aplazado el Censo dos a\u00f1os por la pandemia del\u00a0coronavirus.<\/p>\n\n\n\n<p>Mabel y Luis su esposo son los protagonistas en varias historias que  cuentan que\u00bb \u00a1Cada vez falta menos para que nos volvamos a\u00a0<strong>reconocer<\/strong>!\u00bb, \u00abpara reconocernos por lo que nos une\u00bb.<\/p>\n\n\n\n<p>Las im\u00e1genes fueron tomadas en su domicilio que es \u00ab<a href=\"https:\/\/www.facebook.com\/GladysMabelVildoza\">La Caba\u00f1a de Don Luis &#8211; Hospedaje en Campo Quijano<\/a>\u00abun lugar ideal para pasar unos d\u00edas de descanso y con un paisaje precordillerano.<\/p>\n\n\n\n<p>En el recorrido de los minutos de los spots podemos RECONOCER a Trinidad y Antonella que con su mam\u00e1 Roc\u00edo Rodr\u00edguez, tambi\u00e9n de Campo Quijano,  nos recuerdan que llega el #Censo2022 para saber cu\u00e1ntos y c\u00f3mo somos,  c\u00f3mo vivimos y  c\u00f3mo tenemos que hacer el autocenso.<\/p>\n\n\n\n<p>Es la primera vez en la historia, que el cuestionario estuvo disponible para la poblaci\u00f3n a trav\u00e9s del Censo digital, para  ser completado\u00a0<strong>desde el mi\u00e9rcoles 16 de marzo hasta el mi\u00e9rcoles 18 de mayo de 2022<\/strong> a las 08:00 hs\u00a0inclusive, a trav\u00e9s de cualquier dispositivo con acceso a Internet.<\/p>\n\n\n\n<p>El <strong>mi\u00e9rcoles 18 de mayo, entre las 8:00 y las 18:00 se realizar\u00e1 el operativo censal tradicional en el que los\/as censistas visitar\u00e1n las viviendas y  ha sido\u00a0declarado feriado nacional.<\/strong><\/p>\n\n\n\n<p>\u00abReconocernos\u00bb, adem\u00e1s de ser el slogan, es el esp\u00edritu del Censo 2022 donde nos permitir\u00e1 reconocernos una vez m\u00e1s.<\/p>\n\n\n\n<p>Seguro si se detienen a observar con atenci\u00f3n, ustedes tambi\u00e9n reconocer\u00e1n a sus conocidos.<\/p>\n\n\n\n<figure class=\"wp-block-audio\"><audio controls src=\"https:\/\/nahuelproducciones.com.ar\/radioquijano\/wp-content\/uploads\/2022\/05\/11-05-2022-MABEL-Y-EL-CENSO-2022.mp3\"><\/audio><\/figure>\n\n\n\n<div class=\"wp-block-image\"><figure class=\"aligncenter size-full is-resized\"><img loading=\"lazy\" decoding=\"async\" src=\"https:\/\/nahuelproducciones.com.ar\/radioquijano\/wp-content\/uploads\/2022\/05\/WhatsApp-Image-2022-05-17-at-12.30.24-AM.jpeg\" alt=\"\" class=\"wp-image-2624\" width=\"795\" height=\"451\" srcset=\"https:\/\/nahuelproducciones.com.ar\/radioquijano\/wp-content\/uploads\/2022\/05\/WhatsApp-Image-2022-05-17-at-12.30.24-AM.jpeg 795w, https:\/\/nahuelproducciones.com.ar\/radioquijano\/wp-content\/uploads\/2022\/05\/WhatsApp-Image-2022-05-17-at-12.30.24-AM-300x170.jpeg 300w, https:\/\/nahuelproducciones.com.ar\/radioquijano\/wp-content\/uploads\/2022\/05\/WhatsApp-Image-2022-05-17-at-12.30.24-AM-768x436.jpeg 768w, https:\/\/nahuelproducciones.com.ar\/radioquijano\/wp-content\/uploads\/2022\/05\/WhatsApp-Image-2022-05-17-at-12.30.24-AM-150x85.jpeg 150w\" sizes=\"auto, (max-width: 795px) 100vw, 795px\" \/><\/figure><\/div>\n\n\n\n<p><a href=\"https:\/\/nahuelproducciones.com.ar\/index.php\/rq999\">#RQ99.9Mhz<\/a>  <a href=\"https:\/\/nahuelproducciones.com.ar\/\" target=\"_blank\" rel=\"noreferrer noopener\">CAMPOQUIJANO<\/a><\/p>\n\n\n\n<p><\/p>\n","protected":false},"excerpt":{"rendered":"<p>Llega el Censo 2022. Llega el momento de reconocernos por nuestro hogar y por nuestra familia. El Censo abre espacios de reconocimiento a una sociedad multi\u00e9tnica, pluricultural y con m\u00faltiples identidades. En Campo Quijano descubrimos rostros de vecinos que participaron en los Spots publicitarios y charlamos con Mabel Vildoza que nos cont\u00f3 esta experiencia y [&hellip;]<\/p>\n","protected":false},"author":8,"featured_media":2623,"comment_status":"open","ping_status":"open","sticky":false,"template":"","format":"standard","meta":{"_monsterinsights_skip_tracking":false,"_monsterinsights_sitenote_active":false,"_monsterinsights_sitenote_note":"","_monsterinsights_sitenote_category":0,"footnotes":""},"categories":[8,16],"tags":[467,36,464,465,469,468,466],"class_list":["post-2617","post","type-post","status-publish","format-standard","has-post-thumbnail","hentry","category-blog-de-sapito","category-noticias","tag-antonella","tag-campo-quijano","tag-censo2022","tag-la-cabana-de-don-luis-hospedaje-en-campo-quijano","tag-reconocernos","tag-rocio-rodriguez","tag-trinidad"],"yoast_head":"<!-- This site is optimized with the Yoast SEO plugin v20.8 - https:\/\/yoast.com\/wordpress\/plugins\/seo\/ -->\n<title>\u00abReconocernos\u00bb y reconocer a vecinos en los spots publicitarios del Censo 2022. - RQ 99.9<\/title>\n<meta name=\"robots\" content=\"index, follow, max-snippet:-1, max-image-preview:large, max-video-preview:-1\" \/>\n<link rel=\"canonical\" href=\"https:\/\/nahuelproducciones.com.ar\/radioquijano\/reconocernos-y-reconocer-a-vecinos-en-los-spots-publicitarios-del-censo-2022\/\" \/>\n<meta property=\"og:locale\" content=\"es_ES\" \/>\n<meta property=\"og:type\" content=\"article\" \/>\n<meta property=\"og:title\" content=\"\u00abReconocernos\u00bb y reconocer a vecinos en los spots publicitarios del Censo 2022. - RQ 99.9\" \/>\n<meta property=\"og:description\" content=\"Llega el Censo 2022. Llega el momento de reconocernos por nuestro hogar y por nuestra familia. El Censo abre espacios de reconocimiento a una sociedad multi\u00e9tnica, pluricultural y con m\u00faltiples identidades. En Campo Quijano descubrimos rostros de vecinos que participaron en los Spots publicitarios y charlamos con Mabel Vildoza que nos cont\u00f3 esta experiencia y [&hellip;]\" \/>\n<meta property=\"og:url\" content=\"https:\/\/nahuelproducciones.com.ar\/radioquijano\/reconocernos-y-reconocer-a-vecinos-en-los-spots-publicitarios-del-censo-2022\/\" \/>\n<meta property=\"og:site_name\" content=\"RQ 99.9\" \/>\n<meta property=\"article:publisher\" content=\"https:\/\/www.facebook.com\/nahuelproducciones999\/\" \/>\n<meta property=\"article:published_time\" content=\"2022-05-17T04:28:43+00:00\" \/>\n<meta property=\"article:modified_time\" content=\"2022-05-17T04:28:44+00:00\" \/>\n<meta property=\"og:image\" content=\"https:\/\/nahuelproducciones.com.ar\/radioquijano\/wp-content\/uploads\/2022\/05\/WhatsApp-Image-2022-05-17-at-12.31.29-AM.jpeg\" \/>\n\t<meta property=\"og:image:width\" content=\"700\" \/>\n\t<meta property=\"og:image:height\" content=\"350\" \/>\n\t<meta property=\"og:image:type\" content=\"image\/jpeg\" \/>\n<meta name=\"author\" content=\"Cecilia Pastrana\" \/>\n<meta name=\"twitter:card\" content=\"summary_large_image\" \/>\n<meta name=\"twitter:creator\" content=\"@nahuproduciones\" \/>\n<meta name=\"twitter:site\" content=\"@nahuproduciones\" \/>\n<meta name=\"twitter:label1\" content=\"Escrito por\" \/>\n\t<meta name=\"twitter:data1\" content=\"Cecilia Pastrana\" \/>\n\t<meta name=\"twitter:label2\" content=\"Tiempo de lectura\" \/>\n\t<meta name=\"twitter:data2\" content=\"2 minutos\" \/>\n<script type=\"application\/ld+json\" class=\"yoast-schema-graph\">{\"@context\":\"https:\/\/schema.org\",\"@graph\":[{\"@type\":\"WebPage\",\"@id\":\"https:\/\/nahuelproducciones.com.ar\/radioquijano\/reconocernos-y-reconocer-a-vecinos-en-los-spots-publicitarios-del-censo-2022\/\",\"url\":\"https:\/\/nahuelproducciones.com.ar\/radioquijano\/reconocernos-y-reconocer-a-vecinos-en-los-spots-publicitarios-del-censo-2022\/\",\"name\":\"\u00abReconocernos\u00bb y reconocer a vecinos en los spots publicitarios del Censo 2022. - RQ 99.9\",\"isPartOf\":{\"@id\":\"https:\/\/nahuelproducciones.com.ar\/radioquijano\/#website\"},\"datePublished\":\"2022-05-17T04:28:43+00:00\",\"dateModified\":\"2022-05-17T04:28:44+00:00\",\"author\":{\"@id\":\"https:\/\/nahuelproducciones.com.ar\/radioquijano\/#\/schema\/person\/e8a4f939e2cb487fe6d0c54042c9d32c\"},\"breadcrumb\":{\"@id\":\"https:\/\/nahuelproducciones.com.ar\/radioquijano\/reconocernos-y-reconocer-a-vecinos-en-los-spots-publicitarios-del-censo-2022\/#breadcrumb\"},\"inLanguage\":\"es\",\"potentialAction\":[{\"@type\":\"ReadAction\",\"target\":[\"https:\/\/nahuelproducciones.com.ar\/radioquijano\/reconocernos-y-reconocer-a-vecinos-en-los-spots-publicitarios-del-censo-2022\/\"]}]},{\"@type\":\"BreadcrumbList\",\"@id\":\"https:\/\/nahuelproducciones.com.ar\/radioquijano\/reconocernos-y-reconocer-a-vecinos-en-los-spots-publicitarios-del-censo-2022\/#breadcrumb\",\"itemListElement\":[{\"@type\":\"ListItem\",\"position\":1,\"name\":\"Portada\",\"item\":\"https:\/\/nahuelproducciones.com.ar\/radioquijano\/\"},{\"@type\":\"ListItem\",\"position\":2,\"name\":\"\u00abReconocernos\u00bb y reconocer a vecinos en los spots publicitarios del Censo 2022.\"}]},{\"@type\":\"WebSite\",\"@id\":\"https:\/\/nahuelproducciones.com.ar\/radioquijano\/#website\",\"url\":\"https:\/\/nahuelproducciones.com.ar\/radioquijano\/\",\"name\":\"RQ 99.9\",\"description\":\"Radio Quijano 99.9 MHz\",\"potentialAction\":[{\"@type\":\"SearchAction\",\"target\":{\"@type\":\"EntryPoint\",\"urlTemplate\":\"https:\/\/nahuelproducciones.com.ar\/radioquijano\/?s={search_term_string}\"},\"query-input\":\"required name=search_term_string\"}],\"inLanguage\":\"es\"},{\"@type\":\"Person\",\"@id\":\"https:\/\/nahuelproducciones.com.ar\/radioquijano\/#\/schema\/person\/e8a4f939e2cb487fe6d0c54042c9d32c\",\"name\":\"Cecilia Pastrana\",\"image\":{\"@type\":\"ImageObject\",\"inLanguage\":\"es\",\"@id\":\"https:\/\/nahuelproducciones.com.ar\/radioquijano\/#\/schema\/person\/image\/\",\"url\":\"https:\/\/secure.gravatar.com\/avatar\/661a3ef63a8488d4f2794ed44af8cf71420f7e106f3072c40125114df5157749?s=96&d=mm&r=g\",\"contentUrl\":\"https:\/\/secure.gravatar.com\/avatar\/661a3ef63a8488d4f2794ed44af8cf71420f7e106f3072c40125114df5157749?s=96&d=mm&r=g\",\"caption\":\"Cecilia Pastrana\"},\"sameAs\":[\"cecy\"],\"url\":\"https:\/\/nahuelproducciones.com.ar\/radioquijano\/author\/cecy\/\"}]}<\/script>\n<!-- \/ Yoast SEO plugin. -->","yoast_head_json":{"title":"\u00abReconocernos\u00bb y reconocer a vecinos en los spots publicitarios del Censo 2022. - RQ 99.9","robots":{"index":"index","follow":"follow","max-snippet":"max-snippet:-1","max-image-preview":"max-image-preview:large","max-video-preview":"max-video-preview:-1"},"canonical":"https:\/\/nahuelproducciones.com.ar\/radioquijano\/reconocernos-y-reconocer-a-vecinos-en-los-spots-publicitarios-del-censo-2022\/","og_locale":"es_ES","og_type":"article","og_title":"\u00abReconocernos\u00bb y reconocer a vecinos en los spots publicitarios del Censo 2022. - RQ 99.9","og_description":"Llega el Censo 2022. Llega el momento de reconocernos por nuestro hogar y por nuestra familia. El Censo abre espacios de reconocimiento a una sociedad multi\u00e9tnica, pluricultural y con m\u00faltiples identidades. En Campo Quijano descubrimos rostros de vecinos que participaron en los Spots publicitarios y charlamos con Mabel Vildoza que nos cont\u00f3 esta experiencia y [&hellip;]","og_url":"https:\/\/nahuelproducciones.com.ar\/radioquijano\/reconocernos-y-reconocer-a-vecinos-en-los-spots-publicitarios-del-censo-2022\/","og_site_name":"RQ 99.9","article_publisher":"https:\/\/www.facebook.com\/nahuelproducciones999\/","article_published_time":"2022-05-17T04:28:43+00:00","article_modified_time":"2022-05-17T04:28:44+00:00","og_image":[{"width":700,"height":350,"url":"https:\/\/nahuelproducciones.com.ar\/radioquijano\/wp-content\/uploads\/2022\/05\/WhatsApp-Image-2022-05-17-at-12.31.29-AM.jpeg","type":"image\/jpeg"}],"author":"Cecilia Pastrana","twitter_card":"summary_large_image","twitter_creator":"@nahuproduciones","twitter_site":"@nahuproduciones","twitter_misc":{"Escrito por":"Cecilia Pastrana","Tiempo de lectura":"2 minutos"},"schema":{"@context":"https:\/\/schema.org","@graph":[{"@type":"WebPage","@id":"https:\/\/nahuelproducciones.com.ar\/radioquijano\/reconocernos-y-reconocer-a-vecinos-en-los-spots-publicitarios-del-censo-2022\/","url":"https:\/\/nahuelproducciones.com.ar\/radioquijano\/reconocernos-y-reconocer-a-vecinos-en-los-spots-publicitarios-del-censo-2022\/","name":"\u00abReconocernos\u00bb y reconocer a vecinos en los spots publicitarios del Censo 2022. - RQ 99.9","isPartOf":{"@id":"https:\/\/nahuelproducciones.com.ar\/radioquijano\/#website"},"datePublished":"2022-05-17T04:28:43+00:00","dateModified":"2022-05-17T04:28:44+00:00","author":{"@id":"https:\/\/nahuelproducciones.com.ar\/radioquijano\/#\/schema\/person\/e8a4f939e2cb487fe6d0c54042c9d32c"},"breadcrumb":{"@id":"https:\/\/nahuelproducciones.com.ar\/radioquijano\/reconocernos-y-reconocer-a-vecinos-en-los-spots-publicitarios-del-censo-2022\/#breadcrumb"},"inLanguage":"es","potentialAction":[{"@type":"ReadAction","target":["https:\/\/nahuelproducciones.com.ar\/radioquijano\/reconocernos-y-reconocer-a-vecinos-en-los-spots-publicitarios-del-censo-2022\/"]}]},{"@type":"BreadcrumbList","@id":"https:\/\/nahuelproducciones.com.ar\/radioquijano\/reconocernos-y-reconocer-a-vecinos-en-los-spots-publicitarios-del-censo-2022\/#breadcrumb","itemListElement":[{"@type":"ListItem","position":1,"name":"Portada","item":"https:\/\/nahuelproducciones.com.ar\/radioquijano\/"},{"@type":"ListItem","position":2,"name":"\u00abReconocernos\u00bb y reconocer a vecinos en los spots publicitarios del Censo 2022."}]},{"@type":"WebSite","@id":"https:\/\/nahuelproducciones.com.ar\/radioquijano\/#website","url":"https:\/\/nahuelproducciones.com.ar\/radioquijano\/","name":"RQ 99.9","description":"Radio Quijano 99.9 MHz","potentialAction":[{"@type":"SearchAction","target":{"@type":"EntryPoint","urlTemplate":"https:\/\/nahuelproducciones.com.ar\/radioquijano\/?s={search_term_string}"},"query-input":"required name=search_term_string"}],"inLanguage":"es"},{"@type":"Person","@id":"https:\/\/nahuelproducciones.com.ar\/radioquijano\/#\/schema\/person\/e8a4f939e2cb487fe6d0c54042c9d32c","name":"Cecilia Pastrana","image":{"@type":"ImageObject","inLanguage":"es","@id":"https:\/\/nahuelproducciones.com.ar\/radioquijano\/#\/schema\/person\/image\/","url":"https:\/\/secure.gravatar.com\/avatar\/661a3ef63a8488d4f2794ed44af8cf71420f7e106f3072c40125114df5157749?s=96&d=mm&r=g","contentUrl":"https:\/\/secure.gravatar.com\/avatar\/661a3ef63a8488d4f2794ed44af8cf71420f7e106f3072c40125114df5157749?s=96&d=mm&r=g","caption":"Cecilia Pastrana"},"sameAs":["cecy"],"url":"https:\/\/nahuelproducciones.com.ar\/radioquijano\/author\/cecy\/"}]}},"_links":{"self":[{"href":"https:\/\/nahuelproducciones.com.ar\/radioquijano\/wp-json\/wp\/v2\/posts\/2617","targetHints":{"allow":["GET"]}}],"collection":[{"href":"https:\/\/nahuelproducciones.com.ar\/radioquijano\/wp-json\/wp\/v2\/posts"}],"about":[{"href":"https:\/\/nahuelproducciones.com.ar\/radioquijano\/wp-json\/wp\/v2\/types\/post"}],"author":[{"embeddable":true,"href":"https:\/\/nahuelproducciones.com.ar\/radioquijano\/wp-json\/wp\/v2\/users\/8"}],"replies":[{"embeddable":true,"href":"https:\/\/nahuelproducciones.com.ar\/radioquijano\/wp-json\/wp\/v2\/comments?post=2617"}],"version-history":[{"count":4,"href":"https:\/\/nahuelproducciones.com.ar\/radioquijano\/wp-json\/wp\/v2\/posts\/2617\/revisions"}],"predecessor-version":[{"id":2626,"href":"https:\/\/nahuelproducciones.com.ar\/radioquijano\/wp-json\/wp\/v2\/posts\/2617\/revisions\/2626"}],"wp:featuredmedia":[{"embeddable":true,"href":"https:\/\/nahuelproducciones.com.ar\/radioquijano\/wp-json\/wp\/v2\/media\/2623"}],"wp:attachment":[{"href":"https:\/\/nahuelproducciones.com.ar\/radioquijano\/wp-json\/wp\/v2\/media?parent=2617"}],"wp:term":[{"taxonomy":"category","embeddable":true,"href":"https:\/\/nahuelproducciones.com.ar\/radioquijano\/wp-json\/wp\/v2\/categories?post=2617"},{"taxonomy":"post_tag","embeddable":true,"href":"https:\/\/nahuelproducciones.com.ar\/radioquijano\/wp-json\/wp\/v2\/tags?post=2617"}],"curies":[{"name":"wp","href":"https:\/\/api.w.org\/{rel}","templated":true}]}}