{"id":2631,"date":"2022-05-18T01:26:17","date_gmt":"2022-05-18T04:26:17","guid":{"rendered":"https:\/\/nahuelproducciones.com.ar\/radioquijano\/?p=2631"},"modified":"2022-05-18T01:39:00","modified_gmt":"2022-05-18T04:39:00","slug":"censo-2022-que-actividades-estan-permitidas-y-cuales-quedaran-suspendidas-el-18-de-mayo","status":"publish","type":"post","link":"https:\/\/nahuelproducciones.com.ar\/radioquijano\/censo-2022-que-actividades-estan-permitidas-y-cuales-quedaran-suspendidas-el-18-de-mayo\/","title":{"rendered":"Censo 2022: qu\u00e9 actividades est\u00e1n permitidas y cu\u00e1les quedar\u00e1n suspendidas el 18 de mayo"},"content":{"rendered":"\n<p>El 18 de mayo fue declarado feriado nacional por el relevamiento que realizar\u00e1 el INDEC. El objetivo es que todos los argentinos est\u00e9n en sus casas para responder el cuestionario y entregar el formulario online del Censo 2022.<\/p>\n\n\n\n<p>La Ley 24.254, que declar\u00f3 en 1993 como feriado el d\u00eda del Censo, dispone en su art\u00edculo 2\u00b0 que&nbsp;<strong>quedan prohibidas hasta las 20 horas&nbsp;<\/strong>del d\u00eda indicado para la actividad censal:<\/p>\n\n\n\n<ul class=\"wp-block-list\"><li>Las\u00a0<strong>funciones teatrales<\/strong>.<\/li><li><strong>Exhibiciones cinematogr\u00e1ficas<\/strong>.<\/li><li><strong>Competencias deportivas<\/strong>.<\/li><li><strong>En general toda clase de espect\u00e1culos y reuniones p\u00fablicas al aire libre o en recintos cubiertos.<\/strong><\/li><\/ul>\n\n\n\n<p>La misma ley dispone que&nbsp;<strong>permanecer\u00e1n cerrados<\/strong>:<\/p>\n\n\n\n<ul class=\"wp-block-list\"><li><strong>Restaurantes<\/strong>.<\/li><li><strong>Confiter\u00edas<\/strong><\/li><li><strong>Casas de\u00a0expendio de bebidas\u00a0y similares<\/strong><\/li><li><strong>Rotiser\u00edas<\/strong><\/li><li><strong>Panader\u00edas<\/strong>.<\/li><li><strong>En general todo comercio de venta de art\u00edculos alimenticios y bebidas, adem\u00e1s de clubes, hasta la hora indicada.<\/strong><\/li><\/ul>\n\n\n\n<p>Para ello, deber\u00e1 instruir y disponer al personal que le depende el cumplimiento de la mencionada norma. En tal sentido se contar\u00e1 con la afectaci\u00f3n de un asesor juridico por cada Direcci\u00f3n de Unidad Regional durante el d\u00eda de la actividad censal a efectos de evacuar consultas referente a las distintas intervenciones policiales.\u00bb<\/p>\n\n\n\n<p>MARCO LEGAL: A tales fines se observar\u00e1 el siguiente marco normativo:<\/p>\n\n\n\n<blockquote class=\"wp-block-quote is-layout-flow wp-block-quote-is-layout-flow\"><p>Ley Nacional n\u00ba 17.622 (Rige las actividades del pa\u00eds).<\/p><\/blockquote>\n\n\n\n<p>Ley Nacional n\u00ba 24.254\/93 (Declara feriado nacional el d\u00eda del censo).<\/p>\n\n\n\n<p>Decreto Nacional n\u00ba 3110\/70 (Reglamentario de la Ley 17622).<\/p>\n\n\n\n<p>Decreto Nacional n\u00b0 726\/20.<\/p>\n\n\n\n<p>Decreto Nacional n\u00b0 42\/22<\/p>\n\n\n\n<p>Decreto Provincial n\u00b0 867\/21.<\/p>\n\n\n\n<p>Por otro lado, el art\u00edculo 4\u00ba de la ley  24.254  advierte que \u00abtoda infracci\u00f3n a lo dispuesto en los art\u00edculos precedentes, ser\u00e1 sancionada de acuerdo con las normas en vigencia relativas al trabajo en el d\u00eda feriado\u00bb.<\/p>\n\n\n\n<p><\/p>\n\n\n\n<p>#<a href=\"https:\/\/nahuelproducciones.com.ar\/index.php\/rq999\" target=\"_blank\" rel=\"noreferrer noopener\">RQ99.9Mhz<\/a>   <a href=\"https:\/\/nahuelproducciones.com.ar\/\" target=\"_blank\" rel=\"noreferrer noopener\">  #CAMPOQUIJANO<\/a><\/p>\n","protected":false},"excerpt":{"rendered":"<p>El 18 de mayo fue declarado feriado nacional por el relevamiento que realizar\u00e1 el INDEC. El objetivo es que todos los argentinos est\u00e9n en sus casas para responder el cuestionario y entregar el formulario online del Censo 2022. La Ley 24.254, que declar\u00f3 en 1993 como feriado el d\u00eda del Censo, dispone en su art\u00edculo [&hellip;]<\/p>\n","protected":false},"author":8,"featured_media":2623,"comment_status":"open","ping_status":"open","sticky":false,"template":"","format":"standard","meta":{"_monsterinsights_skip_tracking":false,"_monsterinsights_sitenote_active":false,"_monsterinsights_sitenote_note":"","_monsterinsights_sitenote_category":0,"footnotes":""},"categories":[8,16],"tags":[36,464,472],"class_list":["post-2631","post","type-post","status-publish","format-standard","has-post-thumbnail","hentry","category-blog-de-sapito","category-noticias","tag-campo-quijano","tag-censo2022","tag-prohibiciones"],"yoast_head":"<!-- This site is optimized with the Yoast SEO plugin v20.8 - https:\/\/yoast.com\/wordpress\/plugins\/seo\/ -->\n<title>Censo 2022: qu\u00e9 actividades est\u00e1n permitidas y cu\u00e1les quedar\u00e1n suspendidas el 18 de mayo - RQ 99.9<\/title>\n<meta name=\"description\" content=\"No pueden abrir sus puertas los comercios de distintos rubros como rotiser\u00edas, panader\u00edas, carnicer\u00edas y otros de expendi\u00f3 de bebidas y comestibles\" \/>\n<meta name=\"robots\" content=\"index, follow, max-snippet:-1, max-image-preview:large, max-video-preview:-1\" \/>\n<link rel=\"canonical\" href=\"https:\/\/nahuelproducciones.com.ar\/radioquijano\/censo-2022-que-actividades-estan-permitidas-y-cuales-quedaran-suspendidas-el-18-de-mayo\/\" \/>\n<meta property=\"og:locale\" content=\"es_ES\" \/>\n<meta property=\"og:type\" content=\"article\" \/>\n<meta property=\"og:title\" content=\"Censo 2022: qu\u00e9 actividades est\u00e1n permitidas y cu\u00e1les quedar\u00e1n suspendidas el 18 de mayo - RQ 99.9\" \/>\n<meta property=\"og:description\" content=\"No pueden abrir sus puertas los comercios de distintos rubros como rotiser\u00edas, panader\u00edas, carnicer\u00edas y otros de expendi\u00f3 de bebidas y comestibles\" \/>\n<meta property=\"og:url\" content=\"https:\/\/nahuelproducciones.com.ar\/radioquijano\/censo-2022-que-actividades-estan-permitidas-y-cuales-quedaran-suspendidas-el-18-de-mayo\/\" \/>\n<meta property=\"og:site_name\" content=\"RQ 99.9\" \/>\n<meta property=\"article:publisher\" content=\"https:\/\/www.facebook.com\/nahuelproducciones999\/\" \/>\n<meta property=\"article:published_time\" content=\"2022-05-18T04:26:17+00:00\" \/>\n<meta property=\"article:modified_time\" content=\"2022-05-18T04:39:00+00:00\" \/>\n<meta property=\"og:image\" content=\"https:\/\/nahuelproducciones.com.ar\/radioquijano\/wp-content\/uploads\/2022\/05\/WhatsApp-Image-2022-05-17-at-12.31.29-AM.jpeg\" \/>\n\t<meta property=\"og:image:width\" content=\"700\" \/>\n\t<meta property=\"og:image:height\" content=\"350\" \/>\n\t<meta property=\"og:image:type\" content=\"image\/jpeg\" \/>\n<meta name=\"author\" content=\"Cecilia Pastrana\" \/>\n<meta name=\"twitter:card\" content=\"summary_large_image\" \/>\n<meta name=\"twitter:creator\" content=\"@nahuproduciones\" \/>\n<meta name=\"twitter:site\" content=\"@nahuproduciones\" \/>\n<meta name=\"twitter:label1\" content=\"Escrito por\" \/>\n\t<meta name=\"twitter:data1\" content=\"Cecilia Pastrana\" \/>\n\t<meta name=\"twitter:label2\" content=\"Tiempo de lectura\" \/>\n\t<meta name=\"twitter:data2\" content=\"2 minutos\" \/>\n<script type=\"application\/ld+json\" class=\"yoast-schema-graph\">{\"@context\":\"https:\/\/schema.org\",\"@graph\":[{\"@type\":\"WebPage\",\"@id\":\"https:\/\/nahuelproducciones.com.ar\/radioquijano\/censo-2022-que-actividades-estan-permitidas-y-cuales-quedaran-suspendidas-el-18-de-mayo\/\",\"url\":\"https:\/\/nahuelproducciones.com.ar\/radioquijano\/censo-2022-que-actividades-estan-permitidas-y-cuales-quedaran-suspendidas-el-18-de-mayo\/\",\"name\":\"Censo 2022: qu\u00e9 actividades est\u00e1n permitidas y cu\u00e1les quedar\u00e1n suspendidas el 18 de mayo - RQ 99.9\",\"isPartOf\":{\"@id\":\"https:\/\/nahuelproducciones.com.ar\/radioquijano\/#website\"},\"datePublished\":\"2022-05-18T04:26:17+00:00\",\"dateModified\":\"2022-05-18T04:39:00+00:00\",\"author\":{\"@id\":\"https:\/\/nahuelproducciones.com.ar\/radioquijano\/#\/schema\/person\/e8a4f939e2cb487fe6d0c54042c9d32c\"},\"description\":\"No pueden abrir sus puertas los comercios de distintos rubros como rotiser\u00edas, panader\u00edas, carnicer\u00edas y otros de expendi\u00f3 de bebidas y comestibles\",\"breadcrumb\":{\"@id\":\"https:\/\/nahuelproducciones.com.ar\/radioquijano\/censo-2022-que-actividades-estan-permitidas-y-cuales-quedaran-suspendidas-el-18-de-mayo\/#breadcrumb\"},\"inLanguage\":\"es\",\"potentialAction\":[{\"@type\":\"ReadAction\",\"target\":[\"https:\/\/nahuelproducciones.com.ar\/radioquijano\/censo-2022-que-actividades-estan-permitidas-y-cuales-quedaran-suspendidas-el-18-de-mayo\/\"]}]},{\"@type\":\"BreadcrumbList\",\"@id\":\"https:\/\/nahuelproducciones.com.ar\/radioquijano\/censo-2022-que-actividades-estan-permitidas-y-cuales-quedaran-suspendidas-el-18-de-mayo\/#breadcrumb\",\"itemListElement\":[{\"@type\":\"ListItem\",\"position\":1,\"name\":\"Portada\",\"item\":\"https:\/\/nahuelproducciones.com.ar\/radioquijano\/\"},{\"@type\":\"ListItem\",\"position\":2,\"name\":\"Censo 2022: qu\u00e9 actividades est\u00e1n permitidas y cu\u00e1les quedar\u00e1n suspendidas el 18 de mayo\"}]},{\"@type\":\"WebSite\",\"@id\":\"https:\/\/nahuelproducciones.com.ar\/radioquijano\/#website\",\"url\":\"https:\/\/nahuelproducciones.com.ar\/radioquijano\/\",\"name\":\"RQ 99.9\",\"description\":\"Radio Quijano 99.9 MHz\",\"potentialAction\":[{\"@type\":\"SearchAction\",\"target\":{\"@type\":\"EntryPoint\",\"urlTemplate\":\"https:\/\/nahuelproducciones.com.ar\/radioquijano\/?s={search_term_string}\"},\"query-input\":\"required name=search_term_string\"}],\"inLanguage\":\"es\"},{\"@type\":\"Person\",\"@id\":\"https:\/\/nahuelproducciones.com.ar\/radioquijano\/#\/schema\/person\/e8a4f939e2cb487fe6d0c54042c9d32c\",\"name\":\"Cecilia Pastrana\",\"image\":{\"@type\":\"ImageObject\",\"inLanguage\":\"es\",\"@id\":\"https:\/\/nahuelproducciones.com.ar\/radioquijano\/#\/schema\/person\/image\/\",\"url\":\"https:\/\/secure.gravatar.com\/avatar\/661a3ef63a8488d4f2794ed44af8cf71420f7e106f3072c40125114df5157749?s=96&d=mm&r=g\",\"contentUrl\":\"https:\/\/secure.gravatar.com\/avatar\/661a3ef63a8488d4f2794ed44af8cf71420f7e106f3072c40125114df5157749?s=96&d=mm&r=g\",\"caption\":\"Cecilia Pastrana\"},\"sameAs\":[\"cecy\"],\"url\":\"https:\/\/nahuelproducciones.com.ar\/radioquijano\/author\/cecy\/\"}]}<\/script>\n<!-- \/ Yoast SEO plugin. -->","yoast_head_json":{"title":"Censo 2022: qu\u00e9 actividades est\u00e1n permitidas y cu\u00e1les quedar\u00e1n suspendidas el 18 de mayo - RQ 99.9","description":"No pueden abrir sus puertas los comercios de distintos rubros como rotiser\u00edas, panader\u00edas, carnicer\u00edas y otros de expendi\u00f3 de bebidas y comestibles","robots":{"index":"index","follow":"follow","max-snippet":"max-snippet:-1","max-image-preview":"max-image-preview:large","max-video-preview":"max-video-preview:-1"},"canonical":"https:\/\/nahuelproducciones.com.ar\/radioquijano\/censo-2022-que-actividades-estan-permitidas-y-cuales-quedaran-suspendidas-el-18-de-mayo\/","og_locale":"es_ES","og_type":"article","og_title":"Censo 2022: qu\u00e9 actividades est\u00e1n permitidas y cu\u00e1les quedar\u00e1n suspendidas el 18 de mayo - RQ 99.9","og_description":"No pueden abrir sus puertas los comercios de distintos rubros como rotiser\u00edas, panader\u00edas, carnicer\u00edas y otros de expendi\u00f3 de bebidas y comestibles","og_url":"https:\/\/nahuelproducciones.com.ar\/radioquijano\/censo-2022-que-actividades-estan-permitidas-y-cuales-quedaran-suspendidas-el-18-de-mayo\/","og_site_name":"RQ 99.9","article_publisher":"https:\/\/www.facebook.com\/nahuelproducciones999\/","article_published_time":"2022-05-18T04:26:17+00:00","article_modified_time":"2022-05-18T04:39:00+00:00","og_image":[{"width":700,"height":350,"url":"https:\/\/nahuelproducciones.com.ar\/radioquijano\/wp-content\/uploads\/2022\/05\/WhatsApp-Image-2022-05-17-at-12.31.29-AM.jpeg","type":"image\/jpeg"}],"author":"Cecilia Pastrana","twitter_card":"summary_large_image","twitter_creator":"@nahuproduciones","twitter_site":"@nahuproduciones","twitter_misc":{"Escrito por":"Cecilia Pastrana","Tiempo de lectura":"2 minutos"},"schema":{"@context":"https:\/\/schema.org","@graph":[{"@type":"WebPage","@id":"https:\/\/nahuelproducciones.com.ar\/radioquijano\/censo-2022-que-actividades-estan-permitidas-y-cuales-quedaran-suspendidas-el-18-de-mayo\/","url":"https:\/\/nahuelproducciones.com.ar\/radioquijano\/censo-2022-que-actividades-estan-permitidas-y-cuales-quedaran-suspendidas-el-18-de-mayo\/","name":"Censo 2022: qu\u00e9 actividades est\u00e1n permitidas y cu\u00e1les quedar\u00e1n suspendidas el 18 de mayo - RQ 99.9","isPartOf":{"@id":"https:\/\/nahuelproducciones.com.ar\/radioquijano\/#website"},"datePublished":"2022-05-18T04:26:17+00:00","dateModified":"2022-05-18T04:39:00+00:00","author":{"@id":"https:\/\/nahuelproducciones.com.ar\/radioquijano\/#\/schema\/person\/e8a4f939e2cb487fe6d0c54042c9d32c"},"description":"No pueden abrir sus puertas los comercios de distintos rubros como rotiser\u00edas, panader\u00edas, carnicer\u00edas y otros de expendi\u00f3 de bebidas y comestibles","breadcrumb":{"@id":"https:\/\/nahuelproducciones.com.ar\/radioquijano\/censo-2022-que-actividades-estan-permitidas-y-cuales-quedaran-suspendidas-el-18-de-mayo\/#breadcrumb"},"inLanguage":"es","potentialAction":[{"@type":"ReadAction","target":["https:\/\/nahuelproducciones.com.ar\/radioquijano\/censo-2022-que-actividades-estan-permitidas-y-cuales-quedaran-suspendidas-el-18-de-mayo\/"]}]},{"@type":"BreadcrumbList","@id":"https:\/\/nahuelproducciones.com.ar\/radioquijano\/censo-2022-que-actividades-estan-permitidas-y-cuales-quedaran-suspendidas-el-18-de-mayo\/#breadcrumb","itemListElement":[{"@type":"ListItem","position":1,"name":"Portada","item":"https:\/\/nahuelproducciones.com.ar\/radioquijano\/"},{"@type":"ListItem","position":2,"name":"Censo 2022: qu\u00e9 actividades est\u00e1n permitidas y cu\u00e1les quedar\u00e1n suspendidas el 18 de mayo"}]},{"@type":"WebSite","@id":"https:\/\/nahuelproducciones.com.ar\/radioquijano\/#website","url":"https:\/\/nahuelproducciones.com.ar\/radioquijano\/","name":"RQ 99.9","description":"Radio Quijano 99.9 MHz","potentialAction":[{"@type":"SearchAction","target":{"@type":"EntryPoint","urlTemplate":"https:\/\/nahuelproducciones.com.ar\/radioquijano\/?s={search_term_string}"},"query-input":"required name=search_term_string"}],"inLanguage":"es"},{"@type":"Person","@id":"https:\/\/nahuelproducciones.com.ar\/radioquijano\/#\/schema\/person\/e8a4f939e2cb487fe6d0c54042c9d32c","name":"Cecilia Pastrana","image":{"@type":"ImageObject","inLanguage":"es","@id":"https:\/\/nahuelproducciones.com.ar\/radioquijano\/#\/schema\/person\/image\/","url":"https:\/\/secure.gravatar.com\/avatar\/661a3ef63a8488d4f2794ed44af8cf71420f7e106f3072c40125114df5157749?s=96&d=mm&r=g","contentUrl":"https:\/\/secure.gravatar.com\/avatar\/661a3ef63a8488d4f2794ed44af8cf71420f7e106f3072c40125114df5157749?s=96&d=mm&r=g","caption":"Cecilia Pastrana"},"sameAs":["cecy"],"url":"https:\/\/nahuelproducciones.com.ar\/radioquijano\/author\/cecy\/"}]}},"_links":{"self":[{"href":"https:\/\/nahuelproducciones.com.ar\/radioquijano\/wp-json\/wp\/v2\/posts\/2631","targetHints":{"allow":["GET"]}}],"collection":[{"href":"https:\/\/nahuelproducciones.com.ar\/radioquijano\/wp-json\/wp\/v2\/posts"}],"about":[{"href":"https:\/\/nahuelproducciones.com.ar\/radioquijano\/wp-json\/wp\/v2\/types\/post"}],"author":[{"embeddable":true,"href":"https:\/\/nahuelproducciones.com.ar\/radioquijano\/wp-json\/wp\/v2\/users\/8"}],"replies":[{"embeddable":true,"href":"https:\/\/nahuelproducciones.com.ar\/radioquijano\/wp-json\/wp\/v2\/comments?post=2631"}],"version-history":[{"count":2,"href":"https:\/\/nahuelproducciones.com.ar\/radioquijano\/wp-json\/wp\/v2\/posts\/2631\/revisions"}],"predecessor-version":[{"id":2637,"href":"https:\/\/nahuelproducciones.com.ar\/radioquijano\/wp-json\/wp\/v2\/posts\/2631\/revisions\/2637"}],"wp:featuredmedia":[{"embeddable":true,"href":"https:\/\/nahuelproducciones.com.ar\/radioquijano\/wp-json\/wp\/v2\/media\/2623"}],"wp:attachment":[{"href":"https:\/\/nahuelproducciones.com.ar\/radioquijano\/wp-json\/wp\/v2\/media?parent=2631"}],"wp:term":[{"taxonomy":"category","embeddable":true,"href":"https:\/\/nahuelproducciones.com.ar\/radioquijano\/wp-json\/wp\/v2\/categories?post=2631"},{"taxonomy":"post_tag","embeddable":true,"href":"https:\/\/nahuelproducciones.com.ar\/radioquijano\/wp-json\/wp\/v2\/tags?post=2631"}],"curies":[{"name":"wp","href":"https:\/\/api.w.org\/{rel}","templated":true}]}}