{"id":2640,"date":"2022-05-18T02:03:38","date_gmt":"2022-05-18T05:03:38","guid":{"rendered":"https:\/\/nahuelproducciones.com.ar\/radioquijano\/?p=2640"},"modified":"2022-05-18T02:03:39","modified_gmt":"2022-05-18T05:03:39","slug":"llega-el-censo-2022-a-tener-en-cuenta","status":"publish","type":"post","link":"https:\/\/nahuelproducciones.com.ar\/radioquijano\/llega-el-censo-2022-a-tener-en-cuenta\/","title":{"rendered":"Llega el Censo 2022:  A tener en cuenta"},"content":{"rendered":"\n<p><strong>El INDEC inform\u00f3 que los censistas deber\u00e1n tener una pechera con la&nbsp;<a target=\"_blank\" href=\"https:\/\/www.perfil.com\/noticias\/actualidad\/censo-digital-2022-como-completar-el-formulario-horario-limite-y-las-respuestas-a-todas-las-dudas.phtml\" rel=\"noreferrer noopener\">imagen oficial del censo<\/a><\/strong>, adem\u00e1s tendr\u00e1n que tener una credencial con sus datos personales: nombre, apellido y DNI. Tambi\u00e9n habr\u00e1 un c\u00f3digo QR para validar su identidad.&nbsp;<strong>Los censistas deber\u00e1n pasar entre las 8 de la ma\u00f1ana y las 18 de la tarde.<\/strong><\/p>\n\n\n\n<p><strong>En el censo no se piden datos personales y solamente hay 61 preguntas sobre las condiciones de vida.<\/strong>\u00a0Los que ya realizaron el censo digital deber\u00e1n atender al censista y entregar el c\u00f3digo de finalizaci\u00f3n del censo adem\u00e1s de informar cu\u00e1ntas personas viven en el hogar.<\/p>\n\n\n\n<p>En caso de no poder estar en el hogar el d\u00eda del censo,<strong>&nbsp;el INDEC recomienda dejar el c\u00f3digo a alg\u00fan vecino para que informe al censista<\/strong>. El censo digital ya fue completado por el 40% de los hogares y se estima que en las \u00faltimas horas llegue al 50%, por lo que el sitio puede presentar errores.<\/p>\n\n\n\n<p>P<strong>ara contestar las preguntas del censo de manera digital hay tiempo hasta las 8 de la ma\u00f1ana de este mi\u00e9rcoles<\/strong>. Este 18 de mayo es feriado nacional por lo que solo pueden trabajar actividades esenciales. Adem\u00e1s,<strong>\u00a0no est\u00e1 permitida la actividad comercial en el horario de censo.<\/strong><\/p>\n\n\n\n<figure class=\"wp-block-gallery columns-3 is-cropped wp-block-gallery-1 is-layout-flex wp-block-gallery-is-layout-flex\"><ul class=\"blocks-gallery-grid\"><li class=\"blocks-gallery-item\"><figure><img loading=\"lazy\" decoding=\"async\" width=\"1024\" height=\"1024\" src=\"https:\/\/nahuelproducciones.com.ar\/radioquijano\/wp-content\/uploads\/2022\/05\/BOLSA-DEL-CENSO-1024x1024.jpeg\" alt=\"\" data-id=\"2643\" data-link=\"https:\/\/nahuelproducciones.com.ar\/radioquijano\/?attachment_id=2643\" class=\"wp-image-2643\" srcset=\"https:\/\/nahuelproducciones.com.ar\/radioquijano\/wp-content\/uploads\/2022\/05\/BOLSA-DEL-CENSO-1024x1024.jpeg 1024w, https:\/\/nahuelproducciones.com.ar\/radioquijano\/wp-content\/uploads\/2022\/05\/BOLSA-DEL-CENSO-300x300.jpeg 300w, https:\/\/nahuelproducciones.com.ar\/radioquijano\/wp-content\/uploads\/2022\/05\/BOLSA-DEL-CENSO-768x768.jpeg 768w, https:\/\/nahuelproducciones.com.ar\/radioquijano\/wp-content\/uploads\/2022\/05\/BOLSA-DEL-CENSO-96x96.jpeg 96w, https:\/\/nahuelproducciones.com.ar\/radioquijano\/wp-content\/uploads\/2022\/05\/BOLSA-DEL-CENSO-150x150.jpeg 150w, https:\/\/nahuelproducciones.com.ar\/radioquijano\/wp-content\/uploads\/2022\/05\/BOLSA-DEL-CENSO.jpeg 1280w\" sizes=\"auto, (max-width: 1024px) 100vw, 1024px\" \/><\/figure><\/li><li class=\"blocks-gallery-item\"><figure><img loading=\"lazy\" decoding=\"async\" width=\"1024\" height=\"1024\" src=\"https:\/\/nahuelproducciones.com.ar\/radioquijano\/wp-content\/uploads\/2022\/05\/CREDENCIAL-1024x1024.jpeg\" alt=\"\" data-id=\"2644\" data-link=\"https:\/\/nahuelproducciones.com.ar\/radioquijano\/?attachment_id=2644\" class=\"wp-image-2644\" srcset=\"https:\/\/nahuelproducciones.com.ar\/radioquijano\/wp-content\/uploads\/2022\/05\/CREDENCIAL-1024x1024.jpeg 1024w, https:\/\/nahuelproducciones.com.ar\/radioquijano\/wp-content\/uploads\/2022\/05\/CREDENCIAL-300x300.jpeg 300w, https:\/\/nahuelproducciones.com.ar\/radioquijano\/wp-content\/uploads\/2022\/05\/CREDENCIAL-768x768.jpeg 768w, https:\/\/nahuelproducciones.com.ar\/radioquijano\/wp-content\/uploads\/2022\/05\/CREDENCIAL-96x96.jpeg 96w, https:\/\/nahuelproducciones.com.ar\/radioquijano\/wp-content\/uploads\/2022\/05\/CREDENCIAL-150x150.jpeg 150w, https:\/\/nahuelproducciones.com.ar\/radioquijano\/wp-content\/uploads\/2022\/05\/CREDENCIAL.jpeg 1280w\" sizes=\"auto, (max-width: 1024px) 100vw, 1024px\" \/><\/figure><\/li><li class=\"blocks-gallery-item\"><figure><img loading=\"lazy\" decoding=\"async\" width=\"1024\" height=\"1024\" src=\"https:\/\/nahuelproducciones.com.ar\/radioquijano\/wp-content\/uploads\/2022\/05\/ELEMENTOS-1024x1024.jpeg\" alt=\"\" data-id=\"2646\" data-full-url=\"https:\/\/nahuelproducciones.com.ar\/radioquijano\/wp-content\/uploads\/2022\/05\/ELEMENTOS.jpeg\" data-link=\"https:\/\/nahuelproducciones.com.ar\/radioquijano\/?attachment_id=2646\" class=\"wp-image-2646\" srcset=\"https:\/\/nahuelproducciones.com.ar\/radioquijano\/wp-content\/uploads\/2022\/05\/ELEMENTOS-1024x1024.jpeg 1024w, https:\/\/nahuelproducciones.com.ar\/radioquijano\/wp-content\/uploads\/2022\/05\/ELEMENTOS-300x300.jpeg 300w, https:\/\/nahuelproducciones.com.ar\/radioquijano\/wp-content\/uploads\/2022\/05\/ELEMENTOS-768x768.jpeg 768w, https:\/\/nahuelproducciones.com.ar\/radioquijano\/wp-content\/uploads\/2022\/05\/ELEMENTOS-96x96.jpeg 96w, https:\/\/nahuelproducciones.com.ar\/radioquijano\/wp-content\/uploads\/2022\/05\/ELEMENTOS-150x150.jpeg 150w, https:\/\/nahuelproducciones.com.ar\/radioquijano\/wp-content\/uploads\/2022\/05\/ELEMENTOS.jpeg 1280w\" sizes=\"auto, (max-width: 1024px) 100vw, 1024px\" \/><\/figure><\/li><\/ul><\/figure>\n\n\n\n<p>#<a href=\"https:\/\/nahuelproducciones.com.ar\/index.php\/rq999\" target=\"_blank\" rel=\"noreferrer noopener\">RQ99.9Mhz<\/a> <a href=\"https:\/\/nahuelproducciones.com.ar\/\" target=\"_blank\" rel=\"noreferrer noopener\"> #CAMPOQUIJANO<\/a><\/p>\n","protected":false},"excerpt":{"rendered":"<p>El INDEC inform\u00f3 que los censistas deber\u00e1n tener una pechera con la&nbsp;imagen oficial del censo, adem\u00e1s tendr\u00e1n que tener una credencial con sus datos personales: nombre, apellido y DNI. Tambi\u00e9n habr\u00e1 un c\u00f3digo QR para validar su identidad.&nbsp;Los censistas deber\u00e1n pasar entre las 8 de la ma\u00f1ana y las 18 de la tarde. En el [&hellip;]<\/p>\n","protected":false},"author":6,"featured_media":2641,"comment_status":"open","ping_status":"open","sticky":false,"template":"","format":"standard","meta":{"_monsterinsights_skip_tracking":false,"_monsterinsights_sitenote_active":false,"_monsterinsights_sitenote_note":"","_monsterinsights_sitenote_category":0,"footnotes":""},"categories":[8,16],"tags":[36,474,464,475],"class_list":["post-2640","post","type-post","status-publish","format-standard","has-post-thumbnail","hentry","category-blog-de-sapito","category-noticias","tag-campo-quijano","tag-censistas","tag-censo2022","tag-indec"],"yoast_head":"<!-- This site is optimized with the Yoast SEO plugin v20.8 - https:\/\/yoast.com\/wordpress\/plugins\/seo\/ -->\n<title>Llega el Censo 2022: A tener en cuenta - RQ 99.9<\/title>\n<meta name=\"description\" content=\"En el censo no se piden datos personales y solamente hay 61 preguntas sobre las condiciones de vida.\" \/>\n<meta name=\"robots\" content=\"index, follow, max-snippet:-1, max-image-preview:large, max-video-preview:-1\" \/>\n<link rel=\"canonical\" href=\"https:\/\/nahuelproducciones.com.ar\/radioquijano\/llega-el-censo-2022-a-tener-en-cuenta\/\" \/>\n<meta property=\"og:locale\" content=\"es_ES\" \/>\n<meta property=\"og:type\" content=\"article\" \/>\n<meta property=\"og:title\" content=\"Llega el Censo 2022: A tener en cuenta - RQ 99.9\" \/>\n<meta property=\"og:description\" content=\"En el censo no se piden datos personales y solamente hay 61 preguntas sobre las condiciones de vida.\" \/>\n<meta property=\"og:url\" content=\"https:\/\/nahuelproducciones.com.ar\/radioquijano\/llega-el-censo-2022-a-tener-en-cuenta\/\" \/>\n<meta property=\"og:site_name\" content=\"RQ 99.9\" \/>\n<meta property=\"article:publisher\" content=\"https:\/\/www.facebook.com\/nahuelproducciones999\/\" \/>\n<meta property=\"article:published_time\" content=\"2022-05-18T05:03:38+00:00\" \/>\n<meta property=\"article:modified_time\" content=\"2022-05-18T05:03:39+00:00\" \/>\n<meta property=\"og:image\" content=\"https:\/\/nahuelproducciones.com.ar\/radioquijano\/wp-content\/uploads\/2022\/05\/PECHERA.jpeg\" \/>\n\t<meta property=\"og:image:width\" content=\"1280\" \/>\n\t<meta property=\"og:image:height\" content=\"1280\" \/>\n\t<meta property=\"og:image:type\" content=\"image\/jpeg\" \/>\n<meta name=\"author\" content=\"Ricardo Guzman\" \/>\n<meta name=\"twitter:card\" content=\"summary_large_image\" \/>\n<meta name=\"twitter:creator\" content=\"@nahuproduciones\" \/>\n<meta name=\"twitter:site\" content=\"@nahuproduciones\" \/>\n<meta name=\"twitter:label1\" content=\"Escrito por\" \/>\n\t<meta name=\"twitter:data1\" content=\"Ricardo Guzman\" \/>\n\t<meta name=\"twitter:label2\" content=\"Tiempo de lectura\" \/>\n\t<meta name=\"twitter:data2\" content=\"2 minutos\" \/>\n<script type=\"application\/ld+json\" class=\"yoast-schema-graph\">{\"@context\":\"https:\/\/schema.org\",\"@graph\":[{\"@type\":\"WebPage\",\"@id\":\"https:\/\/nahuelproducciones.com.ar\/radioquijano\/llega-el-censo-2022-a-tener-en-cuenta\/\",\"url\":\"https:\/\/nahuelproducciones.com.ar\/radioquijano\/llega-el-censo-2022-a-tener-en-cuenta\/\",\"name\":\"Llega el Censo 2022: A tener en cuenta - RQ 99.9\",\"isPartOf\":{\"@id\":\"https:\/\/nahuelproducciones.com.ar\/radioquijano\/#website\"},\"datePublished\":\"2022-05-18T05:03:38+00:00\",\"dateModified\":\"2022-05-18T05:03:39+00:00\",\"author\":{\"@id\":\"https:\/\/nahuelproducciones.com.ar\/radioquijano\/#\/schema\/person\/b9b81a110cbdf07949e2cd02d478ab9d\"},\"description\":\"En el censo no se piden datos personales y solamente hay 61 preguntas sobre las condiciones de vida.\",\"breadcrumb\":{\"@id\":\"https:\/\/nahuelproducciones.com.ar\/radioquijano\/llega-el-censo-2022-a-tener-en-cuenta\/#breadcrumb\"},\"inLanguage\":\"es\",\"potentialAction\":[{\"@type\":\"ReadAction\",\"target\":[\"https:\/\/nahuelproducciones.com.ar\/radioquijano\/llega-el-censo-2022-a-tener-en-cuenta\/\"]}]},{\"@type\":\"BreadcrumbList\",\"@id\":\"https:\/\/nahuelproducciones.com.ar\/radioquijano\/llega-el-censo-2022-a-tener-en-cuenta\/#breadcrumb\",\"itemListElement\":[{\"@type\":\"ListItem\",\"position\":1,\"name\":\"Portada\",\"item\":\"https:\/\/nahuelproducciones.com.ar\/radioquijano\/\"},{\"@type\":\"ListItem\",\"position\":2,\"name\":\"Llega el Censo 2022: A tener en cuenta\"}]},{\"@type\":\"WebSite\",\"@id\":\"https:\/\/nahuelproducciones.com.ar\/radioquijano\/#website\",\"url\":\"https:\/\/nahuelproducciones.com.ar\/radioquijano\/\",\"name\":\"RQ 99.9\",\"description\":\"Radio Quijano 99.9 MHz\",\"potentialAction\":[{\"@type\":\"SearchAction\",\"target\":{\"@type\":\"EntryPoint\",\"urlTemplate\":\"https:\/\/nahuelproducciones.com.ar\/radioquijano\/?s={search_term_string}\"},\"query-input\":\"required name=search_term_string\"}],\"inLanguage\":\"es\"},{\"@type\":\"Person\",\"@id\":\"https:\/\/nahuelproducciones.com.ar\/radioquijano\/#\/schema\/person\/b9b81a110cbdf07949e2cd02d478ab9d\",\"name\":\"Ricardo Guzman\",\"image\":{\"@type\":\"ImageObject\",\"inLanguage\":\"es\",\"@id\":\"https:\/\/nahuelproducciones.com.ar\/radioquijano\/#\/schema\/person\/image\/\",\"url\":\"https:\/\/secure.gravatar.com\/avatar\/a5d582deda251f95dc882b72fc6e7b4854f88bb25c3154519210afffa7d706e8?s=96&d=mm&r=g\",\"contentUrl\":\"https:\/\/secure.gravatar.com\/avatar\/a5d582deda251f95dc882b72fc6e7b4854f88bb25c3154519210afffa7d706e8?s=96&d=mm&r=g\",\"caption\":\"Ricardo Guzman\"},\"url\":\"https:\/\/nahuelproducciones.com.ar\/radioquijano\/author\/cady\/\"}]}<\/script>\n<!-- \/ Yoast SEO plugin. -->","yoast_head_json":{"title":"Llega el Censo 2022: A tener en cuenta - RQ 99.9","description":"En el censo no se piden datos personales y solamente hay 61 preguntas sobre las condiciones de vida.","robots":{"index":"index","follow":"follow","max-snippet":"max-snippet:-1","max-image-preview":"max-image-preview:large","max-video-preview":"max-video-preview:-1"},"canonical":"https:\/\/nahuelproducciones.com.ar\/radioquijano\/llega-el-censo-2022-a-tener-en-cuenta\/","og_locale":"es_ES","og_type":"article","og_title":"Llega el Censo 2022: A tener en cuenta - RQ 99.9","og_description":"En el censo no se piden datos personales y solamente hay 61 preguntas sobre las condiciones de vida.","og_url":"https:\/\/nahuelproducciones.com.ar\/radioquijano\/llega-el-censo-2022-a-tener-en-cuenta\/","og_site_name":"RQ 99.9","article_publisher":"https:\/\/www.facebook.com\/nahuelproducciones999\/","article_published_time":"2022-05-18T05:03:38+00:00","article_modified_time":"2022-05-18T05:03:39+00:00","og_image":[{"width":1280,"height":1280,"url":"https:\/\/nahuelproducciones.com.ar\/radioquijano\/wp-content\/uploads\/2022\/05\/PECHERA.jpeg","type":"image\/jpeg"}],"author":"Ricardo Guzman","twitter_card":"summary_large_image","twitter_creator":"@nahuproduciones","twitter_site":"@nahuproduciones","twitter_misc":{"Escrito por":"Ricardo Guzman","Tiempo de lectura":"2 minutos"},"schema":{"@context":"https:\/\/schema.org","@graph":[{"@type":"WebPage","@id":"https:\/\/nahuelproducciones.com.ar\/radioquijano\/llega-el-censo-2022-a-tener-en-cuenta\/","url":"https:\/\/nahuelproducciones.com.ar\/radioquijano\/llega-el-censo-2022-a-tener-en-cuenta\/","name":"Llega el Censo 2022: A tener en cuenta - RQ 99.9","isPartOf":{"@id":"https:\/\/nahuelproducciones.com.ar\/radioquijano\/#website"},"datePublished":"2022-05-18T05:03:38+00:00","dateModified":"2022-05-18T05:03:39+00:00","author":{"@id":"https:\/\/nahuelproducciones.com.ar\/radioquijano\/#\/schema\/person\/b9b81a110cbdf07949e2cd02d478ab9d"},"description":"En el censo no se piden datos personales y solamente hay 61 preguntas sobre las condiciones de vida.","breadcrumb":{"@id":"https:\/\/nahuelproducciones.com.ar\/radioquijano\/llega-el-censo-2022-a-tener-en-cuenta\/#breadcrumb"},"inLanguage":"es","potentialAction":[{"@type":"ReadAction","target":["https:\/\/nahuelproducciones.com.ar\/radioquijano\/llega-el-censo-2022-a-tener-en-cuenta\/"]}]},{"@type":"BreadcrumbList","@id":"https:\/\/nahuelproducciones.com.ar\/radioquijano\/llega-el-censo-2022-a-tener-en-cuenta\/#breadcrumb","itemListElement":[{"@type":"ListItem","position":1,"name":"Portada","item":"https:\/\/nahuelproducciones.com.ar\/radioquijano\/"},{"@type":"ListItem","position":2,"name":"Llega el Censo 2022: A tener en cuenta"}]},{"@type":"WebSite","@id":"https:\/\/nahuelproducciones.com.ar\/radioquijano\/#website","url":"https:\/\/nahuelproducciones.com.ar\/radioquijano\/","name":"RQ 99.9","description":"Radio Quijano 99.9 MHz","potentialAction":[{"@type":"SearchAction","target":{"@type":"EntryPoint","urlTemplate":"https:\/\/nahuelproducciones.com.ar\/radioquijano\/?s={search_term_string}"},"query-input":"required name=search_term_string"}],"inLanguage":"es"},{"@type":"Person","@id":"https:\/\/nahuelproducciones.com.ar\/radioquijano\/#\/schema\/person\/b9b81a110cbdf07949e2cd02d478ab9d","name":"Ricardo Guzman","image":{"@type":"ImageObject","inLanguage":"es","@id":"https:\/\/nahuelproducciones.com.ar\/radioquijano\/#\/schema\/person\/image\/","url":"https:\/\/secure.gravatar.com\/avatar\/a5d582deda251f95dc882b72fc6e7b4854f88bb25c3154519210afffa7d706e8?s=96&d=mm&r=g","contentUrl":"https:\/\/secure.gravatar.com\/avatar\/a5d582deda251f95dc882b72fc6e7b4854f88bb25c3154519210afffa7d706e8?s=96&d=mm&r=g","caption":"Ricardo Guzman"},"url":"https:\/\/nahuelproducciones.com.ar\/radioquijano\/author\/cady\/"}]}},"_links":{"self":[{"href":"https:\/\/nahuelproducciones.com.ar\/radioquijano\/wp-json\/wp\/v2\/posts\/2640","targetHints":{"allow":["GET"]}}],"collection":[{"href":"https:\/\/nahuelproducciones.com.ar\/radioquijano\/wp-json\/wp\/v2\/posts"}],"about":[{"href":"https:\/\/nahuelproducciones.com.ar\/radioquijano\/wp-json\/wp\/v2\/types\/post"}],"author":[{"embeddable":true,"href":"https:\/\/nahuelproducciones.com.ar\/radioquijano\/wp-json\/wp\/v2\/users\/6"}],"replies":[{"embeddable":true,"href":"https:\/\/nahuelproducciones.com.ar\/radioquijano\/wp-json\/wp\/v2\/comments?post=2640"}],"version-history":[{"count":1,"href":"https:\/\/nahuelproducciones.com.ar\/radioquijano\/wp-json\/wp\/v2\/posts\/2640\/revisions"}],"predecessor-version":[{"id":2647,"href":"https:\/\/nahuelproducciones.com.ar\/radioquijano\/wp-json\/wp\/v2\/posts\/2640\/revisions\/2647"}],"wp:featuredmedia":[{"embeddable":true,"href":"https:\/\/nahuelproducciones.com.ar\/radioquijano\/wp-json\/wp\/v2\/media\/2641"}],"wp:attachment":[{"href":"https:\/\/nahuelproducciones.com.ar\/radioquijano\/wp-json\/wp\/v2\/media?parent=2640"}],"wp:term":[{"taxonomy":"category","embeddable":true,"href":"https:\/\/nahuelproducciones.com.ar\/radioquijano\/wp-json\/wp\/v2\/categories?post=2640"},{"taxonomy":"post_tag","embeddable":true,"href":"https:\/\/nahuelproducciones.com.ar\/radioquijano\/wp-json\/wp\/v2\/tags?post=2640"}],"curies":[{"name":"wp","href":"https:\/\/api.w.org\/{rel}","templated":true}]}}