{"id":2660,"date":"2022-05-20T21:57:35","date_gmt":"2022-05-21T00:57:35","guid":{"rendered":"https:\/\/nahuelproducciones.com.ar\/radioquijano\/?p=2660"},"modified":"2022-05-20T21:57:37","modified_gmt":"2022-05-21T00:57:37","slug":"la-policia-detuvo-a-tres-personas-implicadas-en-el-robo-de-durmientes","status":"publish","type":"post","link":"https:\/\/nahuelproducciones.com.ar\/radioquijano\/la-policia-detuvo-a-tres-personas-implicadas-en-el-robo-de-durmientes\/","title":{"rendered":"La Polic\u00eda detuvo a tres personas implicadas en el robo de durmientes"},"content":{"rendered":"\n<p><strong>Ocurri\u00f3 anoche en Campo Quijano, cuando efectivos interceptaron una camioneta en la que tres personas trasladaban 9 durmientes de quebracho. Estar\u00edan vinculadas a la sustracci\u00f3n de otros 2 en Rosario de Lerma.<\/strong><\/p>\n\n\n\n<p>El procedimiento se origin\u00f3 cuando la Polic\u00eda fue alertada sobre de la sustracci\u00f3n de durmientes ubicados en inmediaciones de las v\u00edas f\u00e9rreas de barrio 24 de septiembre.<\/p>\n\n\n\n<p>Una patrulla del Sector 82AB logr\u00f3 interceptar una camioneta con tres ocupantes, dos hombres y una mujer, todos mayores de edad. Desde el interior del veh\u00edculo secuestraron 9 durmientes de quebracho colorado de 2 metros aproximadamente los cuales anteriormente se encontraban pr\u00f3ximo a las v\u00edas f\u00e9rreas.<\/p>\n\n\n\n<p>Los elementos secuestrados y las tres personas quedaron a disposici\u00f3n de la Fiscal Federal Salta.<\/p>\n\n\n\n<p>Se investiga si estas personas estar\u00edan involucradas en la sustracci\u00f3n de otros dos durmientes en Rosario de Lerma. \u00a0\u00a0\u00a0<\/p>\n\n\n\n<div class=\"wp-block-image\"><figure class=\"aligncenter size-large is-resized\"><img loading=\"lazy\" decoding=\"async\" src=\"https:\/\/nahuelproducciones.com.ar\/radioquijano\/wp-content\/uploads\/2022\/05\/9durmientes22-1-844x1024.jpg\" alt=\"\" class=\"wp-image-2663\" width=\"368\" height=\"446\" srcset=\"https:\/\/nahuelproducciones.com.ar\/radioquijano\/wp-content\/uploads\/2022\/05\/9durmientes22-1-844x1024.jpg 844w, https:\/\/nahuelproducciones.com.ar\/radioquijano\/wp-content\/uploads\/2022\/05\/9durmientes22-1-247x300.jpg 247w, https:\/\/nahuelproducciones.com.ar\/radioquijano\/wp-content\/uploads\/2022\/05\/9durmientes22-1-768x931.jpg 768w, https:\/\/nahuelproducciones.com.ar\/radioquijano\/wp-content\/uploads\/2022\/05\/9durmientes22-1-150x182.jpg 150w, https:\/\/nahuelproducciones.com.ar\/radioquijano\/wp-content\/uploads\/2022\/05\/9durmientes22-1.jpg 1086w\" sizes=\"auto, (max-width: 368px) 100vw, 368px\" \/><\/figure><\/div>\n\n\n\n<p>\u00a0Fuente: Divisi\u00f3n Prensa y Difusi\u00f3n &#8211; Polic\u00eda de Salta<\/p>\n\n\n\n<p><\/p>\n\n\n\n<p>#<a href=\"https:\/\/nahuelproducciones.com.ar\/index.php\/rq999\" target=\"_blank\" rel=\"noreferrer noopener\">RQ99.9Mhz <\/a>  <a href=\"https:\/\/nahuelproducciones.com.ar\/\" target=\"_blank\" rel=\"noreferrer noopener\">CAMPO QUIJANO<\/a><\/p>\n","protected":false},"excerpt":{"rendered":"<p>Ocurri\u00f3 anoche en Campo Quijano, cuando efectivos interceptaron una camioneta en la que tres personas trasladaban 9 durmientes de quebracho. Estar\u00edan vinculadas a la sustracci\u00f3n de otros 2 en Rosario de Lerma. El procedimiento se origin\u00f3 cuando la Polic\u00eda fue alertada sobre de la sustracci\u00f3n de durmientes ubicados en inmediaciones de las v\u00edas f\u00e9rreas de [&hellip;]<\/p>\n","protected":false},"author":8,"featured_media":2661,"comment_status":"open","ping_status":"open","sticky":false,"template":"","format":"standard","meta":{"_monsterinsights_skip_tracking":false,"_monsterinsights_sitenote_active":false,"_monsterinsights_sitenote_note":"","_monsterinsights_sitenote_category":0,"footnotes":""},"categories":[8,16],"tags":[36,480,479],"class_list":["post-2660","post","type-post","status-publish","format-standard","has-post-thumbnail","hentry","category-blog-de-sapito","category-noticias","tag-campo-quijano","tag-durmientes","tag-policia"],"yoast_head":"<!-- This site is optimized with the Yoast SEO plugin v20.8 - https:\/\/yoast.com\/wordpress\/plugins\/seo\/ -->\n<title>La Polic\u00eda detuvo a tres personas implicadas en el robo de durmientes - RQ 99.9<\/title>\n<meta name=\"description\" content=\"Los elementos secuestrados y las tres personas quedaron a disposici\u00f3n de la Fiscal Federal Salta.\" \/>\n<meta name=\"robots\" content=\"index, follow, max-snippet:-1, max-image-preview:large, max-video-preview:-1\" \/>\n<link rel=\"canonical\" href=\"https:\/\/nahuelproducciones.com.ar\/radioquijano\/la-policia-detuvo-a-tres-personas-implicadas-en-el-robo-de-durmientes\/\" \/>\n<meta property=\"og:locale\" content=\"es_ES\" \/>\n<meta property=\"og:type\" content=\"article\" \/>\n<meta property=\"og:title\" content=\"La Polic\u00eda detuvo a tres personas implicadas en el robo de durmientes - RQ 99.9\" \/>\n<meta property=\"og:description\" content=\"Los elementos secuestrados y las tres personas quedaron a disposici\u00f3n de la Fiscal Federal Salta.\" \/>\n<meta property=\"og:url\" content=\"https:\/\/nahuelproducciones.com.ar\/radioquijano\/la-policia-detuvo-a-tres-personas-implicadas-en-el-robo-de-durmientes\/\" \/>\n<meta property=\"og:site_name\" content=\"RQ 99.9\" \/>\n<meta property=\"article:publisher\" content=\"https:\/\/www.facebook.com\/nahuelproducciones999\/\" \/>\n<meta property=\"article:published_time\" content=\"2022-05-21T00:57:35+00:00\" \/>\n<meta property=\"article:modified_time\" content=\"2022-05-21T00:57:37+00:00\" \/>\n<meta property=\"og:image\" content=\"https:\/\/nahuelproducciones.com.ar\/radioquijano\/wp-content\/uploads\/2022\/05\/durmientes2-e1653092453492.jpg\" \/>\n\t<meta property=\"og:image:width\" content=\"700\" \/>\n\t<meta property=\"og:image:height\" content=\"758\" \/>\n\t<meta property=\"og:image:type\" content=\"image\/jpeg\" \/>\n<meta name=\"author\" content=\"Cecilia Pastrana\" \/>\n<meta name=\"twitter:card\" content=\"summary_large_image\" \/>\n<meta name=\"twitter:creator\" content=\"@nahuproduciones\" \/>\n<meta name=\"twitter:site\" content=\"@nahuproduciones\" \/>\n<meta name=\"twitter:label1\" content=\"Escrito por\" \/>\n\t<meta name=\"twitter:data1\" content=\"Cecilia Pastrana\" \/>\n\t<meta name=\"twitter:label2\" content=\"Tiempo de lectura\" \/>\n\t<meta name=\"twitter:data2\" content=\"1 minuto\" \/>\n<script type=\"application\/ld+json\" class=\"yoast-schema-graph\">{\"@context\":\"https:\/\/schema.org\",\"@graph\":[{\"@type\":\"WebPage\",\"@id\":\"https:\/\/nahuelproducciones.com.ar\/radioquijano\/la-policia-detuvo-a-tres-personas-implicadas-en-el-robo-de-durmientes\/\",\"url\":\"https:\/\/nahuelproducciones.com.ar\/radioquijano\/la-policia-detuvo-a-tres-personas-implicadas-en-el-robo-de-durmientes\/\",\"name\":\"La Polic\u00eda detuvo a tres personas implicadas en el robo de durmientes - RQ 99.9\",\"isPartOf\":{\"@id\":\"https:\/\/nahuelproducciones.com.ar\/radioquijano\/#website\"},\"datePublished\":\"2022-05-21T00:57:35+00:00\",\"dateModified\":\"2022-05-21T00:57:37+00:00\",\"author\":{\"@id\":\"https:\/\/nahuelproducciones.com.ar\/radioquijano\/#\/schema\/person\/e8a4f939e2cb487fe6d0c54042c9d32c\"},\"description\":\"Los elementos secuestrados y las tres personas quedaron a disposici\u00f3n de la Fiscal Federal Salta.\",\"breadcrumb\":{\"@id\":\"https:\/\/nahuelproducciones.com.ar\/radioquijano\/la-policia-detuvo-a-tres-personas-implicadas-en-el-robo-de-durmientes\/#breadcrumb\"},\"inLanguage\":\"es\",\"potentialAction\":[{\"@type\":\"ReadAction\",\"target\":[\"https:\/\/nahuelproducciones.com.ar\/radioquijano\/la-policia-detuvo-a-tres-personas-implicadas-en-el-robo-de-durmientes\/\"]}]},{\"@type\":\"BreadcrumbList\",\"@id\":\"https:\/\/nahuelproducciones.com.ar\/radioquijano\/la-policia-detuvo-a-tres-personas-implicadas-en-el-robo-de-durmientes\/#breadcrumb\",\"itemListElement\":[{\"@type\":\"ListItem\",\"position\":1,\"name\":\"Portada\",\"item\":\"https:\/\/nahuelproducciones.com.ar\/radioquijano\/\"},{\"@type\":\"ListItem\",\"position\":2,\"name\":\"La Polic\u00eda detuvo a tres personas implicadas en el robo de durmientes\"}]},{\"@type\":\"WebSite\",\"@id\":\"https:\/\/nahuelproducciones.com.ar\/radioquijano\/#website\",\"url\":\"https:\/\/nahuelproducciones.com.ar\/radioquijano\/\",\"name\":\"RQ 99.9\",\"description\":\"Radio Quijano 99.9 MHz\",\"potentialAction\":[{\"@type\":\"SearchAction\",\"target\":{\"@type\":\"EntryPoint\",\"urlTemplate\":\"https:\/\/nahuelproducciones.com.ar\/radioquijano\/?s={search_term_string}\"},\"query-input\":\"required name=search_term_string\"}],\"inLanguage\":\"es\"},{\"@type\":\"Person\",\"@id\":\"https:\/\/nahuelproducciones.com.ar\/radioquijano\/#\/schema\/person\/e8a4f939e2cb487fe6d0c54042c9d32c\",\"name\":\"Cecilia Pastrana\",\"image\":{\"@type\":\"ImageObject\",\"inLanguage\":\"es\",\"@id\":\"https:\/\/nahuelproducciones.com.ar\/radioquijano\/#\/schema\/person\/image\/\",\"url\":\"https:\/\/secure.gravatar.com\/avatar\/661a3ef63a8488d4f2794ed44af8cf71420f7e106f3072c40125114df5157749?s=96&d=mm&r=g\",\"contentUrl\":\"https:\/\/secure.gravatar.com\/avatar\/661a3ef63a8488d4f2794ed44af8cf71420f7e106f3072c40125114df5157749?s=96&d=mm&r=g\",\"caption\":\"Cecilia Pastrana\"},\"sameAs\":[\"cecy\"],\"url\":\"https:\/\/nahuelproducciones.com.ar\/radioquijano\/author\/cecy\/\"}]}<\/script>\n<!-- \/ Yoast SEO plugin. -->","yoast_head_json":{"title":"La Polic\u00eda detuvo a tres personas implicadas en el robo de durmientes - RQ 99.9","description":"Los elementos secuestrados y las tres personas quedaron a disposici\u00f3n de la Fiscal Federal Salta.","robots":{"index":"index","follow":"follow","max-snippet":"max-snippet:-1","max-image-preview":"max-image-preview:large","max-video-preview":"max-video-preview:-1"},"canonical":"https:\/\/nahuelproducciones.com.ar\/radioquijano\/la-policia-detuvo-a-tres-personas-implicadas-en-el-robo-de-durmientes\/","og_locale":"es_ES","og_type":"article","og_title":"La Polic\u00eda detuvo a tres personas implicadas en el robo de durmientes - RQ 99.9","og_description":"Los elementos secuestrados y las tres personas quedaron a disposici\u00f3n de la Fiscal Federal Salta.","og_url":"https:\/\/nahuelproducciones.com.ar\/radioquijano\/la-policia-detuvo-a-tres-personas-implicadas-en-el-robo-de-durmientes\/","og_site_name":"RQ 99.9","article_publisher":"https:\/\/www.facebook.com\/nahuelproducciones999\/","article_published_time":"2022-05-21T00:57:35+00:00","article_modified_time":"2022-05-21T00:57:37+00:00","og_image":[{"width":700,"height":758,"url":"https:\/\/nahuelproducciones.com.ar\/radioquijano\/wp-content\/uploads\/2022\/05\/durmientes2-e1653092453492.jpg","type":"image\/jpeg"}],"author":"Cecilia Pastrana","twitter_card":"summary_large_image","twitter_creator":"@nahuproduciones","twitter_site":"@nahuproduciones","twitter_misc":{"Escrito por":"Cecilia Pastrana","Tiempo de lectura":"1 minuto"},"schema":{"@context":"https:\/\/schema.org","@graph":[{"@type":"WebPage","@id":"https:\/\/nahuelproducciones.com.ar\/radioquijano\/la-policia-detuvo-a-tres-personas-implicadas-en-el-robo-de-durmientes\/","url":"https:\/\/nahuelproducciones.com.ar\/radioquijano\/la-policia-detuvo-a-tres-personas-implicadas-en-el-robo-de-durmientes\/","name":"La Polic\u00eda detuvo a tres personas implicadas en el robo de durmientes - RQ 99.9","isPartOf":{"@id":"https:\/\/nahuelproducciones.com.ar\/radioquijano\/#website"},"datePublished":"2022-05-21T00:57:35+00:00","dateModified":"2022-05-21T00:57:37+00:00","author":{"@id":"https:\/\/nahuelproducciones.com.ar\/radioquijano\/#\/schema\/person\/e8a4f939e2cb487fe6d0c54042c9d32c"},"description":"Los elementos secuestrados y las tres personas quedaron a disposici\u00f3n de la Fiscal Federal Salta.","breadcrumb":{"@id":"https:\/\/nahuelproducciones.com.ar\/radioquijano\/la-policia-detuvo-a-tres-personas-implicadas-en-el-robo-de-durmientes\/#breadcrumb"},"inLanguage":"es","potentialAction":[{"@type":"ReadAction","target":["https:\/\/nahuelproducciones.com.ar\/radioquijano\/la-policia-detuvo-a-tres-personas-implicadas-en-el-robo-de-durmientes\/"]}]},{"@type":"BreadcrumbList","@id":"https:\/\/nahuelproducciones.com.ar\/radioquijano\/la-policia-detuvo-a-tres-personas-implicadas-en-el-robo-de-durmientes\/#breadcrumb","itemListElement":[{"@type":"ListItem","position":1,"name":"Portada","item":"https:\/\/nahuelproducciones.com.ar\/radioquijano\/"},{"@type":"ListItem","position":2,"name":"La Polic\u00eda detuvo a tres personas implicadas en el robo de durmientes"}]},{"@type":"WebSite","@id":"https:\/\/nahuelproducciones.com.ar\/radioquijano\/#website","url":"https:\/\/nahuelproducciones.com.ar\/radioquijano\/","name":"RQ 99.9","description":"Radio Quijano 99.9 MHz","potentialAction":[{"@type":"SearchAction","target":{"@type":"EntryPoint","urlTemplate":"https:\/\/nahuelproducciones.com.ar\/radioquijano\/?s={search_term_string}"},"query-input":"required name=search_term_string"}],"inLanguage":"es"},{"@type":"Person","@id":"https:\/\/nahuelproducciones.com.ar\/radioquijano\/#\/schema\/person\/e8a4f939e2cb487fe6d0c54042c9d32c","name":"Cecilia Pastrana","image":{"@type":"ImageObject","inLanguage":"es","@id":"https:\/\/nahuelproducciones.com.ar\/radioquijano\/#\/schema\/person\/image\/","url":"https:\/\/secure.gravatar.com\/avatar\/661a3ef63a8488d4f2794ed44af8cf71420f7e106f3072c40125114df5157749?s=96&d=mm&r=g","contentUrl":"https:\/\/secure.gravatar.com\/avatar\/661a3ef63a8488d4f2794ed44af8cf71420f7e106f3072c40125114df5157749?s=96&d=mm&r=g","caption":"Cecilia Pastrana"},"sameAs":["cecy"],"url":"https:\/\/nahuelproducciones.com.ar\/radioquijano\/author\/cecy\/"}]}},"_links":{"self":[{"href":"https:\/\/nahuelproducciones.com.ar\/radioquijano\/wp-json\/wp\/v2\/posts\/2660","targetHints":{"allow":["GET"]}}],"collection":[{"href":"https:\/\/nahuelproducciones.com.ar\/radioquijano\/wp-json\/wp\/v2\/posts"}],"about":[{"href":"https:\/\/nahuelproducciones.com.ar\/radioquijano\/wp-json\/wp\/v2\/types\/post"}],"author":[{"embeddable":true,"href":"https:\/\/nahuelproducciones.com.ar\/radioquijano\/wp-json\/wp\/v2\/users\/8"}],"replies":[{"embeddable":true,"href":"https:\/\/nahuelproducciones.com.ar\/radioquijano\/wp-json\/wp\/v2\/comments?post=2660"}],"version-history":[{"count":1,"href":"https:\/\/nahuelproducciones.com.ar\/radioquijano\/wp-json\/wp\/v2\/posts\/2660\/revisions"}],"predecessor-version":[{"id":2664,"href":"https:\/\/nahuelproducciones.com.ar\/radioquijano\/wp-json\/wp\/v2\/posts\/2660\/revisions\/2664"}],"wp:featuredmedia":[{"embeddable":true,"href":"https:\/\/nahuelproducciones.com.ar\/radioquijano\/wp-json\/wp\/v2\/media\/2661"}],"wp:attachment":[{"href":"https:\/\/nahuelproducciones.com.ar\/radioquijano\/wp-json\/wp\/v2\/media?parent=2660"}],"wp:term":[{"taxonomy":"category","embeddable":true,"href":"https:\/\/nahuelproducciones.com.ar\/radioquijano\/wp-json\/wp\/v2\/categories?post=2660"},{"taxonomy":"post_tag","embeddable":true,"href":"https:\/\/nahuelproducciones.com.ar\/radioquijano\/wp-json\/wp\/v2\/tags?post=2660"}],"curies":[{"name":"wp","href":"https:\/\/api.w.org\/{rel}","templated":true}]}}