{"id":2666,"date":"2022-05-24T07:48:26","date_gmt":"2022-05-24T10:48:26","guid":{"rendered":"https:\/\/nahuelproducciones.com.ar\/radioquijano\/?p=2666"},"modified":"2022-05-24T07:53:24","modified_gmt":"2022-05-24T10:53:24","slug":"hasta-el-24-de-mayo-cesaran-en-la-escuela-bartolome-mitre-de-campo-quijano","status":"publish","type":"post","link":"https:\/\/nahuelproducciones.com.ar\/radioquijano\/hasta-el-24-de-mayo-cesaran-en-la-escuela-bartolome-mitre-de-campo-quijano\/","title":{"rendered":"Hasta el 24 de mayo censar\u00e1n en la Escuela Bartolom\u00e9 Mitre de Campo Quijano."},"content":{"rendered":"\n<p>La Jefa de Fracci\u00f3n N\u00b08 del CENSO 2.022, prof. Fany Flores informa a las personas que no fueron censadas el 18-05-22, llamar al fijo 4-904369 hasta el 24 del presente  mes o llegarse de a la escuela Mitre en el horario de 8:00hs a 12:00hs o de 14:00hs a 18:00hs.<\/p>\n\n\n\n<p>Se solicita  llevar fecha de nacimiento de los integrantes de la flia.<\/p>\n\n\n\n<p>Los Barrios que est\u00e1n en la Fracci\u00f3n N \u00b08 son:<\/p>\n\n\n\n<p>San Jorge<\/p>\n\n\n\n<p>San Roque<\/p>\n\n\n\n<p>San Cayetano <\/p>\n\n\n\n<p>30 ViviendasAlto Valle<\/p>\n\n\n\n<p>Pipino<\/p>\n\n\n\n<p>R\u00edo Blanco, hasta el puente<\/p>\n\n\n\n<p>Libertad<\/p>\n\n\n\n<p>El Canal<\/p>\n\n\n\n<p>Zona c\u00e9ntrica, avda 9 de julio<\/p>\n\n\n\n<p>Olavarr\u00eda<\/p>\n\n\n\n<p>21 de Noviembre<\/p>\n\n\n\n<p>San Mart\u00edn de Porres<\/p>\n\n\n\n<p>20 de Febrero<\/p>\n\n\n\n<p>24 de Septiembre<\/p>\n\n\n\n<p>El Portal<\/p>\n\n\n\n<p>El SolLuz y Fuerza<\/p>\n\n\n\n<p>Ingeniero Maury<\/p>\n\n\n\n<p>Valle Encantado<\/p>\n\n\n\n<p>San Francisco<\/p>\n\n\n\n<p>Ferroviario<\/p>\n\n\n\n<p>Chino<\/p>\n\n\n\n<p>Detr\u00e1s de la Escuela T\u00e9cnica<\/p>\n\n\n\n<p>El dique hasta el canal que atraviesa la Ruta 51<\/p>\n\n\n\n<p>Suco Jovanovics<\/p>\n\n\n\n<p>Barrio que est\u00e1 detr\u00e1s del Polideportivo<\/p>\n\n\n\n<p>GRACIAS POR DIFUNDIR!!!<\/p>\n\n\n\n<figure class=\"wp-block-audio\"><audio controls src=\"https:\/\/nahuelproducciones.com.ar\/radioquijano\/wp-content\/uploads\/2022\/05\/23-05-2022-fraccion-8-urbana-la-seno-fanny-flores-censo-2022.mp3\"><\/audio><figcaption>  Jefa de Fracci\u00f3n N\u00b08 del CENSO 2.022, Prof. Fany Flores <\/figcaption><\/figure>\n\n\n\n<p><a href=\"https:\/\/nahuelproducciones.com.ar\/index.php\/rq999\" target=\"_blank\" rel=\"noreferrer noopener\">#RQ99.9Mhz<\/a>   <a href=\"https:\/\/nahuelproducciones.com.ar\/\" target=\"_blank\" rel=\"noreferrer noopener\">CAMPO QUIJANO<\/a><\/p>\n","protected":false},"excerpt":{"rendered":"<p>La Jefa de Fracci\u00f3n N\u00b08 del CENSO 2.022, prof. Fany Flores informa a las personas que no fueron censadas el 18-05-22, llamar al fijo 4-904369 hasta el 24 del presente mes o llegarse de a la escuela Mitre en el horario de 8:00hs a 12:00hs o de 14:00hs a 18:00hs. Se solicita llevar fecha de [&hellip;]<\/p>\n","protected":false},"author":8,"featured_media":2667,"comment_status":"open","ping_status":"open","sticky":false,"template":"","format":"standard","meta":{"_monsterinsights_skip_tracking":false,"_monsterinsights_sitenote_active":false,"_monsterinsights_sitenote_note":"","_monsterinsights_sitenote_category":0,"footnotes":""},"categories":[8,2,16],"tags":[36,481,482,483],"class_list":["post-2666","post","type-post","status-publish","format-standard","has-post-thumbnail","hentry","category-blog-de-sapito","category-cultura","category-noticias","tag-campo-quijano","tag-esc-bartolome-mitre","tag-fraccion-n8-del-censo-2-022","tag-prof-fany-flores"],"yoast_head":"<!-- This site is optimized with the Yoast SEO plugin v20.8 - https:\/\/yoast.com\/wordpress\/plugins\/seo\/ -->\n<title>Hasta el 24 de mayo censar\u00e1n en la Escuela Bartolom\u00e9 Mitre de Campo Quijano. - RQ 99.9<\/title>\n<meta name=\"description\" content=\"Fracci\u00f3n N\u00b08 del CENSO 2.022, en la escuela Mitre en el horario de 8:00hs a 12:00hs o de 14:00hs a 18:00hs.\" \/>\n<meta name=\"robots\" content=\"index, follow, max-snippet:-1, max-image-preview:large, max-video-preview:-1\" \/>\n<link rel=\"canonical\" href=\"https:\/\/nahuelproducciones.com.ar\/radioquijano\/hasta-el-24-de-mayo-cesaran-en-la-escuela-bartolome-mitre-de-campo-quijano\/\" \/>\n<meta property=\"og:locale\" content=\"es_ES\" \/>\n<meta property=\"og:type\" content=\"article\" \/>\n<meta property=\"og:title\" content=\"Hasta el 24 de mayo censar\u00e1n en la Escuela Bartolom\u00e9 Mitre de Campo Quijano. - RQ 99.9\" \/>\n<meta property=\"og:description\" content=\"Fracci\u00f3n N\u00b08 del CENSO 2.022, en la escuela Mitre en el horario de 8:00hs a 12:00hs o de 14:00hs a 18:00hs.\" \/>\n<meta property=\"og:url\" content=\"https:\/\/nahuelproducciones.com.ar\/radioquijano\/hasta-el-24-de-mayo-cesaran-en-la-escuela-bartolome-mitre-de-campo-quijano\/\" \/>\n<meta property=\"og:site_name\" content=\"RQ 99.9\" \/>\n<meta property=\"article:publisher\" content=\"https:\/\/www.facebook.com\/nahuelproducciones999\/\" \/>\n<meta property=\"article:published_time\" content=\"2022-05-24T10:48:26+00:00\" \/>\n<meta property=\"article:modified_time\" content=\"2022-05-24T10:53:24+00:00\" \/>\n<meta property=\"og:image\" content=\"https:\/\/nahuelproducciones.com.ar\/radioquijano\/wp-content\/uploads\/2022\/05\/censo-hasta-el24.jpg\" \/>\n\t<meta property=\"og:image:width\" content=\"700\" \/>\n\t<meta property=\"og:image:height\" content=\"354\" \/>\n\t<meta property=\"og:image:type\" content=\"image\/jpeg\" \/>\n<meta name=\"author\" content=\"Cecilia Pastrana\" \/>\n<meta name=\"twitter:card\" content=\"summary_large_image\" \/>\n<meta name=\"twitter:creator\" content=\"@nahuproduciones\" \/>\n<meta name=\"twitter:site\" content=\"@nahuproduciones\" \/>\n<meta name=\"twitter:label1\" content=\"Escrito por\" \/>\n\t<meta name=\"twitter:data1\" content=\"Cecilia Pastrana\" \/>\n\t<meta name=\"twitter:label2\" content=\"Tiempo de lectura\" \/>\n\t<meta name=\"twitter:data2\" content=\"1 minuto\" \/>\n<script type=\"application\/ld+json\" class=\"yoast-schema-graph\">{\"@context\":\"https:\/\/schema.org\",\"@graph\":[{\"@type\":\"WebPage\",\"@id\":\"https:\/\/nahuelproducciones.com.ar\/radioquijano\/hasta-el-24-de-mayo-cesaran-en-la-escuela-bartolome-mitre-de-campo-quijano\/\",\"url\":\"https:\/\/nahuelproducciones.com.ar\/radioquijano\/hasta-el-24-de-mayo-cesaran-en-la-escuela-bartolome-mitre-de-campo-quijano\/\",\"name\":\"Hasta el 24 de mayo censar\u00e1n en la Escuela Bartolom\u00e9 Mitre de Campo Quijano. - RQ 99.9\",\"isPartOf\":{\"@id\":\"https:\/\/nahuelproducciones.com.ar\/radioquijano\/#website\"},\"datePublished\":\"2022-05-24T10:48:26+00:00\",\"dateModified\":\"2022-05-24T10:53:24+00:00\",\"author\":{\"@id\":\"https:\/\/nahuelproducciones.com.ar\/radioquijano\/#\/schema\/person\/e8a4f939e2cb487fe6d0c54042c9d32c\"},\"description\":\"Fracci\u00f3n N\u00b08 del CENSO 2.022, en la escuela Mitre en el horario de 8:00hs a 12:00hs o de 14:00hs a 18:00hs.\",\"breadcrumb\":{\"@id\":\"https:\/\/nahuelproducciones.com.ar\/radioquijano\/hasta-el-24-de-mayo-cesaran-en-la-escuela-bartolome-mitre-de-campo-quijano\/#breadcrumb\"},\"inLanguage\":\"es\",\"potentialAction\":[{\"@type\":\"ReadAction\",\"target\":[\"https:\/\/nahuelproducciones.com.ar\/radioquijano\/hasta-el-24-de-mayo-cesaran-en-la-escuela-bartolome-mitre-de-campo-quijano\/\"]}]},{\"@type\":\"BreadcrumbList\",\"@id\":\"https:\/\/nahuelproducciones.com.ar\/radioquijano\/hasta-el-24-de-mayo-cesaran-en-la-escuela-bartolome-mitre-de-campo-quijano\/#breadcrumb\",\"itemListElement\":[{\"@type\":\"ListItem\",\"position\":1,\"name\":\"Portada\",\"item\":\"https:\/\/nahuelproducciones.com.ar\/radioquijano\/\"},{\"@type\":\"ListItem\",\"position\":2,\"name\":\"Hasta el 24 de mayo censar\u00e1n en la Escuela Bartolom\u00e9 Mitre de Campo Quijano.\"}]},{\"@type\":\"WebSite\",\"@id\":\"https:\/\/nahuelproducciones.com.ar\/radioquijano\/#website\",\"url\":\"https:\/\/nahuelproducciones.com.ar\/radioquijano\/\",\"name\":\"RQ 99.9\",\"description\":\"Radio Quijano 99.9 MHz\",\"potentialAction\":[{\"@type\":\"SearchAction\",\"target\":{\"@type\":\"EntryPoint\",\"urlTemplate\":\"https:\/\/nahuelproducciones.com.ar\/radioquijano\/?s={search_term_string}\"},\"query-input\":\"required name=search_term_string\"}],\"inLanguage\":\"es\"},{\"@type\":\"Person\",\"@id\":\"https:\/\/nahuelproducciones.com.ar\/radioquijano\/#\/schema\/person\/e8a4f939e2cb487fe6d0c54042c9d32c\",\"name\":\"Cecilia Pastrana\",\"image\":{\"@type\":\"ImageObject\",\"inLanguage\":\"es\",\"@id\":\"https:\/\/nahuelproducciones.com.ar\/radioquijano\/#\/schema\/person\/image\/\",\"url\":\"https:\/\/secure.gravatar.com\/avatar\/661a3ef63a8488d4f2794ed44af8cf71420f7e106f3072c40125114df5157749?s=96&d=mm&r=g\",\"contentUrl\":\"https:\/\/secure.gravatar.com\/avatar\/661a3ef63a8488d4f2794ed44af8cf71420f7e106f3072c40125114df5157749?s=96&d=mm&r=g\",\"caption\":\"Cecilia Pastrana\"},\"sameAs\":[\"cecy\"],\"url\":\"https:\/\/nahuelproducciones.com.ar\/radioquijano\/author\/cecy\/\"}]}<\/script>\n<!-- \/ Yoast SEO plugin. -->","yoast_head_json":{"title":"Hasta el 24 de mayo censar\u00e1n en la Escuela Bartolom\u00e9 Mitre de Campo Quijano. - RQ 99.9","description":"Fracci\u00f3n N\u00b08 del CENSO 2.022, en la escuela Mitre en el horario de 8:00hs a 12:00hs o de 14:00hs a 18:00hs.","robots":{"index":"index","follow":"follow","max-snippet":"max-snippet:-1","max-image-preview":"max-image-preview:large","max-video-preview":"max-video-preview:-1"},"canonical":"https:\/\/nahuelproducciones.com.ar\/radioquijano\/hasta-el-24-de-mayo-cesaran-en-la-escuela-bartolome-mitre-de-campo-quijano\/","og_locale":"es_ES","og_type":"article","og_title":"Hasta el 24 de mayo censar\u00e1n en la Escuela Bartolom\u00e9 Mitre de Campo Quijano. - RQ 99.9","og_description":"Fracci\u00f3n N\u00b08 del CENSO 2.022, en la escuela Mitre en el horario de 8:00hs a 12:00hs o de 14:00hs a 18:00hs.","og_url":"https:\/\/nahuelproducciones.com.ar\/radioquijano\/hasta-el-24-de-mayo-cesaran-en-la-escuela-bartolome-mitre-de-campo-quijano\/","og_site_name":"RQ 99.9","article_publisher":"https:\/\/www.facebook.com\/nahuelproducciones999\/","article_published_time":"2022-05-24T10:48:26+00:00","article_modified_time":"2022-05-24T10:53:24+00:00","og_image":[{"width":700,"height":354,"url":"https:\/\/nahuelproducciones.com.ar\/radioquijano\/wp-content\/uploads\/2022\/05\/censo-hasta-el24.jpg","type":"image\/jpeg"}],"author":"Cecilia Pastrana","twitter_card":"summary_large_image","twitter_creator":"@nahuproduciones","twitter_site":"@nahuproduciones","twitter_misc":{"Escrito por":"Cecilia Pastrana","Tiempo de lectura":"1 minuto"},"schema":{"@context":"https:\/\/schema.org","@graph":[{"@type":"WebPage","@id":"https:\/\/nahuelproducciones.com.ar\/radioquijano\/hasta-el-24-de-mayo-cesaran-en-la-escuela-bartolome-mitre-de-campo-quijano\/","url":"https:\/\/nahuelproducciones.com.ar\/radioquijano\/hasta-el-24-de-mayo-cesaran-en-la-escuela-bartolome-mitre-de-campo-quijano\/","name":"Hasta el 24 de mayo censar\u00e1n en la Escuela Bartolom\u00e9 Mitre de Campo Quijano. - RQ 99.9","isPartOf":{"@id":"https:\/\/nahuelproducciones.com.ar\/radioquijano\/#website"},"datePublished":"2022-05-24T10:48:26+00:00","dateModified":"2022-05-24T10:53:24+00:00","author":{"@id":"https:\/\/nahuelproducciones.com.ar\/radioquijano\/#\/schema\/person\/e8a4f939e2cb487fe6d0c54042c9d32c"},"description":"Fracci\u00f3n N\u00b08 del CENSO 2.022, en la escuela Mitre en el horario de 8:00hs a 12:00hs o de 14:00hs a 18:00hs.","breadcrumb":{"@id":"https:\/\/nahuelproducciones.com.ar\/radioquijano\/hasta-el-24-de-mayo-cesaran-en-la-escuela-bartolome-mitre-de-campo-quijano\/#breadcrumb"},"inLanguage":"es","potentialAction":[{"@type":"ReadAction","target":["https:\/\/nahuelproducciones.com.ar\/radioquijano\/hasta-el-24-de-mayo-cesaran-en-la-escuela-bartolome-mitre-de-campo-quijano\/"]}]},{"@type":"BreadcrumbList","@id":"https:\/\/nahuelproducciones.com.ar\/radioquijano\/hasta-el-24-de-mayo-cesaran-en-la-escuela-bartolome-mitre-de-campo-quijano\/#breadcrumb","itemListElement":[{"@type":"ListItem","position":1,"name":"Portada","item":"https:\/\/nahuelproducciones.com.ar\/radioquijano\/"},{"@type":"ListItem","position":2,"name":"Hasta el 24 de mayo censar\u00e1n en la Escuela Bartolom\u00e9 Mitre de Campo Quijano."}]},{"@type":"WebSite","@id":"https:\/\/nahuelproducciones.com.ar\/radioquijano\/#website","url":"https:\/\/nahuelproducciones.com.ar\/radioquijano\/","name":"RQ 99.9","description":"Radio Quijano 99.9 MHz","potentialAction":[{"@type":"SearchAction","target":{"@type":"EntryPoint","urlTemplate":"https:\/\/nahuelproducciones.com.ar\/radioquijano\/?s={search_term_string}"},"query-input":"required name=search_term_string"}],"inLanguage":"es"},{"@type":"Person","@id":"https:\/\/nahuelproducciones.com.ar\/radioquijano\/#\/schema\/person\/e8a4f939e2cb487fe6d0c54042c9d32c","name":"Cecilia Pastrana","image":{"@type":"ImageObject","inLanguage":"es","@id":"https:\/\/nahuelproducciones.com.ar\/radioquijano\/#\/schema\/person\/image\/","url":"https:\/\/secure.gravatar.com\/avatar\/661a3ef63a8488d4f2794ed44af8cf71420f7e106f3072c40125114df5157749?s=96&d=mm&r=g","contentUrl":"https:\/\/secure.gravatar.com\/avatar\/661a3ef63a8488d4f2794ed44af8cf71420f7e106f3072c40125114df5157749?s=96&d=mm&r=g","caption":"Cecilia Pastrana"},"sameAs":["cecy"],"url":"https:\/\/nahuelproducciones.com.ar\/radioquijano\/author\/cecy\/"}]}},"_links":{"self":[{"href":"https:\/\/nahuelproducciones.com.ar\/radioquijano\/wp-json\/wp\/v2\/posts\/2666","targetHints":{"allow":["GET"]}}],"collection":[{"href":"https:\/\/nahuelproducciones.com.ar\/radioquijano\/wp-json\/wp\/v2\/posts"}],"about":[{"href":"https:\/\/nahuelproducciones.com.ar\/radioquijano\/wp-json\/wp\/v2\/types\/post"}],"author":[{"embeddable":true,"href":"https:\/\/nahuelproducciones.com.ar\/radioquijano\/wp-json\/wp\/v2\/users\/8"}],"replies":[{"embeddable":true,"href":"https:\/\/nahuelproducciones.com.ar\/radioquijano\/wp-json\/wp\/v2\/comments?post=2666"}],"version-history":[{"count":2,"href":"https:\/\/nahuelproducciones.com.ar\/radioquijano\/wp-json\/wp\/v2\/posts\/2666\/revisions"}],"predecessor-version":[{"id":2670,"href":"https:\/\/nahuelproducciones.com.ar\/radioquijano\/wp-json\/wp\/v2\/posts\/2666\/revisions\/2670"}],"wp:featuredmedia":[{"embeddable":true,"href":"https:\/\/nahuelproducciones.com.ar\/radioquijano\/wp-json\/wp\/v2\/media\/2667"}],"wp:attachment":[{"href":"https:\/\/nahuelproducciones.com.ar\/radioquijano\/wp-json\/wp\/v2\/media?parent=2666"}],"wp:term":[{"taxonomy":"category","embeddable":true,"href":"https:\/\/nahuelproducciones.com.ar\/radioquijano\/wp-json\/wp\/v2\/categories?post=2666"},{"taxonomy":"post_tag","embeddable":true,"href":"https:\/\/nahuelproducciones.com.ar\/radioquijano\/wp-json\/wp\/v2\/tags?post=2666"}],"curies":[{"name":"wp","href":"https:\/\/api.w.org\/{rel}","templated":true}]}}