{"id":2672,"date":"2022-05-24T08:19:32","date_gmt":"2022-05-24T11:19:32","guid":{"rendered":"https:\/\/nahuelproducciones.com.ar\/radioquijano\/?p=2672"},"modified":"2022-05-24T08:20:34","modified_gmt":"2022-05-24T11:20:34","slug":"martes-24-de-mayo-campana-de-donacion-de-sangre-en-la-silleta","status":"publish","type":"post","link":"https:\/\/nahuelproducciones.com.ar\/radioquijano\/martes-24-de-mayo-campana-de-donacion-de-sangre-en-la-silleta\/","title":{"rendered":"Martes 24 de mayo, Campa\u00f1a de donaci\u00f3n de sangre en La Silleta."},"content":{"rendered":"\n<p>El Dr. Junco Mario Miguel en comunicaci\u00f3n telef\u00f3nica con RQ99.9Mhz, invit\u00f3 a la campa\u00f1as de donaci\u00f3n voluntaria de sangre que se realizar\u00e1 en La Silleta el martes 24 de mayo de 2022.<\/p>\n\n\n\n<p>El servicio del Centro Regional de Hemoterapia con el Hospital Papa Francisco salen a la comunidad llevando los equipos, los insumos y el personal: t\u00e9cnicos en hemoterapia, m\u00e9dicos especialistas y atender\u00e1n a los donantes en la Plaza 8 de diciembre de La Silleta, en el horario  las 8:30 hs. hasta las 14:00 hs.<\/p>\n\n\n\n<p><strong>\u00bfQui\u00e9nes pueden donar sangre?<\/strong><\/p>\n\n\n\n<p>\u2022 Personas entre 18 y 65 a\u00f1os, que pesen m\u00e1s de 50 kilos y gocen de buena salud.<\/p>\n\n\n\n<p>\u2022 Presentar DNI, C.I. u otro documento que acredite su identidad.<\/p>\n\n\n\n<p>\u2022 No debe estar en ayunas.<\/p>\n\n\n\n<p>Donar sangre es solidaridad y compromiso. Donar sangre, salva vidas.<\/p>\n\n\n\n<figure class=\"wp-block-audio\"><audio controls src=\"https:\/\/nahuelproducciones.com.ar\/radioquijano\/wp-content\/uploads\/2022\/05\/23-05-2022Dr-Junco-Mario-Miguel-Hace-La-Campana-Donacion-De-Sangre-EL-24-DE-MAYO-EN-LA-SILLETA.mp3\"><\/audio><figcaption>Dr. Junco Mario Miguel<\/figcaption><\/figure>\n\n\n\n<p><a href=\"https:\/\/nahuelproducciones.com.ar\/index.php\/rq999\" target=\"_blank\" rel=\"noreferrer noopener\">#RQ99.9Mhz <\/a>   <\/p>\n\n\n\n<p><a href=\"https:\/\/nahuelproducciones.com.ar\/\" target=\"_blank\" rel=\"noreferrer noopener\">#CAMPO QUIJANO<\/a><\/p>\n","protected":false},"excerpt":{"rendered":"<p>El Dr. Junco Mario Miguel en comunicaci\u00f3n telef\u00f3nica con RQ99.9Mhz, invit\u00f3 a la campa\u00f1as de donaci\u00f3n voluntaria de sangre que se realizar\u00e1 en La Silleta el martes 24 de mayo de 2022. El servicio del Centro Regional de Hemoterapia con el Hospital Papa Francisco salen a la comunidad llevando los equipos, los insumos y el [&hellip;]<\/p>\n","protected":false},"author":8,"featured_media":2675,"comment_status":"open","ping_status":"open","sticky":false,"template":"","format":"standard","meta":{"_monsterinsights_skip_tracking":false,"_monsterinsights_sitenote_active":false,"_monsterinsights_sitenote_note":"","_monsterinsights_sitenote_category":0,"footnotes":""},"categories":[8,18,16],"tags":[484,485,77,71],"class_list":["post-2672","post","type-post","status-publish","format-standard","has-post-thumbnail","hentry","category-blog-de-sapito","category-covid-19","category-noticias","tag-dr-junco-mario-miguel","tag-hospital-papa-francisco","tag-la-silleta","tag-municipalidad-de-campo-quijano"],"yoast_head":"<!-- This site is optimized with the Yoast SEO plugin v20.8 - https:\/\/yoast.com\/wordpress\/plugins\/seo\/ -->\n<title>Martes 24 de mayo, Campa\u00f1a de donaci\u00f3n de sangre en La Silleta. - RQ 99.9<\/title>\n<meta name=\"description\" content=\"La Silleta el martes 24 de mayo de 2022,en el horario las 8:30 hs. hasta las 14:00 hs.\" \/>\n<meta name=\"robots\" content=\"index, follow, max-snippet:-1, max-image-preview:large, max-video-preview:-1\" \/>\n<link rel=\"canonical\" href=\"https:\/\/nahuelproducciones.com.ar\/radioquijano\/martes-24-de-mayo-campana-de-donacion-de-sangre-en-la-silleta\/\" \/>\n<meta property=\"og:locale\" content=\"es_ES\" \/>\n<meta property=\"og:type\" content=\"article\" \/>\n<meta property=\"og:title\" content=\"Martes 24 de mayo, Campa\u00f1a de donaci\u00f3n de sangre en La Silleta. - RQ 99.9\" \/>\n<meta property=\"og:description\" content=\"La Silleta el martes 24 de mayo de 2022,en el horario las 8:30 hs. hasta las 14:00 hs.\" \/>\n<meta property=\"og:url\" content=\"https:\/\/nahuelproducciones.com.ar\/radioquijano\/martes-24-de-mayo-campana-de-donacion-de-sangre-en-la-silleta\/\" \/>\n<meta property=\"og:site_name\" content=\"RQ 99.9\" \/>\n<meta property=\"article:publisher\" content=\"https:\/\/www.facebook.com\/nahuelproducciones999\/\" \/>\n<meta property=\"article:published_time\" content=\"2022-05-24T11:19:32+00:00\" \/>\n<meta property=\"article:modified_time\" content=\"2022-05-24T11:20:34+00:00\" \/>\n<meta property=\"og:image\" content=\"https:\/\/nahuelproducciones.com.ar\/radioquijano\/wp-content\/uploads\/2022\/05\/donacion-de-sangre-1.jpg\" \/>\n\t<meta property=\"og:image:width\" content=\"500\" \/>\n\t<meta property=\"og:image:height\" content=\"708\" \/>\n\t<meta property=\"og:image:type\" content=\"image\/jpeg\" \/>\n<meta name=\"author\" content=\"Cecilia Pastrana\" \/>\n<meta name=\"twitter:card\" content=\"summary_large_image\" \/>\n<meta name=\"twitter:creator\" content=\"@nahuproduciones\" \/>\n<meta name=\"twitter:site\" content=\"@nahuproduciones\" \/>\n<meta name=\"twitter:label1\" content=\"Escrito por\" \/>\n\t<meta name=\"twitter:data1\" content=\"Cecilia Pastrana\" \/>\n\t<meta name=\"twitter:label2\" content=\"Tiempo de lectura\" \/>\n\t<meta name=\"twitter:data2\" content=\"1 minuto\" \/>\n<script type=\"application\/ld+json\" class=\"yoast-schema-graph\">{\"@context\":\"https:\/\/schema.org\",\"@graph\":[{\"@type\":\"WebPage\",\"@id\":\"https:\/\/nahuelproducciones.com.ar\/radioquijano\/martes-24-de-mayo-campana-de-donacion-de-sangre-en-la-silleta\/\",\"url\":\"https:\/\/nahuelproducciones.com.ar\/radioquijano\/martes-24-de-mayo-campana-de-donacion-de-sangre-en-la-silleta\/\",\"name\":\"Martes 24 de mayo, Campa\u00f1a de donaci\u00f3n de sangre en La Silleta. - RQ 99.9\",\"isPartOf\":{\"@id\":\"https:\/\/nahuelproducciones.com.ar\/radioquijano\/#website\"},\"datePublished\":\"2022-05-24T11:19:32+00:00\",\"dateModified\":\"2022-05-24T11:20:34+00:00\",\"author\":{\"@id\":\"https:\/\/nahuelproducciones.com.ar\/radioquijano\/#\/schema\/person\/e8a4f939e2cb487fe6d0c54042c9d32c\"},\"description\":\"La Silleta el martes 24 de mayo de 2022,en el horario las 8:30 hs. hasta las 14:00 hs.\",\"breadcrumb\":{\"@id\":\"https:\/\/nahuelproducciones.com.ar\/radioquijano\/martes-24-de-mayo-campana-de-donacion-de-sangre-en-la-silleta\/#breadcrumb\"},\"inLanguage\":\"es\",\"potentialAction\":[{\"@type\":\"ReadAction\",\"target\":[\"https:\/\/nahuelproducciones.com.ar\/radioquijano\/martes-24-de-mayo-campana-de-donacion-de-sangre-en-la-silleta\/\"]}]},{\"@type\":\"BreadcrumbList\",\"@id\":\"https:\/\/nahuelproducciones.com.ar\/radioquijano\/martes-24-de-mayo-campana-de-donacion-de-sangre-en-la-silleta\/#breadcrumb\",\"itemListElement\":[{\"@type\":\"ListItem\",\"position\":1,\"name\":\"Portada\",\"item\":\"https:\/\/nahuelproducciones.com.ar\/radioquijano\/\"},{\"@type\":\"ListItem\",\"position\":2,\"name\":\"Martes 24 de mayo, Campa\u00f1a de donaci\u00f3n de sangre en La Silleta.\"}]},{\"@type\":\"WebSite\",\"@id\":\"https:\/\/nahuelproducciones.com.ar\/radioquijano\/#website\",\"url\":\"https:\/\/nahuelproducciones.com.ar\/radioquijano\/\",\"name\":\"RQ 99.9\",\"description\":\"Radio Quijano 99.9 MHz\",\"potentialAction\":[{\"@type\":\"SearchAction\",\"target\":{\"@type\":\"EntryPoint\",\"urlTemplate\":\"https:\/\/nahuelproducciones.com.ar\/radioquijano\/?s={search_term_string}\"},\"query-input\":\"required name=search_term_string\"}],\"inLanguage\":\"es\"},{\"@type\":\"Person\",\"@id\":\"https:\/\/nahuelproducciones.com.ar\/radioquijano\/#\/schema\/person\/e8a4f939e2cb487fe6d0c54042c9d32c\",\"name\":\"Cecilia Pastrana\",\"image\":{\"@type\":\"ImageObject\",\"inLanguage\":\"es\",\"@id\":\"https:\/\/nahuelproducciones.com.ar\/radioquijano\/#\/schema\/person\/image\/\",\"url\":\"https:\/\/secure.gravatar.com\/avatar\/661a3ef63a8488d4f2794ed44af8cf71420f7e106f3072c40125114df5157749?s=96&d=mm&r=g\",\"contentUrl\":\"https:\/\/secure.gravatar.com\/avatar\/661a3ef63a8488d4f2794ed44af8cf71420f7e106f3072c40125114df5157749?s=96&d=mm&r=g\",\"caption\":\"Cecilia Pastrana\"},\"sameAs\":[\"cecy\"],\"url\":\"https:\/\/nahuelproducciones.com.ar\/radioquijano\/author\/cecy\/\"}]}<\/script>\n<!-- \/ Yoast SEO plugin. -->","yoast_head_json":{"title":"Martes 24 de mayo, Campa\u00f1a de donaci\u00f3n de sangre en La Silleta. - RQ 99.9","description":"La Silleta el martes 24 de mayo de 2022,en el horario las 8:30 hs. hasta las 14:00 hs.","robots":{"index":"index","follow":"follow","max-snippet":"max-snippet:-1","max-image-preview":"max-image-preview:large","max-video-preview":"max-video-preview:-1"},"canonical":"https:\/\/nahuelproducciones.com.ar\/radioquijano\/martes-24-de-mayo-campana-de-donacion-de-sangre-en-la-silleta\/","og_locale":"es_ES","og_type":"article","og_title":"Martes 24 de mayo, Campa\u00f1a de donaci\u00f3n de sangre en La Silleta. - RQ 99.9","og_description":"La Silleta el martes 24 de mayo de 2022,en el horario las 8:30 hs. hasta las 14:00 hs.","og_url":"https:\/\/nahuelproducciones.com.ar\/radioquijano\/martes-24-de-mayo-campana-de-donacion-de-sangre-en-la-silleta\/","og_site_name":"RQ 99.9","article_publisher":"https:\/\/www.facebook.com\/nahuelproducciones999\/","article_published_time":"2022-05-24T11:19:32+00:00","article_modified_time":"2022-05-24T11:20:34+00:00","og_image":[{"width":500,"height":708,"url":"https:\/\/nahuelproducciones.com.ar\/radioquijano\/wp-content\/uploads\/2022\/05\/donacion-de-sangre-1.jpg","type":"image\/jpeg"}],"author":"Cecilia Pastrana","twitter_card":"summary_large_image","twitter_creator":"@nahuproduciones","twitter_site":"@nahuproduciones","twitter_misc":{"Escrito por":"Cecilia Pastrana","Tiempo de lectura":"1 minuto"},"schema":{"@context":"https:\/\/schema.org","@graph":[{"@type":"WebPage","@id":"https:\/\/nahuelproducciones.com.ar\/radioquijano\/martes-24-de-mayo-campana-de-donacion-de-sangre-en-la-silleta\/","url":"https:\/\/nahuelproducciones.com.ar\/radioquijano\/martes-24-de-mayo-campana-de-donacion-de-sangre-en-la-silleta\/","name":"Martes 24 de mayo, Campa\u00f1a de donaci\u00f3n de sangre en La Silleta. - RQ 99.9","isPartOf":{"@id":"https:\/\/nahuelproducciones.com.ar\/radioquijano\/#website"},"datePublished":"2022-05-24T11:19:32+00:00","dateModified":"2022-05-24T11:20:34+00:00","author":{"@id":"https:\/\/nahuelproducciones.com.ar\/radioquijano\/#\/schema\/person\/e8a4f939e2cb487fe6d0c54042c9d32c"},"description":"La Silleta el martes 24 de mayo de 2022,en el horario las 8:30 hs. hasta las 14:00 hs.","breadcrumb":{"@id":"https:\/\/nahuelproducciones.com.ar\/radioquijano\/martes-24-de-mayo-campana-de-donacion-de-sangre-en-la-silleta\/#breadcrumb"},"inLanguage":"es","potentialAction":[{"@type":"ReadAction","target":["https:\/\/nahuelproducciones.com.ar\/radioquijano\/martes-24-de-mayo-campana-de-donacion-de-sangre-en-la-silleta\/"]}]},{"@type":"BreadcrumbList","@id":"https:\/\/nahuelproducciones.com.ar\/radioquijano\/martes-24-de-mayo-campana-de-donacion-de-sangre-en-la-silleta\/#breadcrumb","itemListElement":[{"@type":"ListItem","position":1,"name":"Portada","item":"https:\/\/nahuelproducciones.com.ar\/radioquijano\/"},{"@type":"ListItem","position":2,"name":"Martes 24 de mayo, Campa\u00f1a de donaci\u00f3n de sangre en La Silleta."}]},{"@type":"WebSite","@id":"https:\/\/nahuelproducciones.com.ar\/radioquijano\/#website","url":"https:\/\/nahuelproducciones.com.ar\/radioquijano\/","name":"RQ 99.9","description":"Radio Quijano 99.9 MHz","potentialAction":[{"@type":"SearchAction","target":{"@type":"EntryPoint","urlTemplate":"https:\/\/nahuelproducciones.com.ar\/radioquijano\/?s={search_term_string}"},"query-input":"required name=search_term_string"}],"inLanguage":"es"},{"@type":"Person","@id":"https:\/\/nahuelproducciones.com.ar\/radioquijano\/#\/schema\/person\/e8a4f939e2cb487fe6d0c54042c9d32c","name":"Cecilia Pastrana","image":{"@type":"ImageObject","inLanguage":"es","@id":"https:\/\/nahuelproducciones.com.ar\/radioquijano\/#\/schema\/person\/image\/","url":"https:\/\/secure.gravatar.com\/avatar\/661a3ef63a8488d4f2794ed44af8cf71420f7e106f3072c40125114df5157749?s=96&d=mm&r=g","contentUrl":"https:\/\/secure.gravatar.com\/avatar\/661a3ef63a8488d4f2794ed44af8cf71420f7e106f3072c40125114df5157749?s=96&d=mm&r=g","caption":"Cecilia Pastrana"},"sameAs":["cecy"],"url":"https:\/\/nahuelproducciones.com.ar\/radioquijano\/author\/cecy\/"}]}},"_links":{"self":[{"href":"https:\/\/nahuelproducciones.com.ar\/radioquijano\/wp-json\/wp\/v2\/posts\/2672","targetHints":{"allow":["GET"]}}],"collection":[{"href":"https:\/\/nahuelproducciones.com.ar\/radioquijano\/wp-json\/wp\/v2\/posts"}],"about":[{"href":"https:\/\/nahuelproducciones.com.ar\/radioquijano\/wp-json\/wp\/v2\/types\/post"}],"author":[{"embeddable":true,"href":"https:\/\/nahuelproducciones.com.ar\/radioquijano\/wp-json\/wp\/v2\/users\/8"}],"replies":[{"embeddable":true,"href":"https:\/\/nahuelproducciones.com.ar\/radioquijano\/wp-json\/wp\/v2\/comments?post=2672"}],"version-history":[{"count":1,"href":"https:\/\/nahuelproducciones.com.ar\/radioquijano\/wp-json\/wp\/v2\/posts\/2672\/revisions"}],"predecessor-version":[{"id":2676,"href":"https:\/\/nahuelproducciones.com.ar\/radioquijano\/wp-json\/wp\/v2\/posts\/2672\/revisions\/2676"}],"wp:featuredmedia":[{"embeddable":true,"href":"https:\/\/nahuelproducciones.com.ar\/radioquijano\/wp-json\/wp\/v2\/media\/2675"}],"wp:attachment":[{"href":"https:\/\/nahuelproducciones.com.ar\/radioquijano\/wp-json\/wp\/v2\/media?parent=2672"}],"wp:term":[{"taxonomy":"category","embeddable":true,"href":"https:\/\/nahuelproducciones.com.ar\/radioquijano\/wp-json\/wp\/v2\/categories?post=2672"},{"taxonomy":"post_tag","embeddable":true,"href":"https:\/\/nahuelproducciones.com.ar\/radioquijano\/wp-json\/wp\/v2\/tags?post=2672"}],"curies":[{"name":"wp","href":"https:\/\/api.w.org\/{rel}","templated":true}]}}