{"id":2677,"date":"2022-05-27T01:21:26","date_gmt":"2022-05-27T04:21:26","guid":{"rendered":"https:\/\/nahuelproducciones.com.ar\/radioquijano\/?p=2677"},"modified":"2022-05-27T01:31:57","modified_gmt":"2022-05-27T04:31:57","slug":"reconocieron-a-una-enfermera-que-trabajo-casi-30-anos-en-neonatologia-del-hospital-materno-infantil","status":"publish","type":"post","link":"https:\/\/nahuelproducciones.com.ar\/radioquijano\/reconocieron-a-una-enfermera-que-trabajo-casi-30-anos-en-neonatologia-del-hospital-materno-infantil\/","title":{"rendered":"Reconocieron a una enfermera que trabaj\u00f3 casi 30 a\u00f1os en Neonatolog\u00eda del Hospital Materno Infantil"},"content":{"rendered":"\n<p>Liliana Corimayo fue destacada por su trayectoria profesional, tras haberse jubilado en diciembre.<\/p>\n\n\n\n<p>Liliana Corimayo, quien trabaj\u00f3 como enfermera 28 a\u00f1os en la Neonatolog\u00eda del Hospital P\u00fablico Materno Infantil (HPMI) de Salta fue reconocida a nivel nacional por su trayectoria profesional.<br>La propuesta surgi\u00f3 de integrantes de la Comisi\u00f3n de Enfermer\u00eda de la Asociaci\u00f3n Civil Salte\u00f1a de Pediatr\u00eda, filial de la Sociedad Argentina de Pediatr\u00eda (SAP).<\/p>\n\n\n\n<blockquote class=\"wp-block-quote is-layout-flow wp-block-quote-is-layout-flow\"><p><br>\u201cNunca imagin\u00e9 nada de esto. \u00a1Me qued\u00e9 con el alma llena de felicidad!\u201d, asegur\u00f3 Liliana tras recibir esta distinci\u00f3n.<br>El reconocimiento se dio en el marco del 5\u00b0 Congreso Argentino de Neonatolog\u00eda de la SAP, que se realiz\u00f3 el viernes en Buenos Aires d\u00edas atr\u00e1s, mediante una conexi\u00f3n por internet desde Salta, que lleg\u00f3 a todo el pa\u00eds.<\/p><\/blockquote>\n\n\n\n<p><br>Se trata de la primera vez que se distingue a una profesional de Enfermer\u00eda de la provincia de Salta y la primera vez recibe ese reconocimiento alguien que no es de Buenos Aires.<br>Corimayo trabaj\u00f3 en la Comisi\u00f3n de Enfermer\u00eda desde sus comienzos, en 2015, y se jubil\u00f3 en diciembre del a\u00f1o pasado, luego de desempe\u00f1arse 40 a\u00f1os como enfermera, 28 de los cuales estuvo abocada a la Neonatolog\u00eda, sobre todo, en el HPMI.<br>Desde la Comisi\u00f3n de Enfermer\u00eda de la Asociaci\u00f3n Civil Salte\u00f1a de Pediatr\u00eda contaron que Liliana es reconocida en distintas provincias por su labor profesional. La actual presidenta de la Comisi\u00f3n es Norma Acu\u00f1a, que trabaja en General G\u00fcemes y es integrante del Comit\u00e9 Cient\u00edfico de este congreso.<br>\u201cFue una investigadora constante, docente de la universidad, asumi\u00f3 cargos de conducci\u00f3n en el HPMI y estuvo en las comisiones de docencia y de \u00e9tica de este centro sanitario\u201d, contaron desde la Comisi\u00f3n.<\/p>\n\n\n\n<p><strong>\u201cFue mi pasi\u00f3n\u201d<\/strong><\/p>\n\n\n\n<p>Liliana manifest\u00f3 que fue \u201cinesperado\u201d el reconocimiento que recibi\u00f3 y asegur\u00f3 que est\u00e1 muy contenta y emocionada: \u201cNunca imagin\u00e9 nada de esto. \u00a1Me qued\u00e9 con el alma llena de felicidad! Es un mimo para el alma. Lo agradezco de coraz\u00f3n\u201d.<br>Sobre su trabajo en la Neonatolog\u00eda, expres\u00f3: \u201cFue mi pasi\u00f3n, un disfrute, no fue un sacrificio\u201d.<br>\u201cUna trabaja lo mejor que puede, sin esperar estas cosas. Es lindo ser enfermera porque una recibe todos los d\u00edas una retribuci\u00f3n de la gente y una mirada de agradecimiento. Es muy gratificante\u201d, se\u00f1al\u00f3.<br>La profesional agradeci\u00f3 a todas las personas con las que aprendi\u00f3 y trabaj\u00f3, algunas de las cuales ya fallecieron, que la llevaron a orientarse hacia esta especialidad. Asegur\u00f3 que cuando conoci\u00f3 la Neonatolog\u00eda, dijo: \u201cDe ac\u00e1 no me quiero mover\u201d.<br>\u201cLa vida me dio esta posibilidad de estar all\u00ed la mayor parte de mi vida profesional\u201d, expres\u00f3 y valor\u00f3 la posibilidad de tener como referente al doctor Mario del Barco, m\u00e9dico neonat\u00f3logo, \u201cmuy reconocido a nivel pa\u00eds\u201d. \u201cEs un maestro en lo que hace como persona y c\u00f3mo conduce su vida dedicada a la neonatolog\u00eda\u201d, observ\u00f3.<\/p>\n\n\n\n<p>Liliana asegur\u00f3 que \u201ces fascinante trabajar en Neonatolog\u00eda: es valorar la vida\u201d. Esta implica trabajar con un reci\u00e9n nacido que quiz\u00e1s tiene algunas dificultades y ayudarlo a que pueda desarrollarse de la mejor manera. \u201cPara m\u00ed, es dedicarle la vida al comienzo de la vida\u201d, pronunci\u00f3.<\/p>\n\n\n\n<p>\u201cTengo tantas cosas para agradecer y, sobre todo, a mi familia que me banc\u00f3 est\u00e1 dedicaci\u00f3n y esta pasi\u00f3n. Este reconocimiento es de todos, sobre todo, de mis tres hijas, que cedieron su tiempo y lo que una les quit\u00f3. Esto es de ellas tambi\u00e9n\u201d, cerr\u00f3.<\/p>\n\n\n\n<p><strong>Acompa\u00f1ada<\/strong><\/p>\n\n\n\n<p>En el homenaje estuvieron presentes el decano de la Facultad de Ciencias de la Salud de la UNSa, Carlos Portal, y el director de Enfermer\u00eda de la Provincia,\u00a0 Oscar Tolaba.<br>Adem\u00e1s de las integrantes de la Comisi\u00f3n de Enfermer\u00eda de la SAP, estuvieron compa\u00f1eras de la Neonatolog\u00eda que no ve\u00eda desde hac\u00eda mucho tiempo, el m\u00e9dico Del Barco con su esposa, amigos y sus hijas.<\/p>\n\n\n\n<p><strong>Centro de Jubilados y Pensionados de Campo Quijano<\/strong><\/p>\n\n\n\n<p>Al respecto el Presidente del Centro de Jubilados de Campo Quijano don Amalio Copa se refiri\u00f3 con distinguida consideraci\u00f3n por el reconocimiento recibido por <strong>Liliana Corimayo<\/strong> quien es tambi\u00e9n una importante colaboradora de esta instituci\u00f3n.<\/p>\n\n\n\n<figure class=\"wp-block-audio\"><audio controls src=\"https:\/\/nahuelproducciones.com.ar\/radioquijano\/wp-content\/uploads\/2022\/05\/21-05-2022-Amalio-Copa-premio-a-liliana-corimayo.mp3\"><\/audio><\/figure>\n","protected":false},"excerpt":{"rendered":"<p>Liliana Corimayo fue destacada por su trayectoria profesional, tras haberse jubilado en diciembre. Liliana Corimayo, quien trabaj\u00f3 como enfermera 28 a\u00f1os en la Neonatolog\u00eda del Hospital P\u00fablico Materno Infantil (HPMI) de Salta fue reconocida a nivel nacional por su trayectoria profesional.La propuesta surgi\u00f3 de integrantes de la Comisi\u00f3n de Enfermer\u00eda de la Asociaci\u00f3n Civil Salte\u00f1a [&hellip;]<\/p>\n","protected":false},"author":6,"featured_media":2683,"comment_status":"open","ping_status":"open","sticky":false,"template":"","format":"standard","meta":{"_monsterinsights_skip_tracking":false,"_monsterinsights_sitenote_active":false,"_monsterinsights_sitenote_note":"","_monsterinsights_sitenote_category":0,"footnotes":""},"categories":[16],"tags":[36,75,486,100],"class_list":["post-2677","post","type-post","status-publish","format-standard","has-post-thumbnail","hentry","category-noticias","tag-campo-quijano","tag-concejo-deliberante-de-campo-quijano","tag-liliana-aramayo","tag-municipio-de-campo-quijano"],"yoast_head":"<!-- This site is optimized with the Yoast SEO plugin v20.8 - https:\/\/yoast.com\/wordpress\/plugins\/seo\/ -->\n<title>Reconocieron a una enfermera que trabaj\u00f3 casi 30 a\u00f1os en Neonatolog\u00eda del Hospital Materno Infantil - RQ 99.9<\/title>\n<meta name=\"description\" content=\"Liliana Corimayo fue destacada por su trayectoria profesional tras haberse jubilado en diciembre.\" \/>\n<meta name=\"robots\" content=\"index, follow, max-snippet:-1, max-image-preview:large, max-video-preview:-1\" \/>\n<link rel=\"canonical\" href=\"https:\/\/nahuelproducciones.com.ar\/radioquijano\/reconocieron-a-una-enfermera-que-trabajo-casi-30-anos-en-neonatologia-del-hospital-materno-infantil\/\" \/>\n<meta property=\"og:locale\" content=\"es_ES\" \/>\n<meta property=\"og:type\" content=\"article\" \/>\n<meta property=\"og:title\" content=\"Reconocieron a una enfermera que trabaj\u00f3 casi 30 a\u00f1os en Neonatolog\u00eda del Hospital Materno Infantil - RQ 99.9\" \/>\n<meta property=\"og:description\" content=\"Liliana Corimayo fue destacada por su trayectoria profesional tras haberse jubilado en diciembre.\" \/>\n<meta property=\"og:url\" content=\"https:\/\/nahuelproducciones.com.ar\/radioquijano\/reconocieron-a-una-enfermera-que-trabajo-casi-30-anos-en-neonatologia-del-hospital-materno-infantil\/\" \/>\n<meta property=\"og:site_name\" content=\"RQ 99.9\" \/>\n<meta property=\"article:publisher\" content=\"https:\/\/www.facebook.com\/nahuelproducciones999\/\" \/>\n<meta property=\"article:published_time\" content=\"2022-05-27T04:21:26+00:00\" \/>\n<meta property=\"article:modified_time\" content=\"2022-05-27T04:31:57+00:00\" \/>\n<meta property=\"og:image\" content=\"https:\/\/nahuelproducciones.com.ar\/radioquijano\/wp-content\/uploads\/2022\/05\/liliana-aramayo.jpg\" \/>\n\t<meta property=\"og:image:width\" content=\"700\" \/>\n\t<meta property=\"og:image:height\" content=\"350\" \/>\n\t<meta property=\"og:image:type\" content=\"image\/jpeg\" \/>\n<meta name=\"author\" content=\"Ricardo Guzman\" \/>\n<meta name=\"twitter:card\" content=\"summary_large_image\" \/>\n<meta name=\"twitter:creator\" content=\"@nahuproduciones\" \/>\n<meta name=\"twitter:site\" content=\"@nahuproduciones\" \/>\n<meta name=\"twitter:label1\" content=\"Escrito por\" \/>\n\t<meta name=\"twitter:data1\" content=\"Ricardo Guzman\" \/>\n\t<meta name=\"twitter:label2\" content=\"Tiempo de lectura\" \/>\n\t<meta name=\"twitter:data2\" content=\"4 minutos\" \/>\n<script type=\"application\/ld+json\" class=\"yoast-schema-graph\">{\"@context\":\"https:\/\/schema.org\",\"@graph\":[{\"@type\":\"WebPage\",\"@id\":\"https:\/\/nahuelproducciones.com.ar\/radioquijano\/reconocieron-a-una-enfermera-que-trabajo-casi-30-anos-en-neonatologia-del-hospital-materno-infantil\/\",\"url\":\"https:\/\/nahuelproducciones.com.ar\/radioquijano\/reconocieron-a-una-enfermera-que-trabajo-casi-30-anos-en-neonatologia-del-hospital-materno-infantil\/\",\"name\":\"Reconocieron a una enfermera que trabaj\u00f3 casi 30 a\u00f1os en Neonatolog\u00eda del Hospital Materno Infantil - RQ 99.9\",\"isPartOf\":{\"@id\":\"https:\/\/nahuelproducciones.com.ar\/radioquijano\/#website\"},\"datePublished\":\"2022-05-27T04:21:26+00:00\",\"dateModified\":\"2022-05-27T04:31:57+00:00\",\"author\":{\"@id\":\"https:\/\/nahuelproducciones.com.ar\/radioquijano\/#\/schema\/person\/b9b81a110cbdf07949e2cd02d478ab9d\"},\"description\":\"Liliana Corimayo fue destacada por su trayectoria profesional tras haberse jubilado en diciembre.\",\"breadcrumb\":{\"@id\":\"https:\/\/nahuelproducciones.com.ar\/radioquijano\/reconocieron-a-una-enfermera-que-trabajo-casi-30-anos-en-neonatologia-del-hospital-materno-infantil\/#breadcrumb\"},\"inLanguage\":\"es\",\"potentialAction\":[{\"@type\":\"ReadAction\",\"target\":[\"https:\/\/nahuelproducciones.com.ar\/radioquijano\/reconocieron-a-una-enfermera-que-trabajo-casi-30-anos-en-neonatologia-del-hospital-materno-infantil\/\"]}]},{\"@type\":\"BreadcrumbList\",\"@id\":\"https:\/\/nahuelproducciones.com.ar\/radioquijano\/reconocieron-a-una-enfermera-que-trabajo-casi-30-anos-en-neonatologia-del-hospital-materno-infantil\/#breadcrumb\",\"itemListElement\":[{\"@type\":\"ListItem\",\"position\":1,\"name\":\"Portada\",\"item\":\"https:\/\/nahuelproducciones.com.ar\/radioquijano\/\"},{\"@type\":\"ListItem\",\"position\":2,\"name\":\"Reconocieron a una enfermera que trabaj\u00f3 casi 30 a\u00f1os en Neonatolog\u00eda del Hospital Materno Infantil\"}]},{\"@type\":\"WebSite\",\"@id\":\"https:\/\/nahuelproducciones.com.ar\/radioquijano\/#website\",\"url\":\"https:\/\/nahuelproducciones.com.ar\/radioquijano\/\",\"name\":\"RQ 99.9\",\"description\":\"Radio Quijano 99.9 MHz\",\"potentialAction\":[{\"@type\":\"SearchAction\",\"target\":{\"@type\":\"EntryPoint\",\"urlTemplate\":\"https:\/\/nahuelproducciones.com.ar\/radioquijano\/?s={search_term_string}\"},\"query-input\":\"required name=search_term_string\"}],\"inLanguage\":\"es\"},{\"@type\":\"Person\",\"@id\":\"https:\/\/nahuelproducciones.com.ar\/radioquijano\/#\/schema\/person\/b9b81a110cbdf07949e2cd02d478ab9d\",\"name\":\"Ricardo Guzman\",\"image\":{\"@type\":\"ImageObject\",\"inLanguage\":\"es\",\"@id\":\"https:\/\/nahuelproducciones.com.ar\/radioquijano\/#\/schema\/person\/image\/\",\"url\":\"https:\/\/secure.gravatar.com\/avatar\/a5d582deda251f95dc882b72fc6e7b4854f88bb25c3154519210afffa7d706e8?s=96&d=mm&r=g\",\"contentUrl\":\"https:\/\/secure.gravatar.com\/avatar\/a5d582deda251f95dc882b72fc6e7b4854f88bb25c3154519210afffa7d706e8?s=96&d=mm&r=g\",\"caption\":\"Ricardo Guzman\"},\"url\":\"https:\/\/nahuelproducciones.com.ar\/radioquijano\/author\/cady\/\"}]}<\/script>\n<!-- \/ Yoast SEO plugin. -->","yoast_head_json":{"title":"Reconocieron a una enfermera que trabaj\u00f3 casi 30 a\u00f1os en Neonatolog\u00eda del Hospital Materno Infantil - RQ 99.9","description":"Liliana Corimayo fue destacada por su trayectoria profesional tras haberse jubilado en diciembre.","robots":{"index":"index","follow":"follow","max-snippet":"max-snippet:-1","max-image-preview":"max-image-preview:large","max-video-preview":"max-video-preview:-1"},"canonical":"https:\/\/nahuelproducciones.com.ar\/radioquijano\/reconocieron-a-una-enfermera-que-trabajo-casi-30-anos-en-neonatologia-del-hospital-materno-infantil\/","og_locale":"es_ES","og_type":"article","og_title":"Reconocieron a una enfermera que trabaj\u00f3 casi 30 a\u00f1os en Neonatolog\u00eda del Hospital Materno Infantil - RQ 99.9","og_description":"Liliana Corimayo fue destacada por su trayectoria profesional tras haberse jubilado en diciembre.","og_url":"https:\/\/nahuelproducciones.com.ar\/radioquijano\/reconocieron-a-una-enfermera-que-trabajo-casi-30-anos-en-neonatologia-del-hospital-materno-infantil\/","og_site_name":"RQ 99.9","article_publisher":"https:\/\/www.facebook.com\/nahuelproducciones999\/","article_published_time":"2022-05-27T04:21:26+00:00","article_modified_time":"2022-05-27T04:31:57+00:00","og_image":[{"width":700,"height":350,"url":"https:\/\/nahuelproducciones.com.ar\/radioquijano\/wp-content\/uploads\/2022\/05\/liliana-aramayo.jpg","type":"image\/jpeg"}],"author":"Ricardo Guzman","twitter_card":"summary_large_image","twitter_creator":"@nahuproduciones","twitter_site":"@nahuproduciones","twitter_misc":{"Escrito por":"Ricardo Guzman","Tiempo de lectura":"4 minutos"},"schema":{"@context":"https:\/\/schema.org","@graph":[{"@type":"WebPage","@id":"https:\/\/nahuelproducciones.com.ar\/radioquijano\/reconocieron-a-una-enfermera-que-trabajo-casi-30-anos-en-neonatologia-del-hospital-materno-infantil\/","url":"https:\/\/nahuelproducciones.com.ar\/radioquijano\/reconocieron-a-una-enfermera-que-trabajo-casi-30-anos-en-neonatologia-del-hospital-materno-infantil\/","name":"Reconocieron a una enfermera que trabaj\u00f3 casi 30 a\u00f1os en Neonatolog\u00eda del Hospital Materno Infantil - RQ 99.9","isPartOf":{"@id":"https:\/\/nahuelproducciones.com.ar\/radioquijano\/#website"},"datePublished":"2022-05-27T04:21:26+00:00","dateModified":"2022-05-27T04:31:57+00:00","author":{"@id":"https:\/\/nahuelproducciones.com.ar\/radioquijano\/#\/schema\/person\/b9b81a110cbdf07949e2cd02d478ab9d"},"description":"Liliana Corimayo fue destacada por su trayectoria profesional tras haberse jubilado en diciembre.","breadcrumb":{"@id":"https:\/\/nahuelproducciones.com.ar\/radioquijano\/reconocieron-a-una-enfermera-que-trabajo-casi-30-anos-en-neonatologia-del-hospital-materno-infantil\/#breadcrumb"},"inLanguage":"es","potentialAction":[{"@type":"ReadAction","target":["https:\/\/nahuelproducciones.com.ar\/radioquijano\/reconocieron-a-una-enfermera-que-trabajo-casi-30-anos-en-neonatologia-del-hospital-materno-infantil\/"]}]},{"@type":"BreadcrumbList","@id":"https:\/\/nahuelproducciones.com.ar\/radioquijano\/reconocieron-a-una-enfermera-que-trabajo-casi-30-anos-en-neonatologia-del-hospital-materno-infantil\/#breadcrumb","itemListElement":[{"@type":"ListItem","position":1,"name":"Portada","item":"https:\/\/nahuelproducciones.com.ar\/radioquijano\/"},{"@type":"ListItem","position":2,"name":"Reconocieron a una enfermera que trabaj\u00f3 casi 30 a\u00f1os en Neonatolog\u00eda del Hospital Materno Infantil"}]},{"@type":"WebSite","@id":"https:\/\/nahuelproducciones.com.ar\/radioquijano\/#website","url":"https:\/\/nahuelproducciones.com.ar\/radioquijano\/","name":"RQ 99.9","description":"Radio Quijano 99.9 MHz","potentialAction":[{"@type":"SearchAction","target":{"@type":"EntryPoint","urlTemplate":"https:\/\/nahuelproducciones.com.ar\/radioquijano\/?s={search_term_string}"},"query-input":"required name=search_term_string"}],"inLanguage":"es"},{"@type":"Person","@id":"https:\/\/nahuelproducciones.com.ar\/radioquijano\/#\/schema\/person\/b9b81a110cbdf07949e2cd02d478ab9d","name":"Ricardo Guzman","image":{"@type":"ImageObject","inLanguage":"es","@id":"https:\/\/nahuelproducciones.com.ar\/radioquijano\/#\/schema\/person\/image\/","url":"https:\/\/secure.gravatar.com\/avatar\/a5d582deda251f95dc882b72fc6e7b4854f88bb25c3154519210afffa7d706e8?s=96&d=mm&r=g","contentUrl":"https:\/\/secure.gravatar.com\/avatar\/a5d582deda251f95dc882b72fc6e7b4854f88bb25c3154519210afffa7d706e8?s=96&d=mm&r=g","caption":"Ricardo Guzman"},"url":"https:\/\/nahuelproducciones.com.ar\/radioquijano\/author\/cady\/"}]}},"_links":{"self":[{"href":"https:\/\/nahuelproducciones.com.ar\/radioquijano\/wp-json\/wp\/v2\/posts\/2677","targetHints":{"allow":["GET"]}}],"collection":[{"href":"https:\/\/nahuelproducciones.com.ar\/radioquijano\/wp-json\/wp\/v2\/posts"}],"about":[{"href":"https:\/\/nahuelproducciones.com.ar\/radioquijano\/wp-json\/wp\/v2\/types\/post"}],"author":[{"embeddable":true,"href":"https:\/\/nahuelproducciones.com.ar\/radioquijano\/wp-json\/wp\/v2\/users\/6"}],"replies":[{"embeddable":true,"href":"https:\/\/nahuelproducciones.com.ar\/radioquijano\/wp-json\/wp\/v2\/comments?post=2677"}],"version-history":[{"count":4,"href":"https:\/\/nahuelproducciones.com.ar\/radioquijano\/wp-json\/wp\/v2\/posts\/2677\/revisions"}],"predecessor-version":[{"id":2686,"href":"https:\/\/nahuelproducciones.com.ar\/radioquijano\/wp-json\/wp\/v2\/posts\/2677\/revisions\/2686"}],"wp:featuredmedia":[{"embeddable":true,"href":"https:\/\/nahuelproducciones.com.ar\/radioquijano\/wp-json\/wp\/v2\/media\/2683"}],"wp:attachment":[{"href":"https:\/\/nahuelproducciones.com.ar\/radioquijano\/wp-json\/wp\/v2\/media?parent=2677"}],"wp:term":[{"taxonomy":"category","embeddable":true,"href":"https:\/\/nahuelproducciones.com.ar\/radioquijano\/wp-json\/wp\/v2\/categories?post=2677"},{"taxonomy":"post_tag","embeddable":true,"href":"https:\/\/nahuelproducciones.com.ar\/radioquijano\/wp-json\/wp\/v2\/tags?post=2677"}],"curies":[{"name":"wp","href":"https:\/\/api.w.org\/{rel}","templated":true}]}}