{"id":2687,"date":"2022-06-01T11:10:31","date_gmt":"2022-06-01T14:10:31","guid":{"rendered":"https:\/\/nahuelproducciones.com.ar\/radioquijano\/?p=2687"},"modified":"2022-06-01T11:10:32","modified_gmt":"2022-06-01T14:10:32","slug":"el-hospital-dr-francisco-herrera-estuvo-en-la-99-9mhz-en-la-columna-semanal-saludarte","status":"publish","type":"post","link":"https:\/\/nahuelproducciones.com.ar\/radioquijano\/el-hospital-dr-francisco-herrera-estuvo-en-la-99-9mhz-en-la-columna-semanal-saludarte\/","title":{"rendered":"El Hospital Dr. Francisco Herrera estuvo en la 99.9Mhz, en la columna semanal \u00abSaludarte\u00bb"},"content":{"rendered":"\n<p>La radio es un medio efectivo para llegar a cada casa, para incentivar a las familias a elevar y mantener su estado de salud, prevenir enfermedades y generar procesos educativos.<\/p>\n\n\n\n<p>Los  profesionales del Hospital Francisco Herrera de Campo Quijano visitan todas las semanas a RQ99.9Mhz  proponiendo  diferentes tem\u00e1ticas de inter\u00e9s , y as\u00ed llevar la informaci\u00f3n que todos necesitan.<\/p>\n\n\n\n<h2 class=\"wp-block-heading\">&nbsp;Celebrar\u00e1n, como cada a\u00f1o, el D\u00eda de la Atenci\u00f3n Primaria de la Salud<\/h2>\n\n\n\n<p>Hoy el personal de Atenci\u00f3n Primaria de la Salud, Gladys Carpanchay, Carmen Hoyos y Dar\u00edo Segovia, llegaron a la radio junto a la Lic. Carina Estopi\u00f1an y los doctores Mart\u00edn Ricarte y Jorge Castillo.<\/p>\n\n\n\n<p>En la ma\u00f1ana se  reconoci\u00f3  y destac\u00f3 la importante labor que a diario desarrolla en beneficio de la comunidad el APS. Ellos son el primer contacto que los vecinos tienen con el sistema de salud, est\u00e1n cerca de las familias de cada uno de los barrios,  buscando promover la salud, prevenir la enfermedad y brindar educaci\u00f3n sanitaria.<\/p>\n\n\n\n<p>Se record\u00f3 que en el contexto  de la emergencia sanitaria, los trabajadores de APS han sido fundamentales en los controles, los rastreos, la cercan\u00eda con el ciudadano y el apoyo a todo el equipo de salud.<\/p>\n\n\n\n<p>El&nbsp;3 de junio se celebrar\u00e1 en Salta&nbsp;el&nbsp;<strong>D\u00eda del Agente Sanitario<\/strong>,establecido como homenaje a Ra\u00fal Tanoni, m\u00e9dico nacido el 3 de junio de 1940 en San Miguel de Tucum\u00e1n, iniciador de la estrategia sanitaria en la provincia el a\u00f1o 1978. En este marco, en la radio desarrollaron  comenzaron con la concientizaci\u00f3n, informaci\u00f3n y recomendaciones para toda la comunidad.<\/p>\n\n\n\n<p>La labor de los agentes sanitarios fue reconocida por la Organizaci\u00f3n Mundial de la Salud, en un informe sobre recursos humanos en el que expresa que \u201cno hay salud sin agentes sanitarios\u201d.<\/p>\n\n\n\n<h2 class=\"wp-block-heading\">Enfermedades respiratorias de invierno: consejos y prevenci\u00f3n<\/h2>\n\n\n\n<p>La Lic. Carina Estopi\u00f1an y los doctores Mart\u00edn Ricarte y Jorge Castillo, en&nbsp;la columna semanal <strong>\u00abSaludarte\u00bb<\/strong>abordaron el  tema \u00abEnfermedades respiratorias\u00bb, donde la audiencia pudo consultar sus inquietudes y los profesionales respondieron, motivaron a mantener y elevar el estado de la salud como prevenir enfermedades .<\/p>\n\n\n\n<p>Los especialistas del \u00e1rea pedi\u00e1trica contaron que el n\u00famero de enfermedades que se hacen frecuentes en invierno es bastante amplio. Por lo general, las enfermedades respiratorias comunes pueden ser molestas, pero, en la mayor\u00eda de casos, manejables. Sin embargo, es la intensidad de los s\u00edntomas lo que determina su gravedad y es a esto a lo que se debe prestar atenci\u00f3n.<\/p>\n\n\n\n<p>Mencionaron que si se identifican s\u00edntomas agudos como fiebre alta, dificultad respiratoria, se debe acudir al servicio de Urgencia del Hospital Francisco Herrera.<\/p>\n\n\n\n<p>En el caso de los ni\u00f1os menores de seis meses, si presentan quejido al respirar, se hunden sus costillas, est\u00e1 con fiebre y deca\u00eddo, debe solicitar inmediatamente asistencia m\u00e9dica o concurrir al nosocomio.<\/p>\n\n\n\n<p>Debido a la situaci\u00f3n sanitaria por el incremento significativo de enfermedades respiratorias en la poblaci\u00f3n infantil, comunicaron que el control de ni\u00f1o sano se realizar\u00e1 en Puesto de Salud del Portal todos los mi\u00e9rcoles a partir de hs 8:00 hs con Turnos presenciales.<\/p>\n\n\n\n<p>Audio de la  columna de hoy, \u00abSaludarte\u00bb<\/p>\n\n\n\n<figure class=\"wp-block-audio\"><audio controls src=\"https:\/\/nahuelproducciones.com.ar\/radioquijano\/wp-content\/uploads\/2022\/06\/31-05-2022-hospital-FRANCISCO-HERRERA-TEMA-ENF.RESPIRATORIA-Y-APS.mp3\"><\/audio><\/figure>\n\n\n\n<p>#RQ99.9Mhz    CAMPO QUIJANO<\/p>\n","protected":false},"excerpt":{"rendered":"<p>La radio es un medio efectivo para llegar a cada casa, para incentivar a las familias a elevar y mantener su estado de salud, prevenir enfermedades y generar procesos educativos. Los profesionales del Hospital Francisco Herrera de Campo Quijano visitan todas las semanas a RQ99.9Mhz proponiendo diferentes tem\u00e1ticas de inter\u00e9s , y as\u00ed llevar la [&hellip;]<\/p>\n","protected":false},"author":8,"featured_media":2690,"comment_status":"open","ping_status":"open","sticky":false,"template":"","format":"standard","meta":{"_monsterinsights_skip_tracking":false,"_monsterinsights_sitenote_active":false,"_monsterinsights_sitenote_note":"","_monsterinsights_sitenote_category":0,"footnotes":""},"categories":[18,16],"tags":[36,487,471,174],"class_list":["post-2687","post","type-post","status-publish","format-standard","has-post-thumbnail","hentry","category-covid-19","category-noticias","tag-campo-quijano","tag-columna-semanal-saludarte","tag-hospital-dr-francisco-herrera-2","tag-rq99-9mhz"],"yoast_head":"<!-- This site is optimized with the Yoast SEO plugin v20.8 - https:\/\/yoast.com\/wordpress\/plugins\/seo\/ -->\n<title>El Hospital Dr. Francisco Herrera estuvo en la 99.9Mhz, en la columna semanal &quot;Saludarte&quot; - RQ 99.9<\/title>\n<meta name=\"robots\" content=\"index, follow, max-snippet:-1, max-image-preview:large, max-video-preview:-1\" \/>\n<link rel=\"canonical\" href=\"https:\/\/nahuelproducciones.com.ar\/radioquijano\/el-hospital-dr-francisco-herrera-estuvo-en-la-99-9mhz-en-la-columna-semanal-saludarte\/\" \/>\n<meta property=\"og:locale\" content=\"es_ES\" \/>\n<meta property=\"og:type\" content=\"article\" \/>\n<meta property=\"og:title\" content=\"El Hospital Dr. Francisco Herrera estuvo en la 99.9Mhz, en la columna semanal &quot;Saludarte&quot; - RQ 99.9\" \/>\n<meta property=\"og:description\" content=\"La radio es un medio efectivo para llegar a cada casa, para incentivar a las familias a elevar y mantener su estado de salud, prevenir enfermedades y generar procesos educativos. Los profesionales del Hospital Francisco Herrera de Campo Quijano visitan todas las semanas a RQ99.9Mhz proponiendo diferentes tem\u00e1ticas de inter\u00e9s , y as\u00ed llevar la [&hellip;]\" \/>\n<meta property=\"og:url\" content=\"https:\/\/nahuelproducciones.com.ar\/radioquijano\/el-hospital-dr-francisco-herrera-estuvo-en-la-99-9mhz-en-la-columna-semanal-saludarte\/\" \/>\n<meta property=\"og:site_name\" content=\"RQ 99.9\" \/>\n<meta property=\"article:publisher\" content=\"https:\/\/www.facebook.com\/nahuelproducciones999\/\" \/>\n<meta property=\"article:published_time\" content=\"2022-06-01T14:10:31+00:00\" \/>\n<meta property=\"article:modified_time\" content=\"2022-06-01T14:10:32+00:00\" \/>\n<meta property=\"og:image\" content=\"https:\/\/nahuelproducciones.com.ar\/radioquijano\/wp-content\/uploads\/2022\/06\/columna-saludable-e1654092592653.jpg\" \/>\n\t<meta property=\"og:image:width\" content=\"500\" \/>\n\t<meta property=\"og:image:height\" content=\"461\" \/>\n\t<meta property=\"og:image:type\" content=\"image\/jpeg\" \/>\n<meta name=\"author\" content=\"Cecilia Pastrana\" \/>\n<meta name=\"twitter:card\" content=\"summary_large_image\" \/>\n<meta name=\"twitter:creator\" content=\"@nahuproduciones\" \/>\n<meta name=\"twitter:site\" content=\"@nahuproduciones\" \/>\n<meta name=\"twitter:label1\" content=\"Escrito por\" \/>\n\t<meta name=\"twitter:data1\" content=\"Cecilia Pastrana\" \/>\n\t<meta name=\"twitter:label2\" content=\"Tiempo de lectura\" \/>\n\t<meta name=\"twitter:data2\" content=\"3 minutos\" \/>\n<script type=\"application\/ld+json\" class=\"yoast-schema-graph\">{\"@context\":\"https:\/\/schema.org\",\"@graph\":[{\"@type\":\"WebPage\",\"@id\":\"https:\/\/nahuelproducciones.com.ar\/radioquijano\/el-hospital-dr-francisco-herrera-estuvo-en-la-99-9mhz-en-la-columna-semanal-saludarte\/\",\"url\":\"https:\/\/nahuelproducciones.com.ar\/radioquijano\/el-hospital-dr-francisco-herrera-estuvo-en-la-99-9mhz-en-la-columna-semanal-saludarte\/\",\"name\":\"El Hospital Dr. Francisco Herrera estuvo en la 99.9Mhz, en la columna semanal \\\"Saludarte\\\" - RQ 99.9\",\"isPartOf\":{\"@id\":\"https:\/\/nahuelproducciones.com.ar\/radioquijano\/#website\"},\"datePublished\":\"2022-06-01T14:10:31+00:00\",\"dateModified\":\"2022-06-01T14:10:32+00:00\",\"author\":{\"@id\":\"https:\/\/nahuelproducciones.com.ar\/radioquijano\/#\/schema\/person\/e8a4f939e2cb487fe6d0c54042c9d32c\"},\"breadcrumb\":{\"@id\":\"https:\/\/nahuelproducciones.com.ar\/radioquijano\/el-hospital-dr-francisco-herrera-estuvo-en-la-99-9mhz-en-la-columna-semanal-saludarte\/#breadcrumb\"},\"inLanguage\":\"es\",\"potentialAction\":[{\"@type\":\"ReadAction\",\"target\":[\"https:\/\/nahuelproducciones.com.ar\/radioquijano\/el-hospital-dr-francisco-herrera-estuvo-en-la-99-9mhz-en-la-columna-semanal-saludarte\/\"]}]},{\"@type\":\"BreadcrumbList\",\"@id\":\"https:\/\/nahuelproducciones.com.ar\/radioquijano\/el-hospital-dr-francisco-herrera-estuvo-en-la-99-9mhz-en-la-columna-semanal-saludarte\/#breadcrumb\",\"itemListElement\":[{\"@type\":\"ListItem\",\"position\":1,\"name\":\"Portada\",\"item\":\"https:\/\/nahuelproducciones.com.ar\/radioquijano\/\"},{\"@type\":\"ListItem\",\"position\":2,\"name\":\"El Hospital Dr. Francisco Herrera estuvo en la 99.9Mhz, en la columna semanal \u00abSaludarte\u00bb\"}]},{\"@type\":\"WebSite\",\"@id\":\"https:\/\/nahuelproducciones.com.ar\/radioquijano\/#website\",\"url\":\"https:\/\/nahuelproducciones.com.ar\/radioquijano\/\",\"name\":\"RQ 99.9\",\"description\":\"Radio Quijano 99.9 MHz\",\"potentialAction\":[{\"@type\":\"SearchAction\",\"target\":{\"@type\":\"EntryPoint\",\"urlTemplate\":\"https:\/\/nahuelproducciones.com.ar\/radioquijano\/?s={search_term_string}\"},\"query-input\":\"required name=search_term_string\"}],\"inLanguage\":\"es\"},{\"@type\":\"Person\",\"@id\":\"https:\/\/nahuelproducciones.com.ar\/radioquijano\/#\/schema\/person\/e8a4f939e2cb487fe6d0c54042c9d32c\",\"name\":\"Cecilia Pastrana\",\"image\":{\"@type\":\"ImageObject\",\"inLanguage\":\"es\",\"@id\":\"https:\/\/nahuelproducciones.com.ar\/radioquijano\/#\/schema\/person\/image\/\",\"url\":\"https:\/\/secure.gravatar.com\/avatar\/661a3ef63a8488d4f2794ed44af8cf71420f7e106f3072c40125114df5157749?s=96&d=mm&r=g\",\"contentUrl\":\"https:\/\/secure.gravatar.com\/avatar\/661a3ef63a8488d4f2794ed44af8cf71420f7e106f3072c40125114df5157749?s=96&d=mm&r=g\",\"caption\":\"Cecilia Pastrana\"},\"sameAs\":[\"cecy\"],\"url\":\"https:\/\/nahuelproducciones.com.ar\/radioquijano\/author\/cecy\/\"}]}<\/script>\n<!-- \/ Yoast SEO plugin. -->","yoast_head_json":{"title":"El Hospital Dr. Francisco Herrera estuvo en la 99.9Mhz, en la columna semanal \"Saludarte\" - RQ 99.9","robots":{"index":"index","follow":"follow","max-snippet":"max-snippet:-1","max-image-preview":"max-image-preview:large","max-video-preview":"max-video-preview:-1"},"canonical":"https:\/\/nahuelproducciones.com.ar\/radioquijano\/el-hospital-dr-francisco-herrera-estuvo-en-la-99-9mhz-en-la-columna-semanal-saludarte\/","og_locale":"es_ES","og_type":"article","og_title":"El Hospital Dr. Francisco Herrera estuvo en la 99.9Mhz, en la columna semanal \"Saludarte\" - RQ 99.9","og_description":"La radio es un medio efectivo para llegar a cada casa, para incentivar a las familias a elevar y mantener su estado de salud, prevenir enfermedades y generar procesos educativos. Los profesionales del Hospital Francisco Herrera de Campo Quijano visitan todas las semanas a RQ99.9Mhz proponiendo diferentes tem\u00e1ticas de inter\u00e9s , y as\u00ed llevar la [&hellip;]","og_url":"https:\/\/nahuelproducciones.com.ar\/radioquijano\/el-hospital-dr-francisco-herrera-estuvo-en-la-99-9mhz-en-la-columna-semanal-saludarte\/","og_site_name":"RQ 99.9","article_publisher":"https:\/\/www.facebook.com\/nahuelproducciones999\/","article_published_time":"2022-06-01T14:10:31+00:00","article_modified_time":"2022-06-01T14:10:32+00:00","og_image":[{"width":500,"height":461,"url":"https:\/\/nahuelproducciones.com.ar\/radioquijano\/wp-content\/uploads\/2022\/06\/columna-saludable-e1654092592653.jpg","type":"image\/jpeg"}],"author":"Cecilia Pastrana","twitter_card":"summary_large_image","twitter_creator":"@nahuproduciones","twitter_site":"@nahuproduciones","twitter_misc":{"Escrito por":"Cecilia Pastrana","Tiempo de lectura":"3 minutos"},"schema":{"@context":"https:\/\/schema.org","@graph":[{"@type":"WebPage","@id":"https:\/\/nahuelproducciones.com.ar\/radioquijano\/el-hospital-dr-francisco-herrera-estuvo-en-la-99-9mhz-en-la-columna-semanal-saludarte\/","url":"https:\/\/nahuelproducciones.com.ar\/radioquijano\/el-hospital-dr-francisco-herrera-estuvo-en-la-99-9mhz-en-la-columna-semanal-saludarte\/","name":"El Hospital Dr. Francisco Herrera estuvo en la 99.9Mhz, en la columna semanal \"Saludarte\" - RQ 99.9","isPartOf":{"@id":"https:\/\/nahuelproducciones.com.ar\/radioquijano\/#website"},"datePublished":"2022-06-01T14:10:31+00:00","dateModified":"2022-06-01T14:10:32+00:00","author":{"@id":"https:\/\/nahuelproducciones.com.ar\/radioquijano\/#\/schema\/person\/e8a4f939e2cb487fe6d0c54042c9d32c"},"breadcrumb":{"@id":"https:\/\/nahuelproducciones.com.ar\/radioquijano\/el-hospital-dr-francisco-herrera-estuvo-en-la-99-9mhz-en-la-columna-semanal-saludarte\/#breadcrumb"},"inLanguage":"es","potentialAction":[{"@type":"ReadAction","target":["https:\/\/nahuelproducciones.com.ar\/radioquijano\/el-hospital-dr-francisco-herrera-estuvo-en-la-99-9mhz-en-la-columna-semanal-saludarte\/"]}]},{"@type":"BreadcrumbList","@id":"https:\/\/nahuelproducciones.com.ar\/radioquijano\/el-hospital-dr-francisco-herrera-estuvo-en-la-99-9mhz-en-la-columna-semanal-saludarte\/#breadcrumb","itemListElement":[{"@type":"ListItem","position":1,"name":"Portada","item":"https:\/\/nahuelproducciones.com.ar\/radioquijano\/"},{"@type":"ListItem","position":2,"name":"El Hospital Dr. Francisco Herrera estuvo en la 99.9Mhz, en la columna semanal \u00abSaludarte\u00bb"}]},{"@type":"WebSite","@id":"https:\/\/nahuelproducciones.com.ar\/radioquijano\/#website","url":"https:\/\/nahuelproducciones.com.ar\/radioquijano\/","name":"RQ 99.9","description":"Radio Quijano 99.9 MHz","potentialAction":[{"@type":"SearchAction","target":{"@type":"EntryPoint","urlTemplate":"https:\/\/nahuelproducciones.com.ar\/radioquijano\/?s={search_term_string}"},"query-input":"required name=search_term_string"}],"inLanguage":"es"},{"@type":"Person","@id":"https:\/\/nahuelproducciones.com.ar\/radioquijano\/#\/schema\/person\/e8a4f939e2cb487fe6d0c54042c9d32c","name":"Cecilia Pastrana","image":{"@type":"ImageObject","inLanguage":"es","@id":"https:\/\/nahuelproducciones.com.ar\/radioquijano\/#\/schema\/person\/image\/","url":"https:\/\/secure.gravatar.com\/avatar\/661a3ef63a8488d4f2794ed44af8cf71420f7e106f3072c40125114df5157749?s=96&d=mm&r=g","contentUrl":"https:\/\/secure.gravatar.com\/avatar\/661a3ef63a8488d4f2794ed44af8cf71420f7e106f3072c40125114df5157749?s=96&d=mm&r=g","caption":"Cecilia Pastrana"},"sameAs":["cecy"],"url":"https:\/\/nahuelproducciones.com.ar\/radioquijano\/author\/cecy\/"}]}},"_links":{"self":[{"href":"https:\/\/nahuelproducciones.com.ar\/radioquijano\/wp-json\/wp\/v2\/posts\/2687","targetHints":{"allow":["GET"]}}],"collection":[{"href":"https:\/\/nahuelproducciones.com.ar\/radioquijano\/wp-json\/wp\/v2\/posts"}],"about":[{"href":"https:\/\/nahuelproducciones.com.ar\/radioquijano\/wp-json\/wp\/v2\/types\/post"}],"author":[{"embeddable":true,"href":"https:\/\/nahuelproducciones.com.ar\/radioquijano\/wp-json\/wp\/v2\/users\/8"}],"replies":[{"embeddable":true,"href":"https:\/\/nahuelproducciones.com.ar\/radioquijano\/wp-json\/wp\/v2\/comments?post=2687"}],"version-history":[{"count":1,"href":"https:\/\/nahuelproducciones.com.ar\/radioquijano\/wp-json\/wp\/v2\/posts\/2687\/revisions"}],"predecessor-version":[{"id":2691,"href":"https:\/\/nahuelproducciones.com.ar\/radioquijano\/wp-json\/wp\/v2\/posts\/2687\/revisions\/2691"}],"wp:featuredmedia":[{"embeddable":true,"href":"https:\/\/nahuelproducciones.com.ar\/radioquijano\/wp-json\/wp\/v2\/media\/2690"}],"wp:attachment":[{"href":"https:\/\/nahuelproducciones.com.ar\/radioquijano\/wp-json\/wp\/v2\/media?parent=2687"}],"wp:term":[{"taxonomy":"category","embeddable":true,"href":"https:\/\/nahuelproducciones.com.ar\/radioquijano\/wp-json\/wp\/v2\/categories?post=2687"},{"taxonomy":"post_tag","embeddable":true,"href":"https:\/\/nahuelproducciones.com.ar\/radioquijano\/wp-json\/wp\/v2\/tags?post=2687"}],"curies":[{"name":"wp","href":"https:\/\/api.w.org\/{rel}","templated":true}]}}