{"id":2693,"date":"2022-06-08T01:03:37","date_gmt":"2022-06-08T04:03:37","guid":{"rendered":"https:\/\/nahuelproducciones.com.ar\/radioquijano\/?p=2693"},"modified":"2022-06-08T02:27:06","modified_gmt":"2022-06-08T05:27:06","slug":"adoquinado-b-el-sol-para-saenz-finalizado-para-el-pueblo","status":"publish","type":"post","link":"https:\/\/nahuelproducciones.com.ar\/radioquijano\/adoquinado-b-el-sol-para-saenz-finalizado-para-el-pueblo\/","title":{"rendered":"Adoquinado B\u00b0 El Sol para S\u00e1enz est\u00e1 finalizada, para el pueblo no&#8230;"},"content":{"rendered":"\n<p>Es sesi\u00f3n ordinaria del d\u00eda 31 de mayo, se solicita informes del estado del adoquinado de \u00e9sta arteria tan importante para el ese sector de Campo Quijano, Av. Marcos Lamas<\/p>\n\n\n\n<p>La Edil Mirta Copa solicit\u00f3 en forma global informes al Ejecutivo Municipal respecto de todas las Obras de adoquinado en el municipio pero hasta la fecha no hay respuestas desde el Ejecutivo Municipal.<\/p>\n\n\n\n<p>Esta Avenida representa de vital importancia para no solamente esa barriada sino tambi\u00e9n para todos aquellos usuarios del transporte urbano de pasajeros que circulan hacia las unidades educativas cercanas.<\/p>\n\n\n\n<p>La defensa del Edil \u00abLupy\u00bb Cruz, ac\u00e9rrimo defensor de la gesti\u00f3n de Manuel Cornejo y ahora del Intendente Carlos Folloni justifica su apoyo negativo al pedido de informe en que desde el Grand Bourg no saben trabajar y que el echo de que en el sito web de la provincia que muestra las obras de gobierno en la provincia no debe representar una certeza, pero para la realidad que se vive Campo Quijano el adoquinado no a esta finalizado, el transporte SAETA no circula por esa barriada y, j\u00f3venes y ni\u00f1os deben transitar largas cuadras bajo las inclemencias del frio de la \u00e9poca.<\/p>\n\n\n\n<p>No aprobaron el pedido de informe al Intendente Carlos Folloni los concejales, Lupy Cruz, Maira Rosetto y Amalia Alanjay. Si aprobaron Mirta Copa y Carlos Carrazano, ausente Marina Cornejo.<\/p>\n\n\n\n<p>El sitio que muestra la obra de adoquinado como finalizada:<\/p>\n\n\n\n<p><a href=\"https:\/\/obras.salta.gob.ar\/app.html?initialWidth=0&amp;childId=pym-container&amp;parentTitle=Buscador%20de%20obras&amp;parentUrl=\/obras\/dist\/#\/obra\/1317\" target=\"_blank\" rel=\"noreferrer noopener nofollow\">https:\/\/obras.salta.gob.ar\/app.html?initialWidth=0&amp;childId=pym-container&amp;parentTitle=Buscador%20de%20obras&amp;parentUrl=\/obras\/dist\/#\/obra\/1317<\/a><\/p>\n\n\n\n<figure class=\"wp-block-image size-large\"><img loading=\"lazy\" decoding=\"async\" width=\"1024\" height=\"477\" src=\"https:\/\/nahuelproducciones.com.ar\/radioquijano\/wp-content\/uploads\/2022\/06\/adoquinado-terminado-1024x477.png\" alt=\"\" class=\"wp-image-2700\" srcset=\"https:\/\/nahuelproducciones.com.ar\/radioquijano\/wp-content\/uploads\/2022\/06\/adoquinado-terminado-1024x477.png 1024w, https:\/\/nahuelproducciones.com.ar\/radioquijano\/wp-content\/uploads\/2022\/06\/adoquinado-terminado-300x140.png 300w, https:\/\/nahuelproducciones.com.ar\/radioquijano\/wp-content\/uploads\/2022\/06\/adoquinado-terminado-768x357.png 768w, https:\/\/nahuelproducciones.com.ar\/radioquijano\/wp-content\/uploads\/2022\/06\/adoquinado-terminado-150x70.png 150w, https:\/\/nahuelproducciones.com.ar\/radioquijano\/wp-content\/uploads\/2022\/06\/adoquinado-terminado.png 1154w\" sizes=\"auto, (max-width: 1024px) 100vw, 1024px\" \/><\/figure>\n\n\n\n<iframe loading=\"lazy\" src=\"https:\/\/www.facebook.com\/plugins\/video.php?height=314&#038;href=https%3A%2F%2Fwww.facebook.com%2FConcejoDeliberanteCampoQuijano%2Fvideos%2F980702802628100%2F&#038;show_text=true&#038;width=560&#038;t=4410\" width=\"760\" height=\"629\" style=\"border:none;overflow:hidden\" scrolling=\"no\" frameborder=\"0\" allowfullscreen=\"true\" allow=\"autoplay; clipboard-write; encrypted-media; picture-in-picture; web-share\" allowFullScreen=\"true\"><\/iframe>\n\n\n\n<figure class=\"wp-block-gallery columns-3 is-cropped wp-block-gallery-1 is-layout-flex wp-block-gallery-is-layout-flex\"><ul class=\"blocks-gallery-grid\"><li class=\"blocks-gallery-item\"><figure><img loading=\"lazy\" decoding=\"async\" width=\"720\" height=\"959\" src=\"https:\/\/nahuelproducciones.com.ar\/radioquijano\/wp-content\/uploads\/2022\/06\/WhatsApp-Image-2022-06-08-at-12.23.29-AM-1.jpeg\" alt=\"\" data-id=\"2723\" data-full-url=\"https:\/\/nahuelproducciones.com.ar\/radioquijano\/wp-content\/uploads\/2022\/06\/WhatsApp-Image-2022-06-08-at-12.23.29-AM-1.jpeg\" data-link=\"https:\/\/nahuelproducciones.com.ar\/radioquijano\/adoquinado-b-el-sol-para-saenz-finalizado-para-el-pueblo\/whatsapp-image-2022-06-08-at-12-23-29-am-1\/\" class=\"wp-image-2723\" srcset=\"https:\/\/nahuelproducciones.com.ar\/radioquijano\/wp-content\/uploads\/2022\/06\/WhatsApp-Image-2022-06-08-at-12.23.29-AM-1.jpeg 720w, https:\/\/nahuelproducciones.com.ar\/radioquijano\/wp-content\/uploads\/2022\/06\/WhatsApp-Image-2022-06-08-at-12.23.29-AM-1-225x300.jpeg 225w, https:\/\/nahuelproducciones.com.ar\/radioquijano\/wp-content\/uploads\/2022\/06\/WhatsApp-Image-2022-06-08-at-12.23.29-AM-1-640x853.jpeg 640w, https:\/\/nahuelproducciones.com.ar\/radioquijano\/wp-content\/uploads\/2022\/06\/WhatsApp-Image-2022-06-08-at-12.23.29-AM-1-150x200.jpeg 150w\" sizes=\"auto, (max-width: 720px) 100vw, 720px\" \/><\/figure><\/li><li class=\"blocks-gallery-item\"><figure><img loading=\"lazy\" decoding=\"async\" width=\"720\" height=\"966\" src=\"https:\/\/nahuelproducciones.com.ar\/radioquijano\/wp-content\/uploads\/2022\/06\/WhatsApp-Image-2022-06-08-at-12.23.29-AM.jpeg\" alt=\"\" data-id=\"2724\" data-full-url=\"https:\/\/nahuelproducciones.com.ar\/radioquijano\/wp-content\/uploads\/2022\/06\/WhatsApp-Image-2022-06-08-at-12.23.29-AM.jpeg\" data-link=\"https:\/\/nahuelproducciones.com.ar\/radioquijano\/adoquinado-b-el-sol-para-saenz-finalizado-para-el-pueblo\/whatsapp-image-2022-06-08-at-12-23-29-am\/\" class=\"wp-image-2724\" srcset=\"https:\/\/nahuelproducciones.com.ar\/radioquijano\/wp-content\/uploads\/2022\/06\/WhatsApp-Image-2022-06-08-at-12.23.29-AM.jpeg 720w, https:\/\/nahuelproducciones.com.ar\/radioquijano\/wp-content\/uploads\/2022\/06\/WhatsApp-Image-2022-06-08-at-12.23.29-AM-224x300.jpeg 224w, https:\/\/nahuelproducciones.com.ar\/radioquijano\/wp-content\/uploads\/2022\/06\/WhatsApp-Image-2022-06-08-at-12.23.29-AM-150x201.jpeg 150w\" sizes=\"auto, (max-width: 720px) 100vw, 720px\" \/><\/figure><\/li><li class=\"blocks-gallery-item\"><figure><img loading=\"lazy\" decoding=\"async\" width=\"712\" height=\"1024\" src=\"https:\/\/nahuelproducciones.com.ar\/radioquijano\/wp-content\/uploads\/2022\/06\/WhatsApp-Image-2022-06-08-at-12.23.28-AM-712x1024.jpeg\" alt=\"\" data-id=\"2725\" data-full-url=\"https:\/\/nahuelproducciones.com.ar\/radioquijano\/wp-content\/uploads\/2022\/06\/WhatsApp-Image-2022-06-08-at-12.23.28-AM.jpeg\" data-link=\"https:\/\/nahuelproducciones.com.ar\/radioquijano\/adoquinado-b-el-sol-para-saenz-finalizado-para-el-pueblo\/whatsapp-image-2022-06-08-at-12-23-28-am\/\" class=\"wp-image-2725\" srcset=\"https:\/\/nahuelproducciones.com.ar\/radioquijano\/wp-content\/uploads\/2022\/06\/WhatsApp-Image-2022-06-08-at-12.23.28-AM-712x1024.jpeg 712w, https:\/\/nahuelproducciones.com.ar\/radioquijano\/wp-content\/uploads\/2022\/06\/WhatsApp-Image-2022-06-08-at-12.23.28-AM-208x300.jpeg 208w, https:\/\/nahuelproducciones.com.ar\/radioquijano\/wp-content\/uploads\/2022\/06\/WhatsApp-Image-2022-06-08-at-12.23.28-AM-150x216.jpeg 150w, https:\/\/nahuelproducciones.com.ar\/radioquijano\/wp-content\/uploads\/2022\/06\/WhatsApp-Image-2022-06-08-at-12.23.28-AM.jpeg 720w\" sizes=\"auto, (max-width: 712px) 100vw, 712px\" \/><\/figure><\/li><\/ul><\/figure>\n","protected":false},"excerpt":{"rendered":"<p>Es sesi\u00f3n ordinaria del d\u00eda 31 de mayo, se solicita informes del estado del adoquinado de \u00e9sta arteria tan importante para el ese sector de Campo Quijano, Av. Marcos Lamas La Edil Mirta Copa solicit\u00f3 en forma global informes al Ejecutivo Municipal respecto de todas las Obras de adoquinado en el municipio pero hasta la [&hellip;]<\/p>\n","protected":false},"author":6,"featured_media":2712,"comment_status":"open","ping_status":"open","sticky":false,"template":"","format":"standard","meta":{"_monsterinsights_skip_tracking":false,"_monsterinsights_sitenote_active":false,"_monsterinsights_sitenote_note":"","_monsterinsights_sitenote_category":0,"footnotes":""},"categories":[16],"tags":[73,36,58,75,84,306,71,100],"class_list":["post-2693","post","type-post","status-publish","format-standard","has-post-thumbnail","hentry","category-noticias","tag-ariel-gallardo","tag-campo-quijano","tag-carlos-folloni","tag-concejo-deliberante-de-campo-quijano","tag-manuel-cornejo","tag-mirta-copa","tag-municipalidad-de-campo-quijano","tag-municipio-de-campo-quijano"],"yoast_head":"<!-- This site is optimized with the Yoast SEO plugin v20.8 - https:\/\/yoast.com\/wordpress\/plugins\/seo\/ -->\n<title>Adoquinado B\u00b0 El Sol para S\u00e1enz est\u00e1 finalizada, para el pueblo no... - RQ 99.9<\/title>\n<meta name=\"robots\" content=\"index, follow, max-snippet:-1, max-image-preview:large, max-video-preview:-1\" \/>\n<link rel=\"canonical\" href=\"https:\/\/nahuelproducciones.com.ar\/radioquijano\/adoquinado-b-el-sol-para-saenz-finalizado-para-el-pueblo\/\" \/>\n<meta property=\"og:locale\" content=\"es_ES\" \/>\n<meta property=\"og:type\" content=\"article\" \/>\n<meta property=\"og:title\" content=\"Adoquinado B\u00b0 El Sol para S\u00e1enz est\u00e1 finalizada, para el pueblo no... - RQ 99.9\" \/>\n<meta property=\"og:description\" content=\"Es sesi\u00f3n ordinaria del d\u00eda 31 de mayo, se solicita informes del estado del adoquinado de \u00e9sta arteria tan importante para el ese sector de Campo Quijano, Av. Marcos Lamas La Edil Mirta Copa solicit\u00f3 en forma global informes al Ejecutivo Municipal respecto de todas las Obras de adoquinado en el municipio pero hasta la [&hellip;]\" \/>\n<meta property=\"og:url\" content=\"https:\/\/nahuelproducciones.com.ar\/radioquijano\/adoquinado-b-el-sol-para-saenz-finalizado-para-el-pueblo\/\" \/>\n<meta property=\"og:site_name\" content=\"RQ 99.9\" \/>\n<meta property=\"article:publisher\" content=\"https:\/\/www.facebook.com\/nahuelproducciones999\/\" \/>\n<meta property=\"article:published_time\" content=\"2022-06-08T04:03:37+00:00\" \/>\n<meta property=\"article:modified_time\" content=\"2022-06-08T05:27:06+00:00\" \/>\n<meta property=\"og:image\" content=\"https:\/\/nahuelproducciones.com.ar\/radioquijano\/wp-content\/uploads\/2022\/06\/73704-pavimentaron-el-acceso-a-barrio-el-sol-de-campo-quijano-20201211162125.jpg\" \/>\n\t<meta property=\"og:image:width\" content=\"700\" \/>\n\t<meta property=\"og:image:height\" content=\"350\" \/>\n\t<meta property=\"og:image:type\" content=\"image\/jpeg\" \/>\n<meta name=\"author\" content=\"Ricardo Guzman\" \/>\n<meta name=\"twitter:card\" content=\"summary_large_image\" \/>\n<meta name=\"twitter:creator\" content=\"@nahuproduciones\" \/>\n<meta name=\"twitter:site\" content=\"@nahuproduciones\" \/>\n<meta name=\"twitter:label1\" content=\"Escrito por\" \/>\n\t<meta name=\"twitter:data1\" content=\"Ricardo Guzman\" \/>\n\t<meta name=\"twitter:label2\" content=\"Tiempo de lectura\" \/>\n\t<meta name=\"twitter:data2\" content=\"2 minutos\" \/>\n<script type=\"application\/ld+json\" class=\"yoast-schema-graph\">{\"@context\":\"https:\/\/schema.org\",\"@graph\":[{\"@type\":\"WebPage\",\"@id\":\"https:\/\/nahuelproducciones.com.ar\/radioquijano\/adoquinado-b-el-sol-para-saenz-finalizado-para-el-pueblo\/\",\"url\":\"https:\/\/nahuelproducciones.com.ar\/radioquijano\/adoquinado-b-el-sol-para-saenz-finalizado-para-el-pueblo\/\",\"name\":\"Adoquinado B\u00b0 El Sol para S\u00e1enz est\u00e1 finalizada, para el pueblo no... - RQ 99.9\",\"isPartOf\":{\"@id\":\"https:\/\/nahuelproducciones.com.ar\/radioquijano\/#website\"},\"datePublished\":\"2022-06-08T04:03:37+00:00\",\"dateModified\":\"2022-06-08T05:27:06+00:00\",\"author\":{\"@id\":\"https:\/\/nahuelproducciones.com.ar\/radioquijano\/#\/schema\/person\/b9b81a110cbdf07949e2cd02d478ab9d\"},\"breadcrumb\":{\"@id\":\"https:\/\/nahuelproducciones.com.ar\/radioquijano\/adoquinado-b-el-sol-para-saenz-finalizado-para-el-pueblo\/#breadcrumb\"},\"inLanguage\":\"es\",\"potentialAction\":[{\"@type\":\"ReadAction\",\"target\":[\"https:\/\/nahuelproducciones.com.ar\/radioquijano\/adoquinado-b-el-sol-para-saenz-finalizado-para-el-pueblo\/\"]}]},{\"@type\":\"BreadcrumbList\",\"@id\":\"https:\/\/nahuelproducciones.com.ar\/radioquijano\/adoquinado-b-el-sol-para-saenz-finalizado-para-el-pueblo\/#breadcrumb\",\"itemListElement\":[{\"@type\":\"ListItem\",\"position\":1,\"name\":\"Portada\",\"item\":\"https:\/\/nahuelproducciones.com.ar\/radioquijano\/\"},{\"@type\":\"ListItem\",\"position\":2,\"name\":\"Adoquinado B\u00b0 El Sol para S\u00e1enz est\u00e1 finalizada, para el pueblo no&#8230;\"}]},{\"@type\":\"WebSite\",\"@id\":\"https:\/\/nahuelproducciones.com.ar\/radioquijano\/#website\",\"url\":\"https:\/\/nahuelproducciones.com.ar\/radioquijano\/\",\"name\":\"RQ 99.9\",\"description\":\"Radio Quijano 99.9 MHz\",\"potentialAction\":[{\"@type\":\"SearchAction\",\"target\":{\"@type\":\"EntryPoint\",\"urlTemplate\":\"https:\/\/nahuelproducciones.com.ar\/radioquijano\/?s={search_term_string}\"},\"query-input\":\"required name=search_term_string\"}],\"inLanguage\":\"es\"},{\"@type\":\"Person\",\"@id\":\"https:\/\/nahuelproducciones.com.ar\/radioquijano\/#\/schema\/person\/b9b81a110cbdf07949e2cd02d478ab9d\",\"name\":\"Ricardo Guzman\",\"image\":{\"@type\":\"ImageObject\",\"inLanguage\":\"es\",\"@id\":\"https:\/\/nahuelproducciones.com.ar\/radioquijano\/#\/schema\/person\/image\/\",\"url\":\"https:\/\/secure.gravatar.com\/avatar\/a5d582deda251f95dc882b72fc6e7b4854f88bb25c3154519210afffa7d706e8?s=96&d=mm&r=g\",\"contentUrl\":\"https:\/\/secure.gravatar.com\/avatar\/a5d582deda251f95dc882b72fc6e7b4854f88bb25c3154519210afffa7d706e8?s=96&d=mm&r=g\",\"caption\":\"Ricardo Guzman\"},\"url\":\"https:\/\/nahuelproducciones.com.ar\/radioquijano\/author\/cady\/\"}]}<\/script>\n<!-- \/ Yoast SEO plugin. -->","yoast_head_json":{"title":"Adoquinado B\u00b0 El Sol para S\u00e1enz est\u00e1 finalizada, para el pueblo no... - RQ 99.9","robots":{"index":"index","follow":"follow","max-snippet":"max-snippet:-1","max-image-preview":"max-image-preview:large","max-video-preview":"max-video-preview:-1"},"canonical":"https:\/\/nahuelproducciones.com.ar\/radioquijano\/adoquinado-b-el-sol-para-saenz-finalizado-para-el-pueblo\/","og_locale":"es_ES","og_type":"article","og_title":"Adoquinado B\u00b0 El Sol para S\u00e1enz est\u00e1 finalizada, para el pueblo no... - RQ 99.9","og_description":"Es sesi\u00f3n ordinaria del d\u00eda 31 de mayo, se solicita informes del estado del adoquinado de \u00e9sta arteria tan importante para el ese sector de Campo Quijano, Av. Marcos Lamas La Edil Mirta Copa solicit\u00f3 en forma global informes al Ejecutivo Municipal respecto de todas las Obras de adoquinado en el municipio pero hasta la [&hellip;]","og_url":"https:\/\/nahuelproducciones.com.ar\/radioquijano\/adoquinado-b-el-sol-para-saenz-finalizado-para-el-pueblo\/","og_site_name":"RQ 99.9","article_publisher":"https:\/\/www.facebook.com\/nahuelproducciones999\/","article_published_time":"2022-06-08T04:03:37+00:00","article_modified_time":"2022-06-08T05:27:06+00:00","og_image":[{"width":700,"height":350,"url":"https:\/\/nahuelproducciones.com.ar\/radioquijano\/wp-content\/uploads\/2022\/06\/73704-pavimentaron-el-acceso-a-barrio-el-sol-de-campo-quijano-20201211162125.jpg","type":"image\/jpeg"}],"author":"Ricardo Guzman","twitter_card":"summary_large_image","twitter_creator":"@nahuproduciones","twitter_site":"@nahuproduciones","twitter_misc":{"Escrito por":"Ricardo Guzman","Tiempo de lectura":"2 minutos"},"schema":{"@context":"https:\/\/schema.org","@graph":[{"@type":"WebPage","@id":"https:\/\/nahuelproducciones.com.ar\/radioquijano\/adoquinado-b-el-sol-para-saenz-finalizado-para-el-pueblo\/","url":"https:\/\/nahuelproducciones.com.ar\/radioquijano\/adoquinado-b-el-sol-para-saenz-finalizado-para-el-pueblo\/","name":"Adoquinado B\u00b0 El Sol para S\u00e1enz est\u00e1 finalizada, para el pueblo no... - RQ 99.9","isPartOf":{"@id":"https:\/\/nahuelproducciones.com.ar\/radioquijano\/#website"},"datePublished":"2022-06-08T04:03:37+00:00","dateModified":"2022-06-08T05:27:06+00:00","author":{"@id":"https:\/\/nahuelproducciones.com.ar\/radioquijano\/#\/schema\/person\/b9b81a110cbdf07949e2cd02d478ab9d"},"breadcrumb":{"@id":"https:\/\/nahuelproducciones.com.ar\/radioquijano\/adoquinado-b-el-sol-para-saenz-finalizado-para-el-pueblo\/#breadcrumb"},"inLanguage":"es","potentialAction":[{"@type":"ReadAction","target":["https:\/\/nahuelproducciones.com.ar\/radioquijano\/adoquinado-b-el-sol-para-saenz-finalizado-para-el-pueblo\/"]}]},{"@type":"BreadcrumbList","@id":"https:\/\/nahuelproducciones.com.ar\/radioquijano\/adoquinado-b-el-sol-para-saenz-finalizado-para-el-pueblo\/#breadcrumb","itemListElement":[{"@type":"ListItem","position":1,"name":"Portada","item":"https:\/\/nahuelproducciones.com.ar\/radioquijano\/"},{"@type":"ListItem","position":2,"name":"Adoquinado B\u00b0 El Sol para S\u00e1enz est\u00e1 finalizada, para el pueblo no&#8230;"}]},{"@type":"WebSite","@id":"https:\/\/nahuelproducciones.com.ar\/radioquijano\/#website","url":"https:\/\/nahuelproducciones.com.ar\/radioquijano\/","name":"RQ 99.9","description":"Radio Quijano 99.9 MHz","potentialAction":[{"@type":"SearchAction","target":{"@type":"EntryPoint","urlTemplate":"https:\/\/nahuelproducciones.com.ar\/radioquijano\/?s={search_term_string}"},"query-input":"required name=search_term_string"}],"inLanguage":"es"},{"@type":"Person","@id":"https:\/\/nahuelproducciones.com.ar\/radioquijano\/#\/schema\/person\/b9b81a110cbdf07949e2cd02d478ab9d","name":"Ricardo Guzman","image":{"@type":"ImageObject","inLanguage":"es","@id":"https:\/\/nahuelproducciones.com.ar\/radioquijano\/#\/schema\/person\/image\/","url":"https:\/\/secure.gravatar.com\/avatar\/a5d582deda251f95dc882b72fc6e7b4854f88bb25c3154519210afffa7d706e8?s=96&d=mm&r=g","contentUrl":"https:\/\/secure.gravatar.com\/avatar\/a5d582deda251f95dc882b72fc6e7b4854f88bb25c3154519210afffa7d706e8?s=96&d=mm&r=g","caption":"Ricardo Guzman"},"url":"https:\/\/nahuelproducciones.com.ar\/radioquijano\/author\/cady\/"}]}},"_links":{"self":[{"href":"https:\/\/nahuelproducciones.com.ar\/radioquijano\/wp-json\/wp\/v2\/posts\/2693","targetHints":{"allow":["GET"]}}],"collection":[{"href":"https:\/\/nahuelproducciones.com.ar\/radioquijano\/wp-json\/wp\/v2\/posts"}],"about":[{"href":"https:\/\/nahuelproducciones.com.ar\/radioquijano\/wp-json\/wp\/v2\/types\/post"}],"author":[{"embeddable":true,"href":"https:\/\/nahuelproducciones.com.ar\/radioquijano\/wp-json\/wp\/v2\/users\/6"}],"replies":[{"embeddable":true,"href":"https:\/\/nahuelproducciones.com.ar\/radioquijano\/wp-json\/wp\/v2\/comments?post=2693"}],"version-history":[{"count":14,"href":"https:\/\/nahuelproducciones.com.ar\/radioquijano\/wp-json\/wp\/v2\/posts\/2693\/revisions"}],"predecessor-version":[{"id":2726,"href":"https:\/\/nahuelproducciones.com.ar\/radioquijano\/wp-json\/wp\/v2\/posts\/2693\/revisions\/2726"}],"wp:featuredmedia":[{"embeddable":true,"href":"https:\/\/nahuelproducciones.com.ar\/radioquijano\/wp-json\/wp\/v2\/media\/2712"}],"wp:attachment":[{"href":"https:\/\/nahuelproducciones.com.ar\/radioquijano\/wp-json\/wp\/v2\/media?parent=2693"}],"wp:term":[{"taxonomy":"category","embeddable":true,"href":"https:\/\/nahuelproducciones.com.ar\/radioquijano\/wp-json\/wp\/v2\/categories?post=2693"},{"taxonomy":"post_tag","embeddable":true,"href":"https:\/\/nahuelproducciones.com.ar\/radioquijano\/wp-json\/wp\/v2\/tags?post=2693"}],"curies":[{"name":"wp","href":"https:\/\/api.w.org\/{rel}","templated":true}]}}