{"id":2727,"date":"2022-06-08T10:13:02","date_gmt":"2022-06-08T13:13:02","guid":{"rendered":"https:\/\/nahuelproducciones.com.ar\/radioquijano\/?p=2727"},"modified":"2022-06-08T10:13:04","modified_gmt":"2022-06-08T13:13:04","slug":"clima-en-campo-quijano-el-pronostico-del-tiempo","status":"publish","type":"post","link":"https:\/\/nahuelproducciones.com.ar\/radioquijano\/clima-en-campo-quijano-el-pronostico-del-tiempo\/","title":{"rendered":"Clima en Campo Quijano: el pron\u00f3stico del tiempo ."},"content":{"rendered":"\n<p>Nuestro amigo \u00abChala\u00bbAlberto Ramos indica que \u00abSe vienen d\u00edas de lloviznas desde el viernes.<\/p>\n\n\n\n<p>Seg\u00fan algunos modelos de pron\u00f3stico, desde el viernes al mediod\u00eda sobre el pueblo, habr\u00e1 algunas lloviznas densas qued\u00e1ndose hasta el d\u00eda s\u00e1bado. Con m\u00ednimas de 3 a 4 grados promedio y m\u00e1ximas de 7 a 8 grados esos d\u00edas nublados.<\/p>\n\n\n\n<p>Desde el domingo se espera el solcito con temperaturas ascendentes de a poquito.Veremos que pasa con nuestro clima particular\u00bb.<\/p>\n\n\n\n<p><a href=\"https:\/\/nahuelproducciones.com.ar\/index.php\/rq999\" target=\"_blank\" rel=\"noreferrer noopener\">#RQ99.9Mhz<\/a>  <a href=\"https:\/\/nahuelproducciones.com.ar\/\" target=\"_blank\" rel=\"noreferrer noopener\"> #CAMPO QUIJANO<\/a><\/p>\n","protected":false},"excerpt":{"rendered":"<p>Nuestro amigo \u00abChala\u00bbAlberto Ramos indica que \u00abSe vienen d\u00edas de lloviznas desde el viernes. Seg\u00fan algunos modelos de pron\u00f3stico, desde el viernes al mediod\u00eda sobre el pueblo, habr\u00e1 algunas lloviznas densas qued\u00e1ndose hasta el d\u00eda s\u00e1bado. Con m\u00ednimas de 3 a 4 grados promedio y m\u00e1ximas de 7 a 8 grados esos d\u00edas nublados. Desde [&hellip;]<\/p>\n","protected":false},"author":8,"featured_media":2728,"comment_status":"open","ping_status":"open","sticky":false,"template":"","format":"standard","meta":{"_monsterinsights_skip_tracking":false,"_monsterinsights_sitenote_active":false,"_monsterinsights_sitenote_note":"","_monsterinsights_sitenote_category":0,"footnotes":""},"categories":[16],"tags":[488,36,489],"class_list":["post-2727","post","type-post","status-publish","format-standard","has-post-thumbnail","hentry","category-noticias","tag-chalaalberto-ramos","tag-campo-quijano","tag-clima-en-campo-quijano"],"yoast_head":"<!-- This site is optimized with the Yoast SEO plugin v20.8 - https:\/\/yoast.com\/wordpress\/plugins\/seo\/ -->\n<title>Clima en Campo Quijano: el pron\u00f3stico del tiempo . - RQ 99.9<\/title>\n<meta name=\"description\" content=\"Se vienen d\u00edas de lloviznas desde el viernes\" \/>\n<meta name=\"robots\" content=\"index, follow, max-snippet:-1, max-image-preview:large, max-video-preview:-1\" \/>\n<link rel=\"canonical\" href=\"https:\/\/nahuelproducciones.com.ar\/radioquijano\/clima-en-campo-quijano-el-pronostico-del-tiempo\/\" \/>\n<meta property=\"og:locale\" content=\"es_ES\" \/>\n<meta property=\"og:type\" content=\"article\" \/>\n<meta property=\"og:title\" content=\"Clima en Campo Quijano: el pron\u00f3stico del tiempo . - RQ 99.9\" \/>\n<meta property=\"og:description\" content=\"Se vienen d\u00edas de lloviznas desde el viernes\" \/>\n<meta property=\"og:url\" content=\"https:\/\/nahuelproducciones.com.ar\/radioquijano\/clima-en-campo-quijano-el-pronostico-del-tiempo\/\" \/>\n<meta property=\"og:site_name\" content=\"RQ 99.9\" \/>\n<meta property=\"article:publisher\" content=\"https:\/\/www.facebook.com\/nahuelproducciones999\/\" \/>\n<meta property=\"article:published_time\" content=\"2022-06-08T13:13:02+00:00\" \/>\n<meta property=\"article:modified_time\" content=\"2022-06-08T13:13:04+00:00\" \/>\n<meta property=\"og:image\" content=\"https:\/\/nahuelproducciones.com.ar\/radioquijano\/wp-content\/uploads\/2022\/06\/286991128_5763125060383066_5566505849584627512_n.jpg\" \/>\n\t<meta property=\"og:image:width\" content=\"526\" \/>\n\t<meta property=\"og:image:height\" content=\"789\" \/>\n\t<meta property=\"og:image:type\" content=\"image\/jpeg\" \/>\n<meta name=\"author\" content=\"Cecilia Pastrana\" \/>\n<meta name=\"twitter:card\" content=\"summary_large_image\" \/>\n<meta name=\"twitter:creator\" content=\"@nahuproduciones\" \/>\n<meta name=\"twitter:site\" content=\"@nahuproduciones\" \/>\n<meta name=\"twitter:label1\" content=\"Escrito por\" \/>\n\t<meta name=\"twitter:data1\" content=\"Cecilia Pastrana\" \/>\n\t<meta name=\"twitter:label2\" content=\"Tiempo de lectura\" \/>\n\t<meta name=\"twitter:data2\" content=\"1 minuto\" \/>\n<script type=\"application\/ld+json\" class=\"yoast-schema-graph\">{\"@context\":\"https:\/\/schema.org\",\"@graph\":[{\"@type\":\"WebPage\",\"@id\":\"https:\/\/nahuelproducciones.com.ar\/radioquijano\/clima-en-campo-quijano-el-pronostico-del-tiempo\/\",\"url\":\"https:\/\/nahuelproducciones.com.ar\/radioquijano\/clima-en-campo-quijano-el-pronostico-del-tiempo\/\",\"name\":\"Clima en Campo Quijano: el pron\u00f3stico del tiempo . - RQ 99.9\",\"isPartOf\":{\"@id\":\"https:\/\/nahuelproducciones.com.ar\/radioquijano\/#website\"},\"datePublished\":\"2022-06-08T13:13:02+00:00\",\"dateModified\":\"2022-06-08T13:13:04+00:00\",\"author\":{\"@id\":\"https:\/\/nahuelproducciones.com.ar\/radioquijano\/#\/schema\/person\/e8a4f939e2cb487fe6d0c54042c9d32c\"},\"description\":\"Se vienen d\u00edas de lloviznas desde el viernes\",\"breadcrumb\":{\"@id\":\"https:\/\/nahuelproducciones.com.ar\/radioquijano\/clima-en-campo-quijano-el-pronostico-del-tiempo\/#breadcrumb\"},\"inLanguage\":\"es\",\"potentialAction\":[{\"@type\":\"ReadAction\",\"target\":[\"https:\/\/nahuelproducciones.com.ar\/radioquijano\/clima-en-campo-quijano-el-pronostico-del-tiempo\/\"]}]},{\"@type\":\"BreadcrumbList\",\"@id\":\"https:\/\/nahuelproducciones.com.ar\/radioquijano\/clima-en-campo-quijano-el-pronostico-del-tiempo\/#breadcrumb\",\"itemListElement\":[{\"@type\":\"ListItem\",\"position\":1,\"name\":\"Portada\",\"item\":\"https:\/\/nahuelproducciones.com.ar\/radioquijano\/\"},{\"@type\":\"ListItem\",\"position\":2,\"name\":\"Clima en Campo Quijano: el pron\u00f3stico del tiempo .\"}]},{\"@type\":\"WebSite\",\"@id\":\"https:\/\/nahuelproducciones.com.ar\/radioquijano\/#website\",\"url\":\"https:\/\/nahuelproducciones.com.ar\/radioquijano\/\",\"name\":\"RQ 99.9\",\"description\":\"Radio Quijano 99.9 MHz\",\"potentialAction\":[{\"@type\":\"SearchAction\",\"target\":{\"@type\":\"EntryPoint\",\"urlTemplate\":\"https:\/\/nahuelproducciones.com.ar\/radioquijano\/?s={search_term_string}\"},\"query-input\":\"required name=search_term_string\"}],\"inLanguage\":\"es\"},{\"@type\":\"Person\",\"@id\":\"https:\/\/nahuelproducciones.com.ar\/radioquijano\/#\/schema\/person\/e8a4f939e2cb487fe6d0c54042c9d32c\",\"name\":\"Cecilia Pastrana\",\"image\":{\"@type\":\"ImageObject\",\"inLanguage\":\"es\",\"@id\":\"https:\/\/nahuelproducciones.com.ar\/radioquijano\/#\/schema\/person\/image\/\",\"url\":\"https:\/\/secure.gravatar.com\/avatar\/661a3ef63a8488d4f2794ed44af8cf71420f7e106f3072c40125114df5157749?s=96&d=mm&r=g\",\"contentUrl\":\"https:\/\/secure.gravatar.com\/avatar\/661a3ef63a8488d4f2794ed44af8cf71420f7e106f3072c40125114df5157749?s=96&d=mm&r=g\",\"caption\":\"Cecilia Pastrana\"},\"sameAs\":[\"cecy\"],\"url\":\"https:\/\/nahuelproducciones.com.ar\/radioquijano\/author\/cecy\/\"}]}<\/script>\n<!-- \/ Yoast SEO plugin. -->","yoast_head_json":{"title":"Clima en Campo Quijano: el pron\u00f3stico del tiempo . - RQ 99.9","description":"Se vienen d\u00edas de lloviznas desde el viernes","robots":{"index":"index","follow":"follow","max-snippet":"max-snippet:-1","max-image-preview":"max-image-preview:large","max-video-preview":"max-video-preview:-1"},"canonical":"https:\/\/nahuelproducciones.com.ar\/radioquijano\/clima-en-campo-quijano-el-pronostico-del-tiempo\/","og_locale":"es_ES","og_type":"article","og_title":"Clima en Campo Quijano: el pron\u00f3stico del tiempo . - RQ 99.9","og_description":"Se vienen d\u00edas de lloviznas desde el viernes","og_url":"https:\/\/nahuelproducciones.com.ar\/radioquijano\/clima-en-campo-quijano-el-pronostico-del-tiempo\/","og_site_name":"RQ 99.9","article_publisher":"https:\/\/www.facebook.com\/nahuelproducciones999\/","article_published_time":"2022-06-08T13:13:02+00:00","article_modified_time":"2022-06-08T13:13:04+00:00","og_image":[{"width":526,"height":789,"url":"https:\/\/nahuelproducciones.com.ar\/radioquijano\/wp-content\/uploads\/2022\/06\/286991128_5763125060383066_5566505849584627512_n.jpg","type":"image\/jpeg"}],"author":"Cecilia Pastrana","twitter_card":"summary_large_image","twitter_creator":"@nahuproduciones","twitter_site":"@nahuproduciones","twitter_misc":{"Escrito por":"Cecilia Pastrana","Tiempo de lectura":"1 minuto"},"schema":{"@context":"https:\/\/schema.org","@graph":[{"@type":"WebPage","@id":"https:\/\/nahuelproducciones.com.ar\/radioquijano\/clima-en-campo-quijano-el-pronostico-del-tiempo\/","url":"https:\/\/nahuelproducciones.com.ar\/radioquijano\/clima-en-campo-quijano-el-pronostico-del-tiempo\/","name":"Clima en Campo Quijano: el pron\u00f3stico del tiempo . - RQ 99.9","isPartOf":{"@id":"https:\/\/nahuelproducciones.com.ar\/radioquijano\/#website"},"datePublished":"2022-06-08T13:13:02+00:00","dateModified":"2022-06-08T13:13:04+00:00","author":{"@id":"https:\/\/nahuelproducciones.com.ar\/radioquijano\/#\/schema\/person\/e8a4f939e2cb487fe6d0c54042c9d32c"},"description":"Se vienen d\u00edas de lloviznas desde el viernes","breadcrumb":{"@id":"https:\/\/nahuelproducciones.com.ar\/radioquijano\/clima-en-campo-quijano-el-pronostico-del-tiempo\/#breadcrumb"},"inLanguage":"es","potentialAction":[{"@type":"ReadAction","target":["https:\/\/nahuelproducciones.com.ar\/radioquijano\/clima-en-campo-quijano-el-pronostico-del-tiempo\/"]}]},{"@type":"BreadcrumbList","@id":"https:\/\/nahuelproducciones.com.ar\/radioquijano\/clima-en-campo-quijano-el-pronostico-del-tiempo\/#breadcrumb","itemListElement":[{"@type":"ListItem","position":1,"name":"Portada","item":"https:\/\/nahuelproducciones.com.ar\/radioquijano\/"},{"@type":"ListItem","position":2,"name":"Clima en Campo Quijano: el pron\u00f3stico del tiempo ."}]},{"@type":"WebSite","@id":"https:\/\/nahuelproducciones.com.ar\/radioquijano\/#website","url":"https:\/\/nahuelproducciones.com.ar\/radioquijano\/","name":"RQ 99.9","description":"Radio Quijano 99.9 MHz","potentialAction":[{"@type":"SearchAction","target":{"@type":"EntryPoint","urlTemplate":"https:\/\/nahuelproducciones.com.ar\/radioquijano\/?s={search_term_string}"},"query-input":"required name=search_term_string"}],"inLanguage":"es"},{"@type":"Person","@id":"https:\/\/nahuelproducciones.com.ar\/radioquijano\/#\/schema\/person\/e8a4f939e2cb487fe6d0c54042c9d32c","name":"Cecilia Pastrana","image":{"@type":"ImageObject","inLanguage":"es","@id":"https:\/\/nahuelproducciones.com.ar\/radioquijano\/#\/schema\/person\/image\/","url":"https:\/\/secure.gravatar.com\/avatar\/661a3ef63a8488d4f2794ed44af8cf71420f7e106f3072c40125114df5157749?s=96&d=mm&r=g","contentUrl":"https:\/\/secure.gravatar.com\/avatar\/661a3ef63a8488d4f2794ed44af8cf71420f7e106f3072c40125114df5157749?s=96&d=mm&r=g","caption":"Cecilia Pastrana"},"sameAs":["cecy"],"url":"https:\/\/nahuelproducciones.com.ar\/radioquijano\/author\/cecy\/"}]}},"_links":{"self":[{"href":"https:\/\/nahuelproducciones.com.ar\/radioquijano\/wp-json\/wp\/v2\/posts\/2727","targetHints":{"allow":["GET"]}}],"collection":[{"href":"https:\/\/nahuelproducciones.com.ar\/radioquijano\/wp-json\/wp\/v2\/posts"}],"about":[{"href":"https:\/\/nahuelproducciones.com.ar\/radioquijano\/wp-json\/wp\/v2\/types\/post"}],"author":[{"embeddable":true,"href":"https:\/\/nahuelproducciones.com.ar\/radioquijano\/wp-json\/wp\/v2\/users\/8"}],"replies":[{"embeddable":true,"href":"https:\/\/nahuelproducciones.com.ar\/radioquijano\/wp-json\/wp\/v2\/comments?post=2727"}],"version-history":[{"count":1,"href":"https:\/\/nahuelproducciones.com.ar\/radioquijano\/wp-json\/wp\/v2\/posts\/2727\/revisions"}],"predecessor-version":[{"id":2729,"href":"https:\/\/nahuelproducciones.com.ar\/radioquijano\/wp-json\/wp\/v2\/posts\/2727\/revisions\/2729"}],"wp:featuredmedia":[{"embeddable":true,"href":"https:\/\/nahuelproducciones.com.ar\/radioquijano\/wp-json\/wp\/v2\/media\/2728"}],"wp:attachment":[{"href":"https:\/\/nahuelproducciones.com.ar\/radioquijano\/wp-json\/wp\/v2\/media?parent=2727"}],"wp:term":[{"taxonomy":"category","embeddable":true,"href":"https:\/\/nahuelproducciones.com.ar\/radioquijano\/wp-json\/wp\/v2\/categories?post=2727"},{"taxonomy":"post_tag","embeddable":true,"href":"https:\/\/nahuelproducciones.com.ar\/radioquijano\/wp-json\/wp\/v2\/tags?post=2727"}],"curies":[{"name":"wp","href":"https:\/\/api.w.org\/{rel}","templated":true}]}}