{"id":2733,"date":"2022-06-08T19:35:52","date_gmt":"2022-06-08T22:35:52","guid":{"rendered":"https:\/\/nahuelproducciones.com.ar\/radioquijano\/?p=2733"},"modified":"2022-06-08T20:21:33","modified_gmt":"2022-06-08T23:21:33","slug":"misa-en-accion-de-gracias-por-el-60-aniversario-de-la-agrupacion-de-gauchos-rodeo-antenor-sanchez","status":"publish","type":"post","link":"https:\/\/nahuelproducciones.com.ar\/radioquijano\/misa-en-accion-de-gracias-por-el-60-aniversario-de-la-agrupacion-de-gauchos-rodeo-antenor-sanchez\/","title":{"rendered":"Misa en acci\u00f3n de gracias por el 60\u00b0 aniversario de La Agrupaci\u00f3n de Gauchos \u00abRodeo Antenor S\u00e1nchez\u00bb."},"content":{"rendered":"\n<p>La Agrupaci\u00f3n de Gauchos \u00abRodeo Antenor S\u00e1nchez\u00bb tiene el agrado de invitar a toda la comunidad a participar de la Misa en acci\u00f3n de gracias por el 60\u00b0 aniversario de la agrupaci\u00f3n. <\/p>\n\n\n\n<p>El oficio religioso ser\u00e1 en la Parroquia Santiago Ap\u00f3stol en Campo Quijano el d\u00eda viernes 10 de junio del corriente a\u00f1o. a las 19:30 horas. <\/p>\n\n\n\n<p>Pedro Bautista, el presidente de la actual comisi\u00f3n de la Agrupaci\u00f3n invita en nombre del Rodeo a los socios, amigos y pueblo en general a celebrar y participar de la Cena Aniversario el mismo 10 de junio luego de la Misa de acci\u00f3n de gracias en la sede de la instituci\u00f3n, ubicada en calle Buenos Aires N\u00b0 579 de Campo Quijano.<\/p>\n\n\n\n<p>La tarjeta para la cena tiene un costo de $500 y se puede adquirir llamando al socio Marcos Vilte Cel. 387 4 139133.<\/p>\n\n\n\n<p>Muchas gracias por apoyar, difundir y asistir.<\/p>\n\n\n\n<p><\/p>\n\n\n\n<p><a href=\"https:\/\/nahuelproducciones.com.ar\/index.php\/rq999\" target=\"_blank\" rel=\"noreferrer noopener\">#RQ99.9Mhz<\/a>   <a href=\"https:\/\/nahuelproducciones.com.ar\/\" target=\"_blank\" rel=\"noreferrer noopener\">#CAMPOQUIJANO<\/a><\/p>\n","protected":false},"excerpt":{"rendered":"<p>La Agrupaci\u00f3n de Gauchos \u00abRodeo Antenor S\u00e1nchez\u00bb tiene el agrado de invitar a toda la comunidad a participar de la Misa en acci\u00f3n de gracias por el 60\u00b0 aniversario de la agrupaci\u00f3n. El oficio religioso ser\u00e1 en la Parroquia Santiago Ap\u00f3stol en Campo Quijano el d\u00eda viernes 10 de junio del corriente a\u00f1o. a las [&hellip;]<\/p>\n","protected":false},"author":8,"featured_media":2734,"comment_status":"open","ping_status":"open","sticky":false,"template":"","format":"standard","meta":{"_monsterinsights_skip_tracking":false,"_monsterinsights_sitenote_active":false,"_monsterinsights_sitenote_note":"","_monsterinsights_sitenote_category":0,"footnotes":""},"categories":[2,16],"tags":[494,36,496,236,493,235],"class_list":["post-2733","post","type-post","status-publish","format-standard","has-post-thumbnail","hentry","category-cultura","category-noticias","tag-60-aniversario-de-la-agrupacion","tag-campo-quijano","tag-la-agrupacion-de-gauchos-rodeo-antenor-sanchez-2","tag-marcos-vilte","tag-misa-en-accion-de-gracias","tag-pedro-bautista"],"yoast_head":"<!-- This site is optimized with the Yoast SEO plugin v20.8 - https:\/\/yoast.com\/wordpress\/plugins\/seo\/ -->\n<title>Misa en acci\u00f3n de gracias por el 60\u00b0 aniversario de La Agrupaci\u00f3n de Gauchos &quot;Rodeo Antenor S\u00e1nchez&quot;. - RQ 99.9<\/title>\n<meta name=\"description\" content=\"En la Parroquia Santiago Ap\u00f3stol en Campo Quijano el d\u00eda viernes 10 de junio del corriente a\u00f1o. a las 19:30 horas.\" \/>\n<meta name=\"robots\" content=\"index, follow, max-snippet:-1, max-image-preview:large, max-video-preview:-1\" \/>\n<link rel=\"canonical\" href=\"https:\/\/nahuelproducciones.com.ar\/radioquijano\/misa-en-accion-de-gracias-por-el-60-aniversario-de-la-agrupacion-de-gauchos-rodeo-antenor-sanchez\/\" \/>\n<meta property=\"og:locale\" content=\"es_ES\" \/>\n<meta property=\"og:type\" content=\"article\" \/>\n<meta property=\"og:title\" content=\"Misa en acci\u00f3n de gracias por el 60\u00b0 aniversario de La Agrupaci\u00f3n de Gauchos &quot;Rodeo Antenor S\u00e1nchez&quot;. - RQ 99.9\" \/>\n<meta property=\"og:description\" content=\"En la Parroquia Santiago Ap\u00f3stol en Campo Quijano el d\u00eda viernes 10 de junio del corriente a\u00f1o. a las 19:30 horas.\" \/>\n<meta property=\"og:url\" content=\"https:\/\/nahuelproducciones.com.ar\/radioquijano\/misa-en-accion-de-gracias-por-el-60-aniversario-de-la-agrupacion-de-gauchos-rodeo-antenor-sanchez\/\" \/>\n<meta property=\"og:site_name\" content=\"RQ 99.9\" \/>\n<meta property=\"article:publisher\" content=\"https:\/\/www.facebook.com\/nahuelproducciones999\/\" \/>\n<meta property=\"article:published_time\" content=\"2022-06-08T22:35:52+00:00\" \/>\n<meta property=\"article:modified_time\" content=\"2022-06-08T23:21:33+00:00\" \/>\n<meta property=\"og:image\" content=\"https:\/\/nahuelproducciones.com.ar\/radioquijano\/wp-content\/uploads\/2022\/06\/SEDE-RODEO-ANTENOR-SANCHEZ-e1654727453377.jpg\" \/>\n\t<meta property=\"og:image:width\" content=\"700\" \/>\n\t<meta property=\"og:image:height\" content=\"315\" \/>\n\t<meta property=\"og:image:type\" content=\"image\/jpeg\" \/>\n<meta name=\"author\" content=\"Cecilia Pastrana\" \/>\n<meta name=\"twitter:card\" content=\"summary_large_image\" \/>\n<meta name=\"twitter:creator\" content=\"@nahuproduciones\" \/>\n<meta name=\"twitter:site\" content=\"@nahuproduciones\" \/>\n<meta name=\"twitter:label1\" content=\"Escrito por\" \/>\n\t<meta name=\"twitter:data1\" content=\"Cecilia Pastrana\" \/>\n\t<meta name=\"twitter:label2\" content=\"Tiempo de lectura\" \/>\n\t<meta name=\"twitter:data2\" content=\"1 minuto\" \/>\n<script type=\"application\/ld+json\" class=\"yoast-schema-graph\">{\"@context\":\"https:\/\/schema.org\",\"@graph\":[{\"@type\":\"WebPage\",\"@id\":\"https:\/\/nahuelproducciones.com.ar\/radioquijano\/misa-en-accion-de-gracias-por-el-60-aniversario-de-la-agrupacion-de-gauchos-rodeo-antenor-sanchez\/\",\"url\":\"https:\/\/nahuelproducciones.com.ar\/radioquijano\/misa-en-accion-de-gracias-por-el-60-aniversario-de-la-agrupacion-de-gauchos-rodeo-antenor-sanchez\/\",\"name\":\"Misa en acci\u00f3n de gracias por el 60\u00b0 aniversario de La Agrupaci\u00f3n de Gauchos \\\"Rodeo Antenor S\u00e1nchez\\\". - RQ 99.9\",\"isPartOf\":{\"@id\":\"https:\/\/nahuelproducciones.com.ar\/radioquijano\/#website\"},\"datePublished\":\"2022-06-08T22:35:52+00:00\",\"dateModified\":\"2022-06-08T23:21:33+00:00\",\"author\":{\"@id\":\"https:\/\/nahuelproducciones.com.ar\/radioquijano\/#\/schema\/person\/e8a4f939e2cb487fe6d0c54042c9d32c\"},\"description\":\"En la Parroquia Santiago Ap\u00f3stol en Campo Quijano el d\u00eda viernes 10 de junio del corriente a\u00f1o. a las 19:30 horas.\",\"breadcrumb\":{\"@id\":\"https:\/\/nahuelproducciones.com.ar\/radioquijano\/misa-en-accion-de-gracias-por-el-60-aniversario-de-la-agrupacion-de-gauchos-rodeo-antenor-sanchez\/#breadcrumb\"},\"inLanguage\":\"es\",\"potentialAction\":[{\"@type\":\"ReadAction\",\"target\":[\"https:\/\/nahuelproducciones.com.ar\/radioquijano\/misa-en-accion-de-gracias-por-el-60-aniversario-de-la-agrupacion-de-gauchos-rodeo-antenor-sanchez\/\"]}]},{\"@type\":\"BreadcrumbList\",\"@id\":\"https:\/\/nahuelproducciones.com.ar\/radioquijano\/misa-en-accion-de-gracias-por-el-60-aniversario-de-la-agrupacion-de-gauchos-rodeo-antenor-sanchez\/#breadcrumb\",\"itemListElement\":[{\"@type\":\"ListItem\",\"position\":1,\"name\":\"Portada\",\"item\":\"https:\/\/nahuelproducciones.com.ar\/radioquijano\/\"},{\"@type\":\"ListItem\",\"position\":2,\"name\":\"Misa en acci\u00f3n de gracias por el 60\u00b0 aniversario de La Agrupaci\u00f3n de Gauchos \u00abRodeo Antenor S\u00e1nchez\u00bb.\"}]},{\"@type\":\"WebSite\",\"@id\":\"https:\/\/nahuelproducciones.com.ar\/radioquijano\/#website\",\"url\":\"https:\/\/nahuelproducciones.com.ar\/radioquijano\/\",\"name\":\"RQ 99.9\",\"description\":\"Radio Quijano 99.9 MHz\",\"potentialAction\":[{\"@type\":\"SearchAction\",\"target\":{\"@type\":\"EntryPoint\",\"urlTemplate\":\"https:\/\/nahuelproducciones.com.ar\/radioquijano\/?s={search_term_string}\"},\"query-input\":\"required name=search_term_string\"}],\"inLanguage\":\"es\"},{\"@type\":\"Person\",\"@id\":\"https:\/\/nahuelproducciones.com.ar\/radioquijano\/#\/schema\/person\/e8a4f939e2cb487fe6d0c54042c9d32c\",\"name\":\"Cecilia Pastrana\",\"image\":{\"@type\":\"ImageObject\",\"inLanguage\":\"es\",\"@id\":\"https:\/\/nahuelproducciones.com.ar\/radioquijano\/#\/schema\/person\/image\/\",\"url\":\"https:\/\/secure.gravatar.com\/avatar\/661a3ef63a8488d4f2794ed44af8cf71420f7e106f3072c40125114df5157749?s=96&d=mm&r=g\",\"contentUrl\":\"https:\/\/secure.gravatar.com\/avatar\/661a3ef63a8488d4f2794ed44af8cf71420f7e106f3072c40125114df5157749?s=96&d=mm&r=g\",\"caption\":\"Cecilia Pastrana\"},\"sameAs\":[\"cecy\"],\"url\":\"https:\/\/nahuelproducciones.com.ar\/radioquijano\/author\/cecy\/\"}]}<\/script>\n<!-- \/ Yoast SEO plugin. -->","yoast_head_json":{"title":"Misa en acci\u00f3n de gracias por el 60\u00b0 aniversario de La Agrupaci\u00f3n de Gauchos \"Rodeo Antenor S\u00e1nchez\". - RQ 99.9","description":"En la Parroquia Santiago Ap\u00f3stol en Campo Quijano el d\u00eda viernes 10 de junio del corriente a\u00f1o. a las 19:30 horas.","robots":{"index":"index","follow":"follow","max-snippet":"max-snippet:-1","max-image-preview":"max-image-preview:large","max-video-preview":"max-video-preview:-1"},"canonical":"https:\/\/nahuelproducciones.com.ar\/radioquijano\/misa-en-accion-de-gracias-por-el-60-aniversario-de-la-agrupacion-de-gauchos-rodeo-antenor-sanchez\/","og_locale":"es_ES","og_type":"article","og_title":"Misa en acci\u00f3n de gracias por el 60\u00b0 aniversario de La Agrupaci\u00f3n de Gauchos \"Rodeo Antenor S\u00e1nchez\". - RQ 99.9","og_description":"En la Parroquia Santiago Ap\u00f3stol en Campo Quijano el d\u00eda viernes 10 de junio del corriente a\u00f1o. a las 19:30 horas.","og_url":"https:\/\/nahuelproducciones.com.ar\/radioquijano\/misa-en-accion-de-gracias-por-el-60-aniversario-de-la-agrupacion-de-gauchos-rodeo-antenor-sanchez\/","og_site_name":"RQ 99.9","article_publisher":"https:\/\/www.facebook.com\/nahuelproducciones999\/","article_published_time":"2022-06-08T22:35:52+00:00","article_modified_time":"2022-06-08T23:21:33+00:00","og_image":[{"width":700,"height":315,"url":"https:\/\/nahuelproducciones.com.ar\/radioquijano\/wp-content\/uploads\/2022\/06\/SEDE-RODEO-ANTENOR-SANCHEZ-e1654727453377.jpg","type":"image\/jpeg"}],"author":"Cecilia Pastrana","twitter_card":"summary_large_image","twitter_creator":"@nahuproduciones","twitter_site":"@nahuproduciones","twitter_misc":{"Escrito por":"Cecilia Pastrana","Tiempo de lectura":"1 minuto"},"schema":{"@context":"https:\/\/schema.org","@graph":[{"@type":"WebPage","@id":"https:\/\/nahuelproducciones.com.ar\/radioquijano\/misa-en-accion-de-gracias-por-el-60-aniversario-de-la-agrupacion-de-gauchos-rodeo-antenor-sanchez\/","url":"https:\/\/nahuelproducciones.com.ar\/radioquijano\/misa-en-accion-de-gracias-por-el-60-aniversario-de-la-agrupacion-de-gauchos-rodeo-antenor-sanchez\/","name":"Misa en acci\u00f3n de gracias por el 60\u00b0 aniversario de La Agrupaci\u00f3n de Gauchos \"Rodeo Antenor S\u00e1nchez\". - RQ 99.9","isPartOf":{"@id":"https:\/\/nahuelproducciones.com.ar\/radioquijano\/#website"},"datePublished":"2022-06-08T22:35:52+00:00","dateModified":"2022-06-08T23:21:33+00:00","author":{"@id":"https:\/\/nahuelproducciones.com.ar\/radioquijano\/#\/schema\/person\/e8a4f939e2cb487fe6d0c54042c9d32c"},"description":"En la Parroquia Santiago Ap\u00f3stol en Campo Quijano el d\u00eda viernes 10 de junio del corriente a\u00f1o. a las 19:30 horas.","breadcrumb":{"@id":"https:\/\/nahuelproducciones.com.ar\/radioquijano\/misa-en-accion-de-gracias-por-el-60-aniversario-de-la-agrupacion-de-gauchos-rodeo-antenor-sanchez\/#breadcrumb"},"inLanguage":"es","potentialAction":[{"@type":"ReadAction","target":["https:\/\/nahuelproducciones.com.ar\/radioquijano\/misa-en-accion-de-gracias-por-el-60-aniversario-de-la-agrupacion-de-gauchos-rodeo-antenor-sanchez\/"]}]},{"@type":"BreadcrumbList","@id":"https:\/\/nahuelproducciones.com.ar\/radioquijano\/misa-en-accion-de-gracias-por-el-60-aniversario-de-la-agrupacion-de-gauchos-rodeo-antenor-sanchez\/#breadcrumb","itemListElement":[{"@type":"ListItem","position":1,"name":"Portada","item":"https:\/\/nahuelproducciones.com.ar\/radioquijano\/"},{"@type":"ListItem","position":2,"name":"Misa en acci\u00f3n de gracias por el 60\u00b0 aniversario de La Agrupaci\u00f3n de Gauchos \u00abRodeo Antenor S\u00e1nchez\u00bb."}]},{"@type":"WebSite","@id":"https:\/\/nahuelproducciones.com.ar\/radioquijano\/#website","url":"https:\/\/nahuelproducciones.com.ar\/radioquijano\/","name":"RQ 99.9","description":"Radio Quijano 99.9 MHz","potentialAction":[{"@type":"SearchAction","target":{"@type":"EntryPoint","urlTemplate":"https:\/\/nahuelproducciones.com.ar\/radioquijano\/?s={search_term_string}"},"query-input":"required name=search_term_string"}],"inLanguage":"es"},{"@type":"Person","@id":"https:\/\/nahuelproducciones.com.ar\/radioquijano\/#\/schema\/person\/e8a4f939e2cb487fe6d0c54042c9d32c","name":"Cecilia Pastrana","image":{"@type":"ImageObject","inLanguage":"es","@id":"https:\/\/nahuelproducciones.com.ar\/radioquijano\/#\/schema\/person\/image\/","url":"https:\/\/secure.gravatar.com\/avatar\/661a3ef63a8488d4f2794ed44af8cf71420f7e106f3072c40125114df5157749?s=96&d=mm&r=g","contentUrl":"https:\/\/secure.gravatar.com\/avatar\/661a3ef63a8488d4f2794ed44af8cf71420f7e106f3072c40125114df5157749?s=96&d=mm&r=g","caption":"Cecilia Pastrana"},"sameAs":["cecy"],"url":"https:\/\/nahuelproducciones.com.ar\/radioquijano\/author\/cecy\/"}]}},"_links":{"self":[{"href":"https:\/\/nahuelproducciones.com.ar\/radioquijano\/wp-json\/wp\/v2\/posts\/2733","targetHints":{"allow":["GET"]}}],"collection":[{"href":"https:\/\/nahuelproducciones.com.ar\/radioquijano\/wp-json\/wp\/v2\/posts"}],"about":[{"href":"https:\/\/nahuelproducciones.com.ar\/radioquijano\/wp-json\/wp\/v2\/types\/post"}],"author":[{"embeddable":true,"href":"https:\/\/nahuelproducciones.com.ar\/radioquijano\/wp-json\/wp\/v2\/users\/8"}],"replies":[{"embeddable":true,"href":"https:\/\/nahuelproducciones.com.ar\/radioquijano\/wp-json\/wp\/v2\/comments?post=2733"}],"version-history":[{"count":2,"href":"https:\/\/nahuelproducciones.com.ar\/radioquijano\/wp-json\/wp\/v2\/posts\/2733\/revisions"}],"predecessor-version":[{"id":2743,"href":"https:\/\/nahuelproducciones.com.ar\/radioquijano\/wp-json\/wp\/v2\/posts\/2733\/revisions\/2743"}],"wp:featuredmedia":[{"embeddable":true,"href":"https:\/\/nahuelproducciones.com.ar\/radioquijano\/wp-json\/wp\/v2\/media\/2734"}],"wp:attachment":[{"href":"https:\/\/nahuelproducciones.com.ar\/radioquijano\/wp-json\/wp\/v2\/media?parent=2733"}],"wp:term":[{"taxonomy":"category","embeddable":true,"href":"https:\/\/nahuelproducciones.com.ar\/radioquijano\/wp-json\/wp\/v2\/categories?post=2733"},{"taxonomy":"post_tag","embeddable":true,"href":"https:\/\/nahuelproducciones.com.ar\/radioquijano\/wp-json\/wp\/v2\/tags?post=2733"}],"curies":[{"name":"wp","href":"https:\/\/api.w.org\/{rel}","templated":true}]}}