{"id":2736,"date":"2022-06-08T20:13:56","date_gmt":"2022-06-08T23:13:56","guid":{"rendered":"https:\/\/nahuelproducciones.com.ar\/radioquijano\/?p=2736"},"modified":"2022-06-08T20:18:19","modified_gmt":"2022-06-08T23:18:19","slug":"cornejo-hace-mas-de-un-ano-que-se-le-rechazo-el-juicio-abreviado-debera-ir-a-juicio-oral-y-publico","status":"publish","type":"post","link":"https:\/\/nahuelproducciones.com.ar\/radioquijano\/cornejo-hace-mas-de-un-ano-que-se-le-rechazo-el-juicio-abreviado-debera-ir-a-juicio-oral-y-publico\/","title":{"rendered":"Cornejo: Hace m\u00e1s de un a\u00f1o que se rechaz\u00f3 el juicio abreviado, deber\u00eda ir a juicio oral y p\u00fablico."},"content":{"rendered":"\n<p><strong>El ex intendente Manuel Cornejo est\u00e1 imputado por incumplimiento de los deberes de funcionario p\u00fablico y peculado. <\/strong><\/p>\n\n\n\n<p><strong>La defensa intent\u00f3 abreviar el proceso judicial, el ex jefe comunal hab\u00eda reconocido su responsabilidad, propon\u00eda resarcir <strong>con 5 millones al municipio<\/strong> en acuerdo con la fiscal\u00eda y el intendente Carlos Folloni.<\/strong><\/p>\n\n\n\n<p>Manuel Cornejo y Carmen M\u00e9ndez, fueron denunciados por su sucesor y actual intendente de Campo Quijano,\u00a0<strong>Carlos Folloni<\/strong>, pero hasta el momento no hay novedades de c\u00f3mo continuar\u00e1 la causa.\u00a0No se profundiz\u00f3 m\u00e1s en el tema para que Campo Quijano pueda tener Justicia . Tampoco se hizo p\u00fablica la im\u00e1gen, ni el contenido exacto  de la denuncia formal que realiz\u00f3 Folloni al ex intendente Cornejo.<\/p>\n\n\n\n<h2 class=\"wp-block-heading\"><strong>\u00a0Rechaz\u00f3 el juicio abreviado<\/strong><\/h2>\n\n\n\n<p>El juez de la Sala II del Tribunal de Juicio, \u00c1ngel Amadeo Longarte, rechaz\u00f3 el juicio abreviado contra el exintendente de Campo Quijano, Manuel Cornejo, acusado de los delitos de incumplimiento de los deberes de funcionario p\u00fablico y peculado (cuatro hechos) en concurso real y en car\u00e1cter de autor. En la misma causa, se encuentra imputada la exsecretaria de Hacienda de ese municipio, Carmen Rosa M\u00e9ndez, por los delitos de incumplimiento de los deberes de funcionaria p\u00fablica y peculado, en concurso real y en calidad de autora.<\/p>\n\n\n\n<p>En el inicio del juicio abreviado, en el que la fiscala penal Ver\u00f3nica Simesen de Bielke represent\u00f3 al Ministerio P\u00fablico Fiscal,<strong>&nbsp;ambos exfuncionarios reconocieron su responsabilidad penal en los hechos que le fueron imputados, por omitir dar cumplimiento a los deberes propios de sus funciones, al desplegar conductas contrarias a las leyes y ordenanzas y determinando la disposici\u00f3n de fondos apartada de los principios contables, bajo los cuales se rige el gasto p\u00fablico.<\/strong><\/p>\n\n\n\n<p>La fiscala penal Ver\u00f3nica Simesen de Bielke solicit\u00f3 para Cornejo<strong>&nbsp;la pena de tres a\u00f1os y dos meses prisi\u00f3n de ejecuci\u00f3n efectiva e inhabilitaci\u00f3n absoluta y perpetua<\/strong>, por los delitos de incumplimiento de los deberes de funcionario p\u00fablico y peculado (cuatro hechos) en concurso real y en car\u00e1cter de autor.<\/p>\n\n\n\n<p>En tanto, para la exsecretaria de Hacienda de ese municipio, Carmen Rosa M\u00e9ndez,<strong>&nbsp;solicit\u00f3 la pena de dos a\u00f1os y seis meses de prisi\u00f3n de ejecuci\u00f3n condicional e inhabilitaci\u00f3n absoluta y perpetua<\/strong>, por los delitos de incumplimiento de los deberes de funcionaria p\u00fablica y peculado, en concurso real y en calidad de autora.<\/p>\n\n\n\n<p>Luego de que la querella, los imputados y su defensa acordaran la pena, el magistrado sostuvo que \u201cresulta fundamental un mejor conocimiento de los hechos y de la plataforma f\u00e1ctica\u201d planteada y\u00a0<strong>consider\u00f3 que la causa debe ser juzgada en un proceso oral y p\u00fablico y no en un juicio abreviado.<\/strong><\/p>\n\n\n\n<h2 class=\"wp-block-heading\"> <strong>Informe de la Auditor\u00eda General de la Provincia <\/strong><\/h2>\n\n\n\n<p>El informe de la Auditor\u00eda General de la Provincia, dio cuenta de la inexistencia de la documentaci\u00f3n respaldatoria de los gastos efectuados, del incumplimiento de la normativa financiera y la transparencia de la gesti\u00f3n p\u00fablica en el manejo de fondos, adem\u00e1s de la falta de registraci\u00f3n contable que permitiera establecer el destino real de los fondos asignados durante su gesti\u00f3n y adem\u00e1s, controlar la legitimidad del gasto.<\/p>\n\n\n\n<p>De la documentaci\u00f3n aportada por el denunciante y actual intendente, Carlos H\u00e9ctor Folloni, surgi\u00f3 la falta de registros contables de fondos municipales de los per\u00edodos 2017-2019.<\/p>\n\n\n\n<h2 class=\"wp-block-heading\"><strong>Acuerdo de la reparaci\u00f3n integral del da\u00f1o<\/strong><\/h2>\n\n\n\n<p>A ra\u00edz de las exigencias de la fiscala penal, Ver\u00f3nica Simesen de Bielke, las partes hab\u00edan acordado la devoluci\u00f3n de los bienes y dinero, en beneficio de la comunidad. Con el asentimiento del Ministerio Publico Fiscal, acordaron como reparaci\u00f3n del da\u00f1o la entrega de bienes, entre ellos, un cami\u00f3n Ford Cargo 1730, dominio EUK 327, que se encuentra secuestrado y la entrega del formulario 08 respectivo para su transferencia al Municipio de Campo Quijano.<\/p>\n\n\n\n<p>Tambi\u00e9n acordaron la firma del formulario 08 para la inscripci\u00f3n a nombre del Municipio de una camioneta Chevrolet S10, dominio AC840GK, que se encuentra en poder del Municipio de Campo Quijano en car\u00e1cter de depositario judicial y con entrega definitiva.<\/p>\n\n\n\n<p>En el acuerdo tambi\u00e9n deb\u00edan firmar un boleto de compraventa, para la entrega al Municipio de Campo Quijano, de un terreno con catastro N\u00b0 13.445 del departamento de Rosario de Lerma.<\/p>\n\n\n\n<p>Por \u00faltimo, Cornejo deb\u00eda abonar la suma de $5.000.000 (cinco millones de pesos) en el plazo de 48 horas, en una cuenta judicial para su posterior transferencia al nombre y cuenta del Municipio de Campo Quijano.<\/p>\n\n\n\n<p><strong>Con el fallo del Juez interviniente, el acuerdo fracas\u00f3.<\/strong><\/p>\n\n\n\n<p>fuente: MPF Salta<\/p>\n\n\n\n<p>#<a href=\"https:\/\/nahuelproducciones.com.ar\/index.php\/rq999\" target=\"_blank\" rel=\"noreferrer noopener\">RQ99.9Mhz <\/a> <a href=\"https:\/\/nahuelproducciones.com.ar\/\" target=\"_blank\" rel=\"noreferrer noopener\">#CAMPOQUIJANO<\/a><\/p>\n\n\n\n<p><\/p>\n","protected":false},"excerpt":{"rendered":"<p>El ex intendente Manuel Cornejo est\u00e1 imputado por incumplimiento de los deberes de funcionario p\u00fablico y peculado. La defensa intent\u00f3 abreviar el proceso judicial, el ex jefe comunal hab\u00eda reconocido su responsabilidad, propon\u00eda resarcir con 5 millones al municipio en acuerdo con la fiscal\u00eda y el intendente Carlos Folloni. Manuel Cornejo y Carmen M\u00e9ndez, fueron [&hellip;]<\/p>\n","protected":false},"author":8,"featured_media":2737,"comment_status":"open","ping_status":"open","sticky":false,"template":"","format":"standard","meta":{"_monsterinsights_skip_tracking":false,"_monsterinsights_sitenote_active":false,"_monsterinsights_sitenote_note":"","_monsterinsights_sitenote_category":0,"footnotes":""},"categories":[16],"tags":[36,58,498,497,100],"class_list":["post-2736","post","type-post","status-publish","format-standard","has-post-thumbnail","hentry","category-noticias","tag-campo-quijano","tag-carlos-folloni","tag-carmen-mendez","tag-ex-intendente-manuel-cornejo","tag-municipio-de-campo-quijano"],"yoast_head":"<!-- This site is optimized with the Yoast SEO plugin v20.8 - https:\/\/yoast.com\/wordpress\/plugins\/seo\/ -->\n<title>Cornejo: Hace m\u00e1s de un a\u00f1o que se rechaz\u00f3 el juicio abreviado, deber\u00eda ir a juicio oral y p\u00fablico. - RQ 99.9<\/title>\n<meta name=\"description\" content=\"hasta el momento no hay novedades de c\u00f3mo continuar\u00e1 la causa.\" \/>\n<meta name=\"robots\" content=\"index, follow, max-snippet:-1, max-image-preview:large, max-video-preview:-1\" \/>\n<link rel=\"canonical\" href=\"https:\/\/nahuelproducciones.com.ar\/radioquijano\/cornejo-hace-mas-de-un-ano-que-se-le-rechazo-el-juicio-abreviado-debera-ir-a-juicio-oral-y-publico\/\" \/>\n<meta property=\"og:locale\" content=\"es_ES\" \/>\n<meta property=\"og:type\" content=\"article\" \/>\n<meta property=\"og:title\" content=\"Cornejo: Hace m\u00e1s de un a\u00f1o que se rechaz\u00f3 el juicio abreviado, deber\u00eda ir a juicio oral y p\u00fablico. - RQ 99.9\" \/>\n<meta property=\"og:description\" content=\"hasta el momento no hay novedades de c\u00f3mo continuar\u00e1 la causa.\" \/>\n<meta property=\"og:url\" content=\"https:\/\/nahuelproducciones.com.ar\/radioquijano\/cornejo-hace-mas-de-un-ano-que-se-le-rechazo-el-juicio-abreviado-debera-ir-a-juicio-oral-y-publico\/\" \/>\n<meta property=\"og:site_name\" content=\"RQ 99.9\" \/>\n<meta property=\"article:publisher\" content=\"https:\/\/www.facebook.com\/nahuelproducciones999\/\" \/>\n<meta property=\"article:published_time\" content=\"2022-06-08T23:13:56+00:00\" \/>\n<meta property=\"article:modified_time\" content=\"2022-06-08T23:18:19+00:00\" \/>\n<meta property=\"og:image\" content=\"https:\/\/nahuelproducciones.com.ar\/radioquijano\/wp-content\/uploads\/2022\/06\/82101-ante-el-rechazo-del-abreviado-cornejo-debera-ir-al-juicio-oral-y-publico-e1654730018212.jpeg\" \/>\n\t<meta property=\"og:image:width\" content=\"600\" \/>\n\t<meta property=\"og:image:height\" content=\"358\" \/>\n\t<meta property=\"og:image:type\" content=\"image\/jpeg\" \/>\n<meta name=\"author\" content=\"Cecilia Pastrana\" \/>\n<meta name=\"twitter:card\" content=\"summary_large_image\" \/>\n<meta name=\"twitter:creator\" content=\"@nahuproduciones\" \/>\n<meta name=\"twitter:site\" content=\"@nahuproduciones\" \/>\n<meta name=\"twitter:label1\" content=\"Escrito por\" \/>\n\t<meta name=\"twitter:data1\" content=\"Cecilia Pastrana\" \/>\n\t<meta name=\"twitter:label2\" content=\"Tiempo de lectura\" \/>\n\t<meta name=\"twitter:data2\" content=\"4 minutos\" \/>\n<script type=\"application\/ld+json\" class=\"yoast-schema-graph\">{\"@context\":\"https:\/\/schema.org\",\"@graph\":[{\"@type\":\"WebPage\",\"@id\":\"https:\/\/nahuelproducciones.com.ar\/radioquijano\/cornejo-hace-mas-de-un-ano-que-se-le-rechazo-el-juicio-abreviado-debera-ir-a-juicio-oral-y-publico\/\",\"url\":\"https:\/\/nahuelproducciones.com.ar\/radioquijano\/cornejo-hace-mas-de-un-ano-que-se-le-rechazo-el-juicio-abreviado-debera-ir-a-juicio-oral-y-publico\/\",\"name\":\"Cornejo: Hace m\u00e1s de un a\u00f1o que se rechaz\u00f3 el juicio abreviado, deber\u00eda ir a juicio oral y p\u00fablico. - RQ 99.9\",\"isPartOf\":{\"@id\":\"https:\/\/nahuelproducciones.com.ar\/radioquijano\/#website\"},\"datePublished\":\"2022-06-08T23:13:56+00:00\",\"dateModified\":\"2022-06-08T23:18:19+00:00\",\"author\":{\"@id\":\"https:\/\/nahuelproducciones.com.ar\/radioquijano\/#\/schema\/person\/e8a4f939e2cb487fe6d0c54042c9d32c\"},\"description\":\"hasta el momento no hay novedades de c\u00f3mo continuar\u00e1 la causa.\",\"breadcrumb\":{\"@id\":\"https:\/\/nahuelproducciones.com.ar\/radioquijano\/cornejo-hace-mas-de-un-ano-que-se-le-rechazo-el-juicio-abreviado-debera-ir-a-juicio-oral-y-publico\/#breadcrumb\"},\"inLanguage\":\"es\",\"potentialAction\":[{\"@type\":\"ReadAction\",\"target\":[\"https:\/\/nahuelproducciones.com.ar\/radioquijano\/cornejo-hace-mas-de-un-ano-que-se-le-rechazo-el-juicio-abreviado-debera-ir-a-juicio-oral-y-publico\/\"]}]},{\"@type\":\"BreadcrumbList\",\"@id\":\"https:\/\/nahuelproducciones.com.ar\/radioquijano\/cornejo-hace-mas-de-un-ano-que-se-le-rechazo-el-juicio-abreviado-debera-ir-a-juicio-oral-y-publico\/#breadcrumb\",\"itemListElement\":[{\"@type\":\"ListItem\",\"position\":1,\"name\":\"Portada\",\"item\":\"https:\/\/nahuelproducciones.com.ar\/radioquijano\/\"},{\"@type\":\"ListItem\",\"position\":2,\"name\":\"Cornejo: Hace m\u00e1s de un a\u00f1o que se rechaz\u00f3 el juicio abreviado, deber\u00eda ir a juicio oral y p\u00fablico.\"}]},{\"@type\":\"WebSite\",\"@id\":\"https:\/\/nahuelproducciones.com.ar\/radioquijano\/#website\",\"url\":\"https:\/\/nahuelproducciones.com.ar\/radioquijano\/\",\"name\":\"RQ 99.9\",\"description\":\"Radio Quijano 99.9 MHz\",\"potentialAction\":[{\"@type\":\"SearchAction\",\"target\":{\"@type\":\"EntryPoint\",\"urlTemplate\":\"https:\/\/nahuelproducciones.com.ar\/radioquijano\/?s={search_term_string}\"},\"query-input\":\"required name=search_term_string\"}],\"inLanguage\":\"es\"},{\"@type\":\"Person\",\"@id\":\"https:\/\/nahuelproducciones.com.ar\/radioquijano\/#\/schema\/person\/e8a4f939e2cb487fe6d0c54042c9d32c\",\"name\":\"Cecilia Pastrana\",\"image\":{\"@type\":\"ImageObject\",\"inLanguage\":\"es\",\"@id\":\"https:\/\/nahuelproducciones.com.ar\/radioquijano\/#\/schema\/person\/image\/\",\"url\":\"https:\/\/secure.gravatar.com\/avatar\/661a3ef63a8488d4f2794ed44af8cf71420f7e106f3072c40125114df5157749?s=96&d=mm&r=g\",\"contentUrl\":\"https:\/\/secure.gravatar.com\/avatar\/661a3ef63a8488d4f2794ed44af8cf71420f7e106f3072c40125114df5157749?s=96&d=mm&r=g\",\"caption\":\"Cecilia Pastrana\"},\"sameAs\":[\"cecy\"],\"url\":\"https:\/\/nahuelproducciones.com.ar\/radioquijano\/author\/cecy\/\"}]}<\/script>\n<!-- \/ Yoast SEO plugin. -->","yoast_head_json":{"title":"Cornejo: Hace m\u00e1s de un a\u00f1o que se rechaz\u00f3 el juicio abreviado, deber\u00eda ir a juicio oral y p\u00fablico. - RQ 99.9","description":"hasta el momento no hay novedades de c\u00f3mo continuar\u00e1 la causa.","robots":{"index":"index","follow":"follow","max-snippet":"max-snippet:-1","max-image-preview":"max-image-preview:large","max-video-preview":"max-video-preview:-1"},"canonical":"https:\/\/nahuelproducciones.com.ar\/radioquijano\/cornejo-hace-mas-de-un-ano-que-se-le-rechazo-el-juicio-abreviado-debera-ir-a-juicio-oral-y-publico\/","og_locale":"es_ES","og_type":"article","og_title":"Cornejo: Hace m\u00e1s de un a\u00f1o que se rechaz\u00f3 el juicio abreviado, deber\u00eda ir a juicio oral y p\u00fablico. - RQ 99.9","og_description":"hasta el momento no hay novedades de c\u00f3mo continuar\u00e1 la causa.","og_url":"https:\/\/nahuelproducciones.com.ar\/radioquijano\/cornejo-hace-mas-de-un-ano-que-se-le-rechazo-el-juicio-abreviado-debera-ir-a-juicio-oral-y-publico\/","og_site_name":"RQ 99.9","article_publisher":"https:\/\/www.facebook.com\/nahuelproducciones999\/","article_published_time":"2022-06-08T23:13:56+00:00","article_modified_time":"2022-06-08T23:18:19+00:00","og_image":[{"width":600,"height":358,"url":"https:\/\/nahuelproducciones.com.ar\/radioquijano\/wp-content\/uploads\/2022\/06\/82101-ante-el-rechazo-del-abreviado-cornejo-debera-ir-al-juicio-oral-y-publico-e1654730018212.jpeg","type":"image\/jpeg"}],"author":"Cecilia Pastrana","twitter_card":"summary_large_image","twitter_creator":"@nahuproduciones","twitter_site":"@nahuproduciones","twitter_misc":{"Escrito por":"Cecilia Pastrana","Tiempo de lectura":"4 minutos"},"schema":{"@context":"https:\/\/schema.org","@graph":[{"@type":"WebPage","@id":"https:\/\/nahuelproducciones.com.ar\/radioquijano\/cornejo-hace-mas-de-un-ano-que-se-le-rechazo-el-juicio-abreviado-debera-ir-a-juicio-oral-y-publico\/","url":"https:\/\/nahuelproducciones.com.ar\/radioquijano\/cornejo-hace-mas-de-un-ano-que-se-le-rechazo-el-juicio-abreviado-debera-ir-a-juicio-oral-y-publico\/","name":"Cornejo: Hace m\u00e1s de un a\u00f1o que se rechaz\u00f3 el juicio abreviado, deber\u00eda ir a juicio oral y p\u00fablico. - RQ 99.9","isPartOf":{"@id":"https:\/\/nahuelproducciones.com.ar\/radioquijano\/#website"},"datePublished":"2022-06-08T23:13:56+00:00","dateModified":"2022-06-08T23:18:19+00:00","author":{"@id":"https:\/\/nahuelproducciones.com.ar\/radioquijano\/#\/schema\/person\/e8a4f939e2cb487fe6d0c54042c9d32c"},"description":"hasta el momento no hay novedades de c\u00f3mo continuar\u00e1 la causa.","breadcrumb":{"@id":"https:\/\/nahuelproducciones.com.ar\/radioquijano\/cornejo-hace-mas-de-un-ano-que-se-le-rechazo-el-juicio-abreviado-debera-ir-a-juicio-oral-y-publico\/#breadcrumb"},"inLanguage":"es","potentialAction":[{"@type":"ReadAction","target":["https:\/\/nahuelproducciones.com.ar\/radioquijano\/cornejo-hace-mas-de-un-ano-que-se-le-rechazo-el-juicio-abreviado-debera-ir-a-juicio-oral-y-publico\/"]}]},{"@type":"BreadcrumbList","@id":"https:\/\/nahuelproducciones.com.ar\/radioquijano\/cornejo-hace-mas-de-un-ano-que-se-le-rechazo-el-juicio-abreviado-debera-ir-a-juicio-oral-y-publico\/#breadcrumb","itemListElement":[{"@type":"ListItem","position":1,"name":"Portada","item":"https:\/\/nahuelproducciones.com.ar\/radioquijano\/"},{"@type":"ListItem","position":2,"name":"Cornejo: Hace m\u00e1s de un a\u00f1o que se rechaz\u00f3 el juicio abreviado, deber\u00eda ir a juicio oral y p\u00fablico."}]},{"@type":"WebSite","@id":"https:\/\/nahuelproducciones.com.ar\/radioquijano\/#website","url":"https:\/\/nahuelproducciones.com.ar\/radioquijano\/","name":"RQ 99.9","description":"Radio Quijano 99.9 MHz","potentialAction":[{"@type":"SearchAction","target":{"@type":"EntryPoint","urlTemplate":"https:\/\/nahuelproducciones.com.ar\/radioquijano\/?s={search_term_string}"},"query-input":"required name=search_term_string"}],"inLanguage":"es"},{"@type":"Person","@id":"https:\/\/nahuelproducciones.com.ar\/radioquijano\/#\/schema\/person\/e8a4f939e2cb487fe6d0c54042c9d32c","name":"Cecilia Pastrana","image":{"@type":"ImageObject","inLanguage":"es","@id":"https:\/\/nahuelproducciones.com.ar\/radioquijano\/#\/schema\/person\/image\/","url":"https:\/\/secure.gravatar.com\/avatar\/661a3ef63a8488d4f2794ed44af8cf71420f7e106f3072c40125114df5157749?s=96&d=mm&r=g","contentUrl":"https:\/\/secure.gravatar.com\/avatar\/661a3ef63a8488d4f2794ed44af8cf71420f7e106f3072c40125114df5157749?s=96&d=mm&r=g","caption":"Cecilia Pastrana"},"sameAs":["cecy"],"url":"https:\/\/nahuelproducciones.com.ar\/radioquijano\/author\/cecy\/"}]}},"_links":{"self":[{"href":"https:\/\/nahuelproducciones.com.ar\/radioquijano\/wp-json\/wp\/v2\/posts\/2736","targetHints":{"allow":["GET"]}}],"collection":[{"href":"https:\/\/nahuelproducciones.com.ar\/radioquijano\/wp-json\/wp\/v2\/posts"}],"about":[{"href":"https:\/\/nahuelproducciones.com.ar\/radioquijano\/wp-json\/wp\/v2\/types\/post"}],"author":[{"embeddable":true,"href":"https:\/\/nahuelproducciones.com.ar\/radioquijano\/wp-json\/wp\/v2\/users\/8"}],"replies":[{"embeddable":true,"href":"https:\/\/nahuelproducciones.com.ar\/radioquijano\/wp-json\/wp\/v2\/comments?post=2736"}],"version-history":[{"count":4,"href":"https:\/\/nahuelproducciones.com.ar\/radioquijano\/wp-json\/wp\/v2\/posts\/2736\/revisions"}],"predecessor-version":[{"id":2742,"href":"https:\/\/nahuelproducciones.com.ar\/radioquijano\/wp-json\/wp\/v2\/posts\/2736\/revisions\/2742"}],"wp:featuredmedia":[{"embeddable":true,"href":"https:\/\/nahuelproducciones.com.ar\/radioquijano\/wp-json\/wp\/v2\/media\/2737"}],"wp:attachment":[{"href":"https:\/\/nahuelproducciones.com.ar\/radioquijano\/wp-json\/wp\/v2\/media?parent=2736"}],"wp:term":[{"taxonomy":"category","embeddable":true,"href":"https:\/\/nahuelproducciones.com.ar\/radioquijano\/wp-json\/wp\/v2\/categories?post=2736"},{"taxonomy":"post_tag","embeddable":true,"href":"https:\/\/nahuelproducciones.com.ar\/radioquijano\/wp-json\/wp\/v2\/tags?post=2736"}],"curies":[{"name":"wp","href":"https:\/\/api.w.org\/{rel}","templated":true}]}}