{"id":2755,"date":"2022-06-14T22:53:36","date_gmt":"2022-06-15T01:53:36","guid":{"rendered":"https:\/\/nahuelproducciones.com.ar\/radioquijano\/?p=2755"},"modified":"2022-06-14T22:53:38","modified_gmt":"2022-06-15T01:53:38","slug":"concejo-deliberante-de-campo-quijano-dispuso-el-cupo-laboral-para-victimas-de-trata","status":"publish","type":"post","link":"https:\/\/nahuelproducciones.com.ar\/radioquijano\/concejo-deliberante-de-campo-quijano-dispuso-el-cupo-laboral-para-victimas-de-trata\/","title":{"rendered":"Concejo Deliberante de Campo Quijano dispuso el cupo laboral para v\u00edctimas de trata"},"content":{"rendered":"\n<p>Los concejos deliberantes de Campo Quijano y Las Lajitas, de la provincia de Salta, sancionaron ordenanzas en las que reservan el 1 % de los cargos disponibles en el municipio para promover la inclusi\u00f3n laboral de las v\u00edctimas rescatadas del delito de trata de personas. Tambi\u00e9n prev\u00e9n la capacitaci\u00f3n obligatoria y remunerada de quienes no tengan antecedentes laborales y\/o educativos. En todos los casos, se garantiza la confidencialidad de los datos de las personas afectadas.<\/p>\n\n\n\n<p>Por su parte, el Concejo Deliberante de Resistencia, provincia del Chaco, en su \u00faltima sesi\u00f3n, adhiri\u00f3 por unanimidad a la ley provincial 3475-L, la cual prev\u00e9 un sistema de incentivos impositivos para las empresas radicadas en la provincia que den trabajo a v\u00edctimas de trata y explotaci\u00f3n de personas, que acceder\u00e1n al reintegro de las cargas sociales de cada empleado durante el periodo de un a\u00f1o.<\/p>\n\n\n\n<p>A su vez, en el \u00e1mbito p\u00fablico se deber\u00e1 establecer una proporci\u00f3n no menor al 1% de cupo laboral de v\u00edctimas de trata y explotaci\u00f3n de personas que re\u00fanan las condiciones de idoneidad para el cargo, para lo cual se reservar\u00e1n puestos de trabajo a ser exclusivamente ocupados por ellas.<\/p>\n\n\n\n<p>Adem\u00e1s, con dicha adhesi\u00f3n se instituye un sistema de becas de capacitaci\u00f3n laboral, t\u00e9cnica y profesional orientada a v\u00edctimas de trata y explotaci\u00f3n de personas que no re\u00fanen las condiciones de idoneidad para los puestos requeridos.<\/p>\n\n\n\n<p>En la elaboraci\u00f3n de la norma colaboraron: el delegado chaque\u00f1o del Comit\u00e9 de Lucha contra la Trata, Fernando Lovey, y las concejalas Soledad Villagra y Mar\u00eda Teresa Celada. Cabe recordar que en la misma provincia fue aprobada una ordenanza similar, en la municipalidad de General San Mart\u00edn.<\/p>\n\n\n\n<p>Con estas nuevas ordenanzas, ya son 21 municipios en 9 provincias que sancionaron normas que garantizan capacitaci\u00f3n y acceso al empleo para v\u00edctimas de trata. En Salta (Campo Quijano, Las Lajitas, Rosario de Lerma, Mosconi, Hip\u00f3lito Irigoyen, Pichanal, Colonia Santa Rosa y Apolinario Saravia); Corrientes (San Luis del Palmar, Virasoro y Santa Luc\u00eda); Formosa Capital; C\u00f3rdoba (Malvinas Argentinas); Chubut (Rawson); Chaco (Machagai y Resistencia); Misiones (El Dorado); Santa Fe (Gobernador G\u00e1lvez); La Rioja (Araujo y Chilecito); y en Buenos Aires (Marcos Paz). Al mismo tiempo, decenas de concejos deliberantes de todo el pa\u00eds se encuentran tratando iniciativas con el mismo objetivo.<\/p>\n\n\n\n<p>Estas normativas complementan las leyes provinciales que ya sancionaron provincias como Chaco y Catamarca para garantizar la inclusi\u00f3n laboral de v\u00edctimas de trata, tanto en el \u00e1mbito p\u00fablico como privado. Mientras que, en las legislaturas provinciales de Neuqu\u00e9n, Salta, Jujuy y Santa Cruz ya se encuentran proyectos similares que cuentan con tratamiento parlamentario.<\/p>\n\n\n\n<p>#R<a href=\"https:\/\/nahuelproducciones.com.ar\/index.php\/rq999\" target=\"_blank\" rel=\"noreferrer noopener\">Q99.9Mhz<\/a>  <a href=\"https:\/\/nahuelproducciones.com.ar\/\" target=\"_blank\" rel=\"noreferrer noopener\">#CAMPO QUIJANO<\/a><\/p>\n","protected":false},"excerpt":{"rendered":"<p>Los concejos deliberantes de Campo Quijano y Las Lajitas, de la provincia de Salta, sancionaron ordenanzas en las que reservan el 1 % de los cargos disponibles en el municipio para promover la inclusi\u00f3n laboral de las v\u00edctimas rescatadas del delito de trata de personas. Tambi\u00e9n prev\u00e9n la capacitaci\u00f3n obligatoria y remunerada de quienes no [&hellip;]<\/p>\n","protected":false},"author":8,"featured_media":2756,"comment_status":"open","ping_status":"open","sticky":false,"template":"","format":"standard","meta":{"_monsterinsights_skip_tracking":false,"_monsterinsights_sitenote_active":false,"_monsterinsights_sitenote_note":"","_monsterinsights_sitenote_category":0,"footnotes":""},"categories":[8,16],"tags":[36,502,501,503],"class_list":["post-2755","post","type-post","status-publish","format-standard","has-post-thumbnail","hentry","category-blog-de-sapito","category-noticias","tag-campo-quijano","tag-cupo-laboral-para-victimas-de-trata","tag-las-lajitas","tag-resistencia"],"yoast_head":"<!-- This site is optimized with the Yoast SEO plugin v20.8 - https:\/\/yoast.com\/wordpress\/plugins\/seo\/ -->\n<title>Concejo Deliberante de Campo Quijano dispuso el cupo laboral para v\u00edctimas de trata - RQ 99.9<\/title>\n<meta name=\"description\" content=\"En todos los casos, se garantiza la confidencialidad de los datos de las personas afectadas.\" \/>\n<meta name=\"robots\" content=\"index, follow, max-snippet:-1, max-image-preview:large, max-video-preview:-1\" \/>\n<link rel=\"canonical\" href=\"https:\/\/nahuelproducciones.com.ar\/radioquijano\/concejo-deliberante-de-campo-quijano-dispuso-el-cupo-laboral-para-victimas-de-trata\/\" \/>\n<meta property=\"og:locale\" content=\"es_ES\" \/>\n<meta property=\"og:type\" content=\"article\" \/>\n<meta property=\"og:title\" content=\"Concejo Deliberante de Campo Quijano dispuso el cupo laboral para v\u00edctimas de trata - RQ 99.9\" \/>\n<meta property=\"og:description\" content=\"En todos los casos, se garantiza la confidencialidad de los datos de las personas afectadas.\" \/>\n<meta property=\"og:url\" content=\"https:\/\/nahuelproducciones.com.ar\/radioquijano\/concejo-deliberante-de-campo-quijano-dispuso-el-cupo-laboral-para-victimas-de-trata\/\" \/>\n<meta property=\"og:site_name\" content=\"RQ 99.9\" \/>\n<meta property=\"article:publisher\" content=\"https:\/\/www.facebook.com\/nahuelproducciones999\/\" \/>\n<meta property=\"article:published_time\" content=\"2022-06-15T01:53:36+00:00\" \/>\n<meta property=\"article:modified_time\" content=\"2022-06-15T01:53:38+00:00\" \/>\n<meta property=\"og:image\" content=\"https:\/\/nahuelproducciones.com.ar\/radioquijano\/wp-content\/uploads\/2022\/06\/94808-en-rosario-de-lerma-aprobaron-el-cupo-laboral-para-victimas-de-trata-e1655258001260.jpeg\" \/>\n\t<meta property=\"og:image:width\" content=\"700\" \/>\n\t<meta property=\"og:image:height\" content=\"473\" \/>\n\t<meta property=\"og:image:type\" content=\"image\/jpeg\" \/>\n<meta name=\"author\" content=\"Cecilia Pastrana\" \/>\n<meta name=\"twitter:card\" content=\"summary_large_image\" \/>\n<meta name=\"twitter:creator\" content=\"@nahuproduciones\" \/>\n<meta name=\"twitter:site\" content=\"@nahuproduciones\" \/>\n<meta name=\"twitter:label1\" content=\"Escrito por\" \/>\n\t<meta name=\"twitter:data1\" content=\"Cecilia Pastrana\" \/>\n\t<meta name=\"twitter:label2\" content=\"Tiempo de lectura\" \/>\n\t<meta name=\"twitter:data2\" content=\"2 minutos\" \/>\n<script type=\"application\/ld+json\" class=\"yoast-schema-graph\">{\"@context\":\"https:\/\/schema.org\",\"@graph\":[{\"@type\":\"WebPage\",\"@id\":\"https:\/\/nahuelproducciones.com.ar\/radioquijano\/concejo-deliberante-de-campo-quijano-dispuso-el-cupo-laboral-para-victimas-de-trata\/\",\"url\":\"https:\/\/nahuelproducciones.com.ar\/radioquijano\/concejo-deliberante-de-campo-quijano-dispuso-el-cupo-laboral-para-victimas-de-trata\/\",\"name\":\"Concejo Deliberante de Campo Quijano dispuso el cupo laboral para v\u00edctimas de trata - RQ 99.9\",\"isPartOf\":{\"@id\":\"https:\/\/nahuelproducciones.com.ar\/radioquijano\/#website\"},\"datePublished\":\"2022-06-15T01:53:36+00:00\",\"dateModified\":\"2022-06-15T01:53:38+00:00\",\"author\":{\"@id\":\"https:\/\/nahuelproducciones.com.ar\/radioquijano\/#\/schema\/person\/e8a4f939e2cb487fe6d0c54042c9d32c\"},\"description\":\"En todos los casos, se garantiza la confidencialidad de los datos de las personas afectadas.\",\"breadcrumb\":{\"@id\":\"https:\/\/nahuelproducciones.com.ar\/radioquijano\/concejo-deliberante-de-campo-quijano-dispuso-el-cupo-laboral-para-victimas-de-trata\/#breadcrumb\"},\"inLanguage\":\"es\",\"potentialAction\":[{\"@type\":\"ReadAction\",\"target\":[\"https:\/\/nahuelproducciones.com.ar\/radioquijano\/concejo-deliberante-de-campo-quijano-dispuso-el-cupo-laboral-para-victimas-de-trata\/\"]}]},{\"@type\":\"BreadcrumbList\",\"@id\":\"https:\/\/nahuelproducciones.com.ar\/radioquijano\/concejo-deliberante-de-campo-quijano-dispuso-el-cupo-laboral-para-victimas-de-trata\/#breadcrumb\",\"itemListElement\":[{\"@type\":\"ListItem\",\"position\":1,\"name\":\"Portada\",\"item\":\"https:\/\/nahuelproducciones.com.ar\/radioquijano\/\"},{\"@type\":\"ListItem\",\"position\":2,\"name\":\"Concejo Deliberante de Campo Quijano dispuso el cupo laboral para v\u00edctimas de trata\"}]},{\"@type\":\"WebSite\",\"@id\":\"https:\/\/nahuelproducciones.com.ar\/radioquijano\/#website\",\"url\":\"https:\/\/nahuelproducciones.com.ar\/radioquijano\/\",\"name\":\"RQ 99.9\",\"description\":\"Radio Quijano 99.9 MHz\",\"potentialAction\":[{\"@type\":\"SearchAction\",\"target\":{\"@type\":\"EntryPoint\",\"urlTemplate\":\"https:\/\/nahuelproducciones.com.ar\/radioquijano\/?s={search_term_string}\"},\"query-input\":\"required name=search_term_string\"}],\"inLanguage\":\"es\"},{\"@type\":\"Person\",\"@id\":\"https:\/\/nahuelproducciones.com.ar\/radioquijano\/#\/schema\/person\/e8a4f939e2cb487fe6d0c54042c9d32c\",\"name\":\"Cecilia Pastrana\",\"image\":{\"@type\":\"ImageObject\",\"inLanguage\":\"es\",\"@id\":\"https:\/\/nahuelproducciones.com.ar\/radioquijano\/#\/schema\/person\/image\/\",\"url\":\"https:\/\/secure.gravatar.com\/avatar\/661a3ef63a8488d4f2794ed44af8cf71420f7e106f3072c40125114df5157749?s=96&d=mm&r=g\",\"contentUrl\":\"https:\/\/secure.gravatar.com\/avatar\/661a3ef63a8488d4f2794ed44af8cf71420f7e106f3072c40125114df5157749?s=96&d=mm&r=g\",\"caption\":\"Cecilia Pastrana\"},\"sameAs\":[\"cecy\"],\"url\":\"https:\/\/nahuelproducciones.com.ar\/radioquijano\/author\/cecy\/\"}]}<\/script>\n<!-- \/ Yoast SEO plugin. -->","yoast_head_json":{"title":"Concejo Deliberante de Campo Quijano dispuso el cupo laboral para v\u00edctimas de trata - RQ 99.9","description":"En todos los casos, se garantiza la confidencialidad de los datos de las personas afectadas.","robots":{"index":"index","follow":"follow","max-snippet":"max-snippet:-1","max-image-preview":"max-image-preview:large","max-video-preview":"max-video-preview:-1"},"canonical":"https:\/\/nahuelproducciones.com.ar\/radioquijano\/concejo-deliberante-de-campo-quijano-dispuso-el-cupo-laboral-para-victimas-de-trata\/","og_locale":"es_ES","og_type":"article","og_title":"Concejo Deliberante de Campo Quijano dispuso el cupo laboral para v\u00edctimas de trata - RQ 99.9","og_description":"En todos los casos, se garantiza la confidencialidad de los datos de las personas afectadas.","og_url":"https:\/\/nahuelproducciones.com.ar\/radioquijano\/concejo-deliberante-de-campo-quijano-dispuso-el-cupo-laboral-para-victimas-de-trata\/","og_site_name":"RQ 99.9","article_publisher":"https:\/\/www.facebook.com\/nahuelproducciones999\/","article_published_time":"2022-06-15T01:53:36+00:00","article_modified_time":"2022-06-15T01:53:38+00:00","og_image":[{"width":700,"height":473,"url":"https:\/\/nahuelproducciones.com.ar\/radioquijano\/wp-content\/uploads\/2022\/06\/94808-en-rosario-de-lerma-aprobaron-el-cupo-laboral-para-victimas-de-trata-e1655258001260.jpeg","type":"image\/jpeg"}],"author":"Cecilia Pastrana","twitter_card":"summary_large_image","twitter_creator":"@nahuproduciones","twitter_site":"@nahuproduciones","twitter_misc":{"Escrito por":"Cecilia Pastrana","Tiempo de lectura":"2 minutos"},"schema":{"@context":"https:\/\/schema.org","@graph":[{"@type":"WebPage","@id":"https:\/\/nahuelproducciones.com.ar\/radioquijano\/concejo-deliberante-de-campo-quijano-dispuso-el-cupo-laboral-para-victimas-de-trata\/","url":"https:\/\/nahuelproducciones.com.ar\/radioquijano\/concejo-deliberante-de-campo-quijano-dispuso-el-cupo-laboral-para-victimas-de-trata\/","name":"Concejo Deliberante de Campo Quijano dispuso el cupo laboral para v\u00edctimas de trata - RQ 99.9","isPartOf":{"@id":"https:\/\/nahuelproducciones.com.ar\/radioquijano\/#website"},"datePublished":"2022-06-15T01:53:36+00:00","dateModified":"2022-06-15T01:53:38+00:00","author":{"@id":"https:\/\/nahuelproducciones.com.ar\/radioquijano\/#\/schema\/person\/e8a4f939e2cb487fe6d0c54042c9d32c"},"description":"En todos los casos, se garantiza la confidencialidad de los datos de las personas afectadas.","breadcrumb":{"@id":"https:\/\/nahuelproducciones.com.ar\/radioquijano\/concejo-deliberante-de-campo-quijano-dispuso-el-cupo-laboral-para-victimas-de-trata\/#breadcrumb"},"inLanguage":"es","potentialAction":[{"@type":"ReadAction","target":["https:\/\/nahuelproducciones.com.ar\/radioquijano\/concejo-deliberante-de-campo-quijano-dispuso-el-cupo-laboral-para-victimas-de-trata\/"]}]},{"@type":"BreadcrumbList","@id":"https:\/\/nahuelproducciones.com.ar\/radioquijano\/concejo-deliberante-de-campo-quijano-dispuso-el-cupo-laboral-para-victimas-de-trata\/#breadcrumb","itemListElement":[{"@type":"ListItem","position":1,"name":"Portada","item":"https:\/\/nahuelproducciones.com.ar\/radioquijano\/"},{"@type":"ListItem","position":2,"name":"Concejo Deliberante de Campo Quijano dispuso el cupo laboral para v\u00edctimas de trata"}]},{"@type":"WebSite","@id":"https:\/\/nahuelproducciones.com.ar\/radioquijano\/#website","url":"https:\/\/nahuelproducciones.com.ar\/radioquijano\/","name":"RQ 99.9","description":"Radio Quijano 99.9 MHz","potentialAction":[{"@type":"SearchAction","target":{"@type":"EntryPoint","urlTemplate":"https:\/\/nahuelproducciones.com.ar\/radioquijano\/?s={search_term_string}"},"query-input":"required name=search_term_string"}],"inLanguage":"es"},{"@type":"Person","@id":"https:\/\/nahuelproducciones.com.ar\/radioquijano\/#\/schema\/person\/e8a4f939e2cb487fe6d0c54042c9d32c","name":"Cecilia Pastrana","image":{"@type":"ImageObject","inLanguage":"es","@id":"https:\/\/nahuelproducciones.com.ar\/radioquijano\/#\/schema\/person\/image\/","url":"https:\/\/secure.gravatar.com\/avatar\/661a3ef63a8488d4f2794ed44af8cf71420f7e106f3072c40125114df5157749?s=96&d=mm&r=g","contentUrl":"https:\/\/secure.gravatar.com\/avatar\/661a3ef63a8488d4f2794ed44af8cf71420f7e106f3072c40125114df5157749?s=96&d=mm&r=g","caption":"Cecilia Pastrana"},"sameAs":["cecy"],"url":"https:\/\/nahuelproducciones.com.ar\/radioquijano\/author\/cecy\/"}]}},"_links":{"self":[{"href":"https:\/\/nahuelproducciones.com.ar\/radioquijano\/wp-json\/wp\/v2\/posts\/2755","targetHints":{"allow":["GET"]}}],"collection":[{"href":"https:\/\/nahuelproducciones.com.ar\/radioquijano\/wp-json\/wp\/v2\/posts"}],"about":[{"href":"https:\/\/nahuelproducciones.com.ar\/radioquijano\/wp-json\/wp\/v2\/types\/post"}],"author":[{"embeddable":true,"href":"https:\/\/nahuelproducciones.com.ar\/radioquijano\/wp-json\/wp\/v2\/users\/8"}],"replies":[{"embeddable":true,"href":"https:\/\/nahuelproducciones.com.ar\/radioquijano\/wp-json\/wp\/v2\/comments?post=2755"}],"version-history":[{"count":1,"href":"https:\/\/nahuelproducciones.com.ar\/radioquijano\/wp-json\/wp\/v2\/posts\/2755\/revisions"}],"predecessor-version":[{"id":2757,"href":"https:\/\/nahuelproducciones.com.ar\/radioquijano\/wp-json\/wp\/v2\/posts\/2755\/revisions\/2757"}],"wp:featuredmedia":[{"embeddable":true,"href":"https:\/\/nahuelproducciones.com.ar\/radioquijano\/wp-json\/wp\/v2\/media\/2756"}],"wp:attachment":[{"href":"https:\/\/nahuelproducciones.com.ar\/radioquijano\/wp-json\/wp\/v2\/media?parent=2755"}],"wp:term":[{"taxonomy":"category","embeddable":true,"href":"https:\/\/nahuelproducciones.com.ar\/radioquijano\/wp-json\/wp\/v2\/categories?post=2755"},{"taxonomy":"post_tag","embeddable":true,"href":"https:\/\/nahuelproducciones.com.ar\/radioquijano\/wp-json\/wp\/v2\/tags?post=2755"}],"curies":[{"name":"wp","href":"https:\/\/api.w.org\/{rel}","templated":true}]}}