{"id":2758,"date":"2022-06-14T23:38:43","date_gmt":"2022-06-15T02:38:43","guid":{"rendered":"https:\/\/nahuelproducciones.com.ar\/radioquijano\/?p=2758"},"modified":"2022-06-14T23:38:44","modified_gmt":"2022-06-15T02:38:44","slug":"teatro-el-sabado-18-en-el-encon-en-el-centro-cultural-la-mestiza","status":"publish","type":"post","link":"https:\/\/nahuelproducciones.com.ar\/radioquijano\/teatro-el-sabado-18-en-el-encon-en-el-centro-cultural-la-mestiza\/","title":{"rendered":"Teatro el s\u00e1bado 18 en El Enc\u00f3n, en el Centro Cultural La Mestiza."},"content":{"rendered":"\n<p>El Centro Cultural La Mestiza te invita a pasar una hermosa noche, presenciando la obra de teatro \u00abVos me conociste as\u00ed\u00bbde Ignacio Oca\u00f1a.<\/p>\n\n\n\n<p>La presentaci\u00f3n  se realizar\u00e1 el s\u00e1bado 18 de junio del corriente mes  a 20:30 hs.<\/p>\n\n\n\n<p>Esta historia- escrita por Ignacio Oca\u00f1a y dirigida por Luis Quiroz- nos presenta a Lautaro y Camila, un matrimonio tan joven como desgastado que deber\u00e1 sortear el complejo mundo de las relaciones humanas ante el cimbronazo de una crisis de pareja que se ve\u00eda venir. Los caminos personales inconclusos y la aparici\u00f3n de terceros pueden cambiarlo todo.<\/p>\n\n\n\n<p>Conforman el elenco:<\/p>\n\n\n\n<p>Ivana Mart\u00ednez (Camila)<br>Franco Soraire (Tom\u00e1s)<br>Gustavo Copa (Enzo)<br>Norberto Villegas (Lautaro)<\/p>\n\n\n\n<p>\u00abVOS ME CONOCISTE AS\u00cd\u00bb<\/p>\n\n\n\n<p>La crisis se ve\u00eda venir.<\/p>\n\n\n\n<p>Autor: Ignacio Oca\u00f1a<br>Direcci\u00f3n: Luis Quiroz<br><\/p>\n\n\n\n<p>Te esperan en Ruta 51 km 9, El Enc\u00f3n . Informaci\u00f3n y reservas  por whatsapp 3876145815<\/p>\n\n\n\n<p>#<a href=\"https:\/\/nahuelproducciones.com.ar\/index.php\/rq999\" target=\"_blank\" rel=\"noreferrer noopener\">RQ99.9Mhz<\/a>  <a href=\"https:\/\/nahuelproducciones.com.ar\/\">CAMPOQUIJANO<\/a><\/p>\n\n\n\n<p><\/p>\n","protected":false},"excerpt":{"rendered":"<p>El Centro Cultural La Mestiza te invita a pasar una hermosa noche, presenciando la obra de teatro \u00abVos me conociste as\u00ed\u00bbde Ignacio Oca\u00f1a. La presentaci\u00f3n se realizar\u00e1 el s\u00e1bado 18 de junio del corriente mes a 20:30 hs. Esta historia- escrita por Ignacio Oca\u00f1a y dirigida por Luis Quiroz- nos presenta a Lautaro y Camila, [&hellip;]<\/p>\n","protected":false},"author":8,"featured_media":2761,"comment_status":"open","ping_status":"open","sticky":false,"template":"","format":"standard","meta":{"_monsterinsights_skip_tracking":false,"_monsterinsights_sitenote_active":false,"_monsterinsights_sitenote_note":"","_monsterinsights_sitenote_category":0,"footnotes":""},"categories":[2,16],"tags":[36,504,505,353,506],"class_list":["post-2758","post","type-post","status-publish","format-standard","has-post-thumbnail","hentry","category-cultura","category-noticias","tag-campo-quijano","tag-centro-cultural-la-mestiza","tag-direccion-luis-quiroz","tag-el-encon","tag-ruta-51-km-9"],"yoast_head":"<!-- This site is optimized with the Yoast SEO plugin v20.8 - https:\/\/yoast.com\/wordpress\/plugins\/seo\/ -->\n<title>Teatro el s\u00e1bado 18 en El Enc\u00f3n, en el Centro Cultural La Mestiza. - RQ 99.9<\/title>\n<meta name=\"description\" content=\"Te esperan en Ruta 51 km 9, El Enc\u00f3n . Informaci\u00f3n y reservas por whatsapp 3876145815\" \/>\n<meta name=\"robots\" content=\"index, follow, max-snippet:-1, max-image-preview:large, max-video-preview:-1\" \/>\n<link rel=\"canonical\" href=\"https:\/\/nahuelproducciones.com.ar\/radioquijano\/teatro-el-sabado-18-en-el-encon-en-el-centro-cultural-la-mestiza\/\" \/>\n<meta property=\"og:locale\" content=\"es_ES\" \/>\n<meta property=\"og:type\" content=\"article\" \/>\n<meta property=\"og:title\" content=\"Teatro el s\u00e1bado 18 en El Enc\u00f3n, en el Centro Cultural La Mestiza. - RQ 99.9\" \/>\n<meta property=\"og:description\" content=\"Te esperan en Ruta 51 km 9, El Enc\u00f3n . Informaci\u00f3n y reservas por whatsapp 3876145815\" \/>\n<meta property=\"og:url\" content=\"https:\/\/nahuelproducciones.com.ar\/radioquijano\/teatro-el-sabado-18-en-el-encon-en-el-centro-cultural-la-mestiza\/\" \/>\n<meta property=\"og:site_name\" content=\"RQ 99.9\" \/>\n<meta property=\"article:publisher\" content=\"https:\/\/www.facebook.com\/nahuelproducciones999\/\" \/>\n<meta property=\"article:published_time\" content=\"2022-06-15T02:38:43+00:00\" \/>\n<meta property=\"article:modified_time\" content=\"2022-06-15T02:38:44+00:00\" \/>\n<meta property=\"og:image\" content=\"https:\/\/nahuelproducciones.com.ar\/radioquijano\/wp-content\/uploads\/2022\/06\/LA-MESTIZA-2.jpg\" \/>\n\t<meta property=\"og:image:width\" content=\"526\" \/>\n\t<meta property=\"og:image:height\" content=\"466\" \/>\n\t<meta property=\"og:image:type\" content=\"image\/jpeg\" \/>\n<meta name=\"author\" content=\"Cecilia Pastrana\" \/>\n<meta name=\"twitter:card\" content=\"summary_large_image\" \/>\n<meta name=\"twitter:creator\" content=\"@nahuproduciones\" \/>\n<meta name=\"twitter:site\" content=\"@nahuproduciones\" \/>\n<meta name=\"twitter:label1\" content=\"Escrito por\" \/>\n\t<meta name=\"twitter:data1\" content=\"Cecilia Pastrana\" \/>\n\t<meta name=\"twitter:label2\" content=\"Tiempo de lectura\" \/>\n\t<meta name=\"twitter:data2\" content=\"1 minuto\" \/>\n<script type=\"application\/ld+json\" class=\"yoast-schema-graph\">{\"@context\":\"https:\/\/schema.org\",\"@graph\":[{\"@type\":\"WebPage\",\"@id\":\"https:\/\/nahuelproducciones.com.ar\/radioquijano\/teatro-el-sabado-18-en-el-encon-en-el-centro-cultural-la-mestiza\/\",\"url\":\"https:\/\/nahuelproducciones.com.ar\/radioquijano\/teatro-el-sabado-18-en-el-encon-en-el-centro-cultural-la-mestiza\/\",\"name\":\"Teatro el s\u00e1bado 18 en El Enc\u00f3n, en el Centro Cultural La Mestiza. - RQ 99.9\",\"isPartOf\":{\"@id\":\"https:\/\/nahuelproducciones.com.ar\/radioquijano\/#website\"},\"datePublished\":\"2022-06-15T02:38:43+00:00\",\"dateModified\":\"2022-06-15T02:38:44+00:00\",\"author\":{\"@id\":\"https:\/\/nahuelproducciones.com.ar\/radioquijano\/#\/schema\/person\/e8a4f939e2cb487fe6d0c54042c9d32c\"},\"description\":\"Te esperan en Ruta 51 km 9, El Enc\u00f3n . Informaci\u00f3n y reservas por whatsapp 3876145815\",\"breadcrumb\":{\"@id\":\"https:\/\/nahuelproducciones.com.ar\/radioquijano\/teatro-el-sabado-18-en-el-encon-en-el-centro-cultural-la-mestiza\/#breadcrumb\"},\"inLanguage\":\"es\",\"potentialAction\":[{\"@type\":\"ReadAction\",\"target\":[\"https:\/\/nahuelproducciones.com.ar\/radioquijano\/teatro-el-sabado-18-en-el-encon-en-el-centro-cultural-la-mestiza\/\"]}]},{\"@type\":\"BreadcrumbList\",\"@id\":\"https:\/\/nahuelproducciones.com.ar\/radioquijano\/teatro-el-sabado-18-en-el-encon-en-el-centro-cultural-la-mestiza\/#breadcrumb\",\"itemListElement\":[{\"@type\":\"ListItem\",\"position\":1,\"name\":\"Portada\",\"item\":\"https:\/\/nahuelproducciones.com.ar\/radioquijano\/\"},{\"@type\":\"ListItem\",\"position\":2,\"name\":\"Teatro el s\u00e1bado 18 en El Enc\u00f3n, en el Centro Cultural La Mestiza.\"}]},{\"@type\":\"WebSite\",\"@id\":\"https:\/\/nahuelproducciones.com.ar\/radioquijano\/#website\",\"url\":\"https:\/\/nahuelproducciones.com.ar\/radioquijano\/\",\"name\":\"RQ 99.9\",\"description\":\"Radio Quijano 99.9 MHz\",\"potentialAction\":[{\"@type\":\"SearchAction\",\"target\":{\"@type\":\"EntryPoint\",\"urlTemplate\":\"https:\/\/nahuelproducciones.com.ar\/radioquijano\/?s={search_term_string}\"},\"query-input\":\"required name=search_term_string\"}],\"inLanguage\":\"es\"},{\"@type\":\"Person\",\"@id\":\"https:\/\/nahuelproducciones.com.ar\/radioquijano\/#\/schema\/person\/e8a4f939e2cb487fe6d0c54042c9d32c\",\"name\":\"Cecilia Pastrana\",\"image\":{\"@type\":\"ImageObject\",\"inLanguage\":\"es\",\"@id\":\"https:\/\/nahuelproducciones.com.ar\/radioquijano\/#\/schema\/person\/image\/\",\"url\":\"https:\/\/secure.gravatar.com\/avatar\/661a3ef63a8488d4f2794ed44af8cf71420f7e106f3072c40125114df5157749?s=96&d=mm&r=g\",\"contentUrl\":\"https:\/\/secure.gravatar.com\/avatar\/661a3ef63a8488d4f2794ed44af8cf71420f7e106f3072c40125114df5157749?s=96&d=mm&r=g\",\"caption\":\"Cecilia Pastrana\"},\"sameAs\":[\"cecy\"],\"url\":\"https:\/\/nahuelproducciones.com.ar\/radioquijano\/author\/cecy\/\"}]}<\/script>\n<!-- \/ Yoast SEO plugin. -->","yoast_head_json":{"title":"Teatro el s\u00e1bado 18 en El Enc\u00f3n, en el Centro Cultural La Mestiza. - RQ 99.9","description":"Te esperan en Ruta 51 km 9, El Enc\u00f3n . Informaci\u00f3n y reservas por whatsapp 3876145815","robots":{"index":"index","follow":"follow","max-snippet":"max-snippet:-1","max-image-preview":"max-image-preview:large","max-video-preview":"max-video-preview:-1"},"canonical":"https:\/\/nahuelproducciones.com.ar\/radioquijano\/teatro-el-sabado-18-en-el-encon-en-el-centro-cultural-la-mestiza\/","og_locale":"es_ES","og_type":"article","og_title":"Teatro el s\u00e1bado 18 en El Enc\u00f3n, en el Centro Cultural La Mestiza. - RQ 99.9","og_description":"Te esperan en Ruta 51 km 9, El Enc\u00f3n . Informaci\u00f3n y reservas por whatsapp 3876145815","og_url":"https:\/\/nahuelproducciones.com.ar\/radioquijano\/teatro-el-sabado-18-en-el-encon-en-el-centro-cultural-la-mestiza\/","og_site_name":"RQ 99.9","article_publisher":"https:\/\/www.facebook.com\/nahuelproducciones999\/","article_published_time":"2022-06-15T02:38:43+00:00","article_modified_time":"2022-06-15T02:38:44+00:00","og_image":[{"width":526,"height":466,"url":"https:\/\/nahuelproducciones.com.ar\/radioquijano\/wp-content\/uploads\/2022\/06\/LA-MESTIZA-2.jpg","type":"image\/jpeg"}],"author":"Cecilia Pastrana","twitter_card":"summary_large_image","twitter_creator":"@nahuproduciones","twitter_site":"@nahuproduciones","twitter_misc":{"Escrito por":"Cecilia Pastrana","Tiempo de lectura":"1 minuto"},"schema":{"@context":"https:\/\/schema.org","@graph":[{"@type":"WebPage","@id":"https:\/\/nahuelproducciones.com.ar\/radioquijano\/teatro-el-sabado-18-en-el-encon-en-el-centro-cultural-la-mestiza\/","url":"https:\/\/nahuelproducciones.com.ar\/radioquijano\/teatro-el-sabado-18-en-el-encon-en-el-centro-cultural-la-mestiza\/","name":"Teatro el s\u00e1bado 18 en El Enc\u00f3n, en el Centro Cultural La Mestiza. - RQ 99.9","isPartOf":{"@id":"https:\/\/nahuelproducciones.com.ar\/radioquijano\/#website"},"datePublished":"2022-06-15T02:38:43+00:00","dateModified":"2022-06-15T02:38:44+00:00","author":{"@id":"https:\/\/nahuelproducciones.com.ar\/radioquijano\/#\/schema\/person\/e8a4f939e2cb487fe6d0c54042c9d32c"},"description":"Te esperan en Ruta 51 km 9, El Enc\u00f3n . Informaci\u00f3n y reservas por whatsapp 3876145815","breadcrumb":{"@id":"https:\/\/nahuelproducciones.com.ar\/radioquijano\/teatro-el-sabado-18-en-el-encon-en-el-centro-cultural-la-mestiza\/#breadcrumb"},"inLanguage":"es","potentialAction":[{"@type":"ReadAction","target":["https:\/\/nahuelproducciones.com.ar\/radioquijano\/teatro-el-sabado-18-en-el-encon-en-el-centro-cultural-la-mestiza\/"]}]},{"@type":"BreadcrumbList","@id":"https:\/\/nahuelproducciones.com.ar\/radioquijano\/teatro-el-sabado-18-en-el-encon-en-el-centro-cultural-la-mestiza\/#breadcrumb","itemListElement":[{"@type":"ListItem","position":1,"name":"Portada","item":"https:\/\/nahuelproducciones.com.ar\/radioquijano\/"},{"@type":"ListItem","position":2,"name":"Teatro el s\u00e1bado 18 en El Enc\u00f3n, en el Centro Cultural La Mestiza."}]},{"@type":"WebSite","@id":"https:\/\/nahuelproducciones.com.ar\/radioquijano\/#website","url":"https:\/\/nahuelproducciones.com.ar\/radioquijano\/","name":"RQ 99.9","description":"Radio Quijano 99.9 MHz","potentialAction":[{"@type":"SearchAction","target":{"@type":"EntryPoint","urlTemplate":"https:\/\/nahuelproducciones.com.ar\/radioquijano\/?s={search_term_string}"},"query-input":"required name=search_term_string"}],"inLanguage":"es"},{"@type":"Person","@id":"https:\/\/nahuelproducciones.com.ar\/radioquijano\/#\/schema\/person\/e8a4f939e2cb487fe6d0c54042c9d32c","name":"Cecilia Pastrana","image":{"@type":"ImageObject","inLanguage":"es","@id":"https:\/\/nahuelproducciones.com.ar\/radioquijano\/#\/schema\/person\/image\/","url":"https:\/\/secure.gravatar.com\/avatar\/661a3ef63a8488d4f2794ed44af8cf71420f7e106f3072c40125114df5157749?s=96&d=mm&r=g","contentUrl":"https:\/\/secure.gravatar.com\/avatar\/661a3ef63a8488d4f2794ed44af8cf71420f7e106f3072c40125114df5157749?s=96&d=mm&r=g","caption":"Cecilia Pastrana"},"sameAs":["cecy"],"url":"https:\/\/nahuelproducciones.com.ar\/radioquijano\/author\/cecy\/"}]}},"_links":{"self":[{"href":"https:\/\/nahuelproducciones.com.ar\/radioquijano\/wp-json\/wp\/v2\/posts\/2758","targetHints":{"allow":["GET"]}}],"collection":[{"href":"https:\/\/nahuelproducciones.com.ar\/radioquijano\/wp-json\/wp\/v2\/posts"}],"about":[{"href":"https:\/\/nahuelproducciones.com.ar\/radioquijano\/wp-json\/wp\/v2\/types\/post"}],"author":[{"embeddable":true,"href":"https:\/\/nahuelproducciones.com.ar\/radioquijano\/wp-json\/wp\/v2\/users\/8"}],"replies":[{"embeddable":true,"href":"https:\/\/nahuelproducciones.com.ar\/radioquijano\/wp-json\/wp\/v2\/comments?post=2758"}],"version-history":[{"count":1,"href":"https:\/\/nahuelproducciones.com.ar\/radioquijano\/wp-json\/wp\/v2\/posts\/2758\/revisions"}],"predecessor-version":[{"id":2762,"href":"https:\/\/nahuelproducciones.com.ar\/radioquijano\/wp-json\/wp\/v2\/posts\/2758\/revisions\/2762"}],"wp:featuredmedia":[{"embeddable":true,"href":"https:\/\/nahuelproducciones.com.ar\/radioquijano\/wp-json\/wp\/v2\/media\/2761"}],"wp:attachment":[{"href":"https:\/\/nahuelproducciones.com.ar\/radioquijano\/wp-json\/wp\/v2\/media?parent=2758"}],"wp:term":[{"taxonomy":"category","embeddable":true,"href":"https:\/\/nahuelproducciones.com.ar\/radioquijano\/wp-json\/wp\/v2\/categories?post=2758"},{"taxonomy":"post_tag","embeddable":true,"href":"https:\/\/nahuelproducciones.com.ar\/radioquijano\/wp-json\/wp\/v2\/tags?post=2758"}],"curies":[{"name":"wp","href":"https:\/\/api.w.org\/{rel}","templated":true}]}}