{"id":2800,"date":"2022-06-16T14:29:03","date_gmt":"2022-06-16T17:29:03","guid":{"rendered":"https:\/\/nahuelproducciones.com.ar\/radioquijano\/?p=2800"},"modified":"2022-06-16T14:29:04","modified_gmt":"2022-06-16T17:29:04","slug":"saeta-suma-unidades-a-la-linea-6-campo-quijano","status":"publish","type":"post","link":"https:\/\/nahuelproducciones.com.ar\/radioquijano\/saeta-suma-unidades-a-la-linea-6-campo-quijano\/","title":{"rendered":"SAETA suma unidades a la l\u00ednea 6 Campo Quijano"},"content":{"rendered":"\n<p>Fueron muchos y variados los reclamos realizados en la municipalidad de Campo Quijano, Concejo Deliberante del municipio y hasta en la propia empresa SAETA, para que se lograra este resultado. Ser\u00e1 de alguna manera un alivio para los usuarios del transporte urbano de pasajeros.<\/p>\n\n\n\n<p>Se incorporar\u00e1n a la flota dos unidades que operar\u00e1n en d\u00edas h\u00e1biles, beneficiando a los B\u00ba El Dique, Villa Lola, B\u00ba Mollar II, Villa del Sol, Solares Day, Aires de los Andes, entre otros<\/p>\n\n\n\n<p>Ante la creciente demanda de transporte de la localidad de Campo Quijano y zonas aleda\u00f1as, SAETA dispuso incrementar desde el martes, dos unidades a las diagramaciones de los d\u00edas h\u00e1biles.<\/p>\n\n\n\n<p>Estas mejoras beneficiar\u00edan a los B\u00ba El Dique, Villa Lola, B\u00ba Mollar II, Villa del Sol, Solares Day, Aires de los Andes, entre otros.<\/p>\n\n\n\n<p>En d\u00edas h\u00e1biles este servicio transporta un promedio de 7300 pasajeros. Con esta incorporaci\u00f3n, operar\u00e1 con frecuencias estimadas en 10, las que pueden modificarse ante distintas eventualidades que se registren a lo largo de su recorrido.<\/p>\n","protected":false},"excerpt":{"rendered":"<p>Fueron muchos y variados los reclamos realizados en la municipalidad de Campo Quijano, Concejo Deliberante del municipio y hasta en la propia empresa SAETA, para que se lograra este resultado. Ser\u00e1 de alguna manera un alivio para los usuarios del transporte urbano de pasajeros. Se incorporar\u00e1n a la flota dos unidades que operar\u00e1n en d\u00edas [&hellip;]<\/p>\n","protected":false},"author":6,"featured_media":2801,"comment_status":"open","ping_status":"open","sticky":false,"template":"","format":"standard","meta":{"_monsterinsights_skip_tracking":false,"_monsterinsights_sitenote_active":false,"_monsterinsights_sitenote_note":"","_monsterinsights_sitenote_category":0,"footnotes":""},"categories":[8],"tags":[36],"class_list":["post-2800","post","type-post","status-publish","format-standard","has-post-thumbnail","hentry","category-blog-de-sapito","tag-campo-quijano"],"yoast_head":"<!-- This site is optimized with the Yoast SEO plugin v20.8 - https:\/\/yoast.com\/wordpress\/plugins\/seo\/ -->\n<title>SAETA suma unidades a la l\u00ednea 6 Campo Quijano - RQ 99.9<\/title>\n<meta name=\"description\" content=\"Fueron muchos y variados los reclamos realizados en la municipalidad de Campo Quijano\" \/>\n<meta name=\"robots\" content=\"index, follow, max-snippet:-1, max-image-preview:large, max-video-preview:-1\" \/>\n<link rel=\"canonical\" href=\"https:\/\/nahuelproducciones.com.ar\/radioquijano\/saeta-suma-unidades-a-la-linea-6-campo-quijano\/\" \/>\n<meta property=\"og:locale\" content=\"es_ES\" \/>\n<meta property=\"og:type\" content=\"article\" \/>\n<meta property=\"og:title\" content=\"SAETA suma unidades a la l\u00ednea 6 Campo Quijano - RQ 99.9\" \/>\n<meta property=\"og:description\" content=\"Fueron muchos y variados los reclamos realizados en la municipalidad de Campo Quijano\" \/>\n<meta property=\"og:url\" content=\"https:\/\/nahuelproducciones.com.ar\/radioquijano\/saeta-suma-unidades-a-la-linea-6-campo-quijano\/\" \/>\n<meta property=\"og:site_name\" content=\"RQ 99.9\" \/>\n<meta property=\"article:publisher\" content=\"https:\/\/www.facebook.com\/nahuelproducciones999\/\" \/>\n<meta property=\"article:published_time\" content=\"2022-06-16T17:29:03+00:00\" \/>\n<meta property=\"article:modified_time\" content=\"2022-06-16T17:29:04+00:00\" \/>\n<meta property=\"og:image\" content=\"https:\/\/nahuelproducciones.com.ar\/radioquijano\/wp-content\/uploads\/2022\/06\/saeta-6-quijano.jpg\" \/>\n\t<meta property=\"og:image:width\" content=\"700\" \/>\n\t<meta property=\"og:image:height\" content=\"400\" \/>\n\t<meta property=\"og:image:type\" content=\"image\/jpeg\" \/>\n<meta name=\"author\" content=\"Ricardo Guzman\" \/>\n<meta name=\"twitter:card\" content=\"summary_large_image\" \/>\n<meta name=\"twitter:creator\" content=\"@nahuproduciones\" \/>\n<meta name=\"twitter:site\" content=\"@nahuproduciones\" \/>\n<meta name=\"twitter:label1\" content=\"Escrito por\" \/>\n\t<meta name=\"twitter:data1\" content=\"Ricardo Guzman\" \/>\n\t<meta name=\"twitter:label2\" content=\"Tiempo de lectura\" \/>\n\t<meta name=\"twitter:data2\" content=\"1 minuto\" \/>\n<script type=\"application\/ld+json\" class=\"yoast-schema-graph\">{\"@context\":\"https:\/\/schema.org\",\"@graph\":[{\"@type\":\"WebPage\",\"@id\":\"https:\/\/nahuelproducciones.com.ar\/radioquijano\/saeta-suma-unidades-a-la-linea-6-campo-quijano\/\",\"url\":\"https:\/\/nahuelproducciones.com.ar\/radioquijano\/saeta-suma-unidades-a-la-linea-6-campo-quijano\/\",\"name\":\"SAETA suma unidades a la l\u00ednea 6 Campo Quijano - RQ 99.9\",\"isPartOf\":{\"@id\":\"https:\/\/nahuelproducciones.com.ar\/radioquijano\/#website\"},\"datePublished\":\"2022-06-16T17:29:03+00:00\",\"dateModified\":\"2022-06-16T17:29:04+00:00\",\"author\":{\"@id\":\"https:\/\/nahuelproducciones.com.ar\/radioquijano\/#\/schema\/person\/b9b81a110cbdf07949e2cd02d478ab9d\"},\"description\":\"Fueron muchos y variados los reclamos realizados en la municipalidad de Campo Quijano\",\"breadcrumb\":{\"@id\":\"https:\/\/nahuelproducciones.com.ar\/radioquijano\/saeta-suma-unidades-a-la-linea-6-campo-quijano\/#breadcrumb\"},\"inLanguage\":\"es\",\"potentialAction\":[{\"@type\":\"ReadAction\",\"target\":[\"https:\/\/nahuelproducciones.com.ar\/radioquijano\/saeta-suma-unidades-a-la-linea-6-campo-quijano\/\"]}]},{\"@type\":\"BreadcrumbList\",\"@id\":\"https:\/\/nahuelproducciones.com.ar\/radioquijano\/saeta-suma-unidades-a-la-linea-6-campo-quijano\/#breadcrumb\",\"itemListElement\":[{\"@type\":\"ListItem\",\"position\":1,\"name\":\"Portada\",\"item\":\"https:\/\/nahuelproducciones.com.ar\/radioquijano\/\"},{\"@type\":\"ListItem\",\"position\":2,\"name\":\"SAETA suma unidades a la l\u00ednea 6 Campo Quijano\"}]},{\"@type\":\"WebSite\",\"@id\":\"https:\/\/nahuelproducciones.com.ar\/radioquijano\/#website\",\"url\":\"https:\/\/nahuelproducciones.com.ar\/radioquijano\/\",\"name\":\"RQ 99.9\",\"description\":\"Radio Quijano 99.9 MHz\",\"potentialAction\":[{\"@type\":\"SearchAction\",\"target\":{\"@type\":\"EntryPoint\",\"urlTemplate\":\"https:\/\/nahuelproducciones.com.ar\/radioquijano\/?s={search_term_string}\"},\"query-input\":\"required name=search_term_string\"}],\"inLanguage\":\"es\"},{\"@type\":\"Person\",\"@id\":\"https:\/\/nahuelproducciones.com.ar\/radioquijano\/#\/schema\/person\/b9b81a110cbdf07949e2cd02d478ab9d\",\"name\":\"Ricardo Guzman\",\"image\":{\"@type\":\"ImageObject\",\"inLanguage\":\"es\",\"@id\":\"https:\/\/nahuelproducciones.com.ar\/radioquijano\/#\/schema\/person\/image\/\",\"url\":\"https:\/\/secure.gravatar.com\/avatar\/a5d582deda251f95dc882b72fc6e7b4854f88bb25c3154519210afffa7d706e8?s=96&d=mm&r=g\",\"contentUrl\":\"https:\/\/secure.gravatar.com\/avatar\/a5d582deda251f95dc882b72fc6e7b4854f88bb25c3154519210afffa7d706e8?s=96&d=mm&r=g\",\"caption\":\"Ricardo Guzman\"},\"url\":\"https:\/\/nahuelproducciones.com.ar\/radioquijano\/author\/cady\/\"}]}<\/script>\n<!-- \/ Yoast SEO plugin. -->","yoast_head_json":{"title":"SAETA suma unidades a la l\u00ednea 6 Campo Quijano - RQ 99.9","description":"Fueron muchos y variados los reclamos realizados en la municipalidad de Campo Quijano","robots":{"index":"index","follow":"follow","max-snippet":"max-snippet:-1","max-image-preview":"max-image-preview:large","max-video-preview":"max-video-preview:-1"},"canonical":"https:\/\/nahuelproducciones.com.ar\/radioquijano\/saeta-suma-unidades-a-la-linea-6-campo-quijano\/","og_locale":"es_ES","og_type":"article","og_title":"SAETA suma unidades a la l\u00ednea 6 Campo Quijano - RQ 99.9","og_description":"Fueron muchos y variados los reclamos realizados en la municipalidad de Campo Quijano","og_url":"https:\/\/nahuelproducciones.com.ar\/radioquijano\/saeta-suma-unidades-a-la-linea-6-campo-quijano\/","og_site_name":"RQ 99.9","article_publisher":"https:\/\/www.facebook.com\/nahuelproducciones999\/","article_published_time":"2022-06-16T17:29:03+00:00","article_modified_time":"2022-06-16T17:29:04+00:00","og_image":[{"width":700,"height":400,"url":"https:\/\/nahuelproducciones.com.ar\/radioquijano\/wp-content\/uploads\/2022\/06\/saeta-6-quijano.jpg","type":"image\/jpeg"}],"author":"Ricardo Guzman","twitter_card":"summary_large_image","twitter_creator":"@nahuproduciones","twitter_site":"@nahuproduciones","twitter_misc":{"Escrito por":"Ricardo Guzman","Tiempo de lectura":"1 minuto"},"schema":{"@context":"https:\/\/schema.org","@graph":[{"@type":"WebPage","@id":"https:\/\/nahuelproducciones.com.ar\/radioquijano\/saeta-suma-unidades-a-la-linea-6-campo-quijano\/","url":"https:\/\/nahuelproducciones.com.ar\/radioquijano\/saeta-suma-unidades-a-la-linea-6-campo-quijano\/","name":"SAETA suma unidades a la l\u00ednea 6 Campo Quijano - RQ 99.9","isPartOf":{"@id":"https:\/\/nahuelproducciones.com.ar\/radioquijano\/#website"},"datePublished":"2022-06-16T17:29:03+00:00","dateModified":"2022-06-16T17:29:04+00:00","author":{"@id":"https:\/\/nahuelproducciones.com.ar\/radioquijano\/#\/schema\/person\/b9b81a110cbdf07949e2cd02d478ab9d"},"description":"Fueron muchos y variados los reclamos realizados en la municipalidad de Campo Quijano","breadcrumb":{"@id":"https:\/\/nahuelproducciones.com.ar\/radioquijano\/saeta-suma-unidades-a-la-linea-6-campo-quijano\/#breadcrumb"},"inLanguage":"es","potentialAction":[{"@type":"ReadAction","target":["https:\/\/nahuelproducciones.com.ar\/radioquijano\/saeta-suma-unidades-a-la-linea-6-campo-quijano\/"]}]},{"@type":"BreadcrumbList","@id":"https:\/\/nahuelproducciones.com.ar\/radioquijano\/saeta-suma-unidades-a-la-linea-6-campo-quijano\/#breadcrumb","itemListElement":[{"@type":"ListItem","position":1,"name":"Portada","item":"https:\/\/nahuelproducciones.com.ar\/radioquijano\/"},{"@type":"ListItem","position":2,"name":"SAETA suma unidades a la l\u00ednea 6 Campo Quijano"}]},{"@type":"WebSite","@id":"https:\/\/nahuelproducciones.com.ar\/radioquijano\/#website","url":"https:\/\/nahuelproducciones.com.ar\/radioquijano\/","name":"RQ 99.9","description":"Radio Quijano 99.9 MHz","potentialAction":[{"@type":"SearchAction","target":{"@type":"EntryPoint","urlTemplate":"https:\/\/nahuelproducciones.com.ar\/radioquijano\/?s={search_term_string}"},"query-input":"required name=search_term_string"}],"inLanguage":"es"},{"@type":"Person","@id":"https:\/\/nahuelproducciones.com.ar\/radioquijano\/#\/schema\/person\/b9b81a110cbdf07949e2cd02d478ab9d","name":"Ricardo Guzman","image":{"@type":"ImageObject","inLanguage":"es","@id":"https:\/\/nahuelproducciones.com.ar\/radioquijano\/#\/schema\/person\/image\/","url":"https:\/\/secure.gravatar.com\/avatar\/a5d582deda251f95dc882b72fc6e7b4854f88bb25c3154519210afffa7d706e8?s=96&d=mm&r=g","contentUrl":"https:\/\/secure.gravatar.com\/avatar\/a5d582deda251f95dc882b72fc6e7b4854f88bb25c3154519210afffa7d706e8?s=96&d=mm&r=g","caption":"Ricardo Guzman"},"url":"https:\/\/nahuelproducciones.com.ar\/radioquijano\/author\/cady\/"}]}},"_links":{"self":[{"href":"https:\/\/nahuelproducciones.com.ar\/radioquijano\/wp-json\/wp\/v2\/posts\/2800","targetHints":{"allow":["GET"]}}],"collection":[{"href":"https:\/\/nahuelproducciones.com.ar\/radioquijano\/wp-json\/wp\/v2\/posts"}],"about":[{"href":"https:\/\/nahuelproducciones.com.ar\/radioquijano\/wp-json\/wp\/v2\/types\/post"}],"author":[{"embeddable":true,"href":"https:\/\/nahuelproducciones.com.ar\/radioquijano\/wp-json\/wp\/v2\/users\/6"}],"replies":[{"embeddable":true,"href":"https:\/\/nahuelproducciones.com.ar\/radioquijano\/wp-json\/wp\/v2\/comments?post=2800"}],"version-history":[{"count":1,"href":"https:\/\/nahuelproducciones.com.ar\/radioquijano\/wp-json\/wp\/v2\/posts\/2800\/revisions"}],"predecessor-version":[{"id":2802,"href":"https:\/\/nahuelproducciones.com.ar\/radioquijano\/wp-json\/wp\/v2\/posts\/2800\/revisions\/2802"}],"wp:featuredmedia":[{"embeddable":true,"href":"https:\/\/nahuelproducciones.com.ar\/radioquijano\/wp-json\/wp\/v2\/media\/2801"}],"wp:attachment":[{"href":"https:\/\/nahuelproducciones.com.ar\/radioquijano\/wp-json\/wp\/v2\/media?parent=2800"}],"wp:term":[{"taxonomy":"category","embeddable":true,"href":"https:\/\/nahuelproducciones.com.ar\/radioquijano\/wp-json\/wp\/v2\/categories?post=2800"},{"taxonomy":"post_tag","embeddable":true,"href":"https:\/\/nahuelproducciones.com.ar\/radioquijano\/wp-json\/wp\/v2\/tags?post=2800"}],"curies":[{"name":"wp","href":"https:\/\/api.w.org\/{rel}","templated":true}]}}