{"id":2815,"date":"2022-06-19T22:46:22","date_gmt":"2022-06-20T01:46:22","guid":{"rendered":"https:\/\/nahuelproducciones.com.ar\/radioquijano\/?p=2815"},"modified":"2022-06-19T22:46:23","modified_gmt":"2022-06-20T01:46:23","slug":"capacitaron-a-referentes-de-la-comunidad-de-campo-quijano-en-el-abordaje-a-proteccion-de-infancias-y-adolescencias","status":"publish","type":"post","link":"https:\/\/nahuelproducciones.com.ar\/radioquijano\/capacitaron-a-referentes-de-la-comunidad-de-campo-quijano-en-el-abordaje-a-proteccion-de-infancias-y-adolescencias\/","title":{"rendered":"Capacitaron a referentes de la comunidad de Campo Quijano en el abordaje a protecci\u00f3n de Infancias y Adolescencias"},"content":{"rendered":"\n<p>El objetivo es fortalecer e involucrar a la comunidad en el sistema de protecci\u00f3n integral de los Derechos de Ni\u00f1as, Ni\u00f1os y Adolescentes.<\/p>\n\n\n\n<p>Las Secretar\u00edas de Fortalecimiento Socio Comunitario y de Primera Infancia, Ni\u00f1ez y Familia del Ministerio de Desarrollo Social, realizaron una capacitaci\u00f3n en Derechos de Ni\u00f1os, Ni\u00f1as y Adolescentes destinados a referentes y actores comunitarios de escuelas, polic\u00eda, organizaciones civiles y barriales del municipio de Campo Quijano.<\/p>\n\n\n\n<p>El encuentro, llevado a cabo en la Casa de la Cultura del municipio, tuvo por objetivo que la comunidad se involucre en el Sistema de Protecci\u00f3n Integral de los Derechos de Ni\u00f1os, Ni\u00f1as y Adolescentes, adem\u00e1s de, brindar herramientas para fortalecer los sistemas de alarmas y dotar de un nuevo paradigma para un adecuado abordaje ante situaciones de vulneraci\u00f3n de derechos.<\/p>\n\n\n\n<p>La directora General de Articulaci\u00f3n y Promoci\u00f3n de Derechos, Ivana Aguilar indic\u00f3 \u201ccelebramos la importante convocatoria y la valiosa participaci\u00f3n de los distintos actores de la comunidad que se comprometieron con esta iniciativa y que buscan involucrarse en materia de protecci\u00f3n de los derechos de las infancias y adolescencias.\u201d A lo que agreg\u00f3,\u201cdesde el Ministerio continuaremos trabajando en replicar estas acciones en toda la Provincia.\u201d<\/p>\n\n\n\n<p>Las tem\u00e1ticas abordadas fueron: el nuevo paradigma de protecci\u00f3n integral de los derechos de los ni\u00f1os, ni\u00f1as y adolescentes, sus pilares fundamentales y mecanismos de denuncia ante situaciones de vulneraci\u00f3n de derechos de ni\u00f1os, ni\u00f1as y adolescentes.<\/p>\n\n\n\n<p>Fuente:&nbsp;<strong>Secretar\u00eda de Prensa y Comunicaci\u00f3n<\/strong>&nbsp;Gob. de Salta<\/p>\n\n\n\n<p>#<a href=\"https:\/\/nahuelproducciones.com.ar\/index.php\/rq999\" target=\"_blank\" rel=\"noreferrer noopener\">RQ99.9Mhz<\/a>&nbsp;<a href=\"https:\/\/nahuelproducciones.com.ar\/\" target=\"_blank\" rel=\"noreferrer noopener\">#CAMPOQUIJANO<\/a><\/p>\n","protected":false},"excerpt":{"rendered":"<p>El objetivo es fortalecer e involucrar a la comunidad en el sistema de protecci\u00f3n integral de los Derechos de Ni\u00f1as, Ni\u00f1os y Adolescentes. Las Secretar\u00edas de Fortalecimiento Socio Comunitario y de Primera Infancia, Ni\u00f1ez y Familia del Ministerio de Desarrollo Social, realizaron una capacitaci\u00f3n en Derechos de Ni\u00f1os, Ni\u00f1as y Adolescentes destinados a referentes y [&hellip;]<\/p>\n","protected":false},"author":8,"featured_media":2816,"comment_status":"open","ping_status":"open","sticky":false,"template":"","format":"standard","meta":{"_monsterinsights_skip_tracking":false,"_monsterinsights_sitenote_active":false,"_monsterinsights_sitenote_note":"","_monsterinsights_sitenote_category":0,"footnotes":""},"categories":[8,16],"tags":[36,512,513,511],"class_list":["post-2815","post","type-post","status-publish","format-standard","has-post-thumbnail","hentry","category-blog-de-sapito","category-noticias","tag-campo-quijano","tag-derechos-de-ninas","tag-ninos-y-adolescentes","tag-proteccion-de-infancias-y-adolescencias"],"yoast_head":"<!-- This site is optimized with the Yoast SEO plugin v20.8 - https:\/\/yoast.com\/wordpress\/plugins\/seo\/ -->\n<title>Capacitaron a referentes de la comunidad de Campo Quijano en el abordaje a protecci\u00f3n de Infancias y Adolescencias - RQ 99.9<\/title>\n<meta name=\"description\" content=\"El objetivo es fortalecer e involucrar a la comunidad en el sistema de protecci\u00f3n integral de los Derechos de Ni\u00f1as, Ni\u00f1os y Adolescentes.\" \/>\n<meta name=\"robots\" content=\"index, follow, max-snippet:-1, max-image-preview:large, max-video-preview:-1\" \/>\n<link rel=\"canonical\" href=\"https:\/\/nahuelproducciones.com.ar\/radioquijano\/capacitaron-a-referentes-de-la-comunidad-de-campo-quijano-en-el-abordaje-a-proteccion-de-infancias-y-adolescencias\/\" \/>\n<meta property=\"og:locale\" content=\"es_ES\" \/>\n<meta property=\"og:type\" content=\"article\" \/>\n<meta property=\"og:title\" content=\"Capacitaron a referentes de la comunidad de Campo Quijano en el abordaje a protecci\u00f3n de Infancias y Adolescencias - RQ 99.9\" \/>\n<meta property=\"og:description\" content=\"El objetivo es fortalecer e involucrar a la comunidad en el sistema de protecci\u00f3n integral de los Derechos de Ni\u00f1as, Ni\u00f1os y Adolescentes.\" \/>\n<meta property=\"og:url\" content=\"https:\/\/nahuelproducciones.com.ar\/radioquijano\/capacitaron-a-referentes-de-la-comunidad-de-campo-quijano-en-el-abordaje-a-proteccion-de-infancias-y-adolescencias\/\" \/>\n<meta property=\"og:site_name\" content=\"RQ 99.9\" \/>\n<meta property=\"article:publisher\" content=\"https:\/\/www.facebook.com\/nahuelproducciones999\/\" \/>\n<meta property=\"article:published_time\" content=\"2022-06-20T01:46:22+00:00\" \/>\n<meta property=\"article:modified_time\" content=\"2022-06-20T01:46:23+00:00\" \/>\n<meta property=\"og:image\" content=\"https:\/\/nahuelproducciones.com.ar\/radioquijano\/wp-content\/uploads\/2022\/06\/83067-capacitan-a-referentes-de-la-comunidad-de-campo-quijano-en-el-abordaje-a-proteccion-de-infancias-y-adolescencias.jpeg\" \/>\n\t<meta property=\"og:image:width\" content=\"560\" \/>\n\t<meta property=\"og:image:height\" content=\"420\" \/>\n\t<meta property=\"og:image:type\" content=\"image\/jpeg\" \/>\n<meta name=\"author\" content=\"Cecilia Pastrana\" \/>\n<meta name=\"twitter:card\" content=\"summary_large_image\" \/>\n<meta name=\"twitter:creator\" content=\"@nahuproduciones\" \/>\n<meta name=\"twitter:site\" content=\"@nahuproduciones\" \/>\n<meta name=\"twitter:label1\" content=\"Escrito por\" \/>\n\t<meta name=\"twitter:data1\" content=\"Cecilia Pastrana\" \/>\n\t<meta name=\"twitter:label2\" content=\"Tiempo de lectura\" \/>\n\t<meta name=\"twitter:data2\" content=\"2 minutos\" \/>\n<script type=\"application\/ld+json\" class=\"yoast-schema-graph\">{\"@context\":\"https:\/\/schema.org\",\"@graph\":[{\"@type\":\"WebPage\",\"@id\":\"https:\/\/nahuelproducciones.com.ar\/radioquijano\/capacitaron-a-referentes-de-la-comunidad-de-campo-quijano-en-el-abordaje-a-proteccion-de-infancias-y-adolescencias\/\",\"url\":\"https:\/\/nahuelproducciones.com.ar\/radioquijano\/capacitaron-a-referentes-de-la-comunidad-de-campo-quijano-en-el-abordaje-a-proteccion-de-infancias-y-adolescencias\/\",\"name\":\"Capacitaron a referentes de la comunidad de Campo Quijano en el abordaje a protecci\u00f3n de Infancias y Adolescencias - RQ 99.9\",\"isPartOf\":{\"@id\":\"https:\/\/nahuelproducciones.com.ar\/radioquijano\/#website\"},\"datePublished\":\"2022-06-20T01:46:22+00:00\",\"dateModified\":\"2022-06-20T01:46:23+00:00\",\"author\":{\"@id\":\"https:\/\/nahuelproducciones.com.ar\/radioquijano\/#\/schema\/person\/e8a4f939e2cb487fe6d0c54042c9d32c\"},\"description\":\"El objetivo es fortalecer e involucrar a la comunidad en el sistema de protecci\u00f3n integral de los Derechos de Ni\u00f1as, Ni\u00f1os y Adolescentes.\",\"breadcrumb\":{\"@id\":\"https:\/\/nahuelproducciones.com.ar\/radioquijano\/capacitaron-a-referentes-de-la-comunidad-de-campo-quijano-en-el-abordaje-a-proteccion-de-infancias-y-adolescencias\/#breadcrumb\"},\"inLanguage\":\"es\",\"potentialAction\":[{\"@type\":\"ReadAction\",\"target\":[\"https:\/\/nahuelproducciones.com.ar\/radioquijano\/capacitaron-a-referentes-de-la-comunidad-de-campo-quijano-en-el-abordaje-a-proteccion-de-infancias-y-adolescencias\/\"]}]},{\"@type\":\"BreadcrumbList\",\"@id\":\"https:\/\/nahuelproducciones.com.ar\/radioquijano\/capacitaron-a-referentes-de-la-comunidad-de-campo-quijano-en-el-abordaje-a-proteccion-de-infancias-y-adolescencias\/#breadcrumb\",\"itemListElement\":[{\"@type\":\"ListItem\",\"position\":1,\"name\":\"Portada\",\"item\":\"https:\/\/nahuelproducciones.com.ar\/radioquijano\/\"},{\"@type\":\"ListItem\",\"position\":2,\"name\":\"Capacitaron a referentes de la comunidad de Campo Quijano en el abordaje a protecci\u00f3n de Infancias y Adolescencias\"}]},{\"@type\":\"WebSite\",\"@id\":\"https:\/\/nahuelproducciones.com.ar\/radioquijano\/#website\",\"url\":\"https:\/\/nahuelproducciones.com.ar\/radioquijano\/\",\"name\":\"RQ 99.9\",\"description\":\"Radio Quijano 99.9 MHz\",\"potentialAction\":[{\"@type\":\"SearchAction\",\"target\":{\"@type\":\"EntryPoint\",\"urlTemplate\":\"https:\/\/nahuelproducciones.com.ar\/radioquijano\/?s={search_term_string}\"},\"query-input\":\"required name=search_term_string\"}],\"inLanguage\":\"es\"},{\"@type\":\"Person\",\"@id\":\"https:\/\/nahuelproducciones.com.ar\/radioquijano\/#\/schema\/person\/e8a4f939e2cb487fe6d0c54042c9d32c\",\"name\":\"Cecilia Pastrana\",\"image\":{\"@type\":\"ImageObject\",\"inLanguage\":\"es\",\"@id\":\"https:\/\/nahuelproducciones.com.ar\/radioquijano\/#\/schema\/person\/image\/\",\"url\":\"https:\/\/secure.gravatar.com\/avatar\/661a3ef63a8488d4f2794ed44af8cf71420f7e106f3072c40125114df5157749?s=96&d=mm&r=g\",\"contentUrl\":\"https:\/\/secure.gravatar.com\/avatar\/661a3ef63a8488d4f2794ed44af8cf71420f7e106f3072c40125114df5157749?s=96&d=mm&r=g\",\"caption\":\"Cecilia Pastrana\"},\"sameAs\":[\"cecy\"],\"url\":\"https:\/\/nahuelproducciones.com.ar\/radioquijano\/author\/cecy\/\"}]}<\/script>\n<!-- \/ Yoast SEO plugin. -->","yoast_head_json":{"title":"Capacitaron a referentes de la comunidad de Campo Quijano en el abordaje a protecci\u00f3n de Infancias y Adolescencias - RQ 99.9","description":"El objetivo es fortalecer e involucrar a la comunidad en el sistema de protecci\u00f3n integral de los Derechos de Ni\u00f1as, Ni\u00f1os y Adolescentes.","robots":{"index":"index","follow":"follow","max-snippet":"max-snippet:-1","max-image-preview":"max-image-preview:large","max-video-preview":"max-video-preview:-1"},"canonical":"https:\/\/nahuelproducciones.com.ar\/radioquijano\/capacitaron-a-referentes-de-la-comunidad-de-campo-quijano-en-el-abordaje-a-proteccion-de-infancias-y-adolescencias\/","og_locale":"es_ES","og_type":"article","og_title":"Capacitaron a referentes de la comunidad de Campo Quijano en el abordaje a protecci\u00f3n de Infancias y Adolescencias - RQ 99.9","og_description":"El objetivo es fortalecer e involucrar a la comunidad en el sistema de protecci\u00f3n integral de los Derechos de Ni\u00f1as, Ni\u00f1os y Adolescentes.","og_url":"https:\/\/nahuelproducciones.com.ar\/radioquijano\/capacitaron-a-referentes-de-la-comunidad-de-campo-quijano-en-el-abordaje-a-proteccion-de-infancias-y-adolescencias\/","og_site_name":"RQ 99.9","article_publisher":"https:\/\/www.facebook.com\/nahuelproducciones999\/","article_published_time":"2022-06-20T01:46:22+00:00","article_modified_time":"2022-06-20T01:46:23+00:00","og_image":[{"width":560,"height":420,"url":"https:\/\/nahuelproducciones.com.ar\/radioquijano\/wp-content\/uploads\/2022\/06\/83067-capacitan-a-referentes-de-la-comunidad-de-campo-quijano-en-el-abordaje-a-proteccion-de-infancias-y-adolescencias.jpeg","type":"image\/jpeg"}],"author":"Cecilia Pastrana","twitter_card":"summary_large_image","twitter_creator":"@nahuproduciones","twitter_site":"@nahuproduciones","twitter_misc":{"Escrito por":"Cecilia Pastrana","Tiempo de lectura":"2 minutos"},"schema":{"@context":"https:\/\/schema.org","@graph":[{"@type":"WebPage","@id":"https:\/\/nahuelproducciones.com.ar\/radioquijano\/capacitaron-a-referentes-de-la-comunidad-de-campo-quijano-en-el-abordaje-a-proteccion-de-infancias-y-adolescencias\/","url":"https:\/\/nahuelproducciones.com.ar\/radioquijano\/capacitaron-a-referentes-de-la-comunidad-de-campo-quijano-en-el-abordaje-a-proteccion-de-infancias-y-adolescencias\/","name":"Capacitaron a referentes de la comunidad de Campo Quijano en el abordaje a protecci\u00f3n de Infancias y Adolescencias - RQ 99.9","isPartOf":{"@id":"https:\/\/nahuelproducciones.com.ar\/radioquijano\/#website"},"datePublished":"2022-06-20T01:46:22+00:00","dateModified":"2022-06-20T01:46:23+00:00","author":{"@id":"https:\/\/nahuelproducciones.com.ar\/radioquijano\/#\/schema\/person\/e8a4f939e2cb487fe6d0c54042c9d32c"},"description":"El objetivo es fortalecer e involucrar a la comunidad en el sistema de protecci\u00f3n integral de los Derechos de Ni\u00f1as, Ni\u00f1os y Adolescentes.","breadcrumb":{"@id":"https:\/\/nahuelproducciones.com.ar\/radioquijano\/capacitaron-a-referentes-de-la-comunidad-de-campo-quijano-en-el-abordaje-a-proteccion-de-infancias-y-adolescencias\/#breadcrumb"},"inLanguage":"es","potentialAction":[{"@type":"ReadAction","target":["https:\/\/nahuelproducciones.com.ar\/radioquijano\/capacitaron-a-referentes-de-la-comunidad-de-campo-quijano-en-el-abordaje-a-proteccion-de-infancias-y-adolescencias\/"]}]},{"@type":"BreadcrumbList","@id":"https:\/\/nahuelproducciones.com.ar\/radioquijano\/capacitaron-a-referentes-de-la-comunidad-de-campo-quijano-en-el-abordaje-a-proteccion-de-infancias-y-adolescencias\/#breadcrumb","itemListElement":[{"@type":"ListItem","position":1,"name":"Portada","item":"https:\/\/nahuelproducciones.com.ar\/radioquijano\/"},{"@type":"ListItem","position":2,"name":"Capacitaron a referentes de la comunidad de Campo Quijano en el abordaje a protecci\u00f3n de Infancias y Adolescencias"}]},{"@type":"WebSite","@id":"https:\/\/nahuelproducciones.com.ar\/radioquijano\/#website","url":"https:\/\/nahuelproducciones.com.ar\/radioquijano\/","name":"RQ 99.9","description":"Radio Quijano 99.9 MHz","potentialAction":[{"@type":"SearchAction","target":{"@type":"EntryPoint","urlTemplate":"https:\/\/nahuelproducciones.com.ar\/radioquijano\/?s={search_term_string}"},"query-input":"required name=search_term_string"}],"inLanguage":"es"},{"@type":"Person","@id":"https:\/\/nahuelproducciones.com.ar\/radioquijano\/#\/schema\/person\/e8a4f939e2cb487fe6d0c54042c9d32c","name":"Cecilia Pastrana","image":{"@type":"ImageObject","inLanguage":"es","@id":"https:\/\/nahuelproducciones.com.ar\/radioquijano\/#\/schema\/person\/image\/","url":"https:\/\/secure.gravatar.com\/avatar\/661a3ef63a8488d4f2794ed44af8cf71420f7e106f3072c40125114df5157749?s=96&d=mm&r=g","contentUrl":"https:\/\/secure.gravatar.com\/avatar\/661a3ef63a8488d4f2794ed44af8cf71420f7e106f3072c40125114df5157749?s=96&d=mm&r=g","caption":"Cecilia Pastrana"},"sameAs":["cecy"],"url":"https:\/\/nahuelproducciones.com.ar\/radioquijano\/author\/cecy\/"}]}},"_links":{"self":[{"href":"https:\/\/nahuelproducciones.com.ar\/radioquijano\/wp-json\/wp\/v2\/posts\/2815","targetHints":{"allow":["GET"]}}],"collection":[{"href":"https:\/\/nahuelproducciones.com.ar\/radioquijano\/wp-json\/wp\/v2\/posts"}],"about":[{"href":"https:\/\/nahuelproducciones.com.ar\/radioquijano\/wp-json\/wp\/v2\/types\/post"}],"author":[{"embeddable":true,"href":"https:\/\/nahuelproducciones.com.ar\/radioquijano\/wp-json\/wp\/v2\/users\/8"}],"replies":[{"embeddable":true,"href":"https:\/\/nahuelproducciones.com.ar\/radioquijano\/wp-json\/wp\/v2\/comments?post=2815"}],"version-history":[{"count":1,"href":"https:\/\/nahuelproducciones.com.ar\/radioquijano\/wp-json\/wp\/v2\/posts\/2815\/revisions"}],"predecessor-version":[{"id":2817,"href":"https:\/\/nahuelproducciones.com.ar\/radioquijano\/wp-json\/wp\/v2\/posts\/2815\/revisions\/2817"}],"wp:featuredmedia":[{"embeddable":true,"href":"https:\/\/nahuelproducciones.com.ar\/radioquijano\/wp-json\/wp\/v2\/media\/2816"}],"wp:attachment":[{"href":"https:\/\/nahuelproducciones.com.ar\/radioquijano\/wp-json\/wp\/v2\/media?parent=2815"}],"wp:term":[{"taxonomy":"category","embeddable":true,"href":"https:\/\/nahuelproducciones.com.ar\/radioquijano\/wp-json\/wp\/v2\/categories?post=2815"},{"taxonomy":"post_tag","embeddable":true,"href":"https:\/\/nahuelproducciones.com.ar\/radioquijano\/wp-json\/wp\/v2\/tags?post=2815"}],"curies":[{"name":"wp","href":"https:\/\/api.w.org\/{rel}","templated":true}]}}