{"id":2827,"date":"2022-06-22T06:40:22","date_gmt":"2022-06-22T09:40:22","guid":{"rendered":"https:\/\/nahuelproducciones.com.ar\/radioquijano\/?p=2827"},"modified":"2022-06-22T06:40:23","modified_gmt":"2022-06-22T09:40:23","slug":"descontento-por-el-servicio-de-saeta-s-a-en-ruta-nac-n51","status":"publish","type":"post","link":"https:\/\/nahuelproducciones.com.ar\/radioquijano\/descontento-por-el-servicio-de-saeta-s-a-en-ruta-nac-n51\/","title":{"rendered":"Descontento por el servicio de SAETA S.A. en Ruta Nac.N\u00b051."},"content":{"rendered":"\n<p>La semana pasada,el 16 de junio, SAETA S.A. anunci\u00f3 en su perfil de facebook la incorporaci\u00f3n de dos unidades m\u00e1s al recorrido de Campo Quijano-Salta y viceversa con el siguiente texto:<\/p>\n\n\n\n<p>\u00abSAETA suma unidades a la l\u00ednea 6 Campo Quijano. <\/p>\n\n\n\n<p>Ante la creciente demanda de transporte de la localidad de Campo Quijano y zonas aleda\u00f1as, SAETA dispuso incrementar desde el martes, dos unidades a las diagramaciones de los d\u00edas h\u00e1biles.<\/p>\n\n\n\n<p><img loading=\"lazy\" decoding=\"async\" height=\"16\" width=\"16\" alt=\"&#x1f3e0;\" src=\"https:\/\/static.xx.fbcdn.net\/images\/emoji.php\/v9\/tf6\/1\/16\/1f3e0.png\"><img loading=\"lazy\" decoding=\"async\" height=\"16\" width=\"16\" alt=\"&#x1f3e0;\" src=\"https:\/\/static.xx.fbcdn.net\/images\/emoji.php\/v9\/tf6\/1\/16\/1f3e0.png\">Estas mejoras beneficiar\u00edan a los B\u00ba El Dique, Villa Lola, B\u00ba Mollar II, Villa del Sol, Solares Day, Aires de los Andes, entre otros.<img loading=\"lazy\" decoding=\"async\" height=\"16\" width=\"16\" alt=\"&#x1f68d;\" src=\"https:\/\/static.xx.fbcdn.net\/images\/emoji.php\/v9\/tfa\/1\/16\/1f68d.png\"><img loading=\"lazy\" decoding=\"async\" height=\"16\" width=\"16\" alt=\"&#x1f68d;\" src=\"https:\/\/static.xx.fbcdn.net\/images\/emoji.php\/v9\/tfa\/1\/16\/1f68d.png\">En d\u00edas h\u00e1biles este servicio transporta un promedio de 7300 pasajeros. <\/p>\n\n\n\n<p>Con esta incorporaci\u00f3n, operar\u00e1 con frecuencias estimadas en 10, las que pueden modificarse ante distintas eventualidades que se registren a lo largo de su recorrido.\u00bb<\/p>\n\n\n\n<p>El martes 21 la vecina <a href=\"https:\/\/www.facebook.com\/veronica.paez.37051?__cft__[0]=AZVIuRuUAZB9y7tGiSEI4pV3mNYs7Nlh9rwfalLpqwATuFYea7_j_ILFLquBI4ab3eKr2KaeCeKD5errBOTqapIv2cflSmiQOEy5CxEybSu8qSNygpSd_MaQEYa-ytczUnWRH70YEcppt8Z854jCS_GUj7wUSPvYfYw07CFzdj5IJ1iBIpJvQYMkJQJuVhPeswhqMAidP0B3e6C5lUl0CgDR&amp;__tn__=-UC%2CP-y-R\"><strong>Veronica Paez<\/strong><\/a> mostr\u00f3 su descontento con el servicio que brind\u00f3 la empresa de transporte  y lo manifest\u00f3 en la red social, a la que se sumaron usuarios con comentarios :<\/p>\n\n\n\n<h3 class=\"wp-block-heading\"><a href=\"https:\/\/www.facebook.com\/veronica.paez.37051?__cft__[0]=AZVFNyDH1mEV5OwBzYHGYloYg4_87XtqxoLdc1J-0gfBK5VOv1zeL2KLnvisaFDA2nHFTg6MQJSITLUFISPzojlheerSqkhlCkkXkQDw12SBgyVu9jqO9nFMUEhnbQF-9tSqEooNX97R5VJreYfWJZG_TpVHocuY9to1rKTjchaWjQe62qUB2lZEEK4_FuKhBn8&amp;__tn__=-UC%2CP-y-R\"><strong>Veronica Paez<\/strong><\/a><\/h3>\n\n\n\n<p> \u00abSupuestamente hoy la empresa Saeta dijo que se agregaban 2 unidades al corredor 6 Quijano!!!??? Para mejorar el servicio de ruta 51, prometiendo una frecuencia de 10&#8242; &#8230; A las 07:45 el interno 658 corredor 6 Quijano NO paro en los siguientes km de Ruta 51: 10 y medio ( Villa Lola), 9 y medio( Estaci\u00f3n Vieja), 7.75 ( B Lola Mora) y 7 y medio. Mi hijo y yo tuvimos la suerte de que una vecina nos alcance hasta la escuela Submarino ARA de San Luis; que se encuentra a 4 km de nuestra parada.Las 3 personas que estaban en el km 7 y medio pudieron subir al interno 691 de Quijano a las 07:56hs porque tuvo que parar para que baje un pasajero. Este interno no les abrio la puerta delantera; es m\u00e1s, paro unos metros m\u00e1s adelante del parador con la intenci\u00f3n de que baje el pasajero y no suban las 3 personas que estaban en la parada.<\/p>\n\n\n\n<p> Una de ellas, menor que tambi\u00e9n asiste a la escuela Submarino ARA. Las mismas ascendieron a la unidad por la puerta trasera aprovechando que baj\u00f3 un pasajero; porque necesitaban llegar a la escuela y a sus trabajos. De no ser as\u00ed, no hubiesen podido llegar a sus destinos.<\/p>\n\n\n\n<p>La impotencia, la desesperaci\u00f3n, la bronca&#8230; Lleva a que hagamos esto\u00bb\u00bb\u00bb&#8230;. Lo imposible para poder viajar en este corredor, los choferes se creen los due\u00f1os de nuestras vidas, de nuestro tiempo, son unas basuras!!!! Saeta tiene que controlar a cada uno de los choferes de este corredor. Nos ven con los chicos en las paradas y pasan de largo, con el frio que est\u00e1 haciendo, paradas que no tienen refugios!!!! Un abandono total!!! <\/p>\n\n\n\n<p>Intente hacer reclamo al 148 y hoy no funcionaba. Hasta cuando tenemos que aguantar el abuso por parte de esta empresa!!!! <\/p>\n\n\n\n<p>Invito a que se viralice y que cada persona que tenga este tipo de problema con los corredores dejen su testimonio.\u00bb<\/p>\n\n\n\n<div class=\"wp-block-columns is-layout-flex wp-container-core-columns-is-layout-9d6595d7 wp-block-columns-is-layout-flex\">\n<div class=\"wp-block-column is-layout-flow wp-block-column-is-layout-flow\" style=\"flex-basis:100%\">\n<div class=\"wp-block-columns is-layout-flex wp-container-core-columns-is-layout-9d6595d7 wp-block-columns-is-layout-flex\">\n<div class=\"wp-block-column is-layout-flow wp-block-column-is-layout-flow\" style=\"flex-basis:100%\">\n<figure class=\"wp-block-gallery columns-2 is-cropped wp-block-gallery-1 is-layout-flex wp-block-gallery-is-layout-flex\"><ul class=\"blocks-gallery-grid\"><li class=\"blocks-gallery-item\"><figure><img loading=\"lazy\" decoding=\"async\" width=\"500\" height=\"1024\" src=\"https:\/\/nahuelproducciones.com.ar\/radioquijano\/wp-content\/uploads\/2022\/06\/SAETA-1-500x1024.jpg\" alt=\"\" data-id=\"2829\" class=\"wp-image-2829\" srcset=\"https:\/\/nahuelproducciones.com.ar\/radioquijano\/wp-content\/uploads\/2022\/06\/SAETA-1-500x1024.jpg 500w, https:\/\/nahuelproducciones.com.ar\/radioquijano\/wp-content\/uploads\/2022\/06\/SAETA-1-146x300.jpg 146w, https:\/\/nahuelproducciones.com.ar\/radioquijano\/wp-content\/uploads\/2022\/06\/SAETA-1-150x308.jpg 150w, https:\/\/nahuelproducciones.com.ar\/radioquijano\/wp-content\/uploads\/2022\/06\/SAETA-1.jpg 720w\" sizes=\"auto, (max-width: 500px) 100vw, 500px\" \/><\/figure><\/li><li class=\"blocks-gallery-item\"><figure><img loading=\"lazy\" decoding=\"async\" width=\"380\" height=\"1024\" src=\"https:\/\/nahuelproducciones.com.ar\/radioquijano\/wp-content\/uploads\/2022\/06\/WhatsApp-Image-2022-06-22-at-6.18.26-AM-380x1024.jpeg\" alt=\"\" data-id=\"2830\" data-full-url=\"https:\/\/nahuelproducciones.com.ar\/radioquijano\/wp-content\/uploads\/2022\/06\/WhatsApp-Image-2022-06-22-at-6.18.26-AM.jpeg\" data-link=\"https:\/\/nahuelproducciones.com.ar\/radioquijano\/?attachment_id=2830\" class=\"wp-image-2830\" srcset=\"https:\/\/nahuelproducciones.com.ar\/radioquijano\/wp-content\/uploads\/2022\/06\/WhatsApp-Image-2022-06-22-at-6.18.26-AM-380x1024.jpeg 380w, https:\/\/nahuelproducciones.com.ar\/radioquijano\/wp-content\/uploads\/2022\/06\/WhatsApp-Image-2022-06-22-at-6.18.26-AM-111x300.jpeg 111w, https:\/\/nahuelproducciones.com.ar\/radioquijano\/wp-content\/uploads\/2022\/06\/WhatsApp-Image-2022-06-22-at-6.18.26-AM-150x404.jpeg 150w, https:\/\/nahuelproducciones.com.ar\/radioquijano\/wp-content\/uploads\/2022\/06\/WhatsApp-Image-2022-06-22-at-6.18.26-AM.jpeg 486w\" sizes=\"auto, (max-width: 380px) 100vw, 380px\" \/><\/figure><\/li><\/ul><\/figure>\n<\/div>\n<\/div>\n<\/div>\n<\/div>\n\n\n\n<p><a href=\"https:\/\/nahuelproducciones.com.ar\/index.php\/rq999\" target=\"_blank\" rel=\"noreferrer noopener\">#RQ99.9Mhz<\/a>  <a href=\"https:\/\/nahuelproducciones.com.ar\/\" target=\"_blank\" rel=\"noreferrer noopener\">#CAMPOQUIJANO<\/a><\/p>\n","protected":false},"excerpt":{"rendered":"<p>La semana pasada,el 16 de junio, SAETA S.A. anunci\u00f3 en su perfil de facebook la incorporaci\u00f3n de dos unidades m\u00e1s al recorrido de Campo Quijano-Salta y viceversa con el siguiente texto: \u00abSAETA suma unidades a la l\u00ednea 6 Campo Quijano. Ante la creciente demanda de transporte de la localidad de Campo Quijano y zonas aleda\u00f1as, [&hellip;]<\/p>\n","protected":false},"author":8,"featured_media":2829,"comment_status":"open","ping_status":"open","sticky":false,"template":"","format":"standard","meta":{"_monsterinsights_skip_tracking":false,"_monsterinsights_sitenote_active":false,"_monsterinsights_sitenote_note":"","_monsterinsights_sitenote_category":0,"footnotes":""},"categories":[8,16],"tags":[36,514,515,28],"class_list":["post-2827","post","type-post","status-publish","format-standard","has-post-thumbnail","hentry","category-blog-de-sapito","category-noticias","tag-campo-quijano","tag-ruta-nac-n51","tag-saeta-s-a","tag-salta"],"yoast_head":"<!-- This site is optimized with the Yoast SEO plugin v20.8 - https:\/\/yoast.com\/wordpress\/plugins\/seo\/ -->\n<title>Descontento por el servicio de SAETA S.A. en Ruta Nac.N\u00b051. - RQ 99.9<\/title>\n<meta name=\"description\" content=\"&quot;Intente hacer reclamo al 148 y hoy no funcionaba&quot;.. escribi\u00f3 la vecina.\" \/>\n<meta name=\"robots\" content=\"index, follow, max-snippet:-1, max-image-preview:large, max-video-preview:-1\" \/>\n<link rel=\"canonical\" href=\"https:\/\/nahuelproducciones.com.ar\/radioquijano\/descontento-por-el-servicio-de-saeta-s-a-en-ruta-nac-n51\/\" \/>\n<meta property=\"og:locale\" content=\"es_ES\" \/>\n<meta property=\"og:type\" content=\"article\" \/>\n<meta property=\"og:title\" content=\"Descontento por el servicio de SAETA S.A. en Ruta Nac.N\u00b051. - RQ 99.9\" \/>\n<meta property=\"og:description\" content=\"&quot;Intente hacer reclamo al 148 y hoy no funcionaba&quot;.. escribi\u00f3 la vecina.\" \/>\n<meta property=\"og:url\" content=\"https:\/\/nahuelproducciones.com.ar\/radioquijano\/descontento-por-el-servicio-de-saeta-s-a-en-ruta-nac-n51\/\" \/>\n<meta property=\"og:site_name\" content=\"RQ 99.9\" \/>\n<meta property=\"article:publisher\" content=\"https:\/\/www.facebook.com\/nahuelproducciones999\/\" \/>\n<meta property=\"article:published_time\" content=\"2022-06-22T09:40:22+00:00\" \/>\n<meta property=\"article:modified_time\" content=\"2022-06-22T09:40:23+00:00\" \/>\n<meta property=\"og:image\" content=\"https:\/\/nahuelproducciones.com.ar\/radioquijano\/wp-content\/uploads\/2022\/06\/SAETA-1.jpg\" \/>\n\t<meta property=\"og:image:width\" content=\"720\" \/>\n\t<meta property=\"og:image:height\" content=\"1476\" \/>\n\t<meta property=\"og:image:type\" content=\"image\/jpeg\" \/>\n<meta name=\"author\" content=\"Cecilia Pastrana\" \/>\n<meta name=\"twitter:card\" content=\"summary_large_image\" \/>\n<meta name=\"twitter:creator\" content=\"@nahuproduciones\" \/>\n<meta name=\"twitter:site\" content=\"@nahuproduciones\" \/>\n<meta name=\"twitter:label1\" content=\"Escrito por\" \/>\n\t<meta name=\"twitter:data1\" content=\"Cecilia Pastrana\" \/>\n\t<meta name=\"twitter:label2\" content=\"Tiempo de lectura\" \/>\n\t<meta name=\"twitter:data2\" content=\"4 minutos\" \/>\n<script type=\"application\/ld+json\" class=\"yoast-schema-graph\">{\"@context\":\"https:\/\/schema.org\",\"@graph\":[{\"@type\":\"WebPage\",\"@id\":\"https:\/\/nahuelproducciones.com.ar\/radioquijano\/descontento-por-el-servicio-de-saeta-s-a-en-ruta-nac-n51\/\",\"url\":\"https:\/\/nahuelproducciones.com.ar\/radioquijano\/descontento-por-el-servicio-de-saeta-s-a-en-ruta-nac-n51\/\",\"name\":\"Descontento por el servicio de SAETA S.A. en Ruta Nac.N\u00b051. - RQ 99.9\",\"isPartOf\":{\"@id\":\"https:\/\/nahuelproducciones.com.ar\/radioquijano\/#website\"},\"datePublished\":\"2022-06-22T09:40:22+00:00\",\"dateModified\":\"2022-06-22T09:40:23+00:00\",\"author\":{\"@id\":\"https:\/\/nahuelproducciones.com.ar\/radioquijano\/#\/schema\/person\/e8a4f939e2cb487fe6d0c54042c9d32c\"},\"description\":\"\\\"Intente hacer reclamo al 148 y hoy no funcionaba\\\".. escribi\u00f3 la vecina.\",\"breadcrumb\":{\"@id\":\"https:\/\/nahuelproducciones.com.ar\/radioquijano\/descontento-por-el-servicio-de-saeta-s-a-en-ruta-nac-n51\/#breadcrumb\"},\"inLanguage\":\"es\",\"potentialAction\":[{\"@type\":\"ReadAction\",\"target\":[\"https:\/\/nahuelproducciones.com.ar\/radioquijano\/descontento-por-el-servicio-de-saeta-s-a-en-ruta-nac-n51\/\"]}]},{\"@type\":\"BreadcrumbList\",\"@id\":\"https:\/\/nahuelproducciones.com.ar\/radioquijano\/descontento-por-el-servicio-de-saeta-s-a-en-ruta-nac-n51\/#breadcrumb\",\"itemListElement\":[{\"@type\":\"ListItem\",\"position\":1,\"name\":\"Portada\",\"item\":\"https:\/\/nahuelproducciones.com.ar\/radioquijano\/\"},{\"@type\":\"ListItem\",\"position\":2,\"name\":\"Descontento por el servicio de SAETA S.A. en Ruta Nac.N\u00b051.\"}]},{\"@type\":\"WebSite\",\"@id\":\"https:\/\/nahuelproducciones.com.ar\/radioquijano\/#website\",\"url\":\"https:\/\/nahuelproducciones.com.ar\/radioquijano\/\",\"name\":\"RQ 99.9\",\"description\":\"Radio Quijano 99.9 MHz\",\"potentialAction\":[{\"@type\":\"SearchAction\",\"target\":{\"@type\":\"EntryPoint\",\"urlTemplate\":\"https:\/\/nahuelproducciones.com.ar\/radioquijano\/?s={search_term_string}\"},\"query-input\":\"required name=search_term_string\"}],\"inLanguage\":\"es\"},{\"@type\":\"Person\",\"@id\":\"https:\/\/nahuelproducciones.com.ar\/radioquijano\/#\/schema\/person\/e8a4f939e2cb487fe6d0c54042c9d32c\",\"name\":\"Cecilia Pastrana\",\"image\":{\"@type\":\"ImageObject\",\"inLanguage\":\"es\",\"@id\":\"https:\/\/nahuelproducciones.com.ar\/radioquijano\/#\/schema\/person\/image\/\",\"url\":\"https:\/\/secure.gravatar.com\/avatar\/661a3ef63a8488d4f2794ed44af8cf71420f7e106f3072c40125114df5157749?s=96&d=mm&r=g\",\"contentUrl\":\"https:\/\/secure.gravatar.com\/avatar\/661a3ef63a8488d4f2794ed44af8cf71420f7e106f3072c40125114df5157749?s=96&d=mm&r=g\",\"caption\":\"Cecilia Pastrana\"},\"sameAs\":[\"cecy\"],\"url\":\"https:\/\/nahuelproducciones.com.ar\/radioquijano\/author\/cecy\/\"}]}<\/script>\n<!-- \/ Yoast SEO plugin. -->","yoast_head_json":{"title":"Descontento por el servicio de SAETA S.A. en Ruta Nac.N\u00b051. - RQ 99.9","description":"\"Intente hacer reclamo al 148 y hoy no funcionaba\".. escribi\u00f3 la vecina.","robots":{"index":"index","follow":"follow","max-snippet":"max-snippet:-1","max-image-preview":"max-image-preview:large","max-video-preview":"max-video-preview:-1"},"canonical":"https:\/\/nahuelproducciones.com.ar\/radioquijano\/descontento-por-el-servicio-de-saeta-s-a-en-ruta-nac-n51\/","og_locale":"es_ES","og_type":"article","og_title":"Descontento por el servicio de SAETA S.A. en Ruta Nac.N\u00b051. - RQ 99.9","og_description":"\"Intente hacer reclamo al 148 y hoy no funcionaba\".. escribi\u00f3 la vecina.","og_url":"https:\/\/nahuelproducciones.com.ar\/radioquijano\/descontento-por-el-servicio-de-saeta-s-a-en-ruta-nac-n51\/","og_site_name":"RQ 99.9","article_publisher":"https:\/\/www.facebook.com\/nahuelproducciones999\/","article_published_time":"2022-06-22T09:40:22+00:00","article_modified_time":"2022-06-22T09:40:23+00:00","og_image":[{"width":720,"height":1476,"url":"https:\/\/nahuelproducciones.com.ar\/radioquijano\/wp-content\/uploads\/2022\/06\/SAETA-1.jpg","type":"image\/jpeg"}],"author":"Cecilia Pastrana","twitter_card":"summary_large_image","twitter_creator":"@nahuproduciones","twitter_site":"@nahuproduciones","twitter_misc":{"Escrito por":"Cecilia Pastrana","Tiempo de lectura":"4 minutos"},"schema":{"@context":"https:\/\/schema.org","@graph":[{"@type":"WebPage","@id":"https:\/\/nahuelproducciones.com.ar\/radioquijano\/descontento-por-el-servicio-de-saeta-s-a-en-ruta-nac-n51\/","url":"https:\/\/nahuelproducciones.com.ar\/radioquijano\/descontento-por-el-servicio-de-saeta-s-a-en-ruta-nac-n51\/","name":"Descontento por el servicio de SAETA S.A. en Ruta Nac.N\u00b051. - RQ 99.9","isPartOf":{"@id":"https:\/\/nahuelproducciones.com.ar\/radioquijano\/#website"},"datePublished":"2022-06-22T09:40:22+00:00","dateModified":"2022-06-22T09:40:23+00:00","author":{"@id":"https:\/\/nahuelproducciones.com.ar\/radioquijano\/#\/schema\/person\/e8a4f939e2cb487fe6d0c54042c9d32c"},"description":"\"Intente hacer reclamo al 148 y hoy no funcionaba\".. escribi\u00f3 la vecina.","breadcrumb":{"@id":"https:\/\/nahuelproducciones.com.ar\/radioquijano\/descontento-por-el-servicio-de-saeta-s-a-en-ruta-nac-n51\/#breadcrumb"},"inLanguage":"es","potentialAction":[{"@type":"ReadAction","target":["https:\/\/nahuelproducciones.com.ar\/radioquijano\/descontento-por-el-servicio-de-saeta-s-a-en-ruta-nac-n51\/"]}]},{"@type":"BreadcrumbList","@id":"https:\/\/nahuelproducciones.com.ar\/radioquijano\/descontento-por-el-servicio-de-saeta-s-a-en-ruta-nac-n51\/#breadcrumb","itemListElement":[{"@type":"ListItem","position":1,"name":"Portada","item":"https:\/\/nahuelproducciones.com.ar\/radioquijano\/"},{"@type":"ListItem","position":2,"name":"Descontento por el servicio de SAETA S.A. en Ruta Nac.N\u00b051."}]},{"@type":"WebSite","@id":"https:\/\/nahuelproducciones.com.ar\/radioquijano\/#website","url":"https:\/\/nahuelproducciones.com.ar\/radioquijano\/","name":"RQ 99.9","description":"Radio Quijano 99.9 MHz","potentialAction":[{"@type":"SearchAction","target":{"@type":"EntryPoint","urlTemplate":"https:\/\/nahuelproducciones.com.ar\/radioquijano\/?s={search_term_string}"},"query-input":"required name=search_term_string"}],"inLanguage":"es"},{"@type":"Person","@id":"https:\/\/nahuelproducciones.com.ar\/radioquijano\/#\/schema\/person\/e8a4f939e2cb487fe6d0c54042c9d32c","name":"Cecilia Pastrana","image":{"@type":"ImageObject","inLanguage":"es","@id":"https:\/\/nahuelproducciones.com.ar\/radioquijano\/#\/schema\/person\/image\/","url":"https:\/\/secure.gravatar.com\/avatar\/661a3ef63a8488d4f2794ed44af8cf71420f7e106f3072c40125114df5157749?s=96&d=mm&r=g","contentUrl":"https:\/\/secure.gravatar.com\/avatar\/661a3ef63a8488d4f2794ed44af8cf71420f7e106f3072c40125114df5157749?s=96&d=mm&r=g","caption":"Cecilia Pastrana"},"sameAs":["cecy"],"url":"https:\/\/nahuelproducciones.com.ar\/radioquijano\/author\/cecy\/"}]}},"_links":{"self":[{"href":"https:\/\/nahuelproducciones.com.ar\/radioquijano\/wp-json\/wp\/v2\/posts\/2827","targetHints":{"allow":["GET"]}}],"collection":[{"href":"https:\/\/nahuelproducciones.com.ar\/radioquijano\/wp-json\/wp\/v2\/posts"}],"about":[{"href":"https:\/\/nahuelproducciones.com.ar\/radioquijano\/wp-json\/wp\/v2\/types\/post"}],"author":[{"embeddable":true,"href":"https:\/\/nahuelproducciones.com.ar\/radioquijano\/wp-json\/wp\/v2\/users\/8"}],"replies":[{"embeddable":true,"href":"https:\/\/nahuelproducciones.com.ar\/radioquijano\/wp-json\/wp\/v2\/comments?post=2827"}],"version-history":[{"count":1,"href":"https:\/\/nahuelproducciones.com.ar\/radioquijano\/wp-json\/wp\/v2\/posts\/2827\/revisions"}],"predecessor-version":[{"id":2831,"href":"https:\/\/nahuelproducciones.com.ar\/radioquijano\/wp-json\/wp\/v2\/posts\/2827\/revisions\/2831"}],"wp:featuredmedia":[{"embeddable":true,"href":"https:\/\/nahuelproducciones.com.ar\/radioquijano\/wp-json\/wp\/v2\/media\/2829"}],"wp:attachment":[{"href":"https:\/\/nahuelproducciones.com.ar\/radioquijano\/wp-json\/wp\/v2\/media?parent=2827"}],"wp:term":[{"taxonomy":"category","embeddable":true,"href":"https:\/\/nahuelproducciones.com.ar\/radioquijano\/wp-json\/wp\/v2\/categories?post=2827"},{"taxonomy":"post_tag","embeddable":true,"href":"https:\/\/nahuelproducciones.com.ar\/radioquijano\/wp-json\/wp\/v2\/tags?post=2827"}],"curies":[{"name":"wp","href":"https:\/\/api.w.org\/{rel}","templated":true}]}}