{"id":2832,"date":"2022-06-22T07:03:13","date_gmt":"2022-06-22T10:03:13","guid":{"rendered":"https:\/\/nahuelproducciones.com.ar\/radioquijano\/?p=2832"},"modified":"2022-06-22T07:03:14","modified_gmt":"2022-06-22T10:03:14","slug":"curso-de-gestion-empresarial-y-encuentro-con-emprendedores-y-emprendedoras-en-salta","status":"publish","type":"post","link":"https:\/\/nahuelproducciones.com.ar\/radioquijano\/curso-de-gestion-empresarial-y-encuentro-con-emprendedores-y-emprendedoras-en-salta\/","title":{"rendered":"Curso de gesti\u00f3n empresarial y encuentro con emprendedores y emprendedoras en Salta"},"content":{"rendered":"\n<p>Con la presencia de referentes del Programa de Empleo Independiente (PEI) de Nivel Central y de la Agencia Territorial Salta, se llev\u00f3 a cabo el cierre formal del primer Curso de Gesti\u00f3n Empresarial dictado por la Asociaci\u00f3n Mutual \u201c7 de mayo\u201d, perteneciente al Sindicato de Trabajadores Pasteleros, Confiteros, Pizzeros, Heladeros, Sandwicheros y Alfajoreros de la provincia de Salta.<\/p>\n\n\n\n<p>En dicho curso, las y los emprendedoras\/es incorporan nociones de comercializaci\u00f3n, c\u00e1lculo de costos, estimaci\u00f3n de la demanda, identificaci\u00f3n de la competencia, an\u00e1lisis de la oferta de bienes y equipos necesarios para la prestaci\u00f3n del servicio o la producci\u00f3n de bienes, plan de inversi\u00f3n y plan de negocios.<\/p>\n\n\n\n<p>En el encuentro, las y los participantes y emprendedores\/as expusieron algunos de los productos y servicios que ofrecen: desde gastronom\u00eda (elaboraci\u00f3n de comidas veganas, panader\u00eda, pasteler\u00eda), servicios personales (peluquer\u00eda, manicura), producci\u00f3n de objetos de decoraci\u00f3n (portamacetas, macetas, almohadones), confecci\u00f3n de indumentaria, servicios de refrigeraci\u00f3n, turismo, entre otros. En la ocasi\u00f3n, se desarroll\u00f3 un taller para asesorarlas\/os a cargo de Luciana Canales y Lorena Volpin, por el nivel central del PEI, y Andrea Jaljal por la Agencia Territorial.<\/p>\n\n\n\n<p>El cierre de curso visitado constituye uno de los 45 cursos dictados en mayo en diversos puntos del pa\u00eds de los cuales participaron m\u00e1s de 1000 personas interesadas en mejorar y financiar sus emprendimientos a trav\u00e9s del Programa de Empleo Independiente.<\/p>\n\n\n\n<p>Posteriormente, se desarroll\u00f3 una capacitaci\u00f3n organizada por la AT Salta con las Oficinas de Empleo de Animan\u00e1, Cerrillos, La Vi\u00f1a, Rosario de la Frontera, Rosario de Lerma, Tartagal, La Merced, Vaquero, Cachi, Guachipa, El Bordo, Metan, Salta Capital, Campo Quijano y Chicoana. Fue dictada por las referentas de nivel central de PEI y la AT Salta. Se trabaj\u00f3 en un temario que incluy\u00f3 la construcci\u00f3n de capacidades para la implementaci\u00f3n del PEI, el fortalecimiento de conocimientos t\u00e9cnicos y circuitos operativos en todas las etapas del Programa y el intercambio de experiencias atendiendo a las particularidades de cada regi\u00f3n.<\/p>\n\n\n\n<p>Fuente: Argentina. gob.ar <\/p>\n\n\n\n<p><a href=\"https:\/\/nahuelproducciones.com.ar\/index.php\/rq999\" target=\"_blank\" rel=\"noreferrer noopener\">#RQ99.9Mhz<\/a>\u00a0<a href=\"https:\/\/nahuelproducciones.com.ar\/\" target=\"_blank\" rel=\"noreferrer noopener\">#CAMPOQUIJANO<\/a><\/p>\n","protected":false},"excerpt":{"rendered":"<p>Con la presencia de referentes del Programa de Empleo Independiente (PEI) de Nivel Central y de la Agencia Territorial Salta, se llev\u00f3 a cabo el cierre formal del primer Curso de Gesti\u00f3n Empresarial dictado por la Asociaci\u00f3n Mutual \u201c7 de mayo\u201d, perteneciente al Sindicato de Trabajadores Pasteleros, Confiteros, Pizzeros, Heladeros, Sandwicheros y Alfajoreros de la [&hellip;]<\/p>\n","protected":false},"author":8,"featured_media":2833,"comment_status":"open","ping_status":"open","sticky":false,"template":"","format":"standard","meta":{"_monsterinsights_skip_tracking":false,"_monsterinsights_sitenote_active":false,"_monsterinsights_sitenote_note":"","_monsterinsights_sitenote_category":0,"footnotes":""},"categories":[8,16],"tags":[518,36,516,517],"class_list":["post-2832","post","type-post","status-publish","format-standard","has-post-thumbnail","hentry","category-blog-de-sapito","category-noticias","tag-agencia-territorial-salta","tag-campo-quijano","tag-curso-de-gestion-empresarial","tag-programa-de-empleo-independiente-pei-de-nivel-central"],"yoast_head":"<!-- This site is optimized with the Yoast SEO plugin v20.8 - https:\/\/yoast.com\/wordpress\/plugins\/seo\/ -->\n<title>Curso de gesti\u00f3n empresarial y encuentro con emprendedores y emprendedoras en Salta - RQ 99.9<\/title>\n<meta name=\"description\" content=\"Se llev\u00f3 a cabo el cierre formal del primer Curso de Gesti\u00f3n Empresarial dictado por la Asociaci\u00f3n Mutual \u201c7 de mayo\u201d del Sindicato de Trabajadores Pasteleros, Confiteros, Pizzeros, Heladeros, Sandwicheros y Alfajoreros de la provincia.\" \/>\n<meta name=\"robots\" content=\"index, follow, max-snippet:-1, max-image-preview:large, max-video-preview:-1\" \/>\n<link rel=\"canonical\" href=\"https:\/\/nahuelproducciones.com.ar\/radioquijano\/curso-de-gestion-empresarial-y-encuentro-con-emprendedores-y-emprendedoras-en-salta\/\" \/>\n<meta property=\"og:locale\" content=\"es_ES\" \/>\n<meta property=\"og:type\" content=\"article\" \/>\n<meta property=\"og:title\" content=\"Curso de gesti\u00f3n empresarial y encuentro con emprendedores y emprendedoras en Salta - RQ 99.9\" \/>\n<meta property=\"og:description\" content=\"Se llev\u00f3 a cabo el cierre formal del primer Curso de Gesti\u00f3n Empresarial dictado por la Asociaci\u00f3n Mutual \u201c7 de mayo\u201d del Sindicato de Trabajadores Pasteleros, Confiteros, Pizzeros, Heladeros, Sandwicheros y Alfajoreros de la provincia.\" \/>\n<meta property=\"og:url\" content=\"https:\/\/nahuelproducciones.com.ar\/radioquijano\/curso-de-gestion-empresarial-y-encuentro-con-emprendedores-y-emprendedoras-en-salta\/\" \/>\n<meta property=\"og:site_name\" content=\"RQ 99.9\" \/>\n<meta property=\"article:publisher\" content=\"https:\/\/www.facebook.com\/nahuelproducciones999\/\" \/>\n<meta property=\"article:published_time\" content=\"2022-06-22T10:03:13+00:00\" \/>\n<meta property=\"article:modified_time\" content=\"2022-06-22T10:03:14+00:00\" \/>\n<meta property=\"og:image\" content=\"https:\/\/nahuelproducciones.com.ar\/radioquijano\/wp-content\/uploads\/2022\/06\/WhatsApp-Image-2022-06-22-at-7.00.09-AM-e1655892182699.jpeg\" \/>\n\t<meta property=\"og:image:width\" content=\"700\" \/>\n\t<meta property=\"og:image:height\" content=\"301\" \/>\n\t<meta property=\"og:image:type\" content=\"image\/jpeg\" \/>\n<meta name=\"author\" content=\"Cecilia Pastrana\" \/>\n<meta name=\"twitter:card\" content=\"summary_large_image\" \/>\n<meta name=\"twitter:creator\" content=\"@nahuproduciones\" \/>\n<meta name=\"twitter:site\" content=\"@nahuproduciones\" \/>\n<meta name=\"twitter:label1\" content=\"Escrito por\" \/>\n\t<meta name=\"twitter:data1\" content=\"Cecilia Pastrana\" \/>\n\t<meta name=\"twitter:label2\" content=\"Tiempo de lectura\" \/>\n\t<meta name=\"twitter:data2\" content=\"2 minutos\" \/>\n<script type=\"application\/ld+json\" class=\"yoast-schema-graph\">{\"@context\":\"https:\/\/schema.org\",\"@graph\":[{\"@type\":\"WebPage\",\"@id\":\"https:\/\/nahuelproducciones.com.ar\/radioquijano\/curso-de-gestion-empresarial-y-encuentro-con-emprendedores-y-emprendedoras-en-salta\/\",\"url\":\"https:\/\/nahuelproducciones.com.ar\/radioquijano\/curso-de-gestion-empresarial-y-encuentro-con-emprendedores-y-emprendedoras-en-salta\/\",\"name\":\"Curso de gesti\u00f3n empresarial y encuentro con emprendedores y emprendedoras en Salta - RQ 99.9\",\"isPartOf\":{\"@id\":\"https:\/\/nahuelproducciones.com.ar\/radioquijano\/#website\"},\"datePublished\":\"2022-06-22T10:03:13+00:00\",\"dateModified\":\"2022-06-22T10:03:14+00:00\",\"author\":{\"@id\":\"https:\/\/nahuelproducciones.com.ar\/radioquijano\/#\/schema\/person\/e8a4f939e2cb487fe6d0c54042c9d32c\"},\"description\":\"Se llev\u00f3 a cabo el cierre formal del primer Curso de Gesti\u00f3n Empresarial dictado por la Asociaci\u00f3n Mutual \u201c7 de mayo\u201d del Sindicato de Trabajadores Pasteleros, Confiteros, Pizzeros, Heladeros, Sandwicheros y Alfajoreros de la provincia.\",\"breadcrumb\":{\"@id\":\"https:\/\/nahuelproducciones.com.ar\/radioquijano\/curso-de-gestion-empresarial-y-encuentro-con-emprendedores-y-emprendedoras-en-salta\/#breadcrumb\"},\"inLanguage\":\"es\",\"potentialAction\":[{\"@type\":\"ReadAction\",\"target\":[\"https:\/\/nahuelproducciones.com.ar\/radioquijano\/curso-de-gestion-empresarial-y-encuentro-con-emprendedores-y-emprendedoras-en-salta\/\"]}]},{\"@type\":\"BreadcrumbList\",\"@id\":\"https:\/\/nahuelproducciones.com.ar\/radioquijano\/curso-de-gestion-empresarial-y-encuentro-con-emprendedores-y-emprendedoras-en-salta\/#breadcrumb\",\"itemListElement\":[{\"@type\":\"ListItem\",\"position\":1,\"name\":\"Portada\",\"item\":\"https:\/\/nahuelproducciones.com.ar\/radioquijano\/\"},{\"@type\":\"ListItem\",\"position\":2,\"name\":\"Curso de gesti\u00f3n empresarial y encuentro con emprendedores y emprendedoras en Salta\"}]},{\"@type\":\"WebSite\",\"@id\":\"https:\/\/nahuelproducciones.com.ar\/radioquijano\/#website\",\"url\":\"https:\/\/nahuelproducciones.com.ar\/radioquijano\/\",\"name\":\"RQ 99.9\",\"description\":\"Radio Quijano 99.9 MHz\",\"potentialAction\":[{\"@type\":\"SearchAction\",\"target\":{\"@type\":\"EntryPoint\",\"urlTemplate\":\"https:\/\/nahuelproducciones.com.ar\/radioquijano\/?s={search_term_string}\"},\"query-input\":\"required name=search_term_string\"}],\"inLanguage\":\"es\"},{\"@type\":\"Person\",\"@id\":\"https:\/\/nahuelproducciones.com.ar\/radioquijano\/#\/schema\/person\/e8a4f939e2cb487fe6d0c54042c9d32c\",\"name\":\"Cecilia Pastrana\",\"image\":{\"@type\":\"ImageObject\",\"inLanguage\":\"es\",\"@id\":\"https:\/\/nahuelproducciones.com.ar\/radioquijano\/#\/schema\/person\/image\/\",\"url\":\"https:\/\/secure.gravatar.com\/avatar\/661a3ef63a8488d4f2794ed44af8cf71420f7e106f3072c40125114df5157749?s=96&d=mm&r=g\",\"contentUrl\":\"https:\/\/secure.gravatar.com\/avatar\/661a3ef63a8488d4f2794ed44af8cf71420f7e106f3072c40125114df5157749?s=96&d=mm&r=g\",\"caption\":\"Cecilia Pastrana\"},\"sameAs\":[\"cecy\"],\"url\":\"https:\/\/nahuelproducciones.com.ar\/radioquijano\/author\/cecy\/\"}]}<\/script>\n<!-- \/ Yoast SEO plugin. -->","yoast_head_json":{"title":"Curso de gesti\u00f3n empresarial y encuentro con emprendedores y emprendedoras en Salta - RQ 99.9","description":"Se llev\u00f3 a cabo el cierre formal del primer Curso de Gesti\u00f3n Empresarial dictado por la Asociaci\u00f3n Mutual \u201c7 de mayo\u201d del Sindicato de Trabajadores Pasteleros, Confiteros, Pizzeros, Heladeros, Sandwicheros y Alfajoreros de la provincia.","robots":{"index":"index","follow":"follow","max-snippet":"max-snippet:-1","max-image-preview":"max-image-preview:large","max-video-preview":"max-video-preview:-1"},"canonical":"https:\/\/nahuelproducciones.com.ar\/radioquijano\/curso-de-gestion-empresarial-y-encuentro-con-emprendedores-y-emprendedoras-en-salta\/","og_locale":"es_ES","og_type":"article","og_title":"Curso de gesti\u00f3n empresarial y encuentro con emprendedores y emprendedoras en Salta - RQ 99.9","og_description":"Se llev\u00f3 a cabo el cierre formal del primer Curso de Gesti\u00f3n Empresarial dictado por la Asociaci\u00f3n Mutual \u201c7 de mayo\u201d del Sindicato de Trabajadores Pasteleros, Confiteros, Pizzeros, Heladeros, Sandwicheros y Alfajoreros de la provincia.","og_url":"https:\/\/nahuelproducciones.com.ar\/radioquijano\/curso-de-gestion-empresarial-y-encuentro-con-emprendedores-y-emprendedoras-en-salta\/","og_site_name":"RQ 99.9","article_publisher":"https:\/\/www.facebook.com\/nahuelproducciones999\/","article_published_time":"2022-06-22T10:03:13+00:00","article_modified_time":"2022-06-22T10:03:14+00:00","og_image":[{"width":700,"height":301,"url":"https:\/\/nahuelproducciones.com.ar\/radioquijano\/wp-content\/uploads\/2022\/06\/WhatsApp-Image-2022-06-22-at-7.00.09-AM-e1655892182699.jpeg","type":"image\/jpeg"}],"author":"Cecilia Pastrana","twitter_card":"summary_large_image","twitter_creator":"@nahuproduciones","twitter_site":"@nahuproduciones","twitter_misc":{"Escrito por":"Cecilia Pastrana","Tiempo de lectura":"2 minutos"},"schema":{"@context":"https:\/\/schema.org","@graph":[{"@type":"WebPage","@id":"https:\/\/nahuelproducciones.com.ar\/radioquijano\/curso-de-gestion-empresarial-y-encuentro-con-emprendedores-y-emprendedoras-en-salta\/","url":"https:\/\/nahuelproducciones.com.ar\/radioquijano\/curso-de-gestion-empresarial-y-encuentro-con-emprendedores-y-emprendedoras-en-salta\/","name":"Curso de gesti\u00f3n empresarial y encuentro con emprendedores y emprendedoras en Salta - RQ 99.9","isPartOf":{"@id":"https:\/\/nahuelproducciones.com.ar\/radioquijano\/#website"},"datePublished":"2022-06-22T10:03:13+00:00","dateModified":"2022-06-22T10:03:14+00:00","author":{"@id":"https:\/\/nahuelproducciones.com.ar\/radioquijano\/#\/schema\/person\/e8a4f939e2cb487fe6d0c54042c9d32c"},"description":"Se llev\u00f3 a cabo el cierre formal del primer Curso de Gesti\u00f3n Empresarial dictado por la Asociaci\u00f3n Mutual \u201c7 de mayo\u201d del Sindicato de Trabajadores Pasteleros, Confiteros, Pizzeros, Heladeros, Sandwicheros y Alfajoreros de la provincia.","breadcrumb":{"@id":"https:\/\/nahuelproducciones.com.ar\/radioquijano\/curso-de-gestion-empresarial-y-encuentro-con-emprendedores-y-emprendedoras-en-salta\/#breadcrumb"},"inLanguage":"es","potentialAction":[{"@type":"ReadAction","target":["https:\/\/nahuelproducciones.com.ar\/radioquijano\/curso-de-gestion-empresarial-y-encuentro-con-emprendedores-y-emprendedoras-en-salta\/"]}]},{"@type":"BreadcrumbList","@id":"https:\/\/nahuelproducciones.com.ar\/radioquijano\/curso-de-gestion-empresarial-y-encuentro-con-emprendedores-y-emprendedoras-en-salta\/#breadcrumb","itemListElement":[{"@type":"ListItem","position":1,"name":"Portada","item":"https:\/\/nahuelproducciones.com.ar\/radioquijano\/"},{"@type":"ListItem","position":2,"name":"Curso de gesti\u00f3n empresarial y encuentro con emprendedores y emprendedoras en Salta"}]},{"@type":"WebSite","@id":"https:\/\/nahuelproducciones.com.ar\/radioquijano\/#website","url":"https:\/\/nahuelproducciones.com.ar\/radioquijano\/","name":"RQ 99.9","description":"Radio Quijano 99.9 MHz","potentialAction":[{"@type":"SearchAction","target":{"@type":"EntryPoint","urlTemplate":"https:\/\/nahuelproducciones.com.ar\/radioquijano\/?s={search_term_string}"},"query-input":"required name=search_term_string"}],"inLanguage":"es"},{"@type":"Person","@id":"https:\/\/nahuelproducciones.com.ar\/radioquijano\/#\/schema\/person\/e8a4f939e2cb487fe6d0c54042c9d32c","name":"Cecilia Pastrana","image":{"@type":"ImageObject","inLanguage":"es","@id":"https:\/\/nahuelproducciones.com.ar\/radioquijano\/#\/schema\/person\/image\/","url":"https:\/\/secure.gravatar.com\/avatar\/661a3ef63a8488d4f2794ed44af8cf71420f7e106f3072c40125114df5157749?s=96&d=mm&r=g","contentUrl":"https:\/\/secure.gravatar.com\/avatar\/661a3ef63a8488d4f2794ed44af8cf71420f7e106f3072c40125114df5157749?s=96&d=mm&r=g","caption":"Cecilia Pastrana"},"sameAs":["cecy"],"url":"https:\/\/nahuelproducciones.com.ar\/radioquijano\/author\/cecy\/"}]}},"_links":{"self":[{"href":"https:\/\/nahuelproducciones.com.ar\/radioquijano\/wp-json\/wp\/v2\/posts\/2832","targetHints":{"allow":["GET"]}}],"collection":[{"href":"https:\/\/nahuelproducciones.com.ar\/radioquijano\/wp-json\/wp\/v2\/posts"}],"about":[{"href":"https:\/\/nahuelproducciones.com.ar\/radioquijano\/wp-json\/wp\/v2\/types\/post"}],"author":[{"embeddable":true,"href":"https:\/\/nahuelproducciones.com.ar\/radioquijano\/wp-json\/wp\/v2\/users\/8"}],"replies":[{"embeddable":true,"href":"https:\/\/nahuelproducciones.com.ar\/radioquijano\/wp-json\/wp\/v2\/comments?post=2832"}],"version-history":[{"count":1,"href":"https:\/\/nahuelproducciones.com.ar\/radioquijano\/wp-json\/wp\/v2\/posts\/2832\/revisions"}],"predecessor-version":[{"id":2834,"href":"https:\/\/nahuelproducciones.com.ar\/radioquijano\/wp-json\/wp\/v2\/posts\/2832\/revisions\/2834"}],"wp:featuredmedia":[{"embeddable":true,"href":"https:\/\/nahuelproducciones.com.ar\/radioquijano\/wp-json\/wp\/v2\/media\/2833"}],"wp:attachment":[{"href":"https:\/\/nahuelproducciones.com.ar\/radioquijano\/wp-json\/wp\/v2\/media?parent=2832"}],"wp:term":[{"taxonomy":"category","embeddable":true,"href":"https:\/\/nahuelproducciones.com.ar\/radioquijano\/wp-json\/wp\/v2\/categories?post=2832"},{"taxonomy":"post_tag","embeddable":true,"href":"https:\/\/nahuelproducciones.com.ar\/radioquijano\/wp-json\/wp\/v2\/tags?post=2832"}],"curies":[{"name":"wp","href":"https:\/\/api.w.org\/{rel}","templated":true}]}}