{"id":2852,"date":"2022-06-28T01:31:45","date_gmt":"2022-06-28T04:31:45","guid":{"rendered":"https:\/\/nahuelproducciones.com.ar\/radioquijano\/?p=2852"},"modified":"2022-07-04T13:18:11","modified_gmt":"2022-07-04T16:18:11","slug":"dia-nacional-de-la-prueba-del-vih","status":"publish","type":"post","link":"https:\/\/nahuelproducciones.com.ar\/radioquijano\/dia-nacional-de-la-prueba-del-vih\/","title":{"rendered":"D\u00eda Nacional de la Prueba del VIH"},"content":{"rendered":"\n<p>Profesionales del <strong>Hospital Dr. Francisco Herrera de Campo Quijano<\/strong> realizaron promoci\u00f3n y testeos en la plaza Mart\u00edn Fierro.<\/p>\n\n\n\n<p>El 27 de junio es el D\u00eda Nacional de la Prueba del VIH es una ocasi\u00f3n anual para animar a las personas a&nbsp;hacerse el testeo. Se recomienda que todas las personas de 13 a 64 a\u00f1os de edad se la hagan por lo menos una vez como parte de la atenci\u00f3n de salud de rutina. Las personas expuestas a mayor riesgo deben realizar el test con mayor frecuencia.<\/p>\n\n\n\n<p>A los vecinos que se acercaron a la plaza se le brind\u00f3 m\u00e1s informaci\u00f3n sobre esta prueba y muchos de ellos accedieron a  realizar el test en forma r\u00e1pida, gratis y de manera confidencial.<\/p>\n\n\n\n<p>Fue una jornada de promoci\u00f3n y prevenci\u00f3n con entrega de folleteria con el prop\u00f3sito de estimular la demanda espont\u00e1nea del test para reducir los diagn\u00f3sticos tard\u00edos. Mucha gente no se hace el test por desinformaci\u00f3n, por prejuicio y por miedo, y saber el resultado permite acceder al tratamiento adecuado.<\/p>\n\n\n\n<p>La actividad estuvo acompa\u00f1ada de un trabajo interinstitucional con el Colegio Secundario y  la Escuela T\u00e9cnica de Campo Quijano.<\/p>\n\n\n\n<p>El martes 28, en la Plaza 8 de Diciembre de La Silleta en el horario de 10:00 a 16:00 habr\u00e1 actividades de sensibilizaci\u00f3n e intensificaci\u00f3n de oferta de testeos. Es importante recordar que el acceso a estos estudios es&nbsp;<strong>voluntario, confidencial y gratuito,<\/strong> y que puede acercarse cualquier persona&nbsp;<strong>a partir de los 13 a\u00f1os.<\/strong><\/p>\n\n\n\n<h3 class=\"wp-block-heading\"><strong>La importancia de realizarse el test para VIH<\/strong><\/h3>\n\n\n\n<p>Cuando el virus del VIH ingresa al cuerpo humano, se aloja en todos los \u00f3rganos y se multiplica en las c\u00e9lulas del sistema inmunol\u00f3gico, destruy\u00e9ndolas progresivamente. Si la infecci\u00f3n<strong>&nbsp;no es detectada y tratada a tiempo<\/strong>,&nbsp;<strong>conduce al SIDA<\/strong>&nbsp;-S\u00edndrome de Inmunodeficiencia Adquirida.<\/p>\n\n\n\n<p><strong>Esta infecci\u00f3n puede no mostrar s\u00edntomas<\/strong>&nbsp;por mucho tiempo, por lo que&nbsp;<strong>la \u00fanica manera de saber si se contrajo VIH es a trav\u00e9s de una prueba de laboratorio<\/strong>, un an\u00e1lisis de sangre que detecta la presencia de anticuerpos para este virus.<\/p>\n\n\n\n<p>As\u00ed, realizarse los estudios favorece un&nbsp;<strong>diagn\u00f3stico precoz<\/strong>&nbsp;y el&nbsp;<strong>tratamiento oportuno, lo que mejora la posibilidad de ampliar la calidad y cantidad de vida.<\/strong><\/p>\n\n\n\n<figure class=\"wp-block-gallery columns-3 is-cropped wp-block-gallery-1 is-layout-flex wp-block-gallery-is-layout-flex\"><ul class=\"blocks-gallery-grid\"><li class=\"blocks-gallery-item\"><figure><img loading=\"lazy\" decoding=\"async\" width=\"1024\" height=\"576\" src=\"https:\/\/nahuelproducciones.com.ar\/radioquijano\/wp-content\/uploads\/2022\/06\/WhatsApp-Image-2022-06-27-at-11.33.17-AM-1024x576.jpeg\" alt=\"\" data-id=\"2855\" data-full-url=\"https:\/\/nahuelproducciones.com.ar\/radioquijano\/wp-content\/uploads\/2022\/06\/WhatsApp-Image-2022-06-27-at-11.33.17-AM.jpeg\" data-link=\"https:\/\/nahuelproducciones.com.ar\/radioquijano\/?attachment_id=2855\" class=\"wp-image-2855\" srcset=\"https:\/\/nahuelproducciones.com.ar\/radioquijano\/wp-content\/uploads\/2022\/06\/WhatsApp-Image-2022-06-27-at-11.33.17-AM-1024x576.jpeg 1024w, https:\/\/nahuelproducciones.com.ar\/radioquijano\/wp-content\/uploads\/2022\/06\/WhatsApp-Image-2022-06-27-at-11.33.17-AM-300x169.jpeg 300w, https:\/\/nahuelproducciones.com.ar\/radioquijano\/wp-content\/uploads\/2022\/06\/WhatsApp-Image-2022-06-27-at-11.33.17-AM-768x432.jpeg 768w, https:\/\/nahuelproducciones.com.ar\/radioquijano\/wp-content\/uploads\/2022\/06\/WhatsApp-Image-2022-06-27-at-11.33.17-AM-1536x864.jpeg 1536w, https:\/\/nahuelproducciones.com.ar\/radioquijano\/wp-content\/uploads\/2022\/06\/WhatsApp-Image-2022-06-27-at-11.33.17-AM-150x84.jpeg 150w, https:\/\/nahuelproducciones.com.ar\/radioquijano\/wp-content\/uploads\/2022\/06\/WhatsApp-Image-2022-06-27-at-11.33.17-AM.jpeg 1600w\" sizes=\"auto, (max-width: 1024px) 100vw, 1024px\" \/><\/figure><\/li><li class=\"blocks-gallery-item\"><figure><img loading=\"lazy\" decoding=\"async\" width=\"768\" height=\"1024\" src=\"https:\/\/nahuelproducciones.com.ar\/radioquijano\/wp-content\/uploads\/2022\/06\/WhatsApp-Image-2022-06-27-at-11.32.16-AM-768x1024.jpeg\" alt=\"\" data-id=\"2857\" data-full-url=\"https:\/\/nahuelproducciones.com.ar\/radioquijano\/wp-content\/uploads\/2022\/06\/WhatsApp-Image-2022-06-27-at-11.32.16-AM.jpeg\" data-link=\"https:\/\/nahuelproducciones.com.ar\/radioquijano\/?attachment_id=2857\" class=\"wp-image-2857\" srcset=\"https:\/\/nahuelproducciones.com.ar\/radioquijano\/wp-content\/uploads\/2022\/06\/WhatsApp-Image-2022-06-27-at-11.32.16-AM-768x1024.jpeg 768w, https:\/\/nahuelproducciones.com.ar\/radioquijano\/wp-content\/uploads\/2022\/06\/WhatsApp-Image-2022-06-27-at-11.32.16-AM-225x300.jpeg 225w, https:\/\/nahuelproducciones.com.ar\/radioquijano\/wp-content\/uploads\/2022\/06\/WhatsApp-Image-2022-06-27-at-11.32.16-AM-1152x1536.jpeg 1152w, https:\/\/nahuelproducciones.com.ar\/radioquijano\/wp-content\/uploads\/2022\/06\/WhatsApp-Image-2022-06-27-at-11.32.16-AM-640x853.jpeg 640w, https:\/\/nahuelproducciones.com.ar\/radioquijano\/wp-content\/uploads\/2022\/06\/WhatsApp-Image-2022-06-27-at-11.32.16-AM-150x200.jpeg 150w, https:\/\/nahuelproducciones.com.ar\/radioquijano\/wp-content\/uploads\/2022\/06\/WhatsApp-Image-2022-06-27-at-11.32.16-AM.jpeg 1200w\" sizes=\"auto, (max-width: 768px) 100vw, 768px\" \/><\/figure><\/li><li class=\"blocks-gallery-item\"><figure><img loading=\"lazy\" decoding=\"async\" width=\"576\" height=\"1024\" src=\"https:\/\/nahuelproducciones.com.ar\/radioquijano\/wp-content\/uploads\/2022\/06\/WhatsApp-Image-2022-06-27-at-11.32.24-AM-576x1024.jpeg\" alt=\"\" data-id=\"2856\" data-full-url=\"https:\/\/nahuelproducciones.com.ar\/radioquijano\/wp-content\/uploads\/2022\/06\/WhatsApp-Image-2022-06-27-at-11.32.24-AM.jpeg\" data-link=\"https:\/\/nahuelproducciones.com.ar\/radioquijano\/?attachment_id=2856\" class=\"wp-image-2856\" srcset=\"https:\/\/nahuelproducciones.com.ar\/radioquijano\/wp-content\/uploads\/2022\/06\/WhatsApp-Image-2022-06-27-at-11.32.24-AM-576x1024.jpeg 576w, https:\/\/nahuelproducciones.com.ar\/radioquijano\/wp-content\/uploads\/2022\/06\/WhatsApp-Image-2022-06-27-at-11.32.24-AM-169x300.jpeg 169w, https:\/\/nahuelproducciones.com.ar\/radioquijano\/wp-content\/uploads\/2022\/06\/WhatsApp-Image-2022-06-27-at-11.32.24-AM-768x1365.jpeg 768w, https:\/\/nahuelproducciones.com.ar\/radioquijano\/wp-content\/uploads\/2022\/06\/WhatsApp-Image-2022-06-27-at-11.32.24-AM-864x1536.jpeg 864w, https:\/\/nahuelproducciones.com.ar\/radioquijano\/wp-content\/uploads\/2022\/06\/WhatsApp-Image-2022-06-27-at-11.32.24-AM-150x267.jpeg 150w, https:\/\/nahuelproducciones.com.ar\/radioquijano\/wp-content\/uploads\/2022\/06\/WhatsApp-Image-2022-06-27-at-11.32.24-AM.jpeg 900w\" sizes=\"auto, (max-width: 576px) 100vw, 576px\" \/><\/figure><\/li><li class=\"blocks-gallery-item\"><figure><img loading=\"lazy\" decoding=\"async\" width=\"1024\" height=\"576\" src=\"https:\/\/nahuelproducciones.com.ar\/radioquijano\/wp-content\/uploads\/2022\/06\/WhatsApp-Image-2022-06-27-at-11.38.53-AM-1024x576.jpeg\" alt=\"\" data-id=\"2858\" data-full-url=\"https:\/\/nahuelproducciones.com.ar\/radioquijano\/wp-content\/uploads\/2022\/06\/WhatsApp-Image-2022-06-27-at-11.38.53-AM.jpeg\" data-link=\"https:\/\/nahuelproducciones.com.ar\/radioquijano\/?attachment_id=2858\" class=\"wp-image-2858\" srcset=\"https:\/\/nahuelproducciones.com.ar\/radioquijano\/wp-content\/uploads\/2022\/06\/WhatsApp-Image-2022-06-27-at-11.38.53-AM-1024x576.jpeg 1024w, https:\/\/nahuelproducciones.com.ar\/radioquijano\/wp-content\/uploads\/2022\/06\/WhatsApp-Image-2022-06-27-at-11.38.53-AM-300x169.jpeg 300w, https:\/\/nahuelproducciones.com.ar\/radioquijano\/wp-content\/uploads\/2022\/06\/WhatsApp-Image-2022-06-27-at-11.38.53-AM-768x432.jpeg 768w, https:\/\/nahuelproducciones.com.ar\/radioquijano\/wp-content\/uploads\/2022\/06\/WhatsApp-Image-2022-06-27-at-11.38.53-AM-1536x864.jpeg 1536w, https:\/\/nahuelproducciones.com.ar\/radioquijano\/wp-content\/uploads\/2022\/06\/WhatsApp-Image-2022-06-27-at-11.38.53-AM-150x84.jpeg 150w, https:\/\/nahuelproducciones.com.ar\/radioquijano\/wp-content\/uploads\/2022\/06\/WhatsApp-Image-2022-06-27-at-11.38.53-AM.jpeg 1600w\" sizes=\"auto, (max-width: 1024px) 100vw, 1024px\" \/><\/figure><\/li><li class=\"blocks-gallery-item\"><figure><img loading=\"lazy\" decoding=\"async\" width=\"1024\" height=\"576\" src=\"https:\/\/nahuelproducciones.com.ar\/radioquijano\/wp-content\/uploads\/2022\/06\/WhatsApp-Image-2022-06-27-at-12.12.36-PM-1-1024x576.jpeg\" alt=\"\" data-id=\"2859\" data-full-url=\"https:\/\/nahuelproducciones.com.ar\/radioquijano\/wp-content\/uploads\/2022\/06\/WhatsApp-Image-2022-06-27-at-12.12.36-PM-1.jpeg\" data-link=\"https:\/\/nahuelproducciones.com.ar\/radioquijano\/?attachment_id=2859\" class=\"wp-image-2859\" srcset=\"https:\/\/nahuelproducciones.com.ar\/radioquijano\/wp-content\/uploads\/2022\/06\/WhatsApp-Image-2022-06-27-at-12.12.36-PM-1-1024x576.jpeg 1024w, https:\/\/nahuelproducciones.com.ar\/radioquijano\/wp-content\/uploads\/2022\/06\/WhatsApp-Image-2022-06-27-at-12.12.36-PM-1-300x169.jpeg 300w, https:\/\/nahuelproducciones.com.ar\/radioquijano\/wp-content\/uploads\/2022\/06\/WhatsApp-Image-2022-06-27-at-12.12.36-PM-1-768x432.jpeg 768w, https:\/\/nahuelproducciones.com.ar\/radioquijano\/wp-content\/uploads\/2022\/06\/WhatsApp-Image-2022-06-27-at-12.12.36-PM-1-1536x864.jpeg 1536w, https:\/\/nahuelproducciones.com.ar\/radioquijano\/wp-content\/uploads\/2022\/06\/WhatsApp-Image-2022-06-27-at-12.12.36-PM-1-150x84.jpeg 150w, https:\/\/nahuelproducciones.com.ar\/radioquijano\/wp-content\/uploads\/2022\/06\/WhatsApp-Image-2022-06-27-at-12.12.36-PM-1.jpeg 1600w\" sizes=\"auto, (max-width: 1024px) 100vw, 1024px\" \/><\/figure><\/li><li class=\"blocks-gallery-item\"><figure><img loading=\"lazy\" decoding=\"async\" width=\"1024\" height=\"576\" src=\"https:\/\/nahuelproducciones.com.ar\/radioquijano\/wp-content\/uploads\/2022\/06\/WhatsApp-Image-2022-06-27-at-12.12.27-PM-1024x576.jpeg\" alt=\"\" data-id=\"2860\" data-full-url=\"https:\/\/nahuelproducciones.com.ar\/radioquijano\/wp-content\/uploads\/2022\/06\/WhatsApp-Image-2022-06-27-at-12.12.27-PM.jpeg\" data-link=\"https:\/\/nahuelproducciones.com.ar\/radioquijano\/?attachment_id=2860\" class=\"wp-image-2860\" srcset=\"https:\/\/nahuelproducciones.com.ar\/radioquijano\/wp-content\/uploads\/2022\/06\/WhatsApp-Image-2022-06-27-at-12.12.27-PM-1024x576.jpeg 1024w, https:\/\/nahuelproducciones.com.ar\/radioquijano\/wp-content\/uploads\/2022\/06\/WhatsApp-Image-2022-06-27-at-12.12.27-PM-300x169.jpeg 300w, https:\/\/nahuelproducciones.com.ar\/radioquijano\/wp-content\/uploads\/2022\/06\/WhatsApp-Image-2022-06-27-at-12.12.27-PM-768x432.jpeg 768w, https:\/\/nahuelproducciones.com.ar\/radioquijano\/wp-content\/uploads\/2022\/06\/WhatsApp-Image-2022-06-27-at-12.12.27-PM-1536x864.jpeg 1536w, https:\/\/nahuelproducciones.com.ar\/radioquijano\/wp-content\/uploads\/2022\/06\/WhatsApp-Image-2022-06-27-at-12.12.27-PM-150x84.jpeg 150w, https:\/\/nahuelproducciones.com.ar\/radioquijano\/wp-content\/uploads\/2022\/06\/WhatsApp-Image-2022-06-27-at-12.12.27-PM.jpeg 1600w\" sizes=\"auto, (max-width: 1024px) 100vw, 1024px\" \/><\/figure><\/li><li class=\"blocks-gallery-item\"><figure><img loading=\"lazy\" decoding=\"async\" width=\"1024\" height=\"576\" src=\"https:\/\/nahuelproducciones.com.ar\/radioquijano\/wp-content\/uploads\/2022\/06\/WhatsApp-Image-2022-06-27-at-12.12.08-PM-1024x576.jpeg\" alt=\"\" data-id=\"2861\" data-full-url=\"https:\/\/nahuelproducciones.com.ar\/radioquijano\/wp-content\/uploads\/2022\/06\/WhatsApp-Image-2022-06-27-at-12.12.08-PM.jpeg\" data-link=\"https:\/\/nahuelproducciones.com.ar\/radioquijano\/?attachment_id=2861\" class=\"wp-image-2861\" srcset=\"https:\/\/nahuelproducciones.com.ar\/radioquijano\/wp-content\/uploads\/2022\/06\/WhatsApp-Image-2022-06-27-at-12.12.08-PM-1024x576.jpeg 1024w, https:\/\/nahuelproducciones.com.ar\/radioquijano\/wp-content\/uploads\/2022\/06\/WhatsApp-Image-2022-06-27-at-12.12.08-PM-300x169.jpeg 300w, https:\/\/nahuelproducciones.com.ar\/radioquijano\/wp-content\/uploads\/2022\/06\/WhatsApp-Image-2022-06-27-at-12.12.08-PM-768x432.jpeg 768w, https:\/\/nahuelproducciones.com.ar\/radioquijano\/wp-content\/uploads\/2022\/06\/WhatsApp-Image-2022-06-27-at-12.12.08-PM-1536x864.jpeg 1536w, https:\/\/nahuelproducciones.com.ar\/radioquijano\/wp-content\/uploads\/2022\/06\/WhatsApp-Image-2022-06-27-at-12.12.08-PM-150x84.jpeg 150w, https:\/\/nahuelproducciones.com.ar\/radioquijano\/wp-content\/uploads\/2022\/06\/WhatsApp-Image-2022-06-27-at-12.12.08-PM.jpeg 1600w\" sizes=\"auto, (max-width: 1024px) 100vw, 1024px\" \/><\/figure><\/li><li class=\"blocks-gallery-item\"><figure><img loading=\"lazy\" decoding=\"async\" width=\"1024\" height=\"576\" src=\"https:\/\/nahuelproducciones.com.ar\/radioquijano\/wp-content\/uploads\/2022\/06\/WhatsApp-Image-2022-06-27-at-12.12.01-PM-1024x576.jpeg\" alt=\"\" data-id=\"2862\" data-full-url=\"https:\/\/nahuelproducciones.com.ar\/radioquijano\/wp-content\/uploads\/2022\/06\/WhatsApp-Image-2022-06-27-at-12.12.01-PM.jpeg\" data-link=\"https:\/\/nahuelproducciones.com.ar\/radioquijano\/?attachment_id=2862\" class=\"wp-image-2862\" srcset=\"https:\/\/nahuelproducciones.com.ar\/radioquijano\/wp-content\/uploads\/2022\/06\/WhatsApp-Image-2022-06-27-at-12.12.01-PM-1024x576.jpeg 1024w, https:\/\/nahuelproducciones.com.ar\/radioquijano\/wp-content\/uploads\/2022\/06\/WhatsApp-Image-2022-06-27-at-12.12.01-PM-300x169.jpeg 300w, https:\/\/nahuelproducciones.com.ar\/radioquijano\/wp-content\/uploads\/2022\/06\/WhatsApp-Image-2022-06-27-at-12.12.01-PM-768x432.jpeg 768w, https:\/\/nahuelproducciones.com.ar\/radioquijano\/wp-content\/uploads\/2022\/06\/WhatsApp-Image-2022-06-27-at-12.12.01-PM-1536x864.jpeg 1536w, https:\/\/nahuelproducciones.com.ar\/radioquijano\/wp-content\/uploads\/2022\/06\/WhatsApp-Image-2022-06-27-at-12.12.01-PM-150x84.jpeg 150w, https:\/\/nahuelproducciones.com.ar\/radioquijano\/wp-content\/uploads\/2022\/06\/WhatsApp-Image-2022-06-27-at-12.12.01-PM.jpeg 1600w\" sizes=\"auto, (max-width: 1024px) 100vw, 1024px\" \/><\/figure><\/li><li class=\"blocks-gallery-item\"><figure><img loading=\"lazy\" decoding=\"async\" width=\"710\" height=\"636\" src=\"https:\/\/nahuelproducciones.com.ar\/radioquijano\/wp-content\/uploads\/2022\/06\/WhatsApp-Image-2022-06-27-at-11.27.17-AM.jpeg\" alt=\"\" data-id=\"2854\" data-full-url=\"https:\/\/nahuelproducciones.com.ar\/radioquijano\/wp-content\/uploads\/2022\/06\/WhatsApp-Image-2022-06-27-at-11.27.17-AM.jpeg\" data-link=\"https:\/\/nahuelproducciones.com.ar\/radioquijano\/?attachment_id=2854\" class=\"wp-image-2854\" srcset=\"https:\/\/nahuelproducciones.com.ar\/radioquijano\/wp-content\/uploads\/2022\/06\/WhatsApp-Image-2022-06-27-at-11.27.17-AM.jpeg 710w, https:\/\/nahuelproducciones.com.ar\/radioquijano\/wp-content\/uploads\/2022\/06\/WhatsApp-Image-2022-06-27-at-11.27.17-AM-300x269.jpeg 300w, https:\/\/nahuelproducciones.com.ar\/radioquijano\/wp-content\/uploads\/2022\/06\/WhatsApp-Image-2022-06-27-at-11.27.17-AM-150x134.jpeg 150w\" sizes=\"auto, (max-width: 710px) 100vw, 710px\" \/><\/figure><\/li><\/ul><\/figure>\n\n\n\n<p><a href=\"https:\/\/nahuelproducciones.com.ar\/index.php\/rq999\" target=\"_blank\" rel=\"noreferrer noopener\"> #RQ99.9Mhz\u00a0<\/a><a href=\"https:\/\/nahuelproducciones.com.ar\/\" target=\"_blank\" rel=\"noreferrer noopener\">#CAMPOQUIJANO<\/a><\/p>\n\n\n\n<p>Fotograf\u00edas gentileza de Silvia Vasquez y Claudia Taritolay<\/p>\n","protected":false},"excerpt":{"rendered":"<p>Profesionales del Hospital Dr. Francisco Herrera de Campo Quijano realizaron promoci\u00f3n y testeos en la plaza Mart\u00edn Fierro. El 27 de junio es el D\u00eda Nacional de la Prueba del VIH es una ocasi\u00f3n anual para animar a las personas a&nbsp;hacerse el testeo. Se recomienda que todas las personas de 13 a 64 a\u00f1os de [&hellip;]<\/p>\n","protected":false},"author":8,"featured_media":2853,"comment_status":"open","ping_status":"open","sticky":false,"template":"","format":"standard","meta":{"_monsterinsights_skip_tracking":false,"_monsterinsights_sitenote_active":false,"_monsterinsights_sitenote_note":"","_monsterinsights_sitenote_category":0,"footnotes":""},"categories":[8,16],"tags":[36,525,374,77,524],"class_list":["post-2852","post","type-post","status-publish","format-standard","has-post-thumbnail","hentry","category-blog-de-sapito","category-noticias","tag-campo-quijano","tag-dia-nacional-de-la-prueba-del-vih","tag-hospital-dr-francisco-herrera","tag-la-silleta","tag-test-para-vih"],"yoast_head":"<!-- This site is optimized with the Yoast SEO plugin v20.8 - https:\/\/yoast.com\/wordpress\/plugins\/seo\/ -->\n<title>D\u00eda Nacional de la Prueba del VIH - RQ 99.9<\/title>\n<meta name=\"description\" content=\"El martes 28, en la Plaza 8 de Diciembre de La Silleta en el horario de 10:00 a 16:00 hs habr\u00e1 actividades de sensibilizaci\u00f3n e intensificaci\u00f3n de oferta de testeos.\" \/>\n<meta name=\"robots\" content=\"index, follow, max-snippet:-1, max-image-preview:large, max-video-preview:-1\" \/>\n<link rel=\"canonical\" href=\"https:\/\/nahuelproducciones.com.ar\/radioquijano\/dia-nacional-de-la-prueba-del-vih\/\" \/>\n<meta property=\"og:locale\" content=\"es_ES\" \/>\n<meta property=\"og:type\" content=\"article\" \/>\n<meta property=\"og:title\" content=\"D\u00eda Nacional de la Prueba del VIH - RQ 99.9\" \/>\n<meta property=\"og:description\" content=\"El martes 28, en la Plaza 8 de Diciembre de La Silleta en el horario de 10:00 a 16:00 hs habr\u00e1 actividades de sensibilizaci\u00f3n e intensificaci\u00f3n de oferta de testeos.\" \/>\n<meta property=\"og:url\" content=\"https:\/\/nahuelproducciones.com.ar\/radioquijano\/dia-nacional-de-la-prueba-del-vih\/\" \/>\n<meta property=\"og:site_name\" content=\"RQ 99.9\" \/>\n<meta property=\"article:publisher\" content=\"https:\/\/www.facebook.com\/nahuelproducciones999\/\" \/>\n<meta property=\"article:published_time\" content=\"2022-06-28T04:31:45+00:00\" \/>\n<meta property=\"article:modified_time\" content=\"2022-07-04T16:18:11+00:00\" \/>\n<meta property=\"og:image\" content=\"https:\/\/nahuelproducciones.com.ar\/radioquijano\/wp-content\/uploads\/2022\/06\/WhatsApp-Image-2022-06-27-at-12.12.36-PM-e1656390433911.jpeg\" \/>\n\t<meta property=\"og:image:width\" content=\"700\" \/>\n\t<meta property=\"og:image:height\" content=\"394\" \/>\n\t<meta property=\"og:image:type\" content=\"image\/jpeg\" \/>\n<meta name=\"author\" content=\"Cecilia Pastrana\" \/>\n<meta name=\"twitter:card\" content=\"summary_large_image\" \/>\n<meta name=\"twitter:creator\" content=\"@nahuproduciones\" \/>\n<meta name=\"twitter:site\" content=\"@nahuproduciones\" \/>\n<meta name=\"twitter:label1\" content=\"Escrito por\" \/>\n\t<meta name=\"twitter:data1\" content=\"Cecilia Pastrana\" \/>\n\t<meta name=\"twitter:label2\" content=\"Tiempo de lectura\" \/>\n\t<meta name=\"twitter:data2\" content=\"4 minutos\" \/>\n<script type=\"application\/ld+json\" class=\"yoast-schema-graph\">{\"@context\":\"https:\/\/schema.org\",\"@graph\":[{\"@type\":\"WebPage\",\"@id\":\"https:\/\/nahuelproducciones.com.ar\/radioquijano\/dia-nacional-de-la-prueba-del-vih\/\",\"url\":\"https:\/\/nahuelproducciones.com.ar\/radioquijano\/dia-nacional-de-la-prueba-del-vih\/\",\"name\":\"D\u00eda Nacional de la Prueba del VIH - RQ 99.9\",\"isPartOf\":{\"@id\":\"https:\/\/nahuelproducciones.com.ar\/radioquijano\/#website\"},\"datePublished\":\"2022-06-28T04:31:45+00:00\",\"dateModified\":\"2022-07-04T16:18:11+00:00\",\"author\":{\"@id\":\"https:\/\/nahuelproducciones.com.ar\/radioquijano\/#\/schema\/person\/e8a4f939e2cb487fe6d0c54042c9d32c\"},\"description\":\"El martes 28, en la Plaza 8 de Diciembre de La Silleta en el horario de 10:00 a 16:00 hs habr\u00e1 actividades de sensibilizaci\u00f3n e intensificaci\u00f3n de oferta de testeos.\",\"breadcrumb\":{\"@id\":\"https:\/\/nahuelproducciones.com.ar\/radioquijano\/dia-nacional-de-la-prueba-del-vih\/#breadcrumb\"},\"inLanguage\":\"es\",\"potentialAction\":[{\"@type\":\"ReadAction\",\"target\":[\"https:\/\/nahuelproducciones.com.ar\/radioquijano\/dia-nacional-de-la-prueba-del-vih\/\"]}]},{\"@type\":\"BreadcrumbList\",\"@id\":\"https:\/\/nahuelproducciones.com.ar\/radioquijano\/dia-nacional-de-la-prueba-del-vih\/#breadcrumb\",\"itemListElement\":[{\"@type\":\"ListItem\",\"position\":1,\"name\":\"Portada\",\"item\":\"https:\/\/nahuelproducciones.com.ar\/radioquijano\/\"},{\"@type\":\"ListItem\",\"position\":2,\"name\":\"D\u00eda Nacional de la Prueba del VIH\"}]},{\"@type\":\"WebSite\",\"@id\":\"https:\/\/nahuelproducciones.com.ar\/radioquijano\/#website\",\"url\":\"https:\/\/nahuelproducciones.com.ar\/radioquijano\/\",\"name\":\"RQ 99.9\",\"description\":\"Radio Quijano 99.9 MHz\",\"potentialAction\":[{\"@type\":\"SearchAction\",\"target\":{\"@type\":\"EntryPoint\",\"urlTemplate\":\"https:\/\/nahuelproducciones.com.ar\/radioquijano\/?s={search_term_string}\"},\"query-input\":\"required name=search_term_string\"}],\"inLanguage\":\"es\"},{\"@type\":\"Person\",\"@id\":\"https:\/\/nahuelproducciones.com.ar\/radioquijano\/#\/schema\/person\/e8a4f939e2cb487fe6d0c54042c9d32c\",\"name\":\"Cecilia Pastrana\",\"image\":{\"@type\":\"ImageObject\",\"inLanguage\":\"es\",\"@id\":\"https:\/\/nahuelproducciones.com.ar\/radioquijano\/#\/schema\/person\/image\/\",\"url\":\"https:\/\/secure.gravatar.com\/avatar\/661a3ef63a8488d4f2794ed44af8cf71420f7e106f3072c40125114df5157749?s=96&d=mm&r=g\",\"contentUrl\":\"https:\/\/secure.gravatar.com\/avatar\/661a3ef63a8488d4f2794ed44af8cf71420f7e106f3072c40125114df5157749?s=96&d=mm&r=g\",\"caption\":\"Cecilia Pastrana\"},\"sameAs\":[\"cecy\"],\"url\":\"https:\/\/nahuelproducciones.com.ar\/radioquijano\/author\/cecy\/\"}]}<\/script>\n<!-- \/ Yoast SEO plugin. -->","yoast_head_json":{"title":"D\u00eda Nacional de la Prueba del VIH - RQ 99.9","description":"El martes 28, en la Plaza 8 de Diciembre de La Silleta en el horario de 10:00 a 16:00 hs habr\u00e1 actividades de sensibilizaci\u00f3n e intensificaci\u00f3n de oferta de testeos.","robots":{"index":"index","follow":"follow","max-snippet":"max-snippet:-1","max-image-preview":"max-image-preview:large","max-video-preview":"max-video-preview:-1"},"canonical":"https:\/\/nahuelproducciones.com.ar\/radioquijano\/dia-nacional-de-la-prueba-del-vih\/","og_locale":"es_ES","og_type":"article","og_title":"D\u00eda Nacional de la Prueba del VIH - RQ 99.9","og_description":"El martes 28, en la Plaza 8 de Diciembre de La Silleta en el horario de 10:00 a 16:00 hs habr\u00e1 actividades de sensibilizaci\u00f3n e intensificaci\u00f3n de oferta de testeos.","og_url":"https:\/\/nahuelproducciones.com.ar\/radioquijano\/dia-nacional-de-la-prueba-del-vih\/","og_site_name":"RQ 99.9","article_publisher":"https:\/\/www.facebook.com\/nahuelproducciones999\/","article_published_time":"2022-06-28T04:31:45+00:00","article_modified_time":"2022-07-04T16:18:11+00:00","og_image":[{"width":700,"height":394,"url":"https:\/\/nahuelproducciones.com.ar\/radioquijano\/wp-content\/uploads\/2022\/06\/WhatsApp-Image-2022-06-27-at-12.12.36-PM-e1656390433911.jpeg","type":"image\/jpeg"}],"author":"Cecilia Pastrana","twitter_card":"summary_large_image","twitter_creator":"@nahuproduciones","twitter_site":"@nahuproduciones","twitter_misc":{"Escrito por":"Cecilia Pastrana","Tiempo de lectura":"4 minutos"},"schema":{"@context":"https:\/\/schema.org","@graph":[{"@type":"WebPage","@id":"https:\/\/nahuelproducciones.com.ar\/radioquijano\/dia-nacional-de-la-prueba-del-vih\/","url":"https:\/\/nahuelproducciones.com.ar\/radioquijano\/dia-nacional-de-la-prueba-del-vih\/","name":"D\u00eda Nacional de la Prueba del VIH - RQ 99.9","isPartOf":{"@id":"https:\/\/nahuelproducciones.com.ar\/radioquijano\/#website"},"datePublished":"2022-06-28T04:31:45+00:00","dateModified":"2022-07-04T16:18:11+00:00","author":{"@id":"https:\/\/nahuelproducciones.com.ar\/radioquijano\/#\/schema\/person\/e8a4f939e2cb487fe6d0c54042c9d32c"},"description":"El martes 28, en la Plaza 8 de Diciembre de La Silleta en el horario de 10:00 a 16:00 hs habr\u00e1 actividades de sensibilizaci\u00f3n e intensificaci\u00f3n de oferta de testeos.","breadcrumb":{"@id":"https:\/\/nahuelproducciones.com.ar\/radioquijano\/dia-nacional-de-la-prueba-del-vih\/#breadcrumb"},"inLanguage":"es","potentialAction":[{"@type":"ReadAction","target":["https:\/\/nahuelproducciones.com.ar\/radioquijano\/dia-nacional-de-la-prueba-del-vih\/"]}]},{"@type":"BreadcrumbList","@id":"https:\/\/nahuelproducciones.com.ar\/radioquijano\/dia-nacional-de-la-prueba-del-vih\/#breadcrumb","itemListElement":[{"@type":"ListItem","position":1,"name":"Portada","item":"https:\/\/nahuelproducciones.com.ar\/radioquijano\/"},{"@type":"ListItem","position":2,"name":"D\u00eda Nacional de la Prueba del VIH"}]},{"@type":"WebSite","@id":"https:\/\/nahuelproducciones.com.ar\/radioquijano\/#website","url":"https:\/\/nahuelproducciones.com.ar\/radioquijano\/","name":"RQ 99.9","description":"Radio Quijano 99.9 MHz","potentialAction":[{"@type":"SearchAction","target":{"@type":"EntryPoint","urlTemplate":"https:\/\/nahuelproducciones.com.ar\/radioquijano\/?s={search_term_string}"},"query-input":"required name=search_term_string"}],"inLanguage":"es"},{"@type":"Person","@id":"https:\/\/nahuelproducciones.com.ar\/radioquijano\/#\/schema\/person\/e8a4f939e2cb487fe6d0c54042c9d32c","name":"Cecilia Pastrana","image":{"@type":"ImageObject","inLanguage":"es","@id":"https:\/\/nahuelproducciones.com.ar\/radioquijano\/#\/schema\/person\/image\/","url":"https:\/\/secure.gravatar.com\/avatar\/661a3ef63a8488d4f2794ed44af8cf71420f7e106f3072c40125114df5157749?s=96&d=mm&r=g","contentUrl":"https:\/\/secure.gravatar.com\/avatar\/661a3ef63a8488d4f2794ed44af8cf71420f7e106f3072c40125114df5157749?s=96&d=mm&r=g","caption":"Cecilia Pastrana"},"sameAs":["cecy"],"url":"https:\/\/nahuelproducciones.com.ar\/radioquijano\/author\/cecy\/"}]}},"_links":{"self":[{"href":"https:\/\/nahuelproducciones.com.ar\/radioquijano\/wp-json\/wp\/v2\/posts\/2852","targetHints":{"allow":["GET"]}}],"collection":[{"href":"https:\/\/nahuelproducciones.com.ar\/radioquijano\/wp-json\/wp\/v2\/posts"}],"about":[{"href":"https:\/\/nahuelproducciones.com.ar\/radioquijano\/wp-json\/wp\/v2\/types\/post"}],"author":[{"embeddable":true,"href":"https:\/\/nahuelproducciones.com.ar\/radioquijano\/wp-json\/wp\/v2\/users\/8"}],"replies":[{"embeddable":true,"href":"https:\/\/nahuelproducciones.com.ar\/radioquijano\/wp-json\/wp\/v2\/comments?post=2852"}],"version-history":[{"count":3,"href":"https:\/\/nahuelproducciones.com.ar\/radioquijano\/wp-json\/wp\/v2\/posts\/2852\/revisions"}],"predecessor-version":[{"id":2911,"href":"https:\/\/nahuelproducciones.com.ar\/radioquijano\/wp-json\/wp\/v2\/posts\/2852\/revisions\/2911"}],"wp:featuredmedia":[{"embeddable":true,"href":"https:\/\/nahuelproducciones.com.ar\/radioquijano\/wp-json\/wp\/v2\/media\/2853"}],"wp:attachment":[{"href":"https:\/\/nahuelproducciones.com.ar\/radioquijano\/wp-json\/wp\/v2\/media?parent=2852"}],"wp:term":[{"taxonomy":"category","embeddable":true,"href":"https:\/\/nahuelproducciones.com.ar\/radioquijano\/wp-json\/wp\/v2\/categories?post=2852"},{"taxonomy":"post_tag","embeddable":true,"href":"https:\/\/nahuelproducciones.com.ar\/radioquijano\/wp-json\/wp\/v2\/tags?post=2852"}],"curies":[{"name":"wp","href":"https:\/\/api.w.org\/{rel}","templated":true}]}}