{"id":2870,"date":"2022-06-30T01:30:11","date_gmt":"2022-06-30T04:30:11","guid":{"rendered":"https:\/\/nahuelproducciones.com.ar\/radioquijano\/?p=2870"},"modified":"2022-07-04T21:40:48","modified_gmt":"2022-07-05T00:40:48","slug":"fuerte-malestar-contra-el-intendente-carlos-folloni-por-declaraciones-imprecisas","status":"publish","type":"post","link":"https:\/\/nahuelproducciones.com.ar\/radioquijano\/fuerte-malestar-contra-el-intendente-carlos-folloni-por-declaraciones-imprecisas\/","title":{"rendered":"Fuerte malestar contra el Intendente Carlos Folloni por declaraciones imprecisas."},"content":{"rendered":"\n<p>El presidente del Centro de Jubilados y Pensionados \u00abEl Portal de los Andes\u00bb de  Campo Quijano junto a la Secretaria Administrativa se mostraron molestos ante los dichos del Ejecutivo Municipal en el muro de facebook del Municipio de Campo Quijano.<\/p>\n\n\n\n<p>De acuerdo a la informaci\u00f3n que brinda la Municipalidad en su perfil, Folloni menciona haber visitado el Centro de Jubilados para el 34 aniversario de la Instituci\u00f3n, pero en ning\u00fan momento nombra a su Presidente Amalio Copa, lo que fue interpretado por la Comisi\u00f3n como una falta de respeto.<\/p>\n\n\n\n<p>\u201cSe trata de colaborar y fortalecer el Centro de jubilados, porque es una instituci\u00f3n muy importante para Campo Quijano\u201d coment\u00f3 el intendente Folloni solo para el facebook, ya que seg\u00fan comenta Amalio Copa, el intendente se fue del acto aniversario antes de que comience el acto protocolar y las actividades del festejo.<\/p>\n\n\n\n<p>Alejandra Guantay Secretaria Administrativa del Centro, aclar\u00f3 que la nueva comisi\u00f3n se present\u00f3 oficialmente ante el ejecutivo municipal y que plantearon diversos pedidos y que hasta el momento no se concretaron a pesar de ser aprobados para su ejecuci\u00f3n.<\/p>\n\n\n\n<p>Diferente fue el trato y la predisposici\u00f3n manifiesta del &nbsp;secretario de Personas Mayores Dr. Juan Carlos Villamayor que destac\u00f3 el trabajo que viene realizando la instituci\u00f3n con los socios y los inst\u00f3 a continuar siendo activos y protagonistas.<\/p>\n\n\n\n<p>La Comisi\u00f3n sinti\u00f3 la falta de respeto ante las declaraciones del Intendente Carlos Folloni que no condicen con la realidad. Les dejamos el audio de la entrevista. <\/p>\n\n\n\n<figure class=\"wp-block-audio\"><audio controls src=\"https:\/\/nahuelproducciones.com.ar\/radioquijano\/wp-content\/uploads\/2022\/06\/29-06-2022-centro-de-jub-y-pensionados-FOLLONI-MIENTE-en-el-34-aniv-del-centro.mp3\"><\/audio><\/figure>\n\n\n\n<figure class=\"wp-block-image size-large is-style-rounded\"><img loading=\"lazy\" decoding=\"async\" width=\"1024\" height=\"473\" src=\"https:\/\/nahuelproducciones.com.ar\/radioquijano\/wp-content\/uploads\/2022\/06\/284206416_737814774030462_9090078729587521993_n-1024x473.png\" alt=\"\" class=\"wp-image-2878\" srcset=\"https:\/\/nahuelproducciones.com.ar\/radioquijano\/wp-content\/uploads\/2022\/06\/284206416_737814774030462_9090078729587521993_n-1024x473.png 1024w, https:\/\/nahuelproducciones.com.ar\/radioquijano\/wp-content\/uploads\/2022\/06\/284206416_737814774030462_9090078729587521993_n-300x139.png 300w, https:\/\/nahuelproducciones.com.ar\/radioquijano\/wp-content\/uploads\/2022\/06\/284206416_737814774030462_9090078729587521993_n-768x355.png 768w, https:\/\/nahuelproducciones.com.ar\/radioquijano\/wp-content\/uploads\/2022\/06\/284206416_737814774030462_9090078729587521993_n-150x69.png 150w, https:\/\/nahuelproducciones.com.ar\/radioquijano\/wp-content\/uploads\/2022\/06\/284206416_737814774030462_9090078729587521993_n.png 1385w\" sizes=\"auto, (max-width: 1024px) 100vw, 1024px\" \/><\/figure>\n\n\n\n<p><a href=\"https:\/\/nahuelproducciones.com.ar\/index.php\/rq999\" target=\"_blank\" rel=\"noreferrer noopener\">#RQ99.9Mhz<\/a>\u00a0<a href=\"https:\/\/nahuelproducciones.com.ar\/\" target=\"_blank\" rel=\"noreferrer noopener\">#CAMPOQUIJANO<\/a><\/p>\n","protected":false},"excerpt":{"rendered":"<p>El presidente del Centro de Jubilados y Pensionados \u00abEl Portal de los Andes\u00bb de Campo Quijano junto a la Secretaria Administrativa se mostraron molestos ante los dichos del Ejecutivo Municipal en el muro de facebook del Municipio de Campo Quijano. De acuerdo a la informaci\u00f3n que brinda la Municipalidad en su perfil, Folloni menciona haber [&hellip;]<\/p>\n","protected":false},"author":8,"featured_media":2876,"comment_status":"open","ping_status":"open","sticky":false,"template":"","format":"standard","meta":{"_monsterinsights_skip_tracking":false,"_monsterinsights_sitenote_active":false,"_monsterinsights_sitenote_note":"","_monsterinsights_sitenote_category":0,"footnotes":""},"categories":[16],"tags":[115,334,36,58,124,71,100],"class_list":["post-2870","post","type-post","status-publish","format-standard","has-post-thumbnail","hentry","category-noticias","tag-alejandra-guantay","tag-amalio-copa","tag-campo-quijano","tag-carlos-folloni","tag-centro-de-jubilados-y-pensionados-el-portal-de-los-andes","tag-municipalidad-de-campo-quijano","tag-municipio-de-campo-quijano"],"yoast_head":"<!-- This site is optimized with the Yoast SEO plugin v20.8 - https:\/\/yoast.com\/wordpress\/plugins\/seo\/ -->\n<title>Fuerte malestar contra el Intendente Carlos Folloni por declaraciones imprecisas. - RQ 99.9<\/title>\n<meta name=\"description\" content=\"La Comisi\u00f3n se sinti\u00f3 mal ante declaraciones del Intendente Carlos Folloni que no condicen con la realidad.\" \/>\n<meta name=\"robots\" content=\"index, follow, max-snippet:-1, max-image-preview:large, max-video-preview:-1\" \/>\n<link rel=\"canonical\" href=\"https:\/\/nahuelproducciones.com.ar\/radioquijano\/fuerte-malestar-contra-el-intendente-carlos-folloni-por-declaraciones-imprecisas\/\" \/>\n<meta property=\"og:locale\" content=\"es_ES\" \/>\n<meta property=\"og:type\" content=\"article\" \/>\n<meta property=\"og:title\" content=\"Fuerte malestar contra el Intendente Carlos Folloni por declaraciones imprecisas. - RQ 99.9\" \/>\n<meta property=\"og:description\" content=\"La Comisi\u00f3n se sinti\u00f3 mal ante declaraciones del Intendente Carlos Folloni que no condicen con la realidad.\" \/>\n<meta property=\"og:url\" content=\"https:\/\/nahuelproducciones.com.ar\/radioquijano\/fuerte-malestar-contra-el-intendente-carlos-folloni-por-declaraciones-imprecisas\/\" \/>\n<meta property=\"og:site_name\" content=\"RQ 99.9\" \/>\n<meta property=\"article:publisher\" content=\"https:\/\/www.facebook.com\/nahuelproducciones999\/\" \/>\n<meta property=\"article:published_time\" content=\"2022-06-30T04:30:11+00:00\" \/>\n<meta property=\"article:modified_time\" content=\"2022-07-05T00:40:48+00:00\" \/>\n<meta property=\"og:image\" content=\"https:\/\/nahuelproducciones.com.ar\/radioquijano\/wp-content\/uploads\/2022\/06\/289040163_1087201688820744_6956263757909281600_n.png\" \/>\n\t<meta property=\"og:image:width\" content=\"700\" \/>\n\t<meta property=\"og:image:height\" content=\"323\" \/>\n\t<meta property=\"og:image:type\" content=\"image\/png\" \/>\n<meta name=\"author\" content=\"Cecilia Pastrana\" \/>\n<meta name=\"twitter:card\" content=\"summary_large_image\" \/>\n<meta name=\"twitter:creator\" content=\"@nahuproduciones\" \/>\n<meta name=\"twitter:site\" content=\"@nahuproduciones\" \/>\n<meta name=\"twitter:label1\" content=\"Escrito por\" \/>\n\t<meta name=\"twitter:data1\" content=\"Cecilia Pastrana\" \/>\n\t<meta name=\"twitter:label2\" content=\"Tiempo de lectura\" \/>\n\t<meta name=\"twitter:data2\" content=\"2 minutos\" \/>\n<script type=\"application\/ld+json\" class=\"yoast-schema-graph\">{\"@context\":\"https:\/\/schema.org\",\"@graph\":[{\"@type\":\"WebPage\",\"@id\":\"https:\/\/nahuelproducciones.com.ar\/radioquijano\/fuerte-malestar-contra-el-intendente-carlos-folloni-por-declaraciones-imprecisas\/\",\"url\":\"https:\/\/nahuelproducciones.com.ar\/radioquijano\/fuerte-malestar-contra-el-intendente-carlos-folloni-por-declaraciones-imprecisas\/\",\"name\":\"Fuerte malestar contra el Intendente Carlos Folloni por declaraciones imprecisas. - RQ 99.9\",\"isPartOf\":{\"@id\":\"https:\/\/nahuelproducciones.com.ar\/radioquijano\/#website\"},\"datePublished\":\"2022-06-30T04:30:11+00:00\",\"dateModified\":\"2022-07-05T00:40:48+00:00\",\"author\":{\"@id\":\"https:\/\/nahuelproducciones.com.ar\/radioquijano\/#\/schema\/person\/e8a4f939e2cb487fe6d0c54042c9d32c\"},\"description\":\"La Comisi\u00f3n se sinti\u00f3 mal ante declaraciones del Intendente Carlos Folloni que no condicen con la realidad.\",\"breadcrumb\":{\"@id\":\"https:\/\/nahuelproducciones.com.ar\/radioquijano\/fuerte-malestar-contra-el-intendente-carlos-folloni-por-declaraciones-imprecisas\/#breadcrumb\"},\"inLanguage\":\"es\",\"potentialAction\":[{\"@type\":\"ReadAction\",\"target\":[\"https:\/\/nahuelproducciones.com.ar\/radioquijano\/fuerte-malestar-contra-el-intendente-carlos-folloni-por-declaraciones-imprecisas\/\"]}]},{\"@type\":\"BreadcrumbList\",\"@id\":\"https:\/\/nahuelproducciones.com.ar\/radioquijano\/fuerte-malestar-contra-el-intendente-carlos-folloni-por-declaraciones-imprecisas\/#breadcrumb\",\"itemListElement\":[{\"@type\":\"ListItem\",\"position\":1,\"name\":\"Portada\",\"item\":\"https:\/\/nahuelproducciones.com.ar\/radioquijano\/\"},{\"@type\":\"ListItem\",\"position\":2,\"name\":\"Fuerte malestar contra el Intendente Carlos Folloni por declaraciones imprecisas.\"}]},{\"@type\":\"WebSite\",\"@id\":\"https:\/\/nahuelproducciones.com.ar\/radioquijano\/#website\",\"url\":\"https:\/\/nahuelproducciones.com.ar\/radioquijano\/\",\"name\":\"RQ 99.9\",\"description\":\"Radio Quijano 99.9 MHz\",\"potentialAction\":[{\"@type\":\"SearchAction\",\"target\":{\"@type\":\"EntryPoint\",\"urlTemplate\":\"https:\/\/nahuelproducciones.com.ar\/radioquijano\/?s={search_term_string}\"},\"query-input\":\"required name=search_term_string\"}],\"inLanguage\":\"es\"},{\"@type\":\"Person\",\"@id\":\"https:\/\/nahuelproducciones.com.ar\/radioquijano\/#\/schema\/person\/e8a4f939e2cb487fe6d0c54042c9d32c\",\"name\":\"Cecilia Pastrana\",\"image\":{\"@type\":\"ImageObject\",\"inLanguage\":\"es\",\"@id\":\"https:\/\/nahuelproducciones.com.ar\/radioquijano\/#\/schema\/person\/image\/\",\"url\":\"https:\/\/secure.gravatar.com\/avatar\/661a3ef63a8488d4f2794ed44af8cf71420f7e106f3072c40125114df5157749?s=96&d=mm&r=g\",\"contentUrl\":\"https:\/\/secure.gravatar.com\/avatar\/661a3ef63a8488d4f2794ed44af8cf71420f7e106f3072c40125114df5157749?s=96&d=mm&r=g\",\"caption\":\"Cecilia Pastrana\"},\"sameAs\":[\"cecy\"],\"url\":\"https:\/\/nahuelproducciones.com.ar\/radioquijano\/author\/cecy\/\"}]}<\/script>\n<!-- \/ Yoast SEO plugin. -->","yoast_head_json":{"title":"Fuerte malestar contra el Intendente Carlos Folloni por declaraciones imprecisas. - RQ 99.9","description":"La Comisi\u00f3n se sinti\u00f3 mal ante declaraciones del Intendente Carlos Folloni que no condicen con la realidad.","robots":{"index":"index","follow":"follow","max-snippet":"max-snippet:-1","max-image-preview":"max-image-preview:large","max-video-preview":"max-video-preview:-1"},"canonical":"https:\/\/nahuelproducciones.com.ar\/radioquijano\/fuerte-malestar-contra-el-intendente-carlos-folloni-por-declaraciones-imprecisas\/","og_locale":"es_ES","og_type":"article","og_title":"Fuerte malestar contra el Intendente Carlos Folloni por declaraciones imprecisas. - RQ 99.9","og_description":"La Comisi\u00f3n se sinti\u00f3 mal ante declaraciones del Intendente Carlos Folloni que no condicen con la realidad.","og_url":"https:\/\/nahuelproducciones.com.ar\/radioquijano\/fuerte-malestar-contra-el-intendente-carlos-folloni-por-declaraciones-imprecisas\/","og_site_name":"RQ 99.9","article_publisher":"https:\/\/www.facebook.com\/nahuelproducciones999\/","article_published_time":"2022-06-30T04:30:11+00:00","article_modified_time":"2022-07-05T00:40:48+00:00","og_image":[{"width":700,"height":323,"url":"https:\/\/nahuelproducciones.com.ar\/radioquijano\/wp-content\/uploads\/2022\/06\/289040163_1087201688820744_6956263757909281600_n.png","type":"image\/png"}],"author":"Cecilia Pastrana","twitter_card":"summary_large_image","twitter_creator":"@nahuproduciones","twitter_site":"@nahuproduciones","twitter_misc":{"Escrito por":"Cecilia Pastrana","Tiempo de lectura":"2 minutos"},"schema":{"@context":"https:\/\/schema.org","@graph":[{"@type":"WebPage","@id":"https:\/\/nahuelproducciones.com.ar\/radioquijano\/fuerte-malestar-contra-el-intendente-carlos-folloni-por-declaraciones-imprecisas\/","url":"https:\/\/nahuelproducciones.com.ar\/radioquijano\/fuerte-malestar-contra-el-intendente-carlos-folloni-por-declaraciones-imprecisas\/","name":"Fuerte malestar contra el Intendente Carlos Folloni por declaraciones imprecisas. - RQ 99.9","isPartOf":{"@id":"https:\/\/nahuelproducciones.com.ar\/radioquijano\/#website"},"datePublished":"2022-06-30T04:30:11+00:00","dateModified":"2022-07-05T00:40:48+00:00","author":{"@id":"https:\/\/nahuelproducciones.com.ar\/radioquijano\/#\/schema\/person\/e8a4f939e2cb487fe6d0c54042c9d32c"},"description":"La Comisi\u00f3n se sinti\u00f3 mal ante declaraciones del Intendente Carlos Folloni que no condicen con la realidad.","breadcrumb":{"@id":"https:\/\/nahuelproducciones.com.ar\/radioquijano\/fuerte-malestar-contra-el-intendente-carlos-folloni-por-declaraciones-imprecisas\/#breadcrumb"},"inLanguage":"es","potentialAction":[{"@type":"ReadAction","target":["https:\/\/nahuelproducciones.com.ar\/radioquijano\/fuerte-malestar-contra-el-intendente-carlos-folloni-por-declaraciones-imprecisas\/"]}]},{"@type":"BreadcrumbList","@id":"https:\/\/nahuelproducciones.com.ar\/radioquijano\/fuerte-malestar-contra-el-intendente-carlos-folloni-por-declaraciones-imprecisas\/#breadcrumb","itemListElement":[{"@type":"ListItem","position":1,"name":"Portada","item":"https:\/\/nahuelproducciones.com.ar\/radioquijano\/"},{"@type":"ListItem","position":2,"name":"Fuerte malestar contra el Intendente Carlos Folloni por declaraciones imprecisas."}]},{"@type":"WebSite","@id":"https:\/\/nahuelproducciones.com.ar\/radioquijano\/#website","url":"https:\/\/nahuelproducciones.com.ar\/radioquijano\/","name":"RQ 99.9","description":"Radio Quijano 99.9 MHz","potentialAction":[{"@type":"SearchAction","target":{"@type":"EntryPoint","urlTemplate":"https:\/\/nahuelproducciones.com.ar\/radioquijano\/?s={search_term_string}"},"query-input":"required name=search_term_string"}],"inLanguage":"es"},{"@type":"Person","@id":"https:\/\/nahuelproducciones.com.ar\/radioquijano\/#\/schema\/person\/e8a4f939e2cb487fe6d0c54042c9d32c","name":"Cecilia Pastrana","image":{"@type":"ImageObject","inLanguage":"es","@id":"https:\/\/nahuelproducciones.com.ar\/radioquijano\/#\/schema\/person\/image\/","url":"https:\/\/secure.gravatar.com\/avatar\/661a3ef63a8488d4f2794ed44af8cf71420f7e106f3072c40125114df5157749?s=96&d=mm&r=g","contentUrl":"https:\/\/secure.gravatar.com\/avatar\/661a3ef63a8488d4f2794ed44af8cf71420f7e106f3072c40125114df5157749?s=96&d=mm&r=g","caption":"Cecilia Pastrana"},"sameAs":["cecy"],"url":"https:\/\/nahuelproducciones.com.ar\/radioquijano\/author\/cecy\/"}]}},"_links":{"self":[{"href":"https:\/\/nahuelproducciones.com.ar\/radioquijano\/wp-json\/wp\/v2\/posts\/2870","targetHints":{"allow":["GET"]}}],"collection":[{"href":"https:\/\/nahuelproducciones.com.ar\/radioquijano\/wp-json\/wp\/v2\/posts"}],"about":[{"href":"https:\/\/nahuelproducciones.com.ar\/radioquijano\/wp-json\/wp\/v2\/types\/post"}],"author":[{"embeddable":true,"href":"https:\/\/nahuelproducciones.com.ar\/radioquijano\/wp-json\/wp\/v2\/users\/8"}],"replies":[{"embeddable":true,"href":"https:\/\/nahuelproducciones.com.ar\/radioquijano\/wp-json\/wp\/v2\/comments?post=2870"}],"version-history":[{"count":6,"href":"https:\/\/nahuelproducciones.com.ar\/radioquijano\/wp-json\/wp\/v2\/posts\/2870\/revisions"}],"predecessor-version":[{"id":2913,"href":"https:\/\/nahuelproducciones.com.ar\/radioquijano\/wp-json\/wp\/v2\/posts\/2870\/revisions\/2913"}],"wp:featuredmedia":[{"embeddable":true,"href":"https:\/\/nahuelproducciones.com.ar\/radioquijano\/wp-json\/wp\/v2\/media\/2876"}],"wp:attachment":[{"href":"https:\/\/nahuelproducciones.com.ar\/radioquijano\/wp-json\/wp\/v2\/media?parent=2870"}],"wp:term":[{"taxonomy":"category","embeddable":true,"href":"https:\/\/nahuelproducciones.com.ar\/radioquijano\/wp-json\/wp\/v2\/categories?post=2870"},{"taxonomy":"post_tag","embeddable":true,"href":"https:\/\/nahuelproducciones.com.ar\/radioquijano\/wp-json\/wp\/v2\/tags?post=2870"}],"curies":[{"name":"wp","href":"https:\/\/api.w.org\/{rel}","templated":true}]}}