{"id":2889,"date":"2022-07-01T10:14:51","date_gmt":"2022-07-01T13:14:51","guid":{"rendered":"https:\/\/nahuelproducciones.com.ar\/radioquijano\/?p=2889"},"modified":"2022-07-04T21:41:17","modified_gmt":"2022-07-05T00:41:17","slug":"maira-llevo-una-cancion-de-cristian-castro-a-la-voz-argentina","status":"publish","type":"post","link":"https:\/\/nahuelproducciones.com.ar\/radioquijano\/maira-llevo-una-cancion-de-cristian-castro-a-la-voz-argentina\/","title":{"rendered":"Maira llev\u00f3 una canci\u00f3n de Cristian Castro a \u00abLa Voz Argentina\u00bb"},"content":{"rendered":"\n<p><strong>Maira Rossetto<\/strong>&nbsp;(30) no pudo esconder que est\u00e1 enamorada de&nbsp;<strong>Ricardo Montaner<\/strong>&nbsp;al momento de presentarse en las audiciones a ciegas de&nbsp;<em><strong>La Voz Argentina 2022<\/strong><\/em><strong><\/strong>.<\/p>\n\n\n\n<p>La participante es oriunda de&nbsp;<strong>Campo Quijano<\/strong>,&nbsp;<strong>Salta<\/strong>, donde adem\u00e1s de dedicarse a la venta de s\u00e1ndwiches en un local gastron\u00f3mico que tiene con su familia, es concejal. Al dar a conocer su historia de vida, la cantante asegur\u00f3 que por m\u00e1s que quiera sumarse al&nbsp;<em><strong>Team Soledad<\/strong><\/em>, lo que m\u00e1s deseaba hacer era&nbsp;<strong>\u00abconocer a Montaner\u00bb<\/strong>.<\/p>\n\n\n\n<p>La salte\u00f1a interpret\u00f3&nbsp;<em>Si me ves llorar por ti<\/em>, de Cristian Castro, pero lamentablemente&nbsp;<strong>no hizo que Ricardo, Lali, la Sole o Mau y Ricky giraran sus sillas<\/strong>. El mayor de los hijos del cantautor favorito de Maira fue el primero en tomar la palabra para darle una devoluci\u00f3n.<\/p>\n\n\n\n<p>Ricky le pregunt\u00f3 a Maira si vio la temporada pasada de&nbsp;<em>La Voz Argentina<\/em>, y ella admiti\u00f3 -en medio de la emoci\u00f3n por tener enfrente suyo al jurado- su enamoramiento por Montaner.&nbsp;<strong>\u00abAy, perd\u00f3n, pero no puedo dejar de mirar a tu pap\u00e1, lo amo\u00bb<\/strong>, expres\u00f3 la participante.<\/p>\n\n\n\n<div class=\"wp-block-image\"><figure class=\"aligncenter\"><img decoding=\"async\" src=\"https:\/\/telefe-static.akamaized.net\/media\/18236758\/maira.jpg?width=640&amp;mode=crop\" alt=\"\"\/><\/figure><\/div>\n\n\n\n<p><strong>\u00ab\u00a1Hey, es un hombre casado!\u00bb<\/strong>, respondi\u00f3 Ricky, y ante semejante declaraci\u00f3n de amor, Montaner se levant\u00f3 de su silla y se dirigi\u00f3 al escenario para abrazar a su fan\u00e1tica.<\/p>\n\n\n\n<div class=\"wp-block-image\"><figure class=\"aligncenter\"><img decoding=\"async\" src=\"https:\/\/telefe-static.akamaized.net\/media\/18236757\/9513.jpg?width=640&amp;mode=crop\" alt=\"\"\/><\/figure><\/div>\n\n\n\n<p>All\u00ed, Maira le cont\u00f3 a Montaner sobre su vida,&nbsp;aunque asegur\u00f3 que \u00abtemblaba\u00bb al tenerlo all\u00ed a su lado.<\/p>\n\n\n\n<div class=\"wp-block-image\"><figure class=\"aligncenter\"><img decoding=\"async\" src=\"https:\/\/telefe-static.akamaized.net\/media\/18236756\/10626.jpg?width=640&amp;mode=crop\" alt=\"\"\/><\/figure><\/div>\n\n\n\n<p>Yendo al canto, Ricardo le pidi\u00f3 a la salte\u00f1a que se anote en&nbsp;<a href=\"https:\/\/mitelefe.com\/el-regreso\/episodios-2022\/\"><em>El Regreso<\/em><\/a>&nbsp;y que no tome el rechazo como algo negativo.&nbsp;<strong>\u00abMir\u00e1 si voy a tomar como algo negativo esto, \u00a1conoc\u00ed a Montaner!\u00bb<\/strong>, exclam\u00f3 Maira.<\/p>\n\n\n\n<p><strong>\u00ab\u00a1Cumpl\u00ed mi sue\u00f1o de conocer a Ricardo y me est\u00e1 dando la mano!\u00bb<\/strong>, dijo la muchacha salte\u00f1a antes de salir del escenario de&nbsp;<em>La Voz Argentina 2022<\/em>.<\/p>\n\n\n\n<figure class=\"wp-block-embed aligncenter is-type-video is-provider-youtube wp-block-embed-youtube wp-embed-aspect-16-9 wp-has-aspect-ratio\"><div class=\"wp-block-embed__wrapper\">\n<iframe loading=\"lazy\" title=\"Maira Rossetto - \u201cSi me ves llorar por ti\u201d - Audiciones a Ciegas - La Voz Argentina 2022ii\" width=\"640\" height=\"360\" src=\"https:\/\/www.youtube.com\/embed\/Ra-KZtpPJuk?feature=oembed\" frameborder=\"0\" allow=\"accelerometer; autoplay; clipboard-write; encrypted-media; gyroscope; picture-in-picture; web-share\" referrerpolicy=\"strict-origin-when-cross-origin\" allowfullscreen><\/iframe>\n<\/div><figcaption><br>Fuente:<br>Telefe<br>La Voz Argentina<br>Noticias<\/figcaption><\/figure>\n\n\n\n<p><a href=\"https:\/\/nahuelproducciones.com.ar\/index.php\/rq999\" target=\"_blank\" rel=\"noreferrer noopener\">#RQ99.9Mhz<\/a>\u00a0<a href=\"https:\/\/nahuelproducciones.com.ar\/\" target=\"_blank\" rel=\"noreferrer noopener\">#CAMPOQUIJANO<\/a><\/p>\n","protected":false},"excerpt":{"rendered":"<p>Maira Rossetto&nbsp;(30) no pudo esconder que est\u00e1 enamorada de&nbsp;Ricardo Montaner&nbsp;al momento de presentarse en las audiciones a ciegas de&nbsp;La Voz Argentina 2022. La participante es oriunda de&nbsp;Campo Quijano,&nbsp;Salta, donde adem\u00e1s de dedicarse a la venta de s\u00e1ndwiches en un local gastron\u00f3mico que tiene con su familia, es concejal. Al dar a conocer su historia de [&hellip;]<\/p>\n","protected":false},"author":8,"featured_media":2882,"comment_status":"open","ping_status":"open","sticky":false,"template":"","format":"standard","meta":{"_monsterinsights_skip_tracking":false,"_monsterinsights_sitenote_active":false,"_monsterinsights_sitenote_note":"","_monsterinsights_sitenote_category":0,"footnotes":""},"categories":[16],"tags":[36,529,527,528,223,526],"class_list":["post-2889","post","type-post","status-publish","format-standard","has-post-thumbnail","hentry","category-noticias","tag-campo-quijano","tag-cristian-castro","tag-la-voz-argentina","tag-la-voz-argentina-2022","tag-maira-rossetto","tag-telefe"],"yoast_head":"<!-- This site is optimized with the Yoast SEO plugin v20.8 - https:\/\/yoast.com\/wordpress\/plugins\/seo\/ -->\n<title>Maira llev\u00f3 una canci\u00f3n de Cristian Castro a \u00abLa Voz Argentina\u00bb - RQ 99.9<\/title>\n<meta name=\"description\" content=\"cant\u00f3 un tema de Cristian Castro &quot; Si me ves llorar&quot;\" \/>\n<meta name=\"robots\" content=\"index, follow, max-snippet:-1, max-image-preview:large, max-video-preview:-1\" \/>\n<link rel=\"canonical\" href=\"https:\/\/nahuelproducciones.com.ar\/radioquijano\/maira-llevo-una-cancion-de-cristian-castro-a-la-voz-argentina\/\" \/>\n<meta property=\"og:locale\" content=\"es_ES\" \/>\n<meta property=\"og:type\" content=\"article\" \/>\n<meta property=\"og:title\" content=\"Maira llev\u00f3 una canci\u00f3n de Cristian Castro a \u00abLa Voz Argentina\u00bb - RQ 99.9\" \/>\n<meta property=\"og:description\" content=\"cant\u00f3 un tema de Cristian Castro &quot; Si me ves llorar&quot;\" \/>\n<meta property=\"og:url\" content=\"https:\/\/nahuelproducciones.com.ar\/radioquijano\/maira-llevo-una-cancion-de-cristian-castro-a-la-voz-argentina\/\" \/>\n<meta property=\"og:site_name\" content=\"RQ 99.9\" \/>\n<meta property=\"article:publisher\" content=\"https:\/\/www.facebook.com\/nahuelproducciones999\/\" \/>\n<meta property=\"article:published_time\" content=\"2022-07-01T13:14:51+00:00\" \/>\n<meta property=\"article:modified_time\" content=\"2022-07-05T00:41:17+00:00\" \/>\n<meta property=\"og:image\" content=\"https:\/\/nahuelproducciones.com.ar\/radioquijano\/wp-content\/uploads\/2022\/07\/maira-rossetto.jpg\" \/>\n\t<meta property=\"og:image:width\" content=\"640\" \/>\n\t<meta property=\"og:image:height\" content=\"360\" \/>\n\t<meta property=\"og:image:type\" content=\"image\/jpeg\" \/>\n<meta name=\"author\" content=\"Cecilia Pastrana\" \/>\n<meta name=\"twitter:card\" content=\"summary_large_image\" \/>\n<meta name=\"twitter:creator\" content=\"@nahuproduciones\" \/>\n<meta name=\"twitter:site\" content=\"@nahuproduciones\" \/>\n<meta name=\"twitter:label1\" content=\"Escrito por\" \/>\n\t<meta name=\"twitter:data1\" content=\"Cecilia Pastrana\" \/>\n\t<meta name=\"twitter:label2\" content=\"Tiempo de lectura\" \/>\n\t<meta name=\"twitter:data2\" content=\"2 minutos\" \/>\n<script type=\"application\/ld+json\" class=\"yoast-schema-graph\">{\"@context\":\"https:\/\/schema.org\",\"@graph\":[{\"@type\":\"WebPage\",\"@id\":\"https:\/\/nahuelproducciones.com.ar\/radioquijano\/maira-llevo-una-cancion-de-cristian-castro-a-la-voz-argentina\/\",\"url\":\"https:\/\/nahuelproducciones.com.ar\/radioquijano\/maira-llevo-una-cancion-de-cristian-castro-a-la-voz-argentina\/\",\"name\":\"Maira llev\u00f3 una canci\u00f3n de Cristian Castro a \u00abLa Voz Argentina\u00bb - RQ 99.9\",\"isPartOf\":{\"@id\":\"https:\/\/nahuelproducciones.com.ar\/radioquijano\/#website\"},\"datePublished\":\"2022-07-01T13:14:51+00:00\",\"dateModified\":\"2022-07-05T00:41:17+00:00\",\"author\":{\"@id\":\"https:\/\/nahuelproducciones.com.ar\/radioquijano\/#\/schema\/person\/e8a4f939e2cb487fe6d0c54042c9d32c\"},\"description\":\"cant\u00f3 un tema de Cristian Castro \\\" Si me ves llorar\\\"\",\"breadcrumb\":{\"@id\":\"https:\/\/nahuelproducciones.com.ar\/radioquijano\/maira-llevo-una-cancion-de-cristian-castro-a-la-voz-argentina\/#breadcrumb\"},\"inLanguage\":\"es\",\"potentialAction\":[{\"@type\":\"ReadAction\",\"target\":[\"https:\/\/nahuelproducciones.com.ar\/radioquijano\/maira-llevo-una-cancion-de-cristian-castro-a-la-voz-argentina\/\"]}]},{\"@type\":\"BreadcrumbList\",\"@id\":\"https:\/\/nahuelproducciones.com.ar\/radioquijano\/maira-llevo-una-cancion-de-cristian-castro-a-la-voz-argentina\/#breadcrumb\",\"itemListElement\":[{\"@type\":\"ListItem\",\"position\":1,\"name\":\"Portada\",\"item\":\"https:\/\/nahuelproducciones.com.ar\/radioquijano\/\"},{\"@type\":\"ListItem\",\"position\":2,\"name\":\"Maira llev\u00f3 una canci\u00f3n de Cristian Castro a \u00abLa Voz Argentina\u00bb\"}]},{\"@type\":\"WebSite\",\"@id\":\"https:\/\/nahuelproducciones.com.ar\/radioquijano\/#website\",\"url\":\"https:\/\/nahuelproducciones.com.ar\/radioquijano\/\",\"name\":\"RQ 99.9\",\"description\":\"Radio Quijano 99.9 MHz\",\"potentialAction\":[{\"@type\":\"SearchAction\",\"target\":{\"@type\":\"EntryPoint\",\"urlTemplate\":\"https:\/\/nahuelproducciones.com.ar\/radioquijano\/?s={search_term_string}\"},\"query-input\":\"required name=search_term_string\"}],\"inLanguage\":\"es\"},{\"@type\":\"Person\",\"@id\":\"https:\/\/nahuelproducciones.com.ar\/radioquijano\/#\/schema\/person\/e8a4f939e2cb487fe6d0c54042c9d32c\",\"name\":\"Cecilia Pastrana\",\"image\":{\"@type\":\"ImageObject\",\"inLanguage\":\"es\",\"@id\":\"https:\/\/nahuelproducciones.com.ar\/radioquijano\/#\/schema\/person\/image\/\",\"url\":\"https:\/\/secure.gravatar.com\/avatar\/661a3ef63a8488d4f2794ed44af8cf71420f7e106f3072c40125114df5157749?s=96&d=mm&r=g\",\"contentUrl\":\"https:\/\/secure.gravatar.com\/avatar\/661a3ef63a8488d4f2794ed44af8cf71420f7e106f3072c40125114df5157749?s=96&d=mm&r=g\",\"caption\":\"Cecilia Pastrana\"},\"sameAs\":[\"cecy\"],\"url\":\"https:\/\/nahuelproducciones.com.ar\/radioquijano\/author\/cecy\/\"}]}<\/script>\n<!-- \/ Yoast SEO plugin. -->","yoast_head_json":{"title":"Maira llev\u00f3 una canci\u00f3n de Cristian Castro a \u00abLa Voz Argentina\u00bb - RQ 99.9","description":"cant\u00f3 un tema de Cristian Castro \" Si me ves llorar\"","robots":{"index":"index","follow":"follow","max-snippet":"max-snippet:-1","max-image-preview":"max-image-preview:large","max-video-preview":"max-video-preview:-1"},"canonical":"https:\/\/nahuelproducciones.com.ar\/radioquijano\/maira-llevo-una-cancion-de-cristian-castro-a-la-voz-argentina\/","og_locale":"es_ES","og_type":"article","og_title":"Maira llev\u00f3 una canci\u00f3n de Cristian Castro a \u00abLa Voz Argentina\u00bb - RQ 99.9","og_description":"cant\u00f3 un tema de Cristian Castro \" Si me ves llorar\"","og_url":"https:\/\/nahuelproducciones.com.ar\/radioquijano\/maira-llevo-una-cancion-de-cristian-castro-a-la-voz-argentina\/","og_site_name":"RQ 99.9","article_publisher":"https:\/\/www.facebook.com\/nahuelproducciones999\/","article_published_time":"2022-07-01T13:14:51+00:00","article_modified_time":"2022-07-05T00:41:17+00:00","og_image":[{"width":640,"height":360,"url":"https:\/\/nahuelproducciones.com.ar\/radioquijano\/wp-content\/uploads\/2022\/07\/maira-rossetto.jpg","type":"image\/jpeg"}],"author":"Cecilia Pastrana","twitter_card":"summary_large_image","twitter_creator":"@nahuproduciones","twitter_site":"@nahuproduciones","twitter_misc":{"Escrito por":"Cecilia Pastrana","Tiempo de lectura":"2 minutos"},"schema":{"@context":"https:\/\/schema.org","@graph":[{"@type":"WebPage","@id":"https:\/\/nahuelproducciones.com.ar\/radioquijano\/maira-llevo-una-cancion-de-cristian-castro-a-la-voz-argentina\/","url":"https:\/\/nahuelproducciones.com.ar\/radioquijano\/maira-llevo-una-cancion-de-cristian-castro-a-la-voz-argentina\/","name":"Maira llev\u00f3 una canci\u00f3n de Cristian Castro a \u00abLa Voz Argentina\u00bb - RQ 99.9","isPartOf":{"@id":"https:\/\/nahuelproducciones.com.ar\/radioquijano\/#website"},"datePublished":"2022-07-01T13:14:51+00:00","dateModified":"2022-07-05T00:41:17+00:00","author":{"@id":"https:\/\/nahuelproducciones.com.ar\/radioquijano\/#\/schema\/person\/e8a4f939e2cb487fe6d0c54042c9d32c"},"description":"cant\u00f3 un tema de Cristian Castro \" Si me ves llorar\"","breadcrumb":{"@id":"https:\/\/nahuelproducciones.com.ar\/radioquijano\/maira-llevo-una-cancion-de-cristian-castro-a-la-voz-argentina\/#breadcrumb"},"inLanguage":"es","potentialAction":[{"@type":"ReadAction","target":["https:\/\/nahuelproducciones.com.ar\/radioquijano\/maira-llevo-una-cancion-de-cristian-castro-a-la-voz-argentina\/"]}]},{"@type":"BreadcrumbList","@id":"https:\/\/nahuelproducciones.com.ar\/radioquijano\/maira-llevo-una-cancion-de-cristian-castro-a-la-voz-argentina\/#breadcrumb","itemListElement":[{"@type":"ListItem","position":1,"name":"Portada","item":"https:\/\/nahuelproducciones.com.ar\/radioquijano\/"},{"@type":"ListItem","position":2,"name":"Maira llev\u00f3 una canci\u00f3n de Cristian Castro a \u00abLa Voz Argentina\u00bb"}]},{"@type":"WebSite","@id":"https:\/\/nahuelproducciones.com.ar\/radioquijano\/#website","url":"https:\/\/nahuelproducciones.com.ar\/radioquijano\/","name":"RQ 99.9","description":"Radio Quijano 99.9 MHz","potentialAction":[{"@type":"SearchAction","target":{"@type":"EntryPoint","urlTemplate":"https:\/\/nahuelproducciones.com.ar\/radioquijano\/?s={search_term_string}"},"query-input":"required name=search_term_string"}],"inLanguage":"es"},{"@type":"Person","@id":"https:\/\/nahuelproducciones.com.ar\/radioquijano\/#\/schema\/person\/e8a4f939e2cb487fe6d0c54042c9d32c","name":"Cecilia Pastrana","image":{"@type":"ImageObject","inLanguage":"es","@id":"https:\/\/nahuelproducciones.com.ar\/radioquijano\/#\/schema\/person\/image\/","url":"https:\/\/secure.gravatar.com\/avatar\/661a3ef63a8488d4f2794ed44af8cf71420f7e106f3072c40125114df5157749?s=96&d=mm&r=g","contentUrl":"https:\/\/secure.gravatar.com\/avatar\/661a3ef63a8488d4f2794ed44af8cf71420f7e106f3072c40125114df5157749?s=96&d=mm&r=g","caption":"Cecilia Pastrana"},"sameAs":["cecy"],"url":"https:\/\/nahuelproducciones.com.ar\/radioquijano\/author\/cecy\/"}]}},"_links":{"self":[{"href":"https:\/\/nahuelproducciones.com.ar\/radioquijano\/wp-json\/wp\/v2\/posts\/2889","targetHints":{"allow":["GET"]}}],"collection":[{"href":"https:\/\/nahuelproducciones.com.ar\/radioquijano\/wp-json\/wp\/v2\/posts"}],"about":[{"href":"https:\/\/nahuelproducciones.com.ar\/radioquijano\/wp-json\/wp\/v2\/types\/post"}],"author":[{"embeddable":true,"href":"https:\/\/nahuelproducciones.com.ar\/radioquijano\/wp-json\/wp\/v2\/users\/8"}],"replies":[{"embeddable":true,"href":"https:\/\/nahuelproducciones.com.ar\/radioquijano\/wp-json\/wp\/v2\/comments?post=2889"}],"version-history":[{"count":4,"href":"https:\/\/nahuelproducciones.com.ar\/radioquijano\/wp-json\/wp\/v2\/posts\/2889\/revisions"}],"predecessor-version":[{"id":2914,"href":"https:\/\/nahuelproducciones.com.ar\/radioquijano\/wp-json\/wp\/v2\/posts\/2889\/revisions\/2914"}],"wp:featuredmedia":[{"embeddable":true,"href":"https:\/\/nahuelproducciones.com.ar\/radioquijano\/wp-json\/wp\/v2\/media\/2882"}],"wp:attachment":[{"href":"https:\/\/nahuelproducciones.com.ar\/radioquijano\/wp-json\/wp\/v2\/media?parent=2889"}],"wp:term":[{"taxonomy":"category","embeddable":true,"href":"https:\/\/nahuelproducciones.com.ar\/radioquijano\/wp-json\/wp\/v2\/categories?post=2889"},{"taxonomy":"post_tag","embeddable":true,"href":"https:\/\/nahuelproducciones.com.ar\/radioquijano\/wp-json\/wp\/v2\/tags?post=2889"}],"curies":[{"name":"wp","href":"https:\/\/api.w.org\/{rel}","templated":true}]}}