{"id":2903,"date":"2022-07-04T11:18:22","date_gmt":"2022-07-04T14:18:22","guid":{"rendered":"https:\/\/nahuelproducciones.com.ar\/radioquijano\/?p=2903"},"modified":"2022-07-04T21:41:46","modified_gmt":"2022-07-05T00:41:46","slug":"campo-quijano-investigadores-detuvieron-a-dos-hombres-por-el-delito-de-abigeato","status":"publish","type":"post","link":"https:\/\/nahuelproducciones.com.ar\/radioquijano\/campo-quijano-investigadores-detuvieron-a-dos-hombres-por-el-delito-de-abigeato\/","title":{"rendered":"Campo Quijano :Investigadores detuvieron a dos hombres por el delito de abigeato"},"content":{"rendered":"\n<p id=\"viewer-foo\">Efectivos del Grupo Investigativo del Sector 82AB llevaron a cabo un allanamiento en una finca de Campo Quijano donde procedieron a la detenci\u00f3n de dos sujetos involucrados en la sustracci\u00f3n y faenamiento clandestino de un animal vacuno.<\/p>\n\n\n\n<p id=\"viewer-8inar\">La investigaci\u00f3n inici\u00f3 con la denuncia de un vecino de la Localidad de Campo Quijano, quien daba cuenta de haber encontrado los restos de un novillo que le pertenec\u00eda, el que aparentemente habr\u00eda sido sustra\u00eddo d\u00edas atr\u00e1s y por esta raz\u00f3n no pod\u00eda hallarlo.<\/p>\n\n\n\n<p id=\"viewer-d37lj\">Personal del Grupo Investigativo del Sector N\u00b0 82 realiz\u00f3 las averiguaciones tendientes a esclarecer lo sucedido, logrando individualizar a dos j\u00f3venes quienes ser\u00edan los presuntos responsables del hecho investigado.<\/p>\n\n\n\n<p id=\"viewer-3dva0\">Habiendo reunido los datos necesarios, se solicit\u00f3 a la Fiscal\u00eda Penal de Rosario de Lerma y el Juzgado de Garant\u00edas en turno la emisi\u00f3n de la correspondiente orden de allanamiento para las viviendas de los investigados.<\/p>\n\n\n\n<p id=\"viewer-44e1h\">Dicha disposici\u00f3n se cumpli\u00f3, logrando aprehender a dos hombres de 24 y 21 a\u00f1os de edad, procediendo adem\u00e1s al secuestro de dispositivos telef\u00f3nicos, elementos para faenar, producto c\u00e1rnico disecado y otros elementos \u00fatiles para la causa.<\/p>\n\n\n\n<p id=\"viewer-dncs1\">Los detenidos y elementos secuestrados quedaron a disposici\u00f3n de la Justicia.<\/p>\n\n\n\n<p><a href=\"https:\/\/nahuelproducciones.com.ar\/index.php\/rq999\" target=\"_blank\" rel=\"noreferrer noopener\">#RQ99.9Mhz<\/a>\u00a0<a href=\"https:\/\/nahuelproducciones.com.ar\/\" target=\"_blank\" rel=\"noreferrer noopener\">#CAMPOQUIJANO<\/a><\/p>\n","protected":false},"excerpt":{"rendered":"<p>Efectivos del Grupo Investigativo del Sector 82AB llevaron a cabo un allanamiento en una finca de Campo Quijano donde procedieron a la detenci\u00f3n de dos sujetos involucrados en la sustracci\u00f3n y faenamiento clandestino de un animal vacuno. La investigaci\u00f3n inici\u00f3 con la denuncia de un vecino de la Localidad de Campo Quijano, quien daba cuenta [&hellip;]<\/p>\n","protected":false},"author":8,"featured_media":2904,"comment_status":"open","ping_status":"open","sticky":false,"template":"","format":"standard","meta":{"_monsterinsights_skip_tracking":false,"_monsterinsights_sitenote_active":false,"_monsterinsights_sitenote_note":"","_monsterinsights_sitenote_category":0,"footnotes":""},"categories":[16],"tags":[36,530],"class_list":["post-2903","post","type-post","status-publish","format-standard","has-post-thumbnail","hentry","category-noticias","tag-campo-quijano","tag-grupo-investigativo-del-sector-82ab"],"yoast_head":"<!-- This site is optimized with the Yoast SEO plugin v20.8 - https:\/\/yoast.com\/wordpress\/plugins\/seo\/ -->\n<title>Campo Quijano :Investigadores detuvieron a dos hombres por el delito de abigeato - RQ 99.9<\/title>\n<meta name=\"description\" content=\"Los detenidos y elementos secuestrados quedaron a disposici\u00f3n de la Justicia.\" \/>\n<meta name=\"robots\" content=\"index, follow, max-snippet:-1, max-image-preview:large, max-video-preview:-1\" \/>\n<link rel=\"canonical\" href=\"https:\/\/nahuelproducciones.com.ar\/radioquijano\/campo-quijano-investigadores-detuvieron-a-dos-hombres-por-el-delito-de-abigeato\/\" \/>\n<meta property=\"og:locale\" content=\"es_ES\" \/>\n<meta property=\"og:type\" content=\"article\" \/>\n<meta property=\"og:title\" content=\"Campo Quijano :Investigadores detuvieron a dos hombres por el delito de abigeato - RQ 99.9\" \/>\n<meta property=\"og:description\" content=\"Los detenidos y elementos secuestrados quedaron a disposici\u00f3n de la Justicia.\" \/>\n<meta property=\"og:url\" content=\"https:\/\/nahuelproducciones.com.ar\/radioquijano\/campo-quijano-investigadores-detuvieron-a-dos-hombres-por-el-delito-de-abigeato\/\" \/>\n<meta property=\"og:site_name\" content=\"RQ 99.9\" \/>\n<meta property=\"article:publisher\" content=\"https:\/\/www.facebook.com\/nahuelproducciones999\/\" \/>\n<meta property=\"article:published_time\" content=\"2022-07-04T14:18:22+00:00\" \/>\n<meta property=\"article:modified_time\" content=\"2022-07-05T00:41:46+00:00\" \/>\n<meta property=\"og:image\" content=\"https:\/\/nahuelproducciones.com.ar\/radioquijano\/wp-content\/uploads\/2022\/07\/campo-quijjano-faenaron.webp\" \/>\n\t<meta property=\"og:image:width\" content=\"740\" \/>\n\t<meta property=\"og:image:height\" content=\"556\" \/>\n\t<meta property=\"og:image:type\" content=\"image\/webp\" \/>\n<meta name=\"author\" content=\"Cecilia Pastrana\" \/>\n<meta name=\"twitter:card\" content=\"summary_large_image\" \/>\n<meta name=\"twitter:creator\" content=\"@nahuproduciones\" \/>\n<meta name=\"twitter:site\" content=\"@nahuproduciones\" \/>\n<meta name=\"twitter:label1\" content=\"Escrito por\" \/>\n\t<meta name=\"twitter:data1\" content=\"Cecilia Pastrana\" \/>\n\t<meta name=\"twitter:label2\" content=\"Tiempo de lectura\" \/>\n\t<meta name=\"twitter:data2\" content=\"1 minuto\" \/>\n<script type=\"application\/ld+json\" class=\"yoast-schema-graph\">{\"@context\":\"https:\/\/schema.org\",\"@graph\":[{\"@type\":\"WebPage\",\"@id\":\"https:\/\/nahuelproducciones.com.ar\/radioquijano\/campo-quijano-investigadores-detuvieron-a-dos-hombres-por-el-delito-de-abigeato\/\",\"url\":\"https:\/\/nahuelproducciones.com.ar\/radioquijano\/campo-quijano-investigadores-detuvieron-a-dos-hombres-por-el-delito-de-abigeato\/\",\"name\":\"Campo Quijano :Investigadores detuvieron a dos hombres por el delito de abigeato - RQ 99.9\",\"isPartOf\":{\"@id\":\"https:\/\/nahuelproducciones.com.ar\/radioquijano\/#website\"},\"datePublished\":\"2022-07-04T14:18:22+00:00\",\"dateModified\":\"2022-07-05T00:41:46+00:00\",\"author\":{\"@id\":\"https:\/\/nahuelproducciones.com.ar\/radioquijano\/#\/schema\/person\/e8a4f939e2cb487fe6d0c54042c9d32c\"},\"description\":\"Los detenidos y elementos secuestrados quedaron a disposici\u00f3n de la Justicia.\",\"breadcrumb\":{\"@id\":\"https:\/\/nahuelproducciones.com.ar\/radioquijano\/campo-quijano-investigadores-detuvieron-a-dos-hombres-por-el-delito-de-abigeato\/#breadcrumb\"},\"inLanguage\":\"es\",\"potentialAction\":[{\"@type\":\"ReadAction\",\"target\":[\"https:\/\/nahuelproducciones.com.ar\/radioquijano\/campo-quijano-investigadores-detuvieron-a-dos-hombres-por-el-delito-de-abigeato\/\"]}]},{\"@type\":\"BreadcrumbList\",\"@id\":\"https:\/\/nahuelproducciones.com.ar\/radioquijano\/campo-quijano-investigadores-detuvieron-a-dos-hombres-por-el-delito-de-abigeato\/#breadcrumb\",\"itemListElement\":[{\"@type\":\"ListItem\",\"position\":1,\"name\":\"Portada\",\"item\":\"https:\/\/nahuelproducciones.com.ar\/radioquijano\/\"},{\"@type\":\"ListItem\",\"position\":2,\"name\":\"Campo Quijano :Investigadores detuvieron a dos hombres por el delito de abigeato\"}]},{\"@type\":\"WebSite\",\"@id\":\"https:\/\/nahuelproducciones.com.ar\/radioquijano\/#website\",\"url\":\"https:\/\/nahuelproducciones.com.ar\/radioquijano\/\",\"name\":\"RQ 99.9\",\"description\":\"Radio Quijano 99.9 MHz\",\"potentialAction\":[{\"@type\":\"SearchAction\",\"target\":{\"@type\":\"EntryPoint\",\"urlTemplate\":\"https:\/\/nahuelproducciones.com.ar\/radioquijano\/?s={search_term_string}\"},\"query-input\":\"required name=search_term_string\"}],\"inLanguage\":\"es\"},{\"@type\":\"Person\",\"@id\":\"https:\/\/nahuelproducciones.com.ar\/radioquijano\/#\/schema\/person\/e8a4f939e2cb487fe6d0c54042c9d32c\",\"name\":\"Cecilia Pastrana\",\"image\":{\"@type\":\"ImageObject\",\"inLanguage\":\"es\",\"@id\":\"https:\/\/nahuelproducciones.com.ar\/radioquijano\/#\/schema\/person\/image\/\",\"url\":\"https:\/\/secure.gravatar.com\/avatar\/661a3ef63a8488d4f2794ed44af8cf71420f7e106f3072c40125114df5157749?s=96&d=mm&r=g\",\"contentUrl\":\"https:\/\/secure.gravatar.com\/avatar\/661a3ef63a8488d4f2794ed44af8cf71420f7e106f3072c40125114df5157749?s=96&d=mm&r=g\",\"caption\":\"Cecilia Pastrana\"},\"sameAs\":[\"cecy\"],\"url\":\"https:\/\/nahuelproducciones.com.ar\/radioquijano\/author\/cecy\/\"}]}<\/script>\n<!-- \/ Yoast SEO plugin. -->","yoast_head_json":{"title":"Campo Quijano :Investigadores detuvieron a dos hombres por el delito de abigeato - RQ 99.9","description":"Los detenidos y elementos secuestrados quedaron a disposici\u00f3n de la Justicia.","robots":{"index":"index","follow":"follow","max-snippet":"max-snippet:-1","max-image-preview":"max-image-preview:large","max-video-preview":"max-video-preview:-1"},"canonical":"https:\/\/nahuelproducciones.com.ar\/radioquijano\/campo-quijano-investigadores-detuvieron-a-dos-hombres-por-el-delito-de-abigeato\/","og_locale":"es_ES","og_type":"article","og_title":"Campo Quijano :Investigadores detuvieron a dos hombres por el delito de abigeato - RQ 99.9","og_description":"Los detenidos y elementos secuestrados quedaron a disposici\u00f3n de la Justicia.","og_url":"https:\/\/nahuelproducciones.com.ar\/radioquijano\/campo-quijano-investigadores-detuvieron-a-dos-hombres-por-el-delito-de-abigeato\/","og_site_name":"RQ 99.9","article_publisher":"https:\/\/www.facebook.com\/nahuelproducciones999\/","article_published_time":"2022-07-04T14:18:22+00:00","article_modified_time":"2022-07-05T00:41:46+00:00","og_image":[{"width":740,"height":556,"url":"https:\/\/nahuelproducciones.com.ar\/radioquijano\/wp-content\/uploads\/2022\/07\/campo-quijjano-faenaron.webp","type":"image\/webp"}],"author":"Cecilia Pastrana","twitter_card":"summary_large_image","twitter_creator":"@nahuproduciones","twitter_site":"@nahuproduciones","twitter_misc":{"Escrito por":"Cecilia Pastrana","Tiempo de lectura":"1 minuto"},"schema":{"@context":"https:\/\/schema.org","@graph":[{"@type":"WebPage","@id":"https:\/\/nahuelproducciones.com.ar\/radioquijano\/campo-quijano-investigadores-detuvieron-a-dos-hombres-por-el-delito-de-abigeato\/","url":"https:\/\/nahuelproducciones.com.ar\/radioquijano\/campo-quijano-investigadores-detuvieron-a-dos-hombres-por-el-delito-de-abigeato\/","name":"Campo Quijano :Investigadores detuvieron a dos hombres por el delito de abigeato - RQ 99.9","isPartOf":{"@id":"https:\/\/nahuelproducciones.com.ar\/radioquijano\/#website"},"datePublished":"2022-07-04T14:18:22+00:00","dateModified":"2022-07-05T00:41:46+00:00","author":{"@id":"https:\/\/nahuelproducciones.com.ar\/radioquijano\/#\/schema\/person\/e8a4f939e2cb487fe6d0c54042c9d32c"},"description":"Los detenidos y elementos secuestrados quedaron a disposici\u00f3n de la Justicia.","breadcrumb":{"@id":"https:\/\/nahuelproducciones.com.ar\/radioquijano\/campo-quijano-investigadores-detuvieron-a-dos-hombres-por-el-delito-de-abigeato\/#breadcrumb"},"inLanguage":"es","potentialAction":[{"@type":"ReadAction","target":["https:\/\/nahuelproducciones.com.ar\/radioquijano\/campo-quijano-investigadores-detuvieron-a-dos-hombres-por-el-delito-de-abigeato\/"]}]},{"@type":"BreadcrumbList","@id":"https:\/\/nahuelproducciones.com.ar\/radioquijano\/campo-quijano-investigadores-detuvieron-a-dos-hombres-por-el-delito-de-abigeato\/#breadcrumb","itemListElement":[{"@type":"ListItem","position":1,"name":"Portada","item":"https:\/\/nahuelproducciones.com.ar\/radioquijano\/"},{"@type":"ListItem","position":2,"name":"Campo Quijano :Investigadores detuvieron a dos hombres por el delito de abigeato"}]},{"@type":"WebSite","@id":"https:\/\/nahuelproducciones.com.ar\/radioquijano\/#website","url":"https:\/\/nahuelproducciones.com.ar\/radioquijano\/","name":"RQ 99.9","description":"Radio Quijano 99.9 MHz","potentialAction":[{"@type":"SearchAction","target":{"@type":"EntryPoint","urlTemplate":"https:\/\/nahuelproducciones.com.ar\/radioquijano\/?s={search_term_string}"},"query-input":"required name=search_term_string"}],"inLanguage":"es"},{"@type":"Person","@id":"https:\/\/nahuelproducciones.com.ar\/radioquijano\/#\/schema\/person\/e8a4f939e2cb487fe6d0c54042c9d32c","name":"Cecilia Pastrana","image":{"@type":"ImageObject","inLanguage":"es","@id":"https:\/\/nahuelproducciones.com.ar\/radioquijano\/#\/schema\/person\/image\/","url":"https:\/\/secure.gravatar.com\/avatar\/661a3ef63a8488d4f2794ed44af8cf71420f7e106f3072c40125114df5157749?s=96&d=mm&r=g","contentUrl":"https:\/\/secure.gravatar.com\/avatar\/661a3ef63a8488d4f2794ed44af8cf71420f7e106f3072c40125114df5157749?s=96&d=mm&r=g","caption":"Cecilia Pastrana"},"sameAs":["cecy"],"url":"https:\/\/nahuelproducciones.com.ar\/radioquijano\/author\/cecy\/"}]}},"_links":{"self":[{"href":"https:\/\/nahuelproducciones.com.ar\/radioquijano\/wp-json\/wp\/v2\/posts\/2903","targetHints":{"allow":["GET"]}}],"collection":[{"href":"https:\/\/nahuelproducciones.com.ar\/radioquijano\/wp-json\/wp\/v2\/posts"}],"about":[{"href":"https:\/\/nahuelproducciones.com.ar\/radioquijano\/wp-json\/wp\/v2\/types\/post"}],"author":[{"embeddable":true,"href":"https:\/\/nahuelproducciones.com.ar\/radioquijano\/wp-json\/wp\/v2\/users\/8"}],"replies":[{"embeddable":true,"href":"https:\/\/nahuelproducciones.com.ar\/radioquijano\/wp-json\/wp\/v2\/comments?post=2903"}],"version-history":[{"count":3,"href":"https:\/\/nahuelproducciones.com.ar\/radioquijano\/wp-json\/wp\/v2\/posts\/2903\/revisions"}],"predecessor-version":[{"id":2915,"href":"https:\/\/nahuelproducciones.com.ar\/radioquijano\/wp-json\/wp\/v2\/posts\/2903\/revisions\/2915"}],"wp:featuredmedia":[{"embeddable":true,"href":"https:\/\/nahuelproducciones.com.ar\/radioquijano\/wp-json\/wp\/v2\/media\/2904"}],"wp:attachment":[{"href":"https:\/\/nahuelproducciones.com.ar\/radioquijano\/wp-json\/wp\/v2\/media?parent=2903"}],"wp:term":[{"taxonomy":"category","embeddable":true,"href":"https:\/\/nahuelproducciones.com.ar\/radioquijano\/wp-json\/wp\/v2\/categories?post=2903"},{"taxonomy":"post_tag","embeddable":true,"href":"https:\/\/nahuelproducciones.com.ar\/radioquijano\/wp-json\/wp\/v2\/tags?post=2903"}],"curies":[{"name":"wp","href":"https:\/\/api.w.org\/{rel}","templated":true}]}}