{"id":2907,"date":"2022-07-04T13:15:06","date_gmt":"2022-07-04T16:15:06","guid":{"rendered":"https:\/\/nahuelproducciones.com.ar\/radioquijano\/?p=2907"},"modified":"2022-07-04T21:42:19","modified_gmt":"2022-07-05T00:42:19","slug":"invitan-a-productores-y-artesanos-a-participar-del-1o-encuentro-de-productos-de-nuestra-tierra","status":"publish","type":"post","link":"https:\/\/nahuelproducciones.com.ar\/radioquijano\/invitan-a-productores-y-artesanos-a-participar-del-1o-encuentro-de-productos-de-nuestra-tierra\/","title":{"rendered":"Invitan a productores y artesanos a participar del 1\u00ba Encuentro de Productos de Nuestra Tierra"},"content":{"rendered":"\n<p>La feria tendr\u00e1 lugar el s\u00e1bado 16 de julio de 09 a 16 en el Estadio Polideportivo Salta (DELMI) &#8211; Ibazeta 1550- con la presencia de productores, artesanos y empresas locales, a fin de que puedan ofrecer de manera directa sus producciones a precios accesibles para los consumidores.<\/p>\n\n\n\n<p>El encuentro, organizado por el&nbsp;<strong>Ministerio de Desarrollo Social<\/strong>&nbsp;a trav\u00e9s de la direcci\u00f3n general de&nbsp;<strong>Desarrollo Socioecon\u00f3mico<\/strong>, busca consolidar los modelos de negocios de productores y artesanos de distintas localidades de la Provincia, acortando los canales de venta y distribuci\u00f3n.<\/p>\n\n\n\n<blockquote class=\"wp-block-quote is-style-default is-layout-flow wp-block-quote-is-layout-flow\"><p>Quienes deseen participar y acceder a m\u00e1s informaci\u00f3n pueden comunicarse con la Direcci\u00f3n de Desarrollo Socioecon\u00f3mico de la Secretar\u00eda de Fortalecimiento Socio Comunitario, a trav\u00e9s del correo electr\u00f3nico: &nbsp;dirdesarrollosocioeco@gmail.com.<\/p><\/blockquote>\n\n\n\n<p>El encuentro les permitir\u00e1 la vinculaci\u00f3n entre peque\u00f1os productores que pueden ser futuros proveedores; ofrecer sus productos a un precio competitivo y justo; acortar la cadena de distribuci\u00f3n y abrir nuevos canales de comercializaci\u00f3n; vincularse con productores de distintos puntos de la provincia y mostrar la creaci\u00f3n de empleo genuino.<\/p>\n\n\n\n<p>Las distintas categor\u00edas de productos que se podr\u00e1n comercializar son:<\/p>\n\n\n\n<p>\u2022 Peque\u00f1os productores de frutas y verduras.<\/p>\n\n\n\n<p>\u2022 Productores de cereales, legumbres, etc.<\/p>\n\n\n\n<p>\u2022 Semillas, frutos secos, aceites de girasol, oliva, etc.<\/p>\n\n\n\n<p>\u2022 Dulces, mermeladas artesanales, dulces de leche, membrillo, mieles, etc.<\/p>\n\n\n\n<p>\u2022 Especies<\/p>\n\n\n\n<p>\u2022 Leches, yogurt, quesos<\/p>\n\n\n\n<p>\u2022 Carnes (cerdo, cordero, cabra, conejo, pollo, vaca, huevos)<\/p>\n\n\n\n<hr class=\"wp-block-separator\"\/>\n\n\n\n<p>Fuente:\u00a0<strong>Secretar\u00eda de Prensa y Comunicaci\u00f3n<\/strong><\/p>\n\n\n\n<p><a href=\"https:\/\/nahuelproducciones.com.ar\/index.php\/rq999\" target=\"_blank\" rel=\"noreferrer noopener\">#RQ99.9Mhz<\/a>\u00a0<a href=\"https:\/\/nahuelproducciones.com.ar\/\" target=\"_blank\" rel=\"noreferrer noopener\">#CAMPOQUIJANO<\/a><\/p>\n","protected":false},"excerpt":{"rendered":"<p>La feria tendr\u00e1 lugar el s\u00e1bado 16 de julio de 09 a 16 en el Estadio Polideportivo Salta (DELMI) &#8211; Ibazeta 1550- con la presencia de productores, artesanos y empresas locales, a fin de que puedan ofrecer de manera directa sus producciones a precios accesibles para los consumidores. El encuentro, organizado por el&nbsp;Ministerio de Desarrollo [&hellip;]<\/p>\n","protected":false},"author":8,"featured_media":2908,"comment_status":"open","ping_status":"open","sticky":false,"template":"","format":"standard","meta":{"_monsterinsights_skip_tracking":false,"_monsterinsights_sitenote_active":false,"_monsterinsights_sitenote_note":"","_monsterinsights_sitenote_category":0,"footnotes":""},"categories":[16],"tags":[531,533,532],"class_list":["post-2907","post","type-post","status-publish","format-standard","has-post-thumbnail","hentry","category-noticias","tag-1o-encuentro-de-productos-de-nuestra-tierra","tag-direccion-general-de-desarrollo-socioeconomico","tag-ministerio-de-desarrollo-social"],"yoast_head":"<!-- This site is optimized with the Yoast SEO plugin v20.8 - https:\/\/yoast.com\/wordpress\/plugins\/seo\/ -->\n<title>Invitan a productores y artesanos a participar del 1\u00ba Encuentro de Productos de Nuestra Tierra - RQ 99.9<\/title>\n<meta name=\"description\" content=\"La feria tendr\u00e1 lugar el s\u00e1bado 16 de julio de 09 a 16 en el Estadio Polideportivo Salta (DELMI) - Ibazeta 1550\" \/>\n<meta name=\"robots\" content=\"index, follow, max-snippet:-1, max-image-preview:large, max-video-preview:-1\" \/>\n<link rel=\"canonical\" href=\"https:\/\/nahuelproducciones.com.ar\/radioquijano\/invitan-a-productores-y-artesanos-a-participar-del-1o-encuentro-de-productos-de-nuestra-tierra\/\" \/>\n<meta property=\"og:locale\" content=\"es_ES\" \/>\n<meta property=\"og:type\" content=\"article\" \/>\n<meta property=\"og:title\" content=\"Invitan a productores y artesanos a participar del 1\u00ba Encuentro de Productos de Nuestra Tierra - RQ 99.9\" \/>\n<meta property=\"og:description\" content=\"La feria tendr\u00e1 lugar el s\u00e1bado 16 de julio de 09 a 16 en el Estadio Polideportivo Salta (DELMI) - Ibazeta 1550\" \/>\n<meta property=\"og:url\" content=\"https:\/\/nahuelproducciones.com.ar\/radioquijano\/invitan-a-productores-y-artesanos-a-participar-del-1o-encuentro-de-productos-de-nuestra-tierra\/\" \/>\n<meta property=\"og:site_name\" content=\"RQ 99.9\" \/>\n<meta property=\"article:publisher\" content=\"https:\/\/www.facebook.com\/nahuelproducciones999\/\" \/>\n<meta property=\"article:published_time\" content=\"2022-07-04T16:15:06+00:00\" \/>\n<meta property=\"article:modified_time\" content=\"2022-07-05T00:42:19+00:00\" \/>\n<meta property=\"og:image\" content=\"https:\/\/nahuelproducciones.com.ar\/radioquijano\/wp-content\/uploads\/2022\/07\/83339-invitan-a-productores-y-artesanos-a-participar-del-1-encuentro-de-productos-de-nuestra-tierra.jpeg\" \/>\n\t<meta property=\"og:image:width\" content=\"560\" \/>\n\t<meta property=\"og:image:height\" content=\"560\" \/>\n\t<meta property=\"og:image:type\" content=\"image\/jpeg\" \/>\n<meta name=\"author\" content=\"Cecilia Pastrana\" \/>\n<meta name=\"twitter:card\" content=\"summary_large_image\" \/>\n<meta name=\"twitter:creator\" content=\"@nahuproduciones\" \/>\n<meta name=\"twitter:site\" content=\"@nahuproduciones\" \/>\n<meta name=\"twitter:label1\" content=\"Escrito por\" \/>\n\t<meta name=\"twitter:data1\" content=\"Cecilia Pastrana\" \/>\n\t<meta name=\"twitter:label2\" content=\"Tiempo de lectura\" \/>\n\t<meta name=\"twitter:data2\" content=\"2 minutos\" \/>\n<script type=\"application\/ld+json\" class=\"yoast-schema-graph\">{\"@context\":\"https:\/\/schema.org\",\"@graph\":[{\"@type\":\"WebPage\",\"@id\":\"https:\/\/nahuelproducciones.com.ar\/radioquijano\/invitan-a-productores-y-artesanos-a-participar-del-1o-encuentro-de-productos-de-nuestra-tierra\/\",\"url\":\"https:\/\/nahuelproducciones.com.ar\/radioquijano\/invitan-a-productores-y-artesanos-a-participar-del-1o-encuentro-de-productos-de-nuestra-tierra\/\",\"name\":\"Invitan a productores y artesanos a participar del 1\u00ba Encuentro de Productos de Nuestra Tierra - RQ 99.9\",\"isPartOf\":{\"@id\":\"https:\/\/nahuelproducciones.com.ar\/radioquijano\/#website\"},\"datePublished\":\"2022-07-04T16:15:06+00:00\",\"dateModified\":\"2022-07-05T00:42:19+00:00\",\"author\":{\"@id\":\"https:\/\/nahuelproducciones.com.ar\/radioquijano\/#\/schema\/person\/e8a4f939e2cb487fe6d0c54042c9d32c\"},\"description\":\"La feria tendr\u00e1 lugar el s\u00e1bado 16 de julio de 09 a 16 en el Estadio Polideportivo Salta (DELMI) - Ibazeta 1550\",\"breadcrumb\":{\"@id\":\"https:\/\/nahuelproducciones.com.ar\/radioquijano\/invitan-a-productores-y-artesanos-a-participar-del-1o-encuentro-de-productos-de-nuestra-tierra\/#breadcrumb\"},\"inLanguage\":\"es\",\"potentialAction\":[{\"@type\":\"ReadAction\",\"target\":[\"https:\/\/nahuelproducciones.com.ar\/radioquijano\/invitan-a-productores-y-artesanos-a-participar-del-1o-encuentro-de-productos-de-nuestra-tierra\/\"]}]},{\"@type\":\"BreadcrumbList\",\"@id\":\"https:\/\/nahuelproducciones.com.ar\/radioquijano\/invitan-a-productores-y-artesanos-a-participar-del-1o-encuentro-de-productos-de-nuestra-tierra\/#breadcrumb\",\"itemListElement\":[{\"@type\":\"ListItem\",\"position\":1,\"name\":\"Portada\",\"item\":\"https:\/\/nahuelproducciones.com.ar\/radioquijano\/\"},{\"@type\":\"ListItem\",\"position\":2,\"name\":\"Invitan a productores y artesanos a participar del 1\u00ba Encuentro de Productos de Nuestra Tierra\"}]},{\"@type\":\"WebSite\",\"@id\":\"https:\/\/nahuelproducciones.com.ar\/radioquijano\/#website\",\"url\":\"https:\/\/nahuelproducciones.com.ar\/radioquijano\/\",\"name\":\"RQ 99.9\",\"description\":\"Radio Quijano 99.9 MHz\",\"potentialAction\":[{\"@type\":\"SearchAction\",\"target\":{\"@type\":\"EntryPoint\",\"urlTemplate\":\"https:\/\/nahuelproducciones.com.ar\/radioquijano\/?s={search_term_string}\"},\"query-input\":\"required name=search_term_string\"}],\"inLanguage\":\"es\"},{\"@type\":\"Person\",\"@id\":\"https:\/\/nahuelproducciones.com.ar\/radioquijano\/#\/schema\/person\/e8a4f939e2cb487fe6d0c54042c9d32c\",\"name\":\"Cecilia Pastrana\",\"image\":{\"@type\":\"ImageObject\",\"inLanguage\":\"es\",\"@id\":\"https:\/\/nahuelproducciones.com.ar\/radioquijano\/#\/schema\/person\/image\/\",\"url\":\"https:\/\/secure.gravatar.com\/avatar\/661a3ef63a8488d4f2794ed44af8cf71420f7e106f3072c40125114df5157749?s=96&d=mm&r=g\",\"contentUrl\":\"https:\/\/secure.gravatar.com\/avatar\/661a3ef63a8488d4f2794ed44af8cf71420f7e106f3072c40125114df5157749?s=96&d=mm&r=g\",\"caption\":\"Cecilia Pastrana\"},\"sameAs\":[\"cecy\"],\"url\":\"https:\/\/nahuelproducciones.com.ar\/radioquijano\/author\/cecy\/\"}]}<\/script>\n<!-- \/ Yoast SEO plugin. -->","yoast_head_json":{"title":"Invitan a productores y artesanos a participar del 1\u00ba Encuentro de Productos de Nuestra Tierra - RQ 99.9","description":"La feria tendr\u00e1 lugar el s\u00e1bado 16 de julio de 09 a 16 en el Estadio Polideportivo Salta (DELMI) - Ibazeta 1550","robots":{"index":"index","follow":"follow","max-snippet":"max-snippet:-1","max-image-preview":"max-image-preview:large","max-video-preview":"max-video-preview:-1"},"canonical":"https:\/\/nahuelproducciones.com.ar\/radioquijano\/invitan-a-productores-y-artesanos-a-participar-del-1o-encuentro-de-productos-de-nuestra-tierra\/","og_locale":"es_ES","og_type":"article","og_title":"Invitan a productores y artesanos a participar del 1\u00ba Encuentro de Productos de Nuestra Tierra - RQ 99.9","og_description":"La feria tendr\u00e1 lugar el s\u00e1bado 16 de julio de 09 a 16 en el Estadio Polideportivo Salta (DELMI) - Ibazeta 1550","og_url":"https:\/\/nahuelproducciones.com.ar\/radioquijano\/invitan-a-productores-y-artesanos-a-participar-del-1o-encuentro-de-productos-de-nuestra-tierra\/","og_site_name":"RQ 99.9","article_publisher":"https:\/\/www.facebook.com\/nahuelproducciones999\/","article_published_time":"2022-07-04T16:15:06+00:00","article_modified_time":"2022-07-05T00:42:19+00:00","og_image":[{"width":560,"height":560,"url":"https:\/\/nahuelproducciones.com.ar\/radioquijano\/wp-content\/uploads\/2022\/07\/83339-invitan-a-productores-y-artesanos-a-participar-del-1-encuentro-de-productos-de-nuestra-tierra.jpeg","type":"image\/jpeg"}],"author":"Cecilia Pastrana","twitter_card":"summary_large_image","twitter_creator":"@nahuproduciones","twitter_site":"@nahuproduciones","twitter_misc":{"Escrito por":"Cecilia Pastrana","Tiempo de lectura":"2 minutos"},"schema":{"@context":"https:\/\/schema.org","@graph":[{"@type":"WebPage","@id":"https:\/\/nahuelproducciones.com.ar\/radioquijano\/invitan-a-productores-y-artesanos-a-participar-del-1o-encuentro-de-productos-de-nuestra-tierra\/","url":"https:\/\/nahuelproducciones.com.ar\/radioquijano\/invitan-a-productores-y-artesanos-a-participar-del-1o-encuentro-de-productos-de-nuestra-tierra\/","name":"Invitan a productores y artesanos a participar del 1\u00ba Encuentro de Productos de Nuestra Tierra - RQ 99.9","isPartOf":{"@id":"https:\/\/nahuelproducciones.com.ar\/radioquijano\/#website"},"datePublished":"2022-07-04T16:15:06+00:00","dateModified":"2022-07-05T00:42:19+00:00","author":{"@id":"https:\/\/nahuelproducciones.com.ar\/radioquijano\/#\/schema\/person\/e8a4f939e2cb487fe6d0c54042c9d32c"},"description":"La feria tendr\u00e1 lugar el s\u00e1bado 16 de julio de 09 a 16 en el Estadio Polideportivo Salta (DELMI) - Ibazeta 1550","breadcrumb":{"@id":"https:\/\/nahuelproducciones.com.ar\/radioquijano\/invitan-a-productores-y-artesanos-a-participar-del-1o-encuentro-de-productos-de-nuestra-tierra\/#breadcrumb"},"inLanguage":"es","potentialAction":[{"@type":"ReadAction","target":["https:\/\/nahuelproducciones.com.ar\/radioquijano\/invitan-a-productores-y-artesanos-a-participar-del-1o-encuentro-de-productos-de-nuestra-tierra\/"]}]},{"@type":"BreadcrumbList","@id":"https:\/\/nahuelproducciones.com.ar\/radioquijano\/invitan-a-productores-y-artesanos-a-participar-del-1o-encuentro-de-productos-de-nuestra-tierra\/#breadcrumb","itemListElement":[{"@type":"ListItem","position":1,"name":"Portada","item":"https:\/\/nahuelproducciones.com.ar\/radioquijano\/"},{"@type":"ListItem","position":2,"name":"Invitan a productores y artesanos a participar del 1\u00ba Encuentro de Productos de Nuestra Tierra"}]},{"@type":"WebSite","@id":"https:\/\/nahuelproducciones.com.ar\/radioquijano\/#website","url":"https:\/\/nahuelproducciones.com.ar\/radioquijano\/","name":"RQ 99.9","description":"Radio Quijano 99.9 MHz","potentialAction":[{"@type":"SearchAction","target":{"@type":"EntryPoint","urlTemplate":"https:\/\/nahuelproducciones.com.ar\/radioquijano\/?s={search_term_string}"},"query-input":"required name=search_term_string"}],"inLanguage":"es"},{"@type":"Person","@id":"https:\/\/nahuelproducciones.com.ar\/radioquijano\/#\/schema\/person\/e8a4f939e2cb487fe6d0c54042c9d32c","name":"Cecilia Pastrana","image":{"@type":"ImageObject","inLanguage":"es","@id":"https:\/\/nahuelproducciones.com.ar\/radioquijano\/#\/schema\/person\/image\/","url":"https:\/\/secure.gravatar.com\/avatar\/661a3ef63a8488d4f2794ed44af8cf71420f7e106f3072c40125114df5157749?s=96&d=mm&r=g","contentUrl":"https:\/\/secure.gravatar.com\/avatar\/661a3ef63a8488d4f2794ed44af8cf71420f7e106f3072c40125114df5157749?s=96&d=mm&r=g","caption":"Cecilia Pastrana"},"sameAs":["cecy"],"url":"https:\/\/nahuelproducciones.com.ar\/radioquijano\/author\/cecy\/"}]}},"_links":{"self":[{"href":"https:\/\/nahuelproducciones.com.ar\/radioquijano\/wp-json\/wp\/v2\/posts\/2907","targetHints":{"allow":["GET"]}}],"collection":[{"href":"https:\/\/nahuelproducciones.com.ar\/radioquijano\/wp-json\/wp\/v2\/posts"}],"about":[{"href":"https:\/\/nahuelproducciones.com.ar\/radioquijano\/wp-json\/wp\/v2\/types\/post"}],"author":[{"embeddable":true,"href":"https:\/\/nahuelproducciones.com.ar\/radioquijano\/wp-json\/wp\/v2\/users\/8"}],"replies":[{"embeddable":true,"href":"https:\/\/nahuelproducciones.com.ar\/radioquijano\/wp-json\/wp\/v2\/comments?post=2907"}],"version-history":[{"count":2,"href":"https:\/\/nahuelproducciones.com.ar\/radioquijano\/wp-json\/wp\/v2\/posts\/2907\/revisions"}],"predecessor-version":[{"id":2916,"href":"https:\/\/nahuelproducciones.com.ar\/radioquijano\/wp-json\/wp\/v2\/posts\/2907\/revisions\/2916"}],"wp:featuredmedia":[{"embeddable":true,"href":"https:\/\/nahuelproducciones.com.ar\/radioquijano\/wp-json\/wp\/v2\/media\/2908"}],"wp:attachment":[{"href":"https:\/\/nahuelproducciones.com.ar\/radioquijano\/wp-json\/wp\/v2\/media?parent=2907"}],"wp:term":[{"taxonomy":"category","embeddable":true,"href":"https:\/\/nahuelproducciones.com.ar\/radioquijano\/wp-json\/wp\/v2\/categories?post=2907"},{"taxonomy":"post_tag","embeddable":true,"href":"https:\/\/nahuelproducciones.com.ar\/radioquijano\/wp-json\/wp\/v2\/tags?post=2907"}],"curies":[{"name":"wp","href":"https:\/\/api.w.org\/{rel}","templated":true}]}}