{"id":2912,"date":"2022-07-04T21:55:05","date_gmt":"2022-07-05T00:55:05","guid":{"rendered":"https:\/\/nahuelproducciones.com.ar\/radioquijano\/?p=2912"},"modified":"2022-07-08T07:02:11","modified_gmt":"2022-07-08T10:02:11","slug":"invitacion-a-la-actividad-integradora-organizada-por-personal-de-la-comisaria-n-108-de-campo-quijano","status":"publish","type":"post","link":"https:\/\/nahuelproducciones.com.ar\/radioquijano\/invitacion-a-la-actividad-integradora-organizada-por-personal-de-la-comisaria-n-108-de-campo-quijano\/","title":{"rendered":"Invitaci\u00f3n a la actividad integradora organizada por personal de la Comisar\u00eda N\u00b0 108 de Campo Quijano."},"content":{"rendered":"\n<p>En el marco de conmemorarse el 101\u00b0 Aniversario de la Fundaci\u00f3n de Nuestro Pueblo y con la finalidad de estrechar lazos entre la Instituci\u00f3n Policial y la Comunidad, esta dependencia tiene previsto desarrollar una jornada integradora con el objeto de continuar con el trabajo social.<\/p>\n\n\n\n<p> \u00abSe invita a la comunidad a participar de una actividad integradora organizada por personal de la Comisar\u00eda N\u00b0 108 de esta localidad, la cual se realizar\u00e1 en el Club Uni\u00f3n Huaytiquina en fecha 07 de julio de 2022 en el horario de 09:00 hs a 12:00 hs, siguiendo el cronograma que a continuaci\u00f3n se detalla:<\/p>\n\n\n\n<p>Hs. 09:30 apertura de jornada de integraci\u00f3n.<\/p>\n\n\n\n<p> Hs. 10:00 \u00abPresentaci\u00f3n y Exposici\u00f3n de la Escuadra Fiel dependiente de la Divisi\u00f3n Canes de la Polic\u00eda de la Provincia.<\/p>\n\n\n\n<p>Hs. 10:45 Presentaci\u00f3n de la Escuadra San Jorge dependiente del Departamento Caballer\u00eda de la Polic\u00eda de la Provincia. <\/p>\n\n\n\n<p>Exposici\u00f3n  de la Divisi\u00f3n Servicio Protecci\u00f3n Espacios Recreativos y Tur\u00edsticos con la presencia del personaje did\u00e1ctico RAYO.<\/p>\n\n\n\n<p>Exposici\u00f3n  de la Divisi\u00f3n Seguridad Vial con la presencia de los personajes SEVI y EDUVI.<\/p>\n\n\n\n<p>Se hace menci\u00f3n que se contar\u00e1 con puestas de stands preventivos e informativos de las \u00c1reas V.I.F., Operador Comunitario y Cuerpo Infantil de Polic\u00eda de las dependencias que integran el Sector 82 AB, e instituciones p\u00fablicas y privadas de esta localidad. Asimismo se recibir\u00e1 ropa de abrigo para ni\u00f1os y adultos para el Ropero Comunitario como as\u00ed tambi\u00e9n alimentos no perecederos que ser\u00e1n distribuidos a las familias m\u00e1s necesitadas.\u00bb<\/p>\n\n\n\n<p><a href=\"https:\/\/nahuelproducciones.com.ar\/index.php\/rq999\" target=\"_blank\" rel=\"noreferrer noopener\">#RQ99.9Mhz<\/a>&nbsp;<a href=\"https:\/\/nahuelproducciones.com.ar\/\" target=\"_blank\" rel=\"noreferrer noopener\">#CAMPOQUIJANO<\/a><\/p>\n","protected":false},"excerpt":{"rendered":"<p>En el marco de conmemorarse el 101\u00b0 Aniversario de la Fundaci\u00f3n de Nuestro Pueblo y con la finalidad de estrechar lazos entre la Instituci\u00f3n Policial y la Comunidad, esta dependencia tiene previsto desarrollar una jornada integradora con el objeto de continuar con el trabajo social. \u00abSe invita a la comunidad a participar de una actividad [&hellip;]<\/p>\n","protected":false},"author":8,"featured_media":2917,"comment_status":"open","ping_status":"open","sticky":false,"template":"","format":"standard","meta":{"_monsterinsights_skip_tracking":false,"_monsterinsights_sitenote_active":false,"_monsterinsights_sitenote_note":"","_monsterinsights_sitenote_category":0,"footnotes":""},"categories":[16],"tags":[534,537,36,116,539,535,538],"class_list":["post-2912","post","type-post","status-publish","format-standard","has-post-thumbnail","hentry","category-noticias","tag-101-aniversario-de-la-fundacion-de-nuestro-pueblo","tag-areas-v-i-f","tag-campo-quijano","tag-club-union-huaytiquina","tag-cuerpo-infantil-de-policia-de-las-dependencias-que-integran-el-sector-82-ab","tag-division-canes-de-la-policia-de-la-provincia","tag-operador-comunitario"],"yoast_head":"<!-- This site is optimized with the Yoast SEO plugin v20.8 - https:\/\/yoast.com\/wordpress\/plugins\/seo\/ -->\n<title>Invitaci\u00f3n a la actividad integradora organizada por personal de la Comisar\u00eda N\u00b0 108 de Campo Quijano. - RQ 99.9<\/title>\n<meta name=\"description\" content=\"Se realizar\u00e1 en el Club Uni\u00f3n Huaytiquina en fecha 07 de julio de 2022 en el horario de 09:00 hs a 12:00 hs.\" \/>\n<meta name=\"robots\" content=\"index, follow, max-snippet:-1, max-image-preview:large, max-video-preview:-1\" \/>\n<link rel=\"canonical\" href=\"https:\/\/nahuelproducciones.com.ar\/radioquijano\/invitacion-a-la-actividad-integradora-organizada-por-personal-de-la-comisaria-n-108-de-campo-quijano\/\" \/>\n<meta property=\"og:locale\" content=\"es_ES\" \/>\n<meta property=\"og:type\" content=\"article\" \/>\n<meta property=\"og:title\" content=\"Invitaci\u00f3n a la actividad integradora organizada por personal de la Comisar\u00eda N\u00b0 108 de Campo Quijano. - RQ 99.9\" \/>\n<meta property=\"og:description\" content=\"Se realizar\u00e1 en el Club Uni\u00f3n Huaytiquina en fecha 07 de julio de 2022 en el horario de 09:00 hs a 12:00 hs.\" \/>\n<meta property=\"og:url\" content=\"https:\/\/nahuelproducciones.com.ar\/radioquijano\/invitacion-a-la-actividad-integradora-organizada-por-personal-de-la-comisaria-n-108-de-campo-quijano\/\" \/>\n<meta property=\"og:site_name\" content=\"RQ 99.9\" \/>\n<meta property=\"article:publisher\" content=\"https:\/\/www.facebook.com\/nahuelproducciones999\/\" \/>\n<meta property=\"article:published_time\" content=\"2022-07-05T00:55:05+00:00\" \/>\n<meta property=\"article:modified_time\" content=\"2022-07-08T10:02:11+00:00\" \/>\n<meta property=\"og:image\" content=\"https:\/\/nahuelproducciones.com.ar\/radioquijano\/wp-content\/uploads\/2022\/07\/WhatsApp-Image-2022-07-04-at-9.49.30-PM-e1656982386499.jpeg\" \/>\n\t<meta property=\"og:image:width\" content=\"500\" \/>\n\t<meta property=\"og:image:height\" content=\"579\" \/>\n\t<meta property=\"og:image:type\" content=\"image\/jpeg\" \/>\n<meta name=\"author\" content=\"Cecilia Pastrana\" \/>\n<meta name=\"twitter:card\" content=\"summary_large_image\" \/>\n<meta name=\"twitter:creator\" content=\"@nahuproduciones\" \/>\n<meta name=\"twitter:site\" content=\"@nahuproduciones\" \/>\n<meta name=\"twitter:label1\" content=\"Escrito por\" \/>\n\t<meta name=\"twitter:data1\" content=\"Cecilia Pastrana\" \/>\n\t<meta name=\"twitter:label2\" content=\"Tiempo de lectura\" \/>\n\t<meta name=\"twitter:data2\" content=\"2 minutos\" \/>\n<script type=\"application\/ld+json\" class=\"yoast-schema-graph\">{\"@context\":\"https:\/\/schema.org\",\"@graph\":[{\"@type\":\"WebPage\",\"@id\":\"https:\/\/nahuelproducciones.com.ar\/radioquijano\/invitacion-a-la-actividad-integradora-organizada-por-personal-de-la-comisaria-n-108-de-campo-quijano\/\",\"url\":\"https:\/\/nahuelproducciones.com.ar\/radioquijano\/invitacion-a-la-actividad-integradora-organizada-por-personal-de-la-comisaria-n-108-de-campo-quijano\/\",\"name\":\"Invitaci\u00f3n a la actividad integradora organizada por personal de la Comisar\u00eda N\u00b0 108 de Campo Quijano. - RQ 99.9\",\"isPartOf\":{\"@id\":\"https:\/\/nahuelproducciones.com.ar\/radioquijano\/#website\"},\"datePublished\":\"2022-07-05T00:55:05+00:00\",\"dateModified\":\"2022-07-08T10:02:11+00:00\",\"author\":{\"@id\":\"https:\/\/nahuelproducciones.com.ar\/radioquijano\/#\/schema\/person\/e8a4f939e2cb487fe6d0c54042c9d32c\"},\"description\":\"Se realizar\u00e1 en el Club Uni\u00f3n Huaytiquina en fecha 07 de julio de 2022 en el horario de 09:00 hs a 12:00 hs.\",\"breadcrumb\":{\"@id\":\"https:\/\/nahuelproducciones.com.ar\/radioquijano\/invitacion-a-la-actividad-integradora-organizada-por-personal-de-la-comisaria-n-108-de-campo-quijano\/#breadcrumb\"},\"inLanguage\":\"es\",\"potentialAction\":[{\"@type\":\"ReadAction\",\"target\":[\"https:\/\/nahuelproducciones.com.ar\/radioquijano\/invitacion-a-la-actividad-integradora-organizada-por-personal-de-la-comisaria-n-108-de-campo-quijano\/\"]}]},{\"@type\":\"BreadcrumbList\",\"@id\":\"https:\/\/nahuelproducciones.com.ar\/radioquijano\/invitacion-a-la-actividad-integradora-organizada-por-personal-de-la-comisaria-n-108-de-campo-quijano\/#breadcrumb\",\"itemListElement\":[{\"@type\":\"ListItem\",\"position\":1,\"name\":\"Portada\",\"item\":\"https:\/\/nahuelproducciones.com.ar\/radioquijano\/\"},{\"@type\":\"ListItem\",\"position\":2,\"name\":\"Invitaci\u00f3n a la actividad integradora organizada por personal de la Comisar\u00eda N\u00b0 108 de Campo Quijano.\"}]},{\"@type\":\"WebSite\",\"@id\":\"https:\/\/nahuelproducciones.com.ar\/radioquijano\/#website\",\"url\":\"https:\/\/nahuelproducciones.com.ar\/radioquijano\/\",\"name\":\"RQ 99.9\",\"description\":\"Radio Quijano 99.9 MHz\",\"potentialAction\":[{\"@type\":\"SearchAction\",\"target\":{\"@type\":\"EntryPoint\",\"urlTemplate\":\"https:\/\/nahuelproducciones.com.ar\/radioquijano\/?s={search_term_string}\"},\"query-input\":\"required name=search_term_string\"}],\"inLanguage\":\"es\"},{\"@type\":\"Person\",\"@id\":\"https:\/\/nahuelproducciones.com.ar\/radioquijano\/#\/schema\/person\/e8a4f939e2cb487fe6d0c54042c9d32c\",\"name\":\"Cecilia Pastrana\",\"image\":{\"@type\":\"ImageObject\",\"inLanguage\":\"es\",\"@id\":\"https:\/\/nahuelproducciones.com.ar\/radioquijano\/#\/schema\/person\/image\/\",\"url\":\"https:\/\/secure.gravatar.com\/avatar\/661a3ef63a8488d4f2794ed44af8cf71420f7e106f3072c40125114df5157749?s=96&d=mm&r=g\",\"contentUrl\":\"https:\/\/secure.gravatar.com\/avatar\/661a3ef63a8488d4f2794ed44af8cf71420f7e106f3072c40125114df5157749?s=96&d=mm&r=g\",\"caption\":\"Cecilia Pastrana\"},\"sameAs\":[\"cecy\"],\"url\":\"https:\/\/nahuelproducciones.com.ar\/radioquijano\/author\/cecy\/\"}]}<\/script>\n<!-- \/ Yoast SEO plugin. -->","yoast_head_json":{"title":"Invitaci\u00f3n a la actividad integradora organizada por personal de la Comisar\u00eda N\u00b0 108 de Campo Quijano. - RQ 99.9","description":"Se realizar\u00e1 en el Club Uni\u00f3n Huaytiquina en fecha 07 de julio de 2022 en el horario de 09:00 hs a 12:00 hs.","robots":{"index":"index","follow":"follow","max-snippet":"max-snippet:-1","max-image-preview":"max-image-preview:large","max-video-preview":"max-video-preview:-1"},"canonical":"https:\/\/nahuelproducciones.com.ar\/radioquijano\/invitacion-a-la-actividad-integradora-organizada-por-personal-de-la-comisaria-n-108-de-campo-quijano\/","og_locale":"es_ES","og_type":"article","og_title":"Invitaci\u00f3n a la actividad integradora organizada por personal de la Comisar\u00eda N\u00b0 108 de Campo Quijano. - RQ 99.9","og_description":"Se realizar\u00e1 en el Club Uni\u00f3n Huaytiquina en fecha 07 de julio de 2022 en el horario de 09:00 hs a 12:00 hs.","og_url":"https:\/\/nahuelproducciones.com.ar\/radioquijano\/invitacion-a-la-actividad-integradora-organizada-por-personal-de-la-comisaria-n-108-de-campo-quijano\/","og_site_name":"RQ 99.9","article_publisher":"https:\/\/www.facebook.com\/nahuelproducciones999\/","article_published_time":"2022-07-05T00:55:05+00:00","article_modified_time":"2022-07-08T10:02:11+00:00","og_image":[{"width":500,"height":579,"url":"https:\/\/nahuelproducciones.com.ar\/radioquijano\/wp-content\/uploads\/2022\/07\/WhatsApp-Image-2022-07-04-at-9.49.30-PM-e1656982386499.jpeg","type":"image\/jpeg"}],"author":"Cecilia Pastrana","twitter_card":"summary_large_image","twitter_creator":"@nahuproduciones","twitter_site":"@nahuproduciones","twitter_misc":{"Escrito por":"Cecilia Pastrana","Tiempo de lectura":"2 minutos"},"schema":{"@context":"https:\/\/schema.org","@graph":[{"@type":"WebPage","@id":"https:\/\/nahuelproducciones.com.ar\/radioquijano\/invitacion-a-la-actividad-integradora-organizada-por-personal-de-la-comisaria-n-108-de-campo-quijano\/","url":"https:\/\/nahuelproducciones.com.ar\/radioquijano\/invitacion-a-la-actividad-integradora-organizada-por-personal-de-la-comisaria-n-108-de-campo-quijano\/","name":"Invitaci\u00f3n a la actividad integradora organizada por personal de la Comisar\u00eda N\u00b0 108 de Campo Quijano. - RQ 99.9","isPartOf":{"@id":"https:\/\/nahuelproducciones.com.ar\/radioquijano\/#website"},"datePublished":"2022-07-05T00:55:05+00:00","dateModified":"2022-07-08T10:02:11+00:00","author":{"@id":"https:\/\/nahuelproducciones.com.ar\/radioquijano\/#\/schema\/person\/e8a4f939e2cb487fe6d0c54042c9d32c"},"description":"Se realizar\u00e1 en el Club Uni\u00f3n Huaytiquina en fecha 07 de julio de 2022 en el horario de 09:00 hs a 12:00 hs.","breadcrumb":{"@id":"https:\/\/nahuelproducciones.com.ar\/radioquijano\/invitacion-a-la-actividad-integradora-organizada-por-personal-de-la-comisaria-n-108-de-campo-quijano\/#breadcrumb"},"inLanguage":"es","potentialAction":[{"@type":"ReadAction","target":["https:\/\/nahuelproducciones.com.ar\/radioquijano\/invitacion-a-la-actividad-integradora-organizada-por-personal-de-la-comisaria-n-108-de-campo-quijano\/"]}]},{"@type":"BreadcrumbList","@id":"https:\/\/nahuelproducciones.com.ar\/radioquijano\/invitacion-a-la-actividad-integradora-organizada-por-personal-de-la-comisaria-n-108-de-campo-quijano\/#breadcrumb","itemListElement":[{"@type":"ListItem","position":1,"name":"Portada","item":"https:\/\/nahuelproducciones.com.ar\/radioquijano\/"},{"@type":"ListItem","position":2,"name":"Invitaci\u00f3n a la actividad integradora organizada por personal de la Comisar\u00eda N\u00b0 108 de Campo Quijano."}]},{"@type":"WebSite","@id":"https:\/\/nahuelproducciones.com.ar\/radioquijano\/#website","url":"https:\/\/nahuelproducciones.com.ar\/radioquijano\/","name":"RQ 99.9","description":"Radio Quijano 99.9 MHz","potentialAction":[{"@type":"SearchAction","target":{"@type":"EntryPoint","urlTemplate":"https:\/\/nahuelproducciones.com.ar\/radioquijano\/?s={search_term_string}"},"query-input":"required name=search_term_string"}],"inLanguage":"es"},{"@type":"Person","@id":"https:\/\/nahuelproducciones.com.ar\/radioquijano\/#\/schema\/person\/e8a4f939e2cb487fe6d0c54042c9d32c","name":"Cecilia Pastrana","image":{"@type":"ImageObject","inLanguage":"es","@id":"https:\/\/nahuelproducciones.com.ar\/radioquijano\/#\/schema\/person\/image\/","url":"https:\/\/secure.gravatar.com\/avatar\/661a3ef63a8488d4f2794ed44af8cf71420f7e106f3072c40125114df5157749?s=96&d=mm&r=g","contentUrl":"https:\/\/secure.gravatar.com\/avatar\/661a3ef63a8488d4f2794ed44af8cf71420f7e106f3072c40125114df5157749?s=96&d=mm&r=g","caption":"Cecilia Pastrana"},"sameAs":["cecy"],"url":"https:\/\/nahuelproducciones.com.ar\/radioquijano\/author\/cecy\/"}]}},"_links":{"self":[{"href":"https:\/\/nahuelproducciones.com.ar\/radioquijano\/wp-json\/wp\/v2\/posts\/2912","targetHints":{"allow":["GET"]}}],"collection":[{"href":"https:\/\/nahuelproducciones.com.ar\/radioquijano\/wp-json\/wp\/v2\/posts"}],"about":[{"href":"https:\/\/nahuelproducciones.com.ar\/radioquijano\/wp-json\/wp\/v2\/types\/post"}],"author":[{"embeddable":true,"href":"https:\/\/nahuelproducciones.com.ar\/radioquijano\/wp-json\/wp\/v2\/users\/8"}],"replies":[{"embeddable":true,"href":"https:\/\/nahuelproducciones.com.ar\/radioquijano\/wp-json\/wp\/v2\/comments?post=2912"}],"version-history":[{"count":2,"href":"https:\/\/nahuelproducciones.com.ar\/radioquijano\/wp-json\/wp\/v2\/posts\/2912\/revisions"}],"predecessor-version":[{"id":2960,"href":"https:\/\/nahuelproducciones.com.ar\/radioquijano\/wp-json\/wp\/v2\/posts\/2912\/revisions\/2960"}],"wp:featuredmedia":[{"embeddable":true,"href":"https:\/\/nahuelproducciones.com.ar\/radioquijano\/wp-json\/wp\/v2\/media\/2917"}],"wp:attachment":[{"href":"https:\/\/nahuelproducciones.com.ar\/radioquijano\/wp-json\/wp\/v2\/media?parent=2912"}],"wp:term":[{"taxonomy":"category","embeddable":true,"href":"https:\/\/nahuelproducciones.com.ar\/radioquijano\/wp-json\/wp\/v2\/categories?post=2912"},{"taxonomy":"post_tag","embeddable":true,"href":"https:\/\/nahuelproducciones.com.ar\/radioquijano\/wp-json\/wp\/v2\/tags?post=2912"}],"curies":[{"name":"wp","href":"https:\/\/api.w.org\/{rel}","templated":true}]}}