{"id":2919,"date":"2022-07-04T23:10:54","date_gmt":"2022-07-05T02:10:54","guid":{"rendered":"https:\/\/nahuelproducciones.com.ar\/radioquijano\/?p=2919"},"modified":"2022-07-05T09:57:33","modified_gmt":"2022-07-05T12:57:33","slug":"festival-por-el-101-aniversario-de-campo-quijano","status":"publish","type":"post","link":"https:\/\/nahuelproducciones.com.ar\/radioquijano\/festival-por-el-101-aniversario-de-campo-quijano\/","title":{"rendered":"Festival por el 101\u00b0 Aniversario de Campo Quijano."},"content":{"rendered":"\n<p>Campo Quijano invita a vivir una noche especial en la v\u00edspera del 101\u00ba aniversario de su fundaci\u00f3n el viernes 8 de julio de 2022.<\/p>\n\n\n\n<p>El encuentro tendr\u00e1 lugar en el predio de la estaci\u00f3n de trenes desde las 17:00 hs. con entrada  libre y gratuita. <\/p>\n\n\n\n<p>\u00a0Se presentar\u00e1n\u00a0figuras como Gabi Morales, Tuc\u00e1n y Chaya y David Leiva . Los artistas locales ser\u00e1n: La Repiqueteada, Los So\u00f1adores del Portal, Jana Taibo, Cui Bautista, Los Chachas, Inti Suma, Agustina Laime, Juan Fern\u00e1ndez, Jimena Molina, Las Voces del Valle, Mariela Caminos, VIUS, Chango Cantor, Amalia Alanjay, Maira Rosseto. <\/p>\n\n\n\n<p>Tambi\u00e9n estar\u00e1n las academias locales como Mart\u00edn Fierro, El Fac\u00f3n y el campe\u00f3n de malambo Emannuel Salazar.<\/p>\n\n\n\n<p>A la medianoche se realizar\u00e1 el brindis con vino hervido por el cumple del Pueblo y los 206 a\u00f1os de la Declaraci\u00f3n de la Independencia .  <\/p>\n\n\n\n<p><a href=\"https:\/\/nahuelproducciones.com.ar\/index.php\/rq999\" target=\"_blank\" rel=\"noreferrer noopener\">#RQ99.9Mhz<\/a>&nbsp;<a href=\"https:\/\/nahuelproducciones.com.ar\/\" target=\"_blank\" rel=\"noreferrer noopener\">#CAMPOQUIJANO<\/a><\/p>\n","protected":false},"excerpt":{"rendered":"<p>Campo Quijano invita a vivir una noche especial en la v\u00edspera del 101\u00ba aniversario de su fundaci\u00f3n el viernes 8 de julio de 2022. El encuentro tendr\u00e1 lugar en el predio de la estaci\u00f3n de trenes desde las 17:00 hs. con entrada libre y gratuita. \u00a0Se presentar\u00e1n\u00a0figuras como Gabi Morales, Tuc\u00e1n y Chaya y David [&hellip;]<\/p>\n","protected":false},"author":8,"featured_media":2920,"comment_status":"open","ping_status":"open","sticky":false,"template":"","format":"standard","meta":{"_monsterinsights_skip_tracking":false,"_monsterinsights_sitenote_active":false,"_monsterinsights_sitenote_note":"","_monsterinsights_sitenote_category":0,"footnotes":""},"categories":[16],"tags":[540,541,36,542],"class_list":["post-2919","post","type-post","status-publish","format-standard","has-post-thumbnail","hentry","category-noticias","tag-101-aniversario-de-campo-quijano","tag-206-anos-de-la-declaracion-de-la-independencia","tag-campo-quijano","tag-estacion-de-trenes"],"yoast_head":"<!-- This site is optimized with the Yoast SEO plugin v20.8 - https:\/\/yoast.com\/wordpress\/plugins\/seo\/ -->\n<title>Festival por el 101\u00b0 Aniversario de Campo Quijano. - RQ 99.9<\/title>\n<meta name=\"description\" content=\"Ser\u00e1 el viernes 8 de julio de 2022 desde las 17:00 hs.\" \/>\n<meta name=\"robots\" content=\"index, follow, max-snippet:-1, max-image-preview:large, max-video-preview:-1\" \/>\n<link rel=\"canonical\" href=\"https:\/\/nahuelproducciones.com.ar\/radioquijano\/festival-por-el-101-aniversario-de-campo-quijano\/\" \/>\n<meta property=\"og:locale\" content=\"es_ES\" \/>\n<meta property=\"og:type\" content=\"article\" \/>\n<meta property=\"og:title\" content=\"Festival por el 101\u00b0 Aniversario de Campo Quijano. - RQ 99.9\" \/>\n<meta property=\"og:description\" content=\"Ser\u00e1 el viernes 8 de julio de 2022 desde las 17:00 hs.\" \/>\n<meta property=\"og:url\" content=\"https:\/\/nahuelproducciones.com.ar\/radioquijano\/festival-por-el-101-aniversario-de-campo-quijano\/\" \/>\n<meta property=\"og:site_name\" content=\"RQ 99.9\" \/>\n<meta property=\"article:publisher\" content=\"https:\/\/www.facebook.com\/nahuelproducciones999\/\" \/>\n<meta property=\"article:published_time\" content=\"2022-07-05T02:10:54+00:00\" \/>\n<meta property=\"article:modified_time\" content=\"2022-07-05T12:57:33+00:00\" \/>\n<meta property=\"og:image\" content=\"https:\/\/nahuelproducciones.com.ar\/radioquijano\/wp-content\/uploads\/2022\/07\/Post-para-Facebook-saludo-9-de-Julio-independencia-Argentina-celeste-y-blanco-e1656987036655.png\" \/>\n\t<meta property=\"og:image:width\" content=\"700\" \/>\n\t<meta property=\"og:image:height\" content=\"587\" \/>\n\t<meta property=\"og:image:type\" content=\"image\/png\" \/>\n<meta name=\"author\" content=\"Cecilia Pastrana\" \/>\n<meta name=\"twitter:card\" content=\"summary_large_image\" \/>\n<meta name=\"twitter:creator\" content=\"@nahuproduciones\" \/>\n<meta name=\"twitter:site\" content=\"@nahuproduciones\" \/>\n<meta name=\"twitter:label1\" content=\"Escrito por\" \/>\n\t<meta name=\"twitter:data1\" content=\"Cecilia Pastrana\" \/>\n\t<meta name=\"twitter:label2\" content=\"Tiempo de lectura\" \/>\n\t<meta name=\"twitter:data2\" content=\"1 minuto\" \/>\n<script type=\"application\/ld+json\" class=\"yoast-schema-graph\">{\"@context\":\"https:\/\/schema.org\",\"@graph\":[{\"@type\":\"WebPage\",\"@id\":\"https:\/\/nahuelproducciones.com.ar\/radioquijano\/festival-por-el-101-aniversario-de-campo-quijano\/\",\"url\":\"https:\/\/nahuelproducciones.com.ar\/radioquijano\/festival-por-el-101-aniversario-de-campo-quijano\/\",\"name\":\"Festival por el 101\u00b0 Aniversario de Campo Quijano. - RQ 99.9\",\"isPartOf\":{\"@id\":\"https:\/\/nahuelproducciones.com.ar\/radioquijano\/#website\"},\"datePublished\":\"2022-07-05T02:10:54+00:00\",\"dateModified\":\"2022-07-05T12:57:33+00:00\",\"author\":{\"@id\":\"https:\/\/nahuelproducciones.com.ar\/radioquijano\/#\/schema\/person\/e8a4f939e2cb487fe6d0c54042c9d32c\"},\"description\":\"Ser\u00e1 el viernes 8 de julio de 2022 desde las 17:00 hs.\",\"breadcrumb\":{\"@id\":\"https:\/\/nahuelproducciones.com.ar\/radioquijano\/festival-por-el-101-aniversario-de-campo-quijano\/#breadcrumb\"},\"inLanguage\":\"es\",\"potentialAction\":[{\"@type\":\"ReadAction\",\"target\":[\"https:\/\/nahuelproducciones.com.ar\/radioquijano\/festival-por-el-101-aniversario-de-campo-quijano\/\"]}]},{\"@type\":\"BreadcrumbList\",\"@id\":\"https:\/\/nahuelproducciones.com.ar\/radioquijano\/festival-por-el-101-aniversario-de-campo-quijano\/#breadcrumb\",\"itemListElement\":[{\"@type\":\"ListItem\",\"position\":1,\"name\":\"Portada\",\"item\":\"https:\/\/nahuelproducciones.com.ar\/radioquijano\/\"},{\"@type\":\"ListItem\",\"position\":2,\"name\":\"Festival por el 101\u00b0 Aniversario de Campo Quijano.\"}]},{\"@type\":\"WebSite\",\"@id\":\"https:\/\/nahuelproducciones.com.ar\/radioquijano\/#website\",\"url\":\"https:\/\/nahuelproducciones.com.ar\/radioquijano\/\",\"name\":\"RQ 99.9\",\"description\":\"Radio Quijano 99.9 MHz\",\"potentialAction\":[{\"@type\":\"SearchAction\",\"target\":{\"@type\":\"EntryPoint\",\"urlTemplate\":\"https:\/\/nahuelproducciones.com.ar\/radioquijano\/?s={search_term_string}\"},\"query-input\":\"required name=search_term_string\"}],\"inLanguage\":\"es\"},{\"@type\":\"Person\",\"@id\":\"https:\/\/nahuelproducciones.com.ar\/radioquijano\/#\/schema\/person\/e8a4f939e2cb487fe6d0c54042c9d32c\",\"name\":\"Cecilia Pastrana\",\"image\":{\"@type\":\"ImageObject\",\"inLanguage\":\"es\",\"@id\":\"https:\/\/nahuelproducciones.com.ar\/radioquijano\/#\/schema\/person\/image\/\",\"url\":\"https:\/\/secure.gravatar.com\/avatar\/661a3ef63a8488d4f2794ed44af8cf71420f7e106f3072c40125114df5157749?s=96&d=mm&r=g\",\"contentUrl\":\"https:\/\/secure.gravatar.com\/avatar\/661a3ef63a8488d4f2794ed44af8cf71420f7e106f3072c40125114df5157749?s=96&d=mm&r=g\",\"caption\":\"Cecilia Pastrana\"},\"sameAs\":[\"cecy\"],\"url\":\"https:\/\/nahuelproducciones.com.ar\/radioquijano\/author\/cecy\/\"}]}<\/script>\n<!-- \/ Yoast SEO plugin. -->","yoast_head_json":{"title":"Festival por el 101\u00b0 Aniversario de Campo Quijano. - RQ 99.9","description":"Ser\u00e1 el viernes 8 de julio de 2022 desde las 17:00 hs.","robots":{"index":"index","follow":"follow","max-snippet":"max-snippet:-1","max-image-preview":"max-image-preview:large","max-video-preview":"max-video-preview:-1"},"canonical":"https:\/\/nahuelproducciones.com.ar\/radioquijano\/festival-por-el-101-aniversario-de-campo-quijano\/","og_locale":"es_ES","og_type":"article","og_title":"Festival por el 101\u00b0 Aniversario de Campo Quijano. - RQ 99.9","og_description":"Ser\u00e1 el viernes 8 de julio de 2022 desde las 17:00 hs.","og_url":"https:\/\/nahuelproducciones.com.ar\/radioquijano\/festival-por-el-101-aniversario-de-campo-quijano\/","og_site_name":"RQ 99.9","article_publisher":"https:\/\/www.facebook.com\/nahuelproducciones999\/","article_published_time":"2022-07-05T02:10:54+00:00","article_modified_time":"2022-07-05T12:57:33+00:00","og_image":[{"width":700,"height":587,"url":"https:\/\/nahuelproducciones.com.ar\/radioquijano\/wp-content\/uploads\/2022\/07\/Post-para-Facebook-saludo-9-de-Julio-independencia-Argentina-celeste-y-blanco-e1656987036655.png","type":"image\/png"}],"author":"Cecilia Pastrana","twitter_card":"summary_large_image","twitter_creator":"@nahuproduciones","twitter_site":"@nahuproduciones","twitter_misc":{"Escrito por":"Cecilia Pastrana","Tiempo de lectura":"1 minuto"},"schema":{"@context":"https:\/\/schema.org","@graph":[{"@type":"WebPage","@id":"https:\/\/nahuelproducciones.com.ar\/radioquijano\/festival-por-el-101-aniversario-de-campo-quijano\/","url":"https:\/\/nahuelproducciones.com.ar\/radioquijano\/festival-por-el-101-aniversario-de-campo-quijano\/","name":"Festival por el 101\u00b0 Aniversario de Campo Quijano. - RQ 99.9","isPartOf":{"@id":"https:\/\/nahuelproducciones.com.ar\/radioquijano\/#website"},"datePublished":"2022-07-05T02:10:54+00:00","dateModified":"2022-07-05T12:57:33+00:00","author":{"@id":"https:\/\/nahuelproducciones.com.ar\/radioquijano\/#\/schema\/person\/e8a4f939e2cb487fe6d0c54042c9d32c"},"description":"Ser\u00e1 el viernes 8 de julio de 2022 desde las 17:00 hs.","breadcrumb":{"@id":"https:\/\/nahuelproducciones.com.ar\/radioquijano\/festival-por-el-101-aniversario-de-campo-quijano\/#breadcrumb"},"inLanguage":"es","potentialAction":[{"@type":"ReadAction","target":["https:\/\/nahuelproducciones.com.ar\/radioquijano\/festival-por-el-101-aniversario-de-campo-quijano\/"]}]},{"@type":"BreadcrumbList","@id":"https:\/\/nahuelproducciones.com.ar\/radioquijano\/festival-por-el-101-aniversario-de-campo-quijano\/#breadcrumb","itemListElement":[{"@type":"ListItem","position":1,"name":"Portada","item":"https:\/\/nahuelproducciones.com.ar\/radioquijano\/"},{"@type":"ListItem","position":2,"name":"Festival por el 101\u00b0 Aniversario de Campo Quijano."}]},{"@type":"WebSite","@id":"https:\/\/nahuelproducciones.com.ar\/radioquijano\/#website","url":"https:\/\/nahuelproducciones.com.ar\/radioquijano\/","name":"RQ 99.9","description":"Radio Quijano 99.9 MHz","potentialAction":[{"@type":"SearchAction","target":{"@type":"EntryPoint","urlTemplate":"https:\/\/nahuelproducciones.com.ar\/radioquijano\/?s={search_term_string}"},"query-input":"required name=search_term_string"}],"inLanguage":"es"},{"@type":"Person","@id":"https:\/\/nahuelproducciones.com.ar\/radioquijano\/#\/schema\/person\/e8a4f939e2cb487fe6d0c54042c9d32c","name":"Cecilia Pastrana","image":{"@type":"ImageObject","inLanguage":"es","@id":"https:\/\/nahuelproducciones.com.ar\/radioquijano\/#\/schema\/person\/image\/","url":"https:\/\/secure.gravatar.com\/avatar\/661a3ef63a8488d4f2794ed44af8cf71420f7e106f3072c40125114df5157749?s=96&d=mm&r=g","contentUrl":"https:\/\/secure.gravatar.com\/avatar\/661a3ef63a8488d4f2794ed44af8cf71420f7e106f3072c40125114df5157749?s=96&d=mm&r=g","caption":"Cecilia Pastrana"},"sameAs":["cecy"],"url":"https:\/\/nahuelproducciones.com.ar\/radioquijano\/author\/cecy\/"}]}},"_links":{"self":[{"href":"https:\/\/nahuelproducciones.com.ar\/radioquijano\/wp-json\/wp\/v2\/posts\/2919","targetHints":{"allow":["GET"]}}],"collection":[{"href":"https:\/\/nahuelproducciones.com.ar\/radioquijano\/wp-json\/wp\/v2\/posts"}],"about":[{"href":"https:\/\/nahuelproducciones.com.ar\/radioquijano\/wp-json\/wp\/v2\/types\/post"}],"author":[{"embeddable":true,"href":"https:\/\/nahuelproducciones.com.ar\/radioquijano\/wp-json\/wp\/v2\/users\/8"}],"replies":[{"embeddable":true,"href":"https:\/\/nahuelproducciones.com.ar\/radioquijano\/wp-json\/wp\/v2\/comments?post=2919"}],"version-history":[{"count":3,"href":"https:\/\/nahuelproducciones.com.ar\/radioquijano\/wp-json\/wp\/v2\/posts\/2919\/revisions"}],"predecessor-version":[{"id":2945,"href":"https:\/\/nahuelproducciones.com.ar\/radioquijano\/wp-json\/wp\/v2\/posts\/2919\/revisions\/2945"}],"wp:featuredmedia":[{"embeddable":true,"href":"https:\/\/nahuelproducciones.com.ar\/radioquijano\/wp-json\/wp\/v2\/media\/2920"}],"wp:attachment":[{"href":"https:\/\/nahuelproducciones.com.ar\/radioquijano\/wp-json\/wp\/v2\/media?parent=2919"}],"wp:term":[{"taxonomy":"category","embeddable":true,"href":"https:\/\/nahuelproducciones.com.ar\/radioquijano\/wp-json\/wp\/v2\/categories?post=2919"},{"taxonomy":"post_tag","embeddable":true,"href":"https:\/\/nahuelproducciones.com.ar\/radioquijano\/wp-json\/wp\/v2\/tags?post=2919"}],"curies":[{"name":"wp","href":"https:\/\/api.w.org\/{rel}","templated":true}]}}