{"id":2924,"date":"2022-07-05T07:48:43","date_gmt":"2022-07-05T10:48:43","guid":{"rendered":"https:\/\/nahuelproducciones.com.ar\/radioquijano\/?p=2924"},"modified":"2022-07-05T07:48:45","modified_gmt":"2022-07-05T10:48:45","slug":"reconocimiento-a-personalidades-que-aportaron-a-la-cultura-y-acompanaron-en-tiempo-de-pandemia","status":"publish","type":"post","link":"https:\/\/nahuelproducciones.com.ar\/radioquijano\/reconocimiento-a-personalidades-que-aportaron-a-la-cultura-y-acompanaron-en-tiempo-de-pandemia\/","title":{"rendered":"\u00abReconocimiento a personalidades que aportaron a la Cultura y acompa\u00f1aron en tiempo de Pandemia\u00bb"},"content":{"rendered":"\n<p>El sector de las artes enfrent\u00f3\u00a0muchas dificultad para trabajar y acercarse a su p\u00fablico en la pandemia de COVID\u201319.<\/p>\n\n\n\n<p>La productora del Programa Radial Meta Talero sinti\u00f3 la necesidad de reconocer a personalidades de Salta que  ayudaron y asistieron a los artistas abriendo sus espacios para la\u00a0promoci\u00f3n, pero tambi\u00e9n supieron ser fuente de optimismo y solidaridad en tiempos dif\u00edciles de aislamiento.<\/p>\n\n\n\n<p>\u00abSe viene un tiempo de reconocimiento\u00bb dijo el Talero Blanco a RQ99.9Mhz. \u00abSurge desde el coraz\u00f3n el poder entregar un presente como reconocimiento al aporte a la Cultura y el acompa\u00f1amiento en tiempo de Pandemia, a ellos mis amigos los queremos homenajear con canciones, con coplas y con un salud \u00bb remarc\u00f3.<\/p>\n\n\n\n<p>Una nueva edici\u00f3n se concret\u00f3 el domingo 3 de julio de 2022 cuando a las 13:00 hs las puertas del tradicional Boliche Balderrama abrieron  brindando danza, canto, coplas y el folclore tradicional de Salta.<\/p>\n\n\n\n<p>\u00abLos homenajeados en la fecha fueron: Silvia Dominguez, Difusora.Veronica Chapay,ex modelo.Claudia Burgos, proteccionista.Elva Liendro,recepcionista Fabiana Rivero,colabora con los pueblos originarios,Cecilia Pastrana, Periodista, Ricardo Cady Guzm\u00e1n, Periodista, Daniel Lera, Gaucho Salte\u00f1o, Fernando Lardies, abogado,Carlos Dominguez, m\u00fasico chamamecero, Fabiana Lasbaines, Doctora,Mario Siares, activista social,Claudio L\u00f3pez, colabora con los pueblos originarios,Mercedes Ib\u00e1\u00f1ez, bailarina,Lalu Santagiuliana, Folclorista, Graciela Colina, docente en el interior, Jorge Altamirano, Periodista,Adriana Shoijet, Comunicadora Social, Gabriel Laureano, alba\u00f1il, Diego Ocampo, Periodista,Sinara Abud, lady fitness,Gonzalo Vidal, m\u00fasico tropical, Marcela Tita Nu\u00f1ez, Periodista y muchas m\u00e1s personalidades ilustres de Salta quienes incansablemente sostienen la Cultura de Salta desde su lugar y engrandecen el nombre de Salta la linda\u00bb record\u00f3 El Talero Blanco .<\/p>\n\n\n\n<blockquote class=\"wp-block-quote is-layout-flow wp-block-quote-is-layout-flow\"><p>Desde Radio Quijano, RQ99.9Mhz queremos agradecemos de coraz\u00f3n el \u00abReconocimiento por el aporte a la Cultura y el acompa\u00f1amiento en tiempo de Pandemia\u00bb realizado por El Talero Blanco el 3 de julio 2022 en Pe\u00f1a Boliche Balderrama.<\/p><\/blockquote>\n\n\n\n<figure class=\"wp-block-gallery columns-3 is-cropped wp-block-gallery-1 is-layout-flex wp-block-gallery-is-layout-flex\"><ul class=\"blocks-gallery-grid\"><li class=\"blocks-gallery-item\"><figure><img loading=\"lazy\" decoding=\"async\" width=\"1024\" height=\"768\" src=\"https:\/\/nahuelproducciones.com.ar\/radioquijano\/wp-content\/uploads\/2022\/07\/WhatsApp-Image-2022-07-05-at-6.20.13-AM-1024x768.jpeg\" alt=\"\" data-id=\"2943\" data-full-url=\"https:\/\/nahuelproducciones.com.ar\/radioquijano\/wp-content\/uploads\/2022\/07\/WhatsApp-Image-2022-07-05-at-6.20.13-AM.jpeg\" data-link=\"https:\/\/nahuelproducciones.com.ar\/radioquijano\/?attachment_id=2943\" class=\"wp-image-2943\"\/><\/figure><\/li><li class=\"blocks-gallery-item\"><figure><img loading=\"lazy\" decoding=\"async\" width=\"1024\" height=\"576\" src=\"https:\/\/nahuelproducciones.com.ar\/radioquijano\/wp-content\/uploads\/2022\/07\/WhatsApp-Image-2022-07-03-at-8.28.06-PM-1024x576.jpeg\" alt=\"\" data-id=\"2925\" data-full-url=\"https:\/\/nahuelproducciones.com.ar\/radioquijano\/wp-content\/uploads\/2022\/07\/WhatsApp-Image-2022-07-03-at-8.28.06-PM.jpeg\" data-link=\"https:\/\/nahuelproducciones.com.ar\/radioquijano\/?attachment_id=2925\" class=\"wp-image-2925\" srcset=\"https:\/\/nahuelproducciones.com.ar\/radioquijano\/wp-content\/uploads\/2022\/07\/WhatsApp-Image-2022-07-03-at-8.28.06-PM-1024x576.jpeg 1024w, https:\/\/nahuelproducciones.com.ar\/radioquijano\/wp-content\/uploads\/2022\/07\/WhatsApp-Image-2022-07-03-at-8.28.06-PM-300x169.jpeg 300w, https:\/\/nahuelproducciones.com.ar\/radioquijano\/wp-content\/uploads\/2022\/07\/WhatsApp-Image-2022-07-03-at-8.28.06-PM-768x432.jpeg 768w, https:\/\/nahuelproducciones.com.ar\/radioquijano\/wp-content\/uploads\/2022\/07\/WhatsApp-Image-2022-07-03-at-8.28.06-PM-150x84.jpeg 150w, https:\/\/nahuelproducciones.com.ar\/radioquijano\/wp-content\/uploads\/2022\/07\/WhatsApp-Image-2022-07-03-at-8.28.06-PM.jpeg 1080w\" sizes=\"auto, (max-width: 1024px) 100vw, 1024px\" \/><\/figure><\/li><li class=\"blocks-gallery-item\"><figure><img loading=\"lazy\" decoding=\"async\" width=\"1024\" height=\"461\" src=\"https:\/\/nahuelproducciones.com.ar\/radioquijano\/wp-content\/uploads\/2022\/07\/WhatsApp-Image-2022-07-05-at-6.31.47-AM-1024x461.jpeg\" alt=\"\" data-id=\"2936\" data-full-url=\"https:\/\/nahuelproducciones.com.ar\/radioquijano\/wp-content\/uploads\/2022\/07\/WhatsApp-Image-2022-07-05-at-6.31.47-AM.jpeg\" data-link=\"https:\/\/nahuelproducciones.com.ar\/radioquijano\/?attachment_id=2936\" class=\"wp-image-2936\" srcset=\"https:\/\/nahuelproducciones.com.ar\/radioquijano\/wp-content\/uploads\/2022\/07\/WhatsApp-Image-2022-07-05-at-6.31.47-AM-1024x461.jpeg 1024w, https:\/\/nahuelproducciones.com.ar\/radioquijano\/wp-content\/uploads\/2022\/07\/WhatsApp-Image-2022-07-05-at-6.31.47-AM-300x135.jpeg 300w, https:\/\/nahuelproducciones.com.ar\/radioquijano\/wp-content\/uploads\/2022\/07\/WhatsApp-Image-2022-07-05-at-6.31.47-AM-768x346.jpeg 768w, https:\/\/nahuelproducciones.com.ar\/radioquijano\/wp-content\/uploads\/2022\/07\/WhatsApp-Image-2022-07-05-at-6.31.47-AM-1536x691.jpeg 1536w, https:\/\/nahuelproducciones.com.ar\/radioquijano\/wp-content\/uploads\/2022\/07\/WhatsApp-Image-2022-07-05-at-6.31.47-AM-150x68.jpeg 150w, https:\/\/nahuelproducciones.com.ar\/radioquijano\/wp-content\/uploads\/2022\/07\/WhatsApp-Image-2022-07-05-at-6.31.47-AM.jpeg 1600w\" sizes=\"auto, (max-width: 1024px) 100vw, 1024px\" \/><\/figure><\/li><li class=\"blocks-gallery-item\"><figure><img loading=\"lazy\" decoding=\"async\" width=\"461\" height=\"1024\" src=\"https:\/\/nahuelproducciones.com.ar\/radioquijano\/wp-content\/uploads\/2022\/07\/WhatsApp-Image-2022-07-05-at-6.31.48-AM-1-461x1024.jpeg\" alt=\"\" data-id=\"2934\" data-full-url=\"https:\/\/nahuelproducciones.com.ar\/radioquijano\/wp-content\/uploads\/2022\/07\/WhatsApp-Image-2022-07-05-at-6.31.48-AM-1.jpeg\" data-link=\"https:\/\/nahuelproducciones.com.ar\/radioquijano\/?attachment_id=2934\" class=\"wp-image-2934\" srcset=\"https:\/\/nahuelproducciones.com.ar\/radioquijano\/wp-content\/uploads\/2022\/07\/WhatsApp-Image-2022-07-05-at-6.31.48-AM-1-461x1024.jpeg 461w, https:\/\/nahuelproducciones.com.ar\/radioquijano\/wp-content\/uploads\/2022\/07\/WhatsApp-Image-2022-07-05-at-6.31.48-AM-1-135x300.jpeg 135w, https:\/\/nahuelproducciones.com.ar\/radioquijano\/wp-content\/uploads\/2022\/07\/WhatsApp-Image-2022-07-05-at-6.31.48-AM-1-691x1536.jpeg 691w, https:\/\/nahuelproducciones.com.ar\/radioquijano\/wp-content\/uploads\/2022\/07\/WhatsApp-Image-2022-07-05-at-6.31.48-AM-1-150x333.jpeg 150w, https:\/\/nahuelproducciones.com.ar\/radioquijano\/wp-content\/uploads\/2022\/07\/WhatsApp-Image-2022-07-05-at-6.31.48-AM-1.jpeg 720w\" sizes=\"auto, (max-width: 461px) 100vw, 461px\" \/><\/figure><\/li><li class=\"blocks-gallery-item\"><figure><img loading=\"lazy\" decoding=\"async\" width=\"1024\" height=\"768\" src=\"https:\/\/nahuelproducciones.com.ar\/radioquijano\/wp-content\/uploads\/2022\/07\/WhatsApp-Image-2022-07-05-at-6.20.31-AM-1024x768.jpeg\" alt=\"\" data-id=\"2942\" data-full-url=\"https:\/\/nahuelproducciones.com.ar\/radioquijano\/wp-content\/uploads\/2022\/07\/WhatsApp-Image-2022-07-05-at-6.20.31-AM.jpeg\" data-link=\"https:\/\/nahuelproducciones.com.ar\/radioquijano\/?attachment_id=2942\" class=\"wp-image-2942\" srcset=\"https:\/\/nahuelproducciones.com.ar\/radioquijano\/wp-content\/uploads\/2022\/07\/WhatsApp-Image-2022-07-05-at-6.20.31-AM-1024x768.jpeg 1024w, https:\/\/nahuelproducciones.com.ar\/radioquijano\/wp-content\/uploads\/2022\/07\/WhatsApp-Image-2022-07-05-at-6.20.31-AM-300x225.jpeg 300w, https:\/\/nahuelproducciones.com.ar\/radioquijano\/wp-content\/uploads\/2022\/07\/WhatsApp-Image-2022-07-05-at-6.20.31-AM-768x576.jpeg 768w, https:\/\/nahuelproducciones.com.ar\/radioquijano\/wp-content\/uploads\/2022\/07\/WhatsApp-Image-2022-07-05-at-6.20.31-AM-150x113.jpeg 150w, https:\/\/nahuelproducciones.com.ar\/radioquijano\/wp-content\/uploads\/2022\/07\/WhatsApp-Image-2022-07-05-at-6.20.31-AM.jpeg 1280w\" sizes=\"auto, (max-width: 1024px) 100vw, 1024px\" \/><\/figure><\/li><li class=\"blocks-gallery-item\"><figure><img loading=\"lazy\" decoding=\"async\" width=\"1024\" height=\"768\" src=\"https:\/\/nahuelproducciones.com.ar\/radioquijano\/wp-content\/uploads\/2022\/07\/WhatsApp-Image-2022-07-05-at-6.21.21-AM-1024x768.jpeg\" alt=\"\" data-id=\"2940\" data-full-url=\"https:\/\/nahuelproducciones.com.ar\/radioquijano\/wp-content\/uploads\/2022\/07\/WhatsApp-Image-2022-07-05-at-6.21.21-AM.jpeg\" data-link=\"https:\/\/nahuelproducciones.com.ar\/radioquijano\/?attachment_id=2940\" class=\"wp-image-2940\" srcset=\"https:\/\/nahuelproducciones.com.ar\/radioquijano\/wp-content\/uploads\/2022\/07\/WhatsApp-Image-2022-07-05-at-6.21.21-AM-1024x768.jpeg 1024w, https:\/\/nahuelproducciones.com.ar\/radioquijano\/wp-content\/uploads\/2022\/07\/WhatsApp-Image-2022-07-05-at-6.21.21-AM-300x225.jpeg 300w, https:\/\/nahuelproducciones.com.ar\/radioquijano\/wp-content\/uploads\/2022\/07\/WhatsApp-Image-2022-07-05-at-6.21.21-AM-768x576.jpeg 768w, https:\/\/nahuelproducciones.com.ar\/radioquijano\/wp-content\/uploads\/2022\/07\/WhatsApp-Image-2022-07-05-at-6.21.21-AM-150x113.jpeg 150w, https:\/\/nahuelproducciones.com.ar\/radioquijano\/wp-content\/uploads\/2022\/07\/WhatsApp-Image-2022-07-05-at-6.21.21-AM.jpeg 1280w\" sizes=\"auto, (max-width: 1024px) 100vw, 1024px\" \/><\/figure><\/li><li class=\"blocks-gallery-item\"><figure><img loading=\"lazy\" decoding=\"async\" width=\"1024\" height=\"473\" src=\"https:\/\/nahuelproducciones.com.ar\/radioquijano\/wp-content\/uploads\/2022\/07\/WhatsApp-Image-2022-07-05-at-6.31.48-AM-2-1024x473.jpeg\" alt=\"\" data-id=\"2933\" data-full-url=\"https:\/\/nahuelproducciones.com.ar\/radioquijano\/wp-content\/uploads\/2022\/07\/WhatsApp-Image-2022-07-05-at-6.31.48-AM-2.jpeg\" data-link=\"https:\/\/nahuelproducciones.com.ar\/radioquijano\/?attachment_id=2933\" class=\"wp-image-2933\" srcset=\"https:\/\/nahuelproducciones.com.ar\/radioquijano\/wp-content\/uploads\/2022\/07\/WhatsApp-Image-2022-07-05-at-6.31.48-AM-2-1024x473.jpeg 1024w, https:\/\/nahuelproducciones.com.ar\/radioquijano\/wp-content\/uploads\/2022\/07\/WhatsApp-Image-2022-07-05-at-6.31.48-AM-2-300x138.jpeg 300w, https:\/\/nahuelproducciones.com.ar\/radioquijano\/wp-content\/uploads\/2022\/07\/WhatsApp-Image-2022-07-05-at-6.31.48-AM-2-768x354.jpeg 768w, https:\/\/nahuelproducciones.com.ar\/radioquijano\/wp-content\/uploads\/2022\/07\/WhatsApp-Image-2022-07-05-at-6.31.48-AM-2-150x69.jpeg 150w, https:\/\/nahuelproducciones.com.ar\/radioquijano\/wp-content\/uploads\/2022\/07\/WhatsApp-Image-2022-07-05-at-6.31.48-AM-2.jpeg 1040w\" sizes=\"auto, (max-width: 1024px) 100vw, 1024px\" \/><\/figure><\/li><li class=\"blocks-gallery-item\"><figure><img loading=\"lazy\" decoding=\"async\" width=\"1024\" height=\"473\" src=\"https:\/\/nahuelproducciones.com.ar\/radioquijano\/wp-content\/uploads\/2022\/07\/WhatsApp-Image-2022-07-05-at-6.31.48-AM-3-1024x473.jpeg\" alt=\"\" data-id=\"2932\" data-full-url=\"https:\/\/nahuelproducciones.com.ar\/radioquijano\/wp-content\/uploads\/2022\/07\/WhatsApp-Image-2022-07-05-at-6.31.48-AM-3.jpeg\" data-link=\"https:\/\/nahuelproducciones.com.ar\/radioquijano\/?attachment_id=2932\" class=\"wp-image-2932\" srcset=\"https:\/\/nahuelproducciones.com.ar\/radioquijano\/wp-content\/uploads\/2022\/07\/WhatsApp-Image-2022-07-05-at-6.31.48-AM-3-1024x473.jpeg 1024w, https:\/\/nahuelproducciones.com.ar\/radioquijano\/wp-content\/uploads\/2022\/07\/WhatsApp-Image-2022-07-05-at-6.31.48-AM-3-300x138.jpeg 300w, https:\/\/nahuelproducciones.com.ar\/radioquijano\/wp-content\/uploads\/2022\/07\/WhatsApp-Image-2022-07-05-at-6.31.48-AM-3-768x354.jpeg 768w, https:\/\/nahuelproducciones.com.ar\/radioquijano\/wp-content\/uploads\/2022\/07\/WhatsApp-Image-2022-07-05-at-6.31.48-AM-3-150x69.jpeg 150w, https:\/\/nahuelproducciones.com.ar\/radioquijano\/wp-content\/uploads\/2022\/07\/WhatsApp-Image-2022-07-05-at-6.31.48-AM-3.jpeg 1040w\" sizes=\"auto, (max-width: 1024px) 100vw, 1024px\" \/><\/figure><\/li><li class=\"blocks-gallery-item\"><figure><img loading=\"lazy\" decoding=\"async\" width=\"1024\" height=\"461\" src=\"https:\/\/nahuelproducciones.com.ar\/radioquijano\/wp-content\/uploads\/2022\/07\/WhatsApp-Image-2022-07-05-at-6.31.47-AM-1-1024x461.jpeg\" alt=\"\" data-id=\"2935\" data-full-url=\"https:\/\/nahuelproducciones.com.ar\/radioquijano\/wp-content\/uploads\/2022\/07\/WhatsApp-Image-2022-07-05-at-6.31.47-AM-1.jpeg\" data-link=\"https:\/\/nahuelproducciones.com.ar\/radioquijano\/?attachment_id=2935\" class=\"wp-image-2935\" srcset=\"https:\/\/nahuelproducciones.com.ar\/radioquijano\/wp-content\/uploads\/2022\/07\/WhatsApp-Image-2022-07-05-at-6.31.47-AM-1-1024x461.jpeg 1024w, https:\/\/nahuelproducciones.com.ar\/radioquijano\/wp-content\/uploads\/2022\/07\/WhatsApp-Image-2022-07-05-at-6.31.47-AM-1-300x135.jpeg 300w, https:\/\/nahuelproducciones.com.ar\/radioquijano\/wp-content\/uploads\/2022\/07\/WhatsApp-Image-2022-07-05-at-6.31.47-AM-1-768x346.jpeg 768w, https:\/\/nahuelproducciones.com.ar\/radioquijano\/wp-content\/uploads\/2022\/07\/WhatsApp-Image-2022-07-05-at-6.31.47-AM-1-1536x691.jpeg 1536w, https:\/\/nahuelproducciones.com.ar\/radioquijano\/wp-content\/uploads\/2022\/07\/WhatsApp-Image-2022-07-05-at-6.31.47-AM-1-150x68.jpeg 150w, https:\/\/nahuelproducciones.com.ar\/radioquijano\/wp-content\/uploads\/2022\/07\/WhatsApp-Image-2022-07-05-at-6.31.47-AM-1.jpeg 1600w\" sizes=\"auto, (max-width: 1024px) 100vw, 1024px\" \/><\/figure><\/li><li class=\"blocks-gallery-item\"><figure><img loading=\"lazy\" decoding=\"async\" width=\"768\" height=\"1024\" src=\"https:\/\/nahuelproducciones.com.ar\/radioquijano\/wp-content\/uploads\/2022\/07\/WhatsApp-Image-2022-07-05-at-6.20.50-AM-768x1024.jpeg\" alt=\"\" data-id=\"2941\" data-full-url=\"https:\/\/nahuelproducciones.com.ar\/radioquijano\/wp-content\/uploads\/2022\/07\/WhatsApp-Image-2022-07-05-at-6.20.50-AM.jpeg\" data-link=\"https:\/\/nahuelproducciones.com.ar\/radioquijano\/?attachment_id=2941\" class=\"wp-image-2941\" srcset=\"https:\/\/nahuelproducciones.com.ar\/radioquijano\/wp-content\/uploads\/2022\/07\/WhatsApp-Image-2022-07-05-at-6.20.50-AM-768x1024.jpeg 768w, https:\/\/nahuelproducciones.com.ar\/radioquijano\/wp-content\/uploads\/2022\/07\/WhatsApp-Image-2022-07-05-at-6.20.50-AM-225x300.jpeg 225w, https:\/\/nahuelproducciones.com.ar\/radioquijano\/wp-content\/uploads\/2022\/07\/WhatsApp-Image-2022-07-05-at-6.20.50-AM-640x853.jpeg 640w, https:\/\/nahuelproducciones.com.ar\/radioquijano\/wp-content\/uploads\/2022\/07\/WhatsApp-Image-2022-07-05-at-6.20.50-AM-150x200.jpeg 150w, https:\/\/nahuelproducciones.com.ar\/radioquijano\/wp-content\/uploads\/2022\/07\/WhatsApp-Image-2022-07-05-at-6.20.50-AM.jpeg 960w\" sizes=\"auto, (max-width: 768px) 100vw, 768px\" \/><\/figure><\/li><li class=\"blocks-gallery-item\"><figure><img loading=\"lazy\" decoding=\"async\" width=\"577\" height=\"1024\" src=\"https:\/\/nahuelproducciones.com.ar\/radioquijano\/wp-content\/uploads\/2022\/07\/WhatsApp-Image-2022-07-05-at-6.31.50-AM-577x1024.jpeg\" alt=\"\" data-id=\"2928\" data-full-url=\"https:\/\/nahuelproducciones.com.ar\/radioquijano\/wp-content\/uploads\/2022\/07\/WhatsApp-Image-2022-07-05-at-6.31.50-AM.jpeg\" data-link=\"https:\/\/nahuelproducciones.com.ar\/radioquijano\/?attachment_id=2928\" class=\"wp-image-2928\" srcset=\"https:\/\/nahuelproducciones.com.ar\/radioquijano\/wp-content\/uploads\/2022\/07\/WhatsApp-Image-2022-07-05-at-6.31.50-AM-577x1024.jpeg 577w, https:\/\/nahuelproducciones.com.ar\/radioquijano\/wp-content\/uploads\/2022\/07\/WhatsApp-Image-2022-07-05-at-6.31.50-AM-169x300.jpeg 169w, https:\/\/nahuelproducciones.com.ar\/radioquijano\/wp-content\/uploads\/2022\/07\/WhatsApp-Image-2022-07-05-at-6.31.50-AM-150x266.jpeg 150w, https:\/\/nahuelproducciones.com.ar\/radioquijano\/wp-content\/uploads\/2022\/07\/WhatsApp-Image-2022-07-05-at-6.31.50-AM.jpeg 750w\" sizes=\"auto, (max-width: 577px) 100vw, 577px\" \/><\/figure><\/li><li class=\"blocks-gallery-item\"><figure><img loading=\"lazy\" decoding=\"async\" width=\"577\" height=\"1024\" src=\"https:\/\/nahuelproducciones.com.ar\/radioquijano\/wp-content\/uploads\/2022\/07\/WhatsApp-Image-2022-07-05-at-6.31.49-AM-2-577x1024.jpeg\" alt=\"\" data-id=\"2929\" data-full-url=\"https:\/\/nahuelproducciones.com.ar\/radioquijano\/wp-content\/uploads\/2022\/07\/WhatsApp-Image-2022-07-05-at-6.31.49-AM-2.jpeg\" data-link=\"https:\/\/nahuelproducciones.com.ar\/radioquijano\/?attachment_id=2929\" class=\"wp-image-2929\" srcset=\"https:\/\/nahuelproducciones.com.ar\/radioquijano\/wp-content\/uploads\/2022\/07\/WhatsApp-Image-2022-07-05-at-6.31.49-AM-2-577x1024.jpeg 577w, https:\/\/nahuelproducciones.com.ar\/radioquijano\/wp-content\/uploads\/2022\/07\/WhatsApp-Image-2022-07-05-at-6.31.49-AM-2-169x300.jpeg 169w, https:\/\/nahuelproducciones.com.ar\/radioquijano\/wp-content\/uploads\/2022\/07\/WhatsApp-Image-2022-07-05-at-6.31.49-AM-2-150x266.jpeg 150w, https:\/\/nahuelproducciones.com.ar\/radioquijano\/wp-content\/uploads\/2022\/07\/WhatsApp-Image-2022-07-05-at-6.31.49-AM-2.jpeg 750w\" sizes=\"auto, (max-width: 577px) 100vw, 577px\" \/><\/figure><\/li><li class=\"blocks-gallery-item\"><figure><img loading=\"lazy\" decoding=\"async\" width=\"1024\" height=\"461\" src=\"https:\/\/nahuelproducciones.com.ar\/radioquijano\/wp-content\/uploads\/2022\/07\/WhatsApp-Image-2022-07-05-at-6.31.46-AM-2-1024x461.jpeg\" alt=\"\" data-id=\"2937\" data-full-url=\"https:\/\/nahuelproducciones.com.ar\/radioquijano\/wp-content\/uploads\/2022\/07\/WhatsApp-Image-2022-07-05-at-6.31.46-AM-2.jpeg\" data-link=\"https:\/\/nahuelproducciones.com.ar\/radioquijano\/?attachment_id=2937\" class=\"wp-image-2937\" srcset=\"https:\/\/nahuelproducciones.com.ar\/radioquijano\/wp-content\/uploads\/2022\/07\/WhatsApp-Image-2022-07-05-at-6.31.46-AM-2-1024x461.jpeg 1024w, https:\/\/nahuelproducciones.com.ar\/radioquijano\/wp-content\/uploads\/2022\/07\/WhatsApp-Image-2022-07-05-at-6.31.46-AM-2-300x135.jpeg 300w, https:\/\/nahuelproducciones.com.ar\/radioquijano\/wp-content\/uploads\/2022\/07\/WhatsApp-Image-2022-07-05-at-6.31.46-AM-2-768x346.jpeg 768w, https:\/\/nahuelproducciones.com.ar\/radioquijano\/wp-content\/uploads\/2022\/07\/WhatsApp-Image-2022-07-05-at-6.31.46-AM-2-1536x691.jpeg 1536w, https:\/\/nahuelproducciones.com.ar\/radioquijano\/wp-content\/uploads\/2022\/07\/WhatsApp-Image-2022-07-05-at-6.31.46-AM-2-150x68.jpeg 150w, https:\/\/nahuelproducciones.com.ar\/radioquijano\/wp-content\/uploads\/2022\/07\/WhatsApp-Image-2022-07-05-at-6.31.46-AM-2.jpeg 1600w\" sizes=\"auto, (max-width: 1024px) 100vw, 1024px\" \/><\/figure><\/li><li class=\"blocks-gallery-item\"><figure><img loading=\"lazy\" decoding=\"async\" width=\"1024\" height=\"461\" src=\"https:\/\/nahuelproducciones.com.ar\/radioquijano\/wp-content\/uploads\/2022\/07\/WhatsApp-Image-2022-07-05-at-6.31.46-AM-1-1024x461.jpeg\" alt=\"\" data-id=\"2938\" data-full-url=\"https:\/\/nahuelproducciones.com.ar\/radioquijano\/wp-content\/uploads\/2022\/07\/WhatsApp-Image-2022-07-05-at-6.31.46-AM-1.jpeg\" data-link=\"https:\/\/nahuelproducciones.com.ar\/radioquijano\/?attachment_id=2938\" class=\"wp-image-2938\" srcset=\"https:\/\/nahuelproducciones.com.ar\/radioquijano\/wp-content\/uploads\/2022\/07\/WhatsApp-Image-2022-07-05-at-6.31.46-AM-1-1024x461.jpeg 1024w, https:\/\/nahuelproducciones.com.ar\/radioquijano\/wp-content\/uploads\/2022\/07\/WhatsApp-Image-2022-07-05-at-6.31.46-AM-1-300x135.jpeg 300w, https:\/\/nahuelproducciones.com.ar\/radioquijano\/wp-content\/uploads\/2022\/07\/WhatsApp-Image-2022-07-05-at-6.31.46-AM-1-768x346.jpeg 768w, https:\/\/nahuelproducciones.com.ar\/radioquijano\/wp-content\/uploads\/2022\/07\/WhatsApp-Image-2022-07-05-at-6.31.46-AM-1-1536x691.jpeg 1536w, https:\/\/nahuelproducciones.com.ar\/radioquijano\/wp-content\/uploads\/2022\/07\/WhatsApp-Image-2022-07-05-at-6.31.46-AM-1-150x68.jpeg 150w, https:\/\/nahuelproducciones.com.ar\/radioquijano\/wp-content\/uploads\/2022\/07\/WhatsApp-Image-2022-07-05-at-6.31.46-AM-1.jpeg 1600w\" sizes=\"auto, (max-width: 1024px) 100vw, 1024px\" \/><\/figure><\/li><li class=\"blocks-gallery-item\"><figure><img loading=\"lazy\" decoding=\"async\" width=\"1024\" height=\"461\" src=\"https:\/\/nahuelproducciones.com.ar\/radioquijano\/wp-content\/uploads\/2022\/07\/WhatsApp-Image-2022-07-05-at-6.31.46-AM-1024x461.jpeg\" alt=\"\" data-id=\"2939\" data-full-url=\"https:\/\/nahuelproducciones.com.ar\/radioquijano\/wp-content\/uploads\/2022\/07\/WhatsApp-Image-2022-07-05-at-6.31.46-AM.jpeg\" data-link=\"https:\/\/nahuelproducciones.com.ar\/radioquijano\/?attachment_id=2939\" class=\"wp-image-2939\" srcset=\"https:\/\/nahuelproducciones.com.ar\/radioquijano\/wp-content\/uploads\/2022\/07\/WhatsApp-Image-2022-07-05-at-6.31.46-AM-1024x461.jpeg 1024w, https:\/\/nahuelproducciones.com.ar\/radioquijano\/wp-content\/uploads\/2022\/07\/WhatsApp-Image-2022-07-05-at-6.31.46-AM-300x135.jpeg 300w, https:\/\/nahuelproducciones.com.ar\/radioquijano\/wp-content\/uploads\/2022\/07\/WhatsApp-Image-2022-07-05-at-6.31.46-AM-768x346.jpeg 768w, https:\/\/nahuelproducciones.com.ar\/radioquijano\/wp-content\/uploads\/2022\/07\/WhatsApp-Image-2022-07-05-at-6.31.46-AM-1536x691.jpeg 1536w, https:\/\/nahuelproducciones.com.ar\/radioquijano\/wp-content\/uploads\/2022\/07\/WhatsApp-Image-2022-07-05-at-6.31.46-AM-150x68.jpeg 150w, https:\/\/nahuelproducciones.com.ar\/radioquijano\/wp-content\/uploads\/2022\/07\/WhatsApp-Image-2022-07-05-at-6.31.46-AM.jpeg 1600w\" sizes=\"auto, (max-width: 1024px) 100vw, 1024px\" \/><\/figure><\/li><li class=\"blocks-gallery-item\"><figure><img loading=\"lazy\" decoding=\"async\" width=\"1024\" height=\"699\" src=\"https:\/\/nahuelproducciones.com.ar\/radioquijano\/wp-content\/uploads\/2022\/07\/WhatsApp-Image-2022-07-05-at-6.36.12-AM-1024x699.jpeg\" alt=\"\" data-id=\"2926\" data-full-url=\"https:\/\/nahuelproducciones.com.ar\/radioquijano\/wp-content\/uploads\/2022\/07\/WhatsApp-Image-2022-07-05-at-6.36.12-AM.jpeg\" data-link=\"https:\/\/nahuelproducciones.com.ar\/radioquijano\/?attachment_id=2926\" class=\"wp-image-2926\" srcset=\"https:\/\/nahuelproducciones.com.ar\/radioquijano\/wp-content\/uploads\/2022\/07\/WhatsApp-Image-2022-07-05-at-6.36.12-AM-1024x699.jpeg 1024w, https:\/\/nahuelproducciones.com.ar\/radioquijano\/wp-content\/uploads\/2022\/07\/WhatsApp-Image-2022-07-05-at-6.36.12-AM-300x205.jpeg 300w, https:\/\/nahuelproducciones.com.ar\/radioquijano\/wp-content\/uploads\/2022\/07\/WhatsApp-Image-2022-07-05-at-6.36.12-AM-768x524.jpeg 768w, https:\/\/nahuelproducciones.com.ar\/radioquijano\/wp-content\/uploads\/2022\/07\/WhatsApp-Image-2022-07-05-at-6.36.12-AM-150x102.jpeg 150w, https:\/\/nahuelproducciones.com.ar\/radioquijano\/wp-content\/uploads\/2022\/07\/WhatsApp-Image-2022-07-05-at-6.36.12-AM.jpeg 1280w\" sizes=\"auto, (max-width: 1024px) 100vw, 1024px\" \/><\/figure><\/li><li class=\"blocks-gallery-item\"><figure><img loading=\"lazy\" decoding=\"async\" width=\"1024\" height=\"674\" src=\"https:\/\/nahuelproducciones.com.ar\/radioquijano\/wp-content\/uploads\/2022\/07\/WhatsApp-Image-2022-07-05-at-6.35.52-AM-1024x674.jpeg\" alt=\"\" data-id=\"2927\" data-full-url=\"https:\/\/nahuelproducciones.com.ar\/radioquijano\/wp-content\/uploads\/2022\/07\/WhatsApp-Image-2022-07-05-at-6.35.52-AM.jpeg\" data-link=\"https:\/\/nahuelproducciones.com.ar\/radioquijano\/?attachment_id=2927\" class=\"wp-image-2927\" srcset=\"https:\/\/nahuelproducciones.com.ar\/radioquijano\/wp-content\/uploads\/2022\/07\/WhatsApp-Image-2022-07-05-at-6.35.52-AM-1024x674.jpeg 1024w, https:\/\/nahuelproducciones.com.ar\/radioquijano\/wp-content\/uploads\/2022\/07\/WhatsApp-Image-2022-07-05-at-6.35.52-AM-300x197.jpeg 300w, https:\/\/nahuelproducciones.com.ar\/radioquijano\/wp-content\/uploads\/2022\/07\/WhatsApp-Image-2022-07-05-at-6.35.52-AM-768x505.jpeg 768w, https:\/\/nahuelproducciones.com.ar\/radioquijano\/wp-content\/uploads\/2022\/07\/WhatsApp-Image-2022-07-05-at-6.35.52-AM-150x99.jpeg 150w, https:\/\/nahuelproducciones.com.ar\/radioquijano\/wp-content\/uploads\/2022\/07\/WhatsApp-Image-2022-07-05-at-6.35.52-AM.jpeg 1280w\" sizes=\"auto, (max-width: 1024px) 100vw, 1024px\" \/><\/figure><\/li><\/ul><\/figure>\n\n\n\n<p><a href=\"https:\/\/nahuelproducciones.com.ar\/index.php\/rq999\" target=\"_blank\" rel=\"noreferrer noopener\">#RQ99.9Mhz<\/a>\u00a0<a href=\"https:\/\/nahuelproducciones.com.ar\/\" target=\"_blank\" rel=\"noreferrer noopener\">#CAMPOQUIJANO<\/a><\/p>\n","protected":false},"excerpt":{"rendered":"<p>El sector de las artes enfrent\u00f3\u00a0muchas dificultad para trabajar y acercarse a su p\u00fablico en la pandemia de COVID\u201319. La productora del Programa Radial Meta Talero sinti\u00f3 la necesidad de reconocer a personalidades de Salta que ayudaron y asistieron a los artistas abriendo sus espacios para la\u00a0promoci\u00f3n, pero tambi\u00e9n supieron ser fuente de optimismo y [&hellip;]<\/p>\n","protected":false},"author":8,"featured_media":2943,"comment_status":"open","ping_status":"open","sticky":false,"template":"","format":"standard","meta":{"_monsterinsights_skip_tracking":false,"_monsterinsights_sitenote_active":false,"_monsterinsights_sitenote_note":"","_monsterinsights_sitenote_category":0,"footnotes":""},"categories":[18,16],"tags":[545,543,544],"class_list":["post-2924","post","type-post","status-publish","format-standard","has-post-thumbnail","hentry","category-covid-19","category-noticias","tag-pena-boliche-balderrama","tag-reconocimiento-a-personalidades-y-personas-solidarias-en-pandemia","tag-talero-blanco"],"yoast_head":"<!-- This site is optimized with the Yoast SEO plugin v20.8 - https:\/\/yoast.com\/wordpress\/plugins\/seo\/ -->\n<title>&quot;Reconocimiento a personalidades que aportaron a la Cultura y acompa\u00f1aron en tiempo de Pandemia&quot; - RQ 99.9<\/title>\n<meta name=\"description\" content=\"Realizado por El Talero Blanco el 3 de julio 2022 en Pe\u00f1a Boliche Balderrama.\" \/>\n<meta name=\"robots\" content=\"index, follow, max-snippet:-1, max-image-preview:large, max-video-preview:-1\" \/>\n<link rel=\"canonical\" href=\"https:\/\/nahuelproducciones.com.ar\/radioquijano\/reconocimiento-a-personalidades-que-aportaron-a-la-cultura-y-acompanaron-en-tiempo-de-pandemia\/\" \/>\n<meta property=\"og:locale\" content=\"es_ES\" \/>\n<meta property=\"og:type\" content=\"article\" \/>\n<meta property=\"og:title\" content=\"&quot;Reconocimiento a personalidades que aportaron a la Cultura y acompa\u00f1aron en tiempo de Pandemia&quot; - RQ 99.9\" \/>\n<meta property=\"og:description\" content=\"Realizado por El Talero Blanco el 3 de julio 2022 en Pe\u00f1a Boliche Balderrama.\" \/>\n<meta property=\"og:url\" content=\"https:\/\/nahuelproducciones.com.ar\/radioquijano\/reconocimiento-a-personalidades-que-aportaron-a-la-cultura-y-acompanaron-en-tiempo-de-pandemia\/\" \/>\n<meta property=\"og:site_name\" content=\"RQ 99.9\" \/>\n<meta property=\"article:publisher\" content=\"https:\/\/www.facebook.com\/nahuelproducciones999\/\" \/>\n<meta property=\"article:published_time\" content=\"2022-07-05T10:48:43+00:00\" \/>\n<meta property=\"article:modified_time\" content=\"2022-07-05T10:48:45+00:00\" \/>\n<meta property=\"og:image\" content=\"https:\/\/nahuelproducciones.com.ar\/radioquijano\/wp-content\/uploads\/2022\/07\/WhatsApp-Image-2022-07-05-at-6.20.13-AM-e1657018053185.jpeg\" \/>\n\t<meta property=\"og:image:width\" content=\"700\" \/>\n\t<meta property=\"og:image:height\" content=\"525\" \/>\n\t<meta property=\"og:image:type\" content=\"image\/jpeg\" \/>\n<meta name=\"author\" content=\"Cecilia Pastrana\" \/>\n<meta name=\"twitter:card\" content=\"summary_large_image\" \/>\n<meta name=\"twitter:creator\" content=\"@nahuproduciones\" \/>\n<meta name=\"twitter:site\" content=\"@nahuproduciones\" \/>\n<meta name=\"twitter:label1\" content=\"Escrito por\" \/>\n\t<meta name=\"twitter:data1\" content=\"Cecilia Pastrana\" \/>\n\t<meta name=\"twitter:label2\" content=\"Tiempo de lectura\" \/>\n\t<meta name=\"twitter:data2\" content=\"5 minutos\" \/>\n<script type=\"application\/ld+json\" class=\"yoast-schema-graph\">{\"@context\":\"https:\/\/schema.org\",\"@graph\":[{\"@type\":\"WebPage\",\"@id\":\"https:\/\/nahuelproducciones.com.ar\/radioquijano\/reconocimiento-a-personalidades-que-aportaron-a-la-cultura-y-acompanaron-en-tiempo-de-pandemia\/\",\"url\":\"https:\/\/nahuelproducciones.com.ar\/radioquijano\/reconocimiento-a-personalidades-que-aportaron-a-la-cultura-y-acompanaron-en-tiempo-de-pandemia\/\",\"name\":\"\\\"Reconocimiento a personalidades que aportaron a la Cultura y acompa\u00f1aron en tiempo de Pandemia\\\" - RQ 99.9\",\"isPartOf\":{\"@id\":\"https:\/\/nahuelproducciones.com.ar\/radioquijano\/#website\"},\"datePublished\":\"2022-07-05T10:48:43+00:00\",\"dateModified\":\"2022-07-05T10:48:45+00:00\",\"author\":{\"@id\":\"https:\/\/nahuelproducciones.com.ar\/radioquijano\/#\/schema\/person\/e8a4f939e2cb487fe6d0c54042c9d32c\"},\"description\":\"Realizado por El Talero Blanco el 3 de julio 2022 en Pe\u00f1a Boliche Balderrama.\",\"breadcrumb\":{\"@id\":\"https:\/\/nahuelproducciones.com.ar\/radioquijano\/reconocimiento-a-personalidades-que-aportaron-a-la-cultura-y-acompanaron-en-tiempo-de-pandemia\/#breadcrumb\"},\"inLanguage\":\"es\",\"potentialAction\":[{\"@type\":\"ReadAction\",\"target\":[\"https:\/\/nahuelproducciones.com.ar\/radioquijano\/reconocimiento-a-personalidades-que-aportaron-a-la-cultura-y-acompanaron-en-tiempo-de-pandemia\/\"]}]},{\"@type\":\"BreadcrumbList\",\"@id\":\"https:\/\/nahuelproducciones.com.ar\/radioquijano\/reconocimiento-a-personalidades-que-aportaron-a-la-cultura-y-acompanaron-en-tiempo-de-pandemia\/#breadcrumb\",\"itemListElement\":[{\"@type\":\"ListItem\",\"position\":1,\"name\":\"Portada\",\"item\":\"https:\/\/nahuelproducciones.com.ar\/radioquijano\/\"},{\"@type\":\"ListItem\",\"position\":2,\"name\":\"\u00abReconocimiento a personalidades que aportaron a la Cultura y acompa\u00f1aron en tiempo de Pandemia\u00bb\"}]},{\"@type\":\"WebSite\",\"@id\":\"https:\/\/nahuelproducciones.com.ar\/radioquijano\/#website\",\"url\":\"https:\/\/nahuelproducciones.com.ar\/radioquijano\/\",\"name\":\"RQ 99.9\",\"description\":\"Radio Quijano 99.9 MHz\",\"potentialAction\":[{\"@type\":\"SearchAction\",\"target\":{\"@type\":\"EntryPoint\",\"urlTemplate\":\"https:\/\/nahuelproducciones.com.ar\/radioquijano\/?s={search_term_string}\"},\"query-input\":\"required name=search_term_string\"}],\"inLanguage\":\"es\"},{\"@type\":\"Person\",\"@id\":\"https:\/\/nahuelproducciones.com.ar\/radioquijano\/#\/schema\/person\/e8a4f939e2cb487fe6d0c54042c9d32c\",\"name\":\"Cecilia Pastrana\",\"image\":{\"@type\":\"ImageObject\",\"inLanguage\":\"es\",\"@id\":\"https:\/\/nahuelproducciones.com.ar\/radioquijano\/#\/schema\/person\/image\/\",\"url\":\"https:\/\/secure.gravatar.com\/avatar\/661a3ef63a8488d4f2794ed44af8cf71420f7e106f3072c40125114df5157749?s=96&d=mm&r=g\",\"contentUrl\":\"https:\/\/secure.gravatar.com\/avatar\/661a3ef63a8488d4f2794ed44af8cf71420f7e106f3072c40125114df5157749?s=96&d=mm&r=g\",\"caption\":\"Cecilia Pastrana\"},\"sameAs\":[\"cecy\"],\"url\":\"https:\/\/nahuelproducciones.com.ar\/radioquijano\/author\/cecy\/\"}]}<\/script>\n<!-- \/ Yoast SEO plugin. -->","yoast_head_json":{"title":"\"Reconocimiento a personalidades que aportaron a la Cultura y acompa\u00f1aron en tiempo de Pandemia\" - RQ 99.9","description":"Realizado por El Talero Blanco el 3 de julio 2022 en Pe\u00f1a Boliche Balderrama.","robots":{"index":"index","follow":"follow","max-snippet":"max-snippet:-1","max-image-preview":"max-image-preview:large","max-video-preview":"max-video-preview:-1"},"canonical":"https:\/\/nahuelproducciones.com.ar\/radioquijano\/reconocimiento-a-personalidades-que-aportaron-a-la-cultura-y-acompanaron-en-tiempo-de-pandemia\/","og_locale":"es_ES","og_type":"article","og_title":"\"Reconocimiento a personalidades que aportaron a la Cultura y acompa\u00f1aron en tiempo de Pandemia\" - RQ 99.9","og_description":"Realizado por El Talero Blanco el 3 de julio 2022 en Pe\u00f1a Boliche Balderrama.","og_url":"https:\/\/nahuelproducciones.com.ar\/radioquijano\/reconocimiento-a-personalidades-que-aportaron-a-la-cultura-y-acompanaron-en-tiempo-de-pandemia\/","og_site_name":"RQ 99.9","article_publisher":"https:\/\/www.facebook.com\/nahuelproducciones999\/","article_published_time":"2022-07-05T10:48:43+00:00","article_modified_time":"2022-07-05T10:48:45+00:00","og_image":[{"width":700,"height":525,"url":"https:\/\/nahuelproducciones.com.ar\/radioquijano\/wp-content\/uploads\/2022\/07\/WhatsApp-Image-2022-07-05-at-6.20.13-AM-e1657018053185.jpeg","type":"image\/jpeg"}],"author":"Cecilia Pastrana","twitter_card":"summary_large_image","twitter_creator":"@nahuproduciones","twitter_site":"@nahuproduciones","twitter_misc":{"Escrito por":"Cecilia Pastrana","Tiempo de lectura":"5 minutos"},"schema":{"@context":"https:\/\/schema.org","@graph":[{"@type":"WebPage","@id":"https:\/\/nahuelproducciones.com.ar\/radioquijano\/reconocimiento-a-personalidades-que-aportaron-a-la-cultura-y-acompanaron-en-tiempo-de-pandemia\/","url":"https:\/\/nahuelproducciones.com.ar\/radioquijano\/reconocimiento-a-personalidades-que-aportaron-a-la-cultura-y-acompanaron-en-tiempo-de-pandemia\/","name":"\"Reconocimiento a personalidades que aportaron a la Cultura y acompa\u00f1aron en tiempo de Pandemia\" - RQ 99.9","isPartOf":{"@id":"https:\/\/nahuelproducciones.com.ar\/radioquijano\/#website"},"datePublished":"2022-07-05T10:48:43+00:00","dateModified":"2022-07-05T10:48:45+00:00","author":{"@id":"https:\/\/nahuelproducciones.com.ar\/radioquijano\/#\/schema\/person\/e8a4f939e2cb487fe6d0c54042c9d32c"},"description":"Realizado por El Talero Blanco el 3 de julio 2022 en Pe\u00f1a Boliche Balderrama.","breadcrumb":{"@id":"https:\/\/nahuelproducciones.com.ar\/radioquijano\/reconocimiento-a-personalidades-que-aportaron-a-la-cultura-y-acompanaron-en-tiempo-de-pandemia\/#breadcrumb"},"inLanguage":"es","potentialAction":[{"@type":"ReadAction","target":["https:\/\/nahuelproducciones.com.ar\/radioquijano\/reconocimiento-a-personalidades-que-aportaron-a-la-cultura-y-acompanaron-en-tiempo-de-pandemia\/"]}]},{"@type":"BreadcrumbList","@id":"https:\/\/nahuelproducciones.com.ar\/radioquijano\/reconocimiento-a-personalidades-que-aportaron-a-la-cultura-y-acompanaron-en-tiempo-de-pandemia\/#breadcrumb","itemListElement":[{"@type":"ListItem","position":1,"name":"Portada","item":"https:\/\/nahuelproducciones.com.ar\/radioquijano\/"},{"@type":"ListItem","position":2,"name":"\u00abReconocimiento a personalidades que aportaron a la Cultura y acompa\u00f1aron en tiempo de Pandemia\u00bb"}]},{"@type":"WebSite","@id":"https:\/\/nahuelproducciones.com.ar\/radioquijano\/#website","url":"https:\/\/nahuelproducciones.com.ar\/radioquijano\/","name":"RQ 99.9","description":"Radio Quijano 99.9 MHz","potentialAction":[{"@type":"SearchAction","target":{"@type":"EntryPoint","urlTemplate":"https:\/\/nahuelproducciones.com.ar\/radioquijano\/?s={search_term_string}"},"query-input":"required name=search_term_string"}],"inLanguage":"es"},{"@type":"Person","@id":"https:\/\/nahuelproducciones.com.ar\/radioquijano\/#\/schema\/person\/e8a4f939e2cb487fe6d0c54042c9d32c","name":"Cecilia Pastrana","image":{"@type":"ImageObject","inLanguage":"es","@id":"https:\/\/nahuelproducciones.com.ar\/radioquijano\/#\/schema\/person\/image\/","url":"https:\/\/secure.gravatar.com\/avatar\/661a3ef63a8488d4f2794ed44af8cf71420f7e106f3072c40125114df5157749?s=96&d=mm&r=g","contentUrl":"https:\/\/secure.gravatar.com\/avatar\/661a3ef63a8488d4f2794ed44af8cf71420f7e106f3072c40125114df5157749?s=96&d=mm&r=g","caption":"Cecilia Pastrana"},"sameAs":["cecy"],"url":"https:\/\/nahuelproducciones.com.ar\/radioquijano\/author\/cecy\/"}]}},"_links":{"self":[{"href":"https:\/\/nahuelproducciones.com.ar\/radioquijano\/wp-json\/wp\/v2\/posts\/2924","targetHints":{"allow":["GET"]}}],"collection":[{"href":"https:\/\/nahuelproducciones.com.ar\/radioquijano\/wp-json\/wp\/v2\/posts"}],"about":[{"href":"https:\/\/nahuelproducciones.com.ar\/radioquijano\/wp-json\/wp\/v2\/types\/post"}],"author":[{"embeddable":true,"href":"https:\/\/nahuelproducciones.com.ar\/radioquijano\/wp-json\/wp\/v2\/users\/8"}],"replies":[{"embeddable":true,"href":"https:\/\/nahuelproducciones.com.ar\/radioquijano\/wp-json\/wp\/v2\/comments?post=2924"}],"version-history":[{"count":1,"href":"https:\/\/nahuelproducciones.com.ar\/radioquijano\/wp-json\/wp\/v2\/posts\/2924\/revisions"}],"predecessor-version":[{"id":2944,"href":"https:\/\/nahuelproducciones.com.ar\/radioquijano\/wp-json\/wp\/v2\/posts\/2924\/revisions\/2944"}],"wp:featuredmedia":[{"embeddable":true,"href":"https:\/\/nahuelproducciones.com.ar\/radioquijano\/wp-json\/wp\/v2\/media\/2943"}],"wp:attachment":[{"href":"https:\/\/nahuelproducciones.com.ar\/radioquijano\/wp-json\/wp\/v2\/media?parent=2924"}],"wp:term":[{"taxonomy":"category","embeddable":true,"href":"https:\/\/nahuelproducciones.com.ar\/radioquijano\/wp-json\/wp\/v2\/categories?post=2924"},{"taxonomy":"post_tag","embeddable":true,"href":"https:\/\/nahuelproducciones.com.ar\/radioquijano\/wp-json\/wp\/v2\/tags?post=2924"}],"curies":[{"name":"wp","href":"https:\/\/api.w.org\/{rel}","templated":true}]}}