{"id":2946,"date":"2022-07-06T09:33:33","date_gmt":"2022-07-06T12:33:33","guid":{"rendered":"https:\/\/nahuelproducciones.com.ar\/radioquijano\/?p=2946"},"modified":"2022-07-06T09:33:34","modified_gmt":"2022-07-06T12:33:34","slug":"malestar-por-la-colocacion-de-la-bandera-de-ceremonia-como-adorno-en-casa-de-la-cultura-de-campo-quijano","status":"publish","type":"post","link":"https:\/\/nahuelproducciones.com.ar\/radioquijano\/malestar-por-la-colocacion-de-la-bandera-de-ceremonia-como-adorno-en-casa-de-la-cultura-de-campo-quijano\/","title":{"rendered":"Malestar por la colocaci\u00f3n de la Bandera de Ceremonia como Adorno en Casa de la Cultura de Campo Quijano."},"content":{"rendered":"\n<p>El s\u00e1bado 9 de julio, Campo Quijano celebrar\u00e1 sus 101\u00b0 Aniversario de su fundaci\u00f3n y los 206 a\u00f1os de la Declaraci\u00f3n de la Independencia.<\/p>\n\n\n\n<p>Esta es una fecha muy especial para toda la ciudadan\u00eda\u00a0y se espera con ansiedad ya que por pandemia muchos no participaron de los 100 a\u00f1os del Pueblo.<\/p>\n\n\n\n<p>Como es costumbre Quijano siempre tuvo su color, su Velada , el encuentro, el desfiles, m\u00fasica y la danza en un festival, la doma, pero este a\u00f1o la cartelera se modific\u00f3 ya que el municipio reconoce que no tiene dinero para afrontar los festejos. <\/p>\n\n\n\n<p>El sentimiento por el pueblo se har\u00e1  presente en los ciudadanos con la ornamentaci\u00f3n de los frentes de sus viviendas y comercios, al menos poniendo un poco de color y calor al cumplea\u00f1os.<\/p>\n\n\n\n<p>Algunos vecinos en las redes sociales mostraron la fachada de Casa de la Cultura de Campo Quijano vestida con un detalle muy particular y los comentarios mostraron la molestia de que se utilizaran las banderas de ceremonia como adorno.<\/p>\n\n\n\n<p>Ayer subieron las im\u00e1genes a facebook, pero el decorado lo vieron por primera vez el d\u00eda viernes. La Directora de Ceremonial y Protocolo del Municipio,Jimena Marucci Abrelco coment\u00f3 el posteo cargando la culpa de tremendo error en una empleada municipal sin hacerse cargo. La pregunta es saber \u00bfPorque ning\u00fan funcionario noto esta situaci\u00f3n?, Porque esta desde el viernes esta ornamentaci\u00f3n y nadie la retiro?.<\/p>\n\n\n\n<p>Muchas personas se mostraron molestas en los comentarios de la publicaci\u00f3n de facebook  y otras buscaron justificar minimizando, sin remarcar el valor de los s\u00edmbolos patrios, ni el hecho de que \u00ablas banderas no son adornos\u00bb.<\/p>\n\n\n\n<p>Esta fecha nos debe permitir interrogarnos qu\u00e9 significa la \u201cbandera\u201d por la que Belgrano y todo un pueblo lucharon y pusieron lo mejor de s\u00ed para la libertad, independencia, identidad y soberan\u00eda.<\/p>\n\n\n\n<p>Revaloricemos nuestra bandera y los s\u00edmbolos patrios por lo que significan y por su proyecci\u00f3n hacia el futuro . <\/p>\n\n\n\n<p><a href=\"https:\/\/nahuelproducciones.com.ar\/index.php\/rq999\" target=\"_blank\" rel=\"noreferrer noopener\">#RQ99.9Mhz<\/a>\u00a0<a href=\"https:\/\/nahuelproducciones.com.ar\/\" target=\"_blank\" rel=\"noreferrer noopener\">#CAMPOQUIJANO<\/a><\/p>\n","protected":false},"excerpt":{"rendered":"<p>El s\u00e1bado 9 de julio, Campo Quijano celebrar\u00e1 sus 101\u00b0 Aniversario de su fundaci\u00f3n y los 206 a\u00f1os de la Declaraci\u00f3n de la Independencia. Esta es una fecha muy especial para toda la ciudadan\u00eda\u00a0y se espera con ansiedad ya que por pandemia muchos no participaron de los 100 a\u00f1os del Pueblo. Como es costumbre Quijano [&hellip;]<\/p>\n","protected":false},"author":8,"featured_media":2947,"comment_status":"open","ping_status":"open","sticky":false,"template":"","format":"standard","meta":{"_monsterinsights_skip_tracking":false,"_monsterinsights_sitenote_active":false,"_monsterinsights_sitenote_note":"","_monsterinsights_sitenote_category":0,"footnotes":""},"categories":[16],"tags":[36,225],"class_list":["post-2946","post","type-post","status-publish","format-standard","has-post-thumbnail","hentry","category-noticias","tag-campo-quijano","tag-casa-de-la-cultura-de-campo-quijano"],"yoast_head":"<!-- This site is optimized with the Yoast SEO plugin v20.8 - https:\/\/yoast.com\/wordpress\/plugins\/seo\/ -->\n<title>Malestar por la colocaci\u00f3n de la Bandera de Ceremonia como Adorno en Casa de la Cultura de Campo Quijano. - RQ 99.9<\/title>\n<meta name=\"description\" content=\"Muchas personas se mostraron molestas en los comentarios de la publicaci\u00f3n de facebook y otras buscaron justificar minimizando, sin remarcar el valor de los s\u00edmbolos patrios, ni el hecho de que &quot;las banderas no son adornos&quot;.\" \/>\n<meta name=\"robots\" content=\"index, follow, max-snippet:-1, max-image-preview:large, max-video-preview:-1\" \/>\n<link rel=\"canonical\" href=\"https:\/\/nahuelproducciones.com.ar\/radioquijano\/malestar-por-la-colocacion-de-la-bandera-de-ceremonia-como-adorno-en-casa-de-la-cultura-de-campo-quijano\/\" \/>\n<meta property=\"og:locale\" content=\"es_ES\" \/>\n<meta property=\"og:type\" content=\"article\" \/>\n<meta property=\"og:title\" content=\"Malestar por la colocaci\u00f3n de la Bandera de Ceremonia como Adorno en Casa de la Cultura de Campo Quijano. - RQ 99.9\" \/>\n<meta property=\"og:description\" content=\"Muchas personas se mostraron molestas en los comentarios de la publicaci\u00f3n de facebook y otras buscaron justificar minimizando, sin remarcar el valor de los s\u00edmbolos patrios, ni el hecho de que &quot;las banderas no son adornos&quot;.\" \/>\n<meta property=\"og:url\" content=\"https:\/\/nahuelproducciones.com.ar\/radioquijano\/malestar-por-la-colocacion-de-la-bandera-de-ceremonia-como-adorno-en-casa-de-la-cultura-de-campo-quijano\/\" \/>\n<meta property=\"og:site_name\" content=\"RQ 99.9\" \/>\n<meta property=\"article:publisher\" content=\"https:\/\/www.facebook.com\/nahuelproducciones999\/\" \/>\n<meta property=\"article:published_time\" content=\"2022-07-06T12:33:33+00:00\" \/>\n<meta property=\"article:modified_time\" content=\"2022-07-06T12:33:34+00:00\" \/>\n<meta property=\"og:image\" content=\"https:\/\/nahuelproducciones.com.ar\/radioquijano\/wp-content\/uploads\/2022\/07\/bandera-de-ceremonia-como-adorno.jpg\" \/>\n\t<meta property=\"og:image:width\" content=\"526\" \/>\n\t<meta property=\"og:image:height\" content=\"701\" \/>\n\t<meta property=\"og:image:type\" content=\"image\/jpeg\" \/>\n<meta name=\"author\" content=\"Cecilia Pastrana\" \/>\n<meta name=\"twitter:card\" content=\"summary_large_image\" \/>\n<meta name=\"twitter:creator\" content=\"@nahuproduciones\" \/>\n<meta name=\"twitter:site\" content=\"@nahuproduciones\" \/>\n<meta name=\"twitter:label1\" content=\"Escrito por\" \/>\n\t<meta name=\"twitter:data1\" content=\"Cecilia Pastrana\" \/>\n\t<meta name=\"twitter:label2\" content=\"Tiempo de lectura\" \/>\n\t<meta name=\"twitter:data2\" content=\"2 minutos\" \/>\n<script type=\"application\/ld+json\" class=\"yoast-schema-graph\">{\"@context\":\"https:\/\/schema.org\",\"@graph\":[{\"@type\":\"WebPage\",\"@id\":\"https:\/\/nahuelproducciones.com.ar\/radioquijano\/malestar-por-la-colocacion-de-la-bandera-de-ceremonia-como-adorno-en-casa-de-la-cultura-de-campo-quijano\/\",\"url\":\"https:\/\/nahuelproducciones.com.ar\/radioquijano\/malestar-por-la-colocacion-de-la-bandera-de-ceremonia-como-adorno-en-casa-de-la-cultura-de-campo-quijano\/\",\"name\":\"Malestar por la colocaci\u00f3n de la Bandera de Ceremonia como Adorno en Casa de la Cultura de Campo Quijano. - RQ 99.9\",\"isPartOf\":{\"@id\":\"https:\/\/nahuelproducciones.com.ar\/radioquijano\/#website\"},\"datePublished\":\"2022-07-06T12:33:33+00:00\",\"dateModified\":\"2022-07-06T12:33:34+00:00\",\"author\":{\"@id\":\"https:\/\/nahuelproducciones.com.ar\/radioquijano\/#\/schema\/person\/e8a4f939e2cb487fe6d0c54042c9d32c\"},\"description\":\"Muchas personas se mostraron molestas en los comentarios de la publicaci\u00f3n de facebook y otras buscaron justificar minimizando, sin remarcar el valor de los s\u00edmbolos patrios, ni el hecho de que \\\"las banderas no son adornos\\\".\",\"breadcrumb\":{\"@id\":\"https:\/\/nahuelproducciones.com.ar\/radioquijano\/malestar-por-la-colocacion-de-la-bandera-de-ceremonia-como-adorno-en-casa-de-la-cultura-de-campo-quijano\/#breadcrumb\"},\"inLanguage\":\"es\",\"potentialAction\":[{\"@type\":\"ReadAction\",\"target\":[\"https:\/\/nahuelproducciones.com.ar\/radioquijano\/malestar-por-la-colocacion-de-la-bandera-de-ceremonia-como-adorno-en-casa-de-la-cultura-de-campo-quijano\/\"]}]},{\"@type\":\"BreadcrumbList\",\"@id\":\"https:\/\/nahuelproducciones.com.ar\/radioquijano\/malestar-por-la-colocacion-de-la-bandera-de-ceremonia-como-adorno-en-casa-de-la-cultura-de-campo-quijano\/#breadcrumb\",\"itemListElement\":[{\"@type\":\"ListItem\",\"position\":1,\"name\":\"Portada\",\"item\":\"https:\/\/nahuelproducciones.com.ar\/radioquijano\/\"},{\"@type\":\"ListItem\",\"position\":2,\"name\":\"Malestar por la colocaci\u00f3n de la Bandera de Ceremonia como Adorno en Casa de la Cultura de Campo Quijano.\"}]},{\"@type\":\"WebSite\",\"@id\":\"https:\/\/nahuelproducciones.com.ar\/radioquijano\/#website\",\"url\":\"https:\/\/nahuelproducciones.com.ar\/radioquijano\/\",\"name\":\"RQ 99.9\",\"description\":\"Radio Quijano 99.9 MHz\",\"potentialAction\":[{\"@type\":\"SearchAction\",\"target\":{\"@type\":\"EntryPoint\",\"urlTemplate\":\"https:\/\/nahuelproducciones.com.ar\/radioquijano\/?s={search_term_string}\"},\"query-input\":\"required name=search_term_string\"}],\"inLanguage\":\"es\"},{\"@type\":\"Person\",\"@id\":\"https:\/\/nahuelproducciones.com.ar\/radioquijano\/#\/schema\/person\/e8a4f939e2cb487fe6d0c54042c9d32c\",\"name\":\"Cecilia Pastrana\",\"image\":{\"@type\":\"ImageObject\",\"inLanguage\":\"es\",\"@id\":\"https:\/\/nahuelproducciones.com.ar\/radioquijano\/#\/schema\/person\/image\/\",\"url\":\"https:\/\/secure.gravatar.com\/avatar\/661a3ef63a8488d4f2794ed44af8cf71420f7e106f3072c40125114df5157749?s=96&d=mm&r=g\",\"contentUrl\":\"https:\/\/secure.gravatar.com\/avatar\/661a3ef63a8488d4f2794ed44af8cf71420f7e106f3072c40125114df5157749?s=96&d=mm&r=g\",\"caption\":\"Cecilia Pastrana\"},\"sameAs\":[\"cecy\"],\"url\":\"https:\/\/nahuelproducciones.com.ar\/radioquijano\/author\/cecy\/\"}]}<\/script>\n<!-- \/ Yoast SEO plugin. -->","yoast_head_json":{"title":"Malestar por la colocaci\u00f3n de la Bandera de Ceremonia como Adorno en Casa de la Cultura de Campo Quijano. - RQ 99.9","description":"Muchas personas se mostraron molestas en los comentarios de la publicaci\u00f3n de facebook y otras buscaron justificar minimizando, sin remarcar el valor de los s\u00edmbolos patrios, ni el hecho de que \"las banderas no son adornos\".","robots":{"index":"index","follow":"follow","max-snippet":"max-snippet:-1","max-image-preview":"max-image-preview:large","max-video-preview":"max-video-preview:-1"},"canonical":"https:\/\/nahuelproducciones.com.ar\/radioquijano\/malestar-por-la-colocacion-de-la-bandera-de-ceremonia-como-adorno-en-casa-de-la-cultura-de-campo-quijano\/","og_locale":"es_ES","og_type":"article","og_title":"Malestar por la colocaci\u00f3n de la Bandera de Ceremonia como Adorno en Casa de la Cultura de Campo Quijano. - RQ 99.9","og_description":"Muchas personas se mostraron molestas en los comentarios de la publicaci\u00f3n de facebook y otras buscaron justificar minimizando, sin remarcar el valor de los s\u00edmbolos patrios, ni el hecho de que \"las banderas no son adornos\".","og_url":"https:\/\/nahuelproducciones.com.ar\/radioquijano\/malestar-por-la-colocacion-de-la-bandera-de-ceremonia-como-adorno-en-casa-de-la-cultura-de-campo-quijano\/","og_site_name":"RQ 99.9","article_publisher":"https:\/\/www.facebook.com\/nahuelproducciones999\/","article_published_time":"2022-07-06T12:33:33+00:00","article_modified_time":"2022-07-06T12:33:34+00:00","og_image":[{"width":526,"height":701,"url":"https:\/\/nahuelproducciones.com.ar\/radioquijano\/wp-content\/uploads\/2022\/07\/bandera-de-ceremonia-como-adorno.jpg","type":"image\/jpeg"}],"author":"Cecilia Pastrana","twitter_card":"summary_large_image","twitter_creator":"@nahuproduciones","twitter_site":"@nahuproduciones","twitter_misc":{"Escrito por":"Cecilia Pastrana","Tiempo de lectura":"2 minutos"},"schema":{"@context":"https:\/\/schema.org","@graph":[{"@type":"WebPage","@id":"https:\/\/nahuelproducciones.com.ar\/radioquijano\/malestar-por-la-colocacion-de-la-bandera-de-ceremonia-como-adorno-en-casa-de-la-cultura-de-campo-quijano\/","url":"https:\/\/nahuelproducciones.com.ar\/radioquijano\/malestar-por-la-colocacion-de-la-bandera-de-ceremonia-como-adorno-en-casa-de-la-cultura-de-campo-quijano\/","name":"Malestar por la colocaci\u00f3n de la Bandera de Ceremonia como Adorno en Casa de la Cultura de Campo Quijano. - RQ 99.9","isPartOf":{"@id":"https:\/\/nahuelproducciones.com.ar\/radioquijano\/#website"},"datePublished":"2022-07-06T12:33:33+00:00","dateModified":"2022-07-06T12:33:34+00:00","author":{"@id":"https:\/\/nahuelproducciones.com.ar\/radioquijano\/#\/schema\/person\/e8a4f939e2cb487fe6d0c54042c9d32c"},"description":"Muchas personas se mostraron molestas en los comentarios de la publicaci\u00f3n de facebook y otras buscaron justificar minimizando, sin remarcar el valor de los s\u00edmbolos patrios, ni el hecho de que \"las banderas no son adornos\".","breadcrumb":{"@id":"https:\/\/nahuelproducciones.com.ar\/radioquijano\/malestar-por-la-colocacion-de-la-bandera-de-ceremonia-como-adorno-en-casa-de-la-cultura-de-campo-quijano\/#breadcrumb"},"inLanguage":"es","potentialAction":[{"@type":"ReadAction","target":["https:\/\/nahuelproducciones.com.ar\/radioquijano\/malestar-por-la-colocacion-de-la-bandera-de-ceremonia-como-adorno-en-casa-de-la-cultura-de-campo-quijano\/"]}]},{"@type":"BreadcrumbList","@id":"https:\/\/nahuelproducciones.com.ar\/radioquijano\/malestar-por-la-colocacion-de-la-bandera-de-ceremonia-como-adorno-en-casa-de-la-cultura-de-campo-quijano\/#breadcrumb","itemListElement":[{"@type":"ListItem","position":1,"name":"Portada","item":"https:\/\/nahuelproducciones.com.ar\/radioquijano\/"},{"@type":"ListItem","position":2,"name":"Malestar por la colocaci\u00f3n de la Bandera de Ceremonia como Adorno en Casa de la Cultura de Campo Quijano."}]},{"@type":"WebSite","@id":"https:\/\/nahuelproducciones.com.ar\/radioquijano\/#website","url":"https:\/\/nahuelproducciones.com.ar\/radioquijano\/","name":"RQ 99.9","description":"Radio Quijano 99.9 MHz","potentialAction":[{"@type":"SearchAction","target":{"@type":"EntryPoint","urlTemplate":"https:\/\/nahuelproducciones.com.ar\/radioquijano\/?s={search_term_string}"},"query-input":"required name=search_term_string"}],"inLanguage":"es"},{"@type":"Person","@id":"https:\/\/nahuelproducciones.com.ar\/radioquijano\/#\/schema\/person\/e8a4f939e2cb487fe6d0c54042c9d32c","name":"Cecilia Pastrana","image":{"@type":"ImageObject","inLanguage":"es","@id":"https:\/\/nahuelproducciones.com.ar\/radioquijano\/#\/schema\/person\/image\/","url":"https:\/\/secure.gravatar.com\/avatar\/661a3ef63a8488d4f2794ed44af8cf71420f7e106f3072c40125114df5157749?s=96&d=mm&r=g","contentUrl":"https:\/\/secure.gravatar.com\/avatar\/661a3ef63a8488d4f2794ed44af8cf71420f7e106f3072c40125114df5157749?s=96&d=mm&r=g","caption":"Cecilia Pastrana"},"sameAs":["cecy"],"url":"https:\/\/nahuelproducciones.com.ar\/radioquijano\/author\/cecy\/"}]}},"_links":{"self":[{"href":"https:\/\/nahuelproducciones.com.ar\/radioquijano\/wp-json\/wp\/v2\/posts\/2946","targetHints":{"allow":["GET"]}}],"collection":[{"href":"https:\/\/nahuelproducciones.com.ar\/radioquijano\/wp-json\/wp\/v2\/posts"}],"about":[{"href":"https:\/\/nahuelproducciones.com.ar\/radioquijano\/wp-json\/wp\/v2\/types\/post"}],"author":[{"embeddable":true,"href":"https:\/\/nahuelproducciones.com.ar\/radioquijano\/wp-json\/wp\/v2\/users\/8"}],"replies":[{"embeddable":true,"href":"https:\/\/nahuelproducciones.com.ar\/radioquijano\/wp-json\/wp\/v2\/comments?post=2946"}],"version-history":[{"count":2,"href":"https:\/\/nahuelproducciones.com.ar\/radioquijano\/wp-json\/wp\/v2\/posts\/2946\/revisions"}],"predecessor-version":[{"id":2949,"href":"https:\/\/nahuelproducciones.com.ar\/radioquijano\/wp-json\/wp\/v2\/posts\/2946\/revisions\/2949"}],"wp:featuredmedia":[{"embeddable":true,"href":"https:\/\/nahuelproducciones.com.ar\/radioquijano\/wp-json\/wp\/v2\/media\/2947"}],"wp:attachment":[{"href":"https:\/\/nahuelproducciones.com.ar\/radioquijano\/wp-json\/wp\/v2\/media?parent=2946"}],"wp:term":[{"taxonomy":"category","embeddable":true,"href":"https:\/\/nahuelproducciones.com.ar\/radioquijano\/wp-json\/wp\/v2\/categories?post=2946"},{"taxonomy":"post_tag","embeddable":true,"href":"https:\/\/nahuelproducciones.com.ar\/radioquijano\/wp-json\/wp\/v2\/tags?post=2946"}],"curies":[{"name":"wp","href":"https:\/\/api.w.org\/{rel}","templated":true}]}}