{"id":2950,"date":"2022-07-07T12:15:16","date_gmt":"2022-07-07T15:15:16","guid":{"rendered":"https:\/\/nahuelproducciones.com.ar\/radioquijano\/?p=2950"},"modified":"2022-07-07T13:02:29","modified_gmt":"2022-07-07T16:02:29","slug":"karnawal-encabeza-las-nominaciones-de-los-premios-sur-al-cine-argentino","status":"publish","type":"post","link":"https:\/\/nahuelproducciones.com.ar\/radioquijano\/karnawal-encabeza-las-nominaciones-de-los-premios-sur-al-cine-argentino\/","title":{"rendered":"\u00abKarnawal\u00bb encabeza las nominaciones de los Premios Sur al cine argentino."},"content":{"rendered":"\n<p><strong>\u00abKarnawal\u00bb<\/strong>, de\u00a0<strong>Juan Pablo Felix<\/strong>, cosech\u00f3\u00a0<strong>14 nominaciones<\/strong>, entre ellas Mejor Pel\u00edcula de Ficci\u00f3n, para los\u00a0<strong>Premios Sur<\/strong>\u00a0que entrega la\u00a0<strong>Academia de las Artes y Ciencias Cinematogr\u00e1ficas de la Argentina<\/strong>, y contin\u00faa su laureado camino tras el estreno del a\u00f1o pasado.<\/p>\n\n\n\n<p> En las categor\u00edas Revelaci\u00f3n Masculina y Mejor Actor Protag\u00f3nico se encuentra el quijane\u00f1o <strong>Mart\u00edn L\u00f3pez Lacci<\/strong>\u00a0por \u201cKarnawal\u201d .<\/p>\n\n\n\n<p>La cinta de F\u00e9lix llega a los Sur tras ganar 16 lauros en diferentes cert\u00e1menes, como los Premios Platino, el Festival de M\u00e1laga, el de Guadalajara y el de Vi\u00f1a del Mar. Otras de las categor\u00edas en las que participa esta historia sobre un joven bailar\u00edn de m\u00fasica de ra\u00edz son Guion, los apartados actorales y Direcci\u00f3n.<\/p>\n\n\n\n<p><strong>\u00abEl pr\u00f3fugo\u00bb,&nbsp;<\/strong>de<strong>&nbsp;Natalia Meta<\/strong>, con&nbsp;<strong>11 menciones<\/strong>;&nbsp;<strong>\u00abYo Nena. Yo princesa\u00bb<\/strong>, de&nbsp;<strong>Federico Palazzo<\/strong>, con&nbsp;<strong>10<\/strong>&nbsp;y&nbsp;<strong>\u00abEl apego\u00bb<\/strong>, de&nbsp;<strong>Javier Diment<\/strong>, con&nbsp;<strong>9<\/strong>, fueron las otras tres cintas con mayor cantidad de menciones. Las pel\u00edculas de Diment y Meta tienen entre sus nominaciones la de Mejor Pel\u00edcula de Ficci\u00f3n.<\/p>\n\n\n\n<p>En Mejor \u00d3pera Prima compiten&nbsp;<strong>\u201cChango, La Luz Descubre\u201d,&nbsp;<\/strong>de<strong>&nbsp;Alejandra Mart\u00edn<\/strong>&nbsp;y&nbsp;<strong>Paola Rizzi<\/strong>,que tambi\u00e9n est\u00e1 nominada a Mejor Documental;&nbsp;<strong>\u201cEse Fin de Semana\u201d<\/strong>&nbsp;dirigida por&nbsp;<strong>Mara Pescio<\/strong>;&nbsp;<strong>\u201cKarnawal\u201d&nbsp;<\/strong>y<strong>&nbsp;\u201cMapa de Sue\u00f1os Latinoamericanos\u201d,<\/strong>&nbsp;de Mart\u00edn Weber.<\/p>\n\n\n\n<p>En documental, adem\u00e1s de la pel\u00edcula de Mart\u00edn y Rizzi y la de Weber,, est\u00e1n nominadas&nbsp;<strong>\u201cCarroceros\u201d<\/strong>, la historia de&nbsp;<strong>Mariano Frigerio<\/strong>&nbsp;y&nbsp;<strong>Denise Urfeig<\/strong>&nbsp;sobre los fan\u00e1ticos de \u00abEsperando la carroza\u00bb, y&nbsp;<strong>\u201cCort\u00e1zar y Ant\u00edn: Cartas Iluminadas\u201d<\/strong>, de Cinthia Rajschmir.<\/p>\n\n\n\n<p>A continuaci\u00f3n, la lista completa de los nominados. Los premios ser\u00e1n entregados en agosto, en fecha y lugar a definir por la Academia:<\/p>\n\n\n\n<p>Mejor Pel\u00edcula de Ficci\u00f3n<\/p>\n\n\n\n<p>\u25cf&nbsp;<strong>\u201cEl Apego\u201d<\/strong>&nbsp;dirigida por Valent\u00edn Javier Diment<\/p>\n\n\n\n<p>\u25cf&nbsp;<strong>\u201cEl Perro que no Calla\u201d<\/strong>&nbsp;dirigida por Ana Katz<\/p>\n\n\n\n<p>\u25cf&nbsp;<strong>\u201cEl Pr\u00f3fugo\u201d<\/strong>&nbsp;dirigida por Natalia Meta<\/p>\n\n\n\n<p>\u25cf&nbsp;<strong>\u201cKarnawal\u201d<\/strong>&nbsp;dirigida por Juan Pablo F\u00e9lix<\/p>\n\n\n\n<p>Mejor Direcci\u00f3n<\/p>\n\n\n\n<p>\u25cf&nbsp;<strong>Valent\u00edn Javier Diment<\/strong>&nbsp;por \u201cEl Apego\u201d<\/p>\n\n\n\n<p>\u25cf&nbsp;<strong>Ana Katz<\/strong>&nbsp;por \u201cEl Perro que no Calla\u201d<\/p>\n\n\n\n<p>\u25cf<strong>&nbsp;Leonardo Brzezicki<\/strong>&nbsp;por \u201cErrante Coraz\u00f3n\u201d<\/p>\n\n\n\n<p>\u25cf&nbsp;<strong>Juan Pablo F\u00e9lix<\/strong>&nbsp;por \u201cKarnawal\u201d<\/p>\n\n\n\n<p>Mejor Actriz Protag\u00f3nica<\/p>\n\n\n\n<p>\u25cf&nbsp;<strong>Jimena Anganuzzi<\/strong>&nbsp;por \u201cEl Apego\u201d<\/p>\n\n\n\n<p>\u25cf&nbsp;<strong>Lola Berthet<\/strong>&nbsp;por \u201cEl Apego\u201d<\/p>\n\n\n\n<p>\u25cf&nbsp;<strong>\u00c9rica Rivas<\/strong>&nbsp;por \u201cEl Pr\u00f3fugo\u201d<\/p>\n\n\n\n<p>\u25cf&nbsp;<strong>Paula Carruega<\/strong>&nbsp;por \u201cOjos de Arena\u201d<\/p>\n\n\n\n<p>Mejor Actor Protag\u00f3nico<\/p>\n\n\n\n<p>\u25cf&nbsp;<strong>Germ\u00e1n De Silva<\/strong>&nbsp;por \u201cEl Apego\u201d<\/p>\n\n\n\n<p>\u25cf&nbsp;<strong>Nahuel P\u00e9rez Biscayart<\/strong>&nbsp;por \u201cEl Pr\u00f3fugo\u201d<\/p>\n\n\n\n<p>\u25cf&nbsp;<strong>Leonardo Sbaraglia<\/strong>&nbsp;por \u201cErrante Coraz\u00f3n\u201d<\/p>\n\n\n\n<p>\u25cf&nbsp;<strong>Mart\u00edn L\u00f3pez Lacci<\/strong>&nbsp;por \u201cKarnawal\u201d<\/p>\n\n\n\n<p>Mejor Actriz de Reparto<\/p>\n\n\n\n<p>\u25cf<strong>&nbsp;Anal\u00eda Couceyro<\/strong>&nbsp;por \u201cInmortal\u201d<\/p>\n\n\n\n<p>\u25cf&nbsp;<strong>M\u00f3nica Lairana<\/strong>&nbsp;por \u201cKarnawal\u201d<\/p>\n\n\n\n<p>\u25cf&nbsp;<strong>M\u00f3nica Villa<\/strong>&nbsp;por \u201cUna Tumba Para Tres\u201d<\/p>\n\n\n\n<p>\u25cf&nbsp;<strong>Paola Barrientos<\/strong>&nbsp;por \u201cYo Nena, Yo Princesa\u201d<\/p>\n\n\n\n<p>Mejor Actor de Reparto:<\/p>\n\n\n\n<p>\u25cf&nbsp;<strong>Sergio Prina<\/strong>&nbsp;por \u201cAmor Bandido\u201d<\/p>\n\n\n\n<p>\u25cf&nbsp;<strong>Daniel Hendler<\/strong>&nbsp;por \u201cEl Pr\u00f3fugo\u201d<\/p>\n\n\n\n<p>\u25cf&nbsp;<strong>Alfredo Castro<\/strong>&nbsp;por \u201cKarnawal\u201d<\/p>\n\n\n\n<p>\u25cf&nbsp;<strong>Diego Cremonesi<\/strong>&nbsp;por \u201cKarnawal\u201d<\/p>\n\n\n\n<p>Mejor \u00d3pera Prima<\/p>\n\n\n\n<p>\u25cf&nbsp;<strong>\u201cChango, La Luz Descubre\u201d<\/strong>&nbsp;dirigida por Alejandra Mart\u00edn y Paola Rizzi<\/p>\n\n\n\n<p>\u25cf&nbsp;<strong>\u201cEse Fin de Semana\u201d<\/strong>&nbsp;dirigida por Mara Pescio<\/p>\n\n\n\n<p>\u25cf&nbsp;<strong>\u201cKarnawal\u201d<\/strong>&nbsp;dirigida por Juan Pablo F\u00e9lix<\/p>\n\n\n\n<p>\u25cf&nbsp;<strong>\u201cMapa de Sue\u00f1os Latinoamericanos<\/strong>\u201d dirigida por Mart\u00edn Weber<\/p>\n\n\n\n<p>Mejor Pel\u00edcula Documental<\/p>\n\n\n\n<p>\u25cf&nbsp;<strong>\u201cChango, La Luz Descubre\u201d<\/strong>&nbsp;dirigida por Alejandra Mart\u00edn y Paola Rizzi<\/p>\n\n\n\n<p>\u25cf&nbsp;<strong>\u201cMapa de Sue\u00f1os Latinoamericanos\u201d<\/strong>&nbsp;dirigida por Mart\u00edn Weber<\/p>\n\n\n\n<p>\u25cf<strong>&nbsp;\u201cCarroceros\u201d<\/strong>&nbsp;dirigida por Mariano Frigerio y Denise Urfeig<\/p>\n\n\n\n<p>\u25cf&nbsp;<strong>\u201cCort\u00e1zar y Ant\u00edn : Cartas Iluminadas\u201d<\/strong>&nbsp;dirigida por Cinthia Rajschmir<\/p>\n\n\n\n<p>Revelaci\u00f3n Femenina<\/p>\n\n\n\n<p>\u25cf&nbsp;<strong>Miranda de la Serna<\/strong>&nbsp;por \u201cErrante Coraz\u00f3n\u201d<\/p>\n\n\n\n<p>\u25cf&nbsp;<strong>Miss Bolivia<\/strong>&nbsp;por \u201cEse Fin de Semana\u201d<\/p>\n\n\n\n<p>\u25cf&nbsp;<strong>Malena Pichot<\/strong>&nbsp;por \u201cFinde\u201d<\/p>\n\n\n\n<p>\u25cf&nbsp;<strong>Isabella G.C<\/strong>. por \u201cYo Nena, Yo Princesa\u201d<\/p>\n\n\n\n<p>Revelaci\u00f3n Masculina<\/p>\n\n\n\n<p>\u25cf&nbsp;<strong>Nahuel Cabral<\/strong>&nbsp;por \u201cLas Ranas\u201d<\/p>\n\n\n\n<p>\u25cf&nbsp;<strong>Mart\u00edn L\u00f3pez Lacci<\/strong>&nbsp;por \u201cKarnawal\u201d<\/p>\n\n\n\n<p>\u25cf&nbsp;<strong>Roberto Moldavsky<\/strong>&nbsp;por \u201cEx Casados\u201d<\/p>\n\n\n\n<p>\u25cf&nbsp;<strong>Valentino Vena<\/strong>&nbsp;por \u201cYo Nena, Yo Princesa\u201d<\/p>\n\n\n\n<p>Mejor Direcci\u00f3n de Fotograf\u00eda<\/p>\n\n\n\n<p>\u25cf&nbsp;<strong>Marcelo Lavintman, Gustavo Biazzi, Fernando Blanc, Joaqu\u00edn Neira y Guillermo Nieto<\/strong>&nbsp;por \u201cEl Perro que no Calla\u201d<\/p>\n\n\n\n<p>\u25cf&nbsp;<strong>B\u00e1rbara \u00c1lvarez<\/strong>&nbsp;por \u201cEl Pr\u00f3fugo\u201d<\/p>\n\n\n\n<p>\u25cf&nbsp;<strong>Ramiro Civita<\/strong>&nbsp;por \u201cKarnawal\u201d<\/p>\n\n\n\n<p>\u25cf&nbsp;<strong>Milagros Cha\u00edn<\/strong>&nbsp;por \u201cYo Nena, Yo Princesa\u201d<\/p>\n\n\n\n<p>Mejor Guion Original:<\/p>\n\n\n\n<p>\u25cf&nbsp;<strong>Valent\u00edn Javier Diment<\/strong>&nbsp;por \u201cEl Apego\u201d<\/p>\n\n\n\n<p>\u25cf&nbsp;<strong>Leonardo Brzezicki<\/strong>&nbsp;por \u201cErrante Coraz\u00f3n\u201d<\/p>\n\n\n\n<p>\u25cf&nbsp;<strong>Gonzalo Delgado<\/strong>&nbsp;y<strong>&nbsp;Ana Katz<\/strong>&nbsp;por \u201cEl Perro que no Calla\u201d<\/p>\n\n\n\n<p>\u25cf&nbsp;<strong>Juan Pablo F\u00e9lix<\/strong>&nbsp;por \u201cKarnawal\u201d<\/p>\n\n\n\n<p>Mejor Guion Adaptado<\/p>\n\n\n\n<p><strong>\u25cf Alberto Fasce&nbsp;<\/strong>y<strong>&nbsp;Gonzalo Ventura<\/strong>&nbsp;por \u201cAl 3er D\u00eda\u201d.<\/p>\n\n\n\n<p>\u25cf&nbsp;<strong>Natalia Meta<\/strong>&nbsp;por \u201cEl Pr\u00f3fugo\u201d.<\/p>\n\n\n\n<p>\u25cf&nbsp;<strong>Sandra Gugliotta<\/strong>&nbsp;y&nbsp;<strong>Miguel Zeballos<\/strong>&nbsp;en \u201cRetiros (In)Voluntarios\u201d.<\/p>\n\n\n\n<p>\u25cf&nbsp;<strong>Federico Palazzo&nbsp;<\/strong>y<strong>&nbsp;Jos\u00e9 Paquez<\/strong>&nbsp;por \u201cYo Nena, Yo Princesa\u201d.<\/p>\n\n\n\n<p>Mejor Direcci\u00f3n de Arte<\/p>\n\n\n\n<p>\u25cf<strong>&nbsp;Federico Mayol<\/strong>&nbsp;por \u201cEl Apego\u201d<\/p>\n\n\n\n<p>\u25cf&nbsp;<strong>Ail\u00ed Chen<\/strong>&nbsp;por \u201cEl Pr\u00f3fugo\u201d<\/p>\n\n\n\n<p>\u25cf&nbsp;<strong>Daniela Villela<\/strong>&nbsp;por \u201cKarnawal\u201d<\/p>\n\n\n\n<p>\u25cf&nbsp;<strong>Sandra Iurcovich<\/strong>&nbsp;por \u201cLa Casa de los Conejos\u201d<\/p>\n\n\n\n<p>Mejor Dise\u00f1o de Vestuario<\/p>\n\n\n\n<p>\u25cf&nbsp;<strong>Juli\u00e1n R\u00fagolo<\/strong>&nbsp;por \u201c10 Palomas\u201d<\/p>\n\n\n\n<p>\u25cf&nbsp;<strong>Gabriela Gonz\u00e1lez<\/strong>&nbsp;por \u201cEl Apego\u201d<\/p>\n\n\n\n<p>\u25cf&nbsp;<strong>M\u00f3nica Toschi<\/strong>&nbsp;por \u201cEl Pr\u00f3fugo\u201d<\/p>\n\n\n\n<p>\u25cf&nbsp;<strong>Pheonia Veloz&nbsp;<\/strong>y<strong>&nbsp;Gabriela Varela Laciar<\/strong>&nbsp;por \u201cLa Estrella Roja\u201d<\/p>\n\n\n\n<p>Mejor Maquillaje y Caracterizaci\u00f3n<\/p>\n\n\n\n<p>\u25cf&nbsp;<strong>Nestor Burgos<\/strong>&nbsp;por \u201cEl Apego\u201d<\/p>\n\n\n\n<p>\u25cf&nbsp;<strong>Emma Mi\u00f1o<\/strong>&nbsp;por \u201cEl Pr\u00f3fugo\u201d<\/p>\n\n\n\n<p>\u25cf&nbsp;<strong>Dolores Gim\u00e9nez<\/strong>&nbsp;por \u201cErrante Coraz\u00f3n\u201d<\/p>\n\n\n\n<p>\u25cf&nbsp;<strong>Rebeca Mart\u00ednez<\/strong>&nbsp;por \u201cNocturna, La Noche del Hombre Grande\u201d<\/p>\n\n\n\n<p>Mejor Sonido<\/p>\n\n\n\n<p>\u25cf&nbsp;<strong>Lena Esquenazi<\/strong>&nbsp;por \u201cKarnawal\u201d<\/p>\n\n\n\n<p>\u25cf<strong>&nbsp;Ileana Gigena&nbsp;<\/strong>y<strong>&nbsp;Joaqu\u00edn Rosson<\/strong>&nbsp;por \u201cYo Nena, Yo Princesa\u201d<\/p>\n\n\n\n<p>\u25cf&nbsp;<strong>Sebasti\u00e1n Gonz\u00e1lez<\/strong>&nbsp;por \u201cInmortal\u201d<\/p>\n\n\n\n<p>\u25cf&nbsp;<strong>Guido Berenblum<\/strong>&nbsp;por \u201cEl Pr\u00f3fugo\u201d<\/p>\n\n\n\n<p>Mejor Montaje<\/p>\n\n\n\n<p>\u25cf&nbsp;<strong>Guille Gatti<\/strong>&nbsp;por \u201cLa Noche M\u00e1gica\u201d<\/p>\n\n\n\n<p>\u25cf&nbsp;<strong>Luz L\u00f3pez Ma\u00f1e&nbsp;<\/strong>y<strong>&nbsp;Eduardo Serrano<\/strong>&nbsp;por \u201cKarnawal\u201d<\/p>\n\n\n\n<p>\u25cf&nbsp;<strong>Jonathan Smeke<\/strong>&nbsp;por \u201cYo Nena, Yo Princesa\u201d<\/p>\n\n\n\n<p>\u25cf&nbsp;<strong>Eliane Katz<\/strong>&nbsp;por \u201cEl Pr\u00f3fugo\u201d<\/p>\n\n\n\n<p>Mejor M\u00fasica Original<\/p>\n\n\n\n<p>\u25cf&nbsp;<strong>Luciano Onetti<\/strong>&nbsp;por \u201cAl 3er D\u00eda\u201d<\/p>\n\n\n\n<p>\u25cf&nbsp;<strong>Sebasti\u00e1n Escofet<\/strong>&nbsp;por \u201cComo Mueren Las Reinas\u201d<\/p>\n\n\n\n<p>\u25cf&nbsp;<strong>Leonardo Martinelli<\/strong>&nbsp;por \u201cKarnawal\u201d<\/p>\n\n\n\n<p>\u25cf&nbsp;<strong>Mart\u00edn Bianchedi<\/strong>&nbsp;por \u201cYo Nena, Yo Princesa\u201d<\/p>\n\n\n\n<p>Mejor Serie de Ficci\u00f3n<\/p>\n\n\n\n<p>\u25cf&nbsp;<strong>\u201cTerapia Alternativa\u201d<\/strong><\/p>\n\n\n\n<p>\u25cf&nbsp;<strong>\u201cEntre Hombres\u201d<\/strong><\/p>\n\n\n\n<p>\u25cf&nbsp;<strong>\u201cMaradona: Sue\u00f1o Bendito\u201d<\/strong><\/p>\n\n\n\n<p>\u25cf\u00a0<strong>\u201cEl Reino\u201d<\/strong><\/p>\n\n\n\n<p>Fuente: T\u00e9lam<\/p>\n\n\n\n<figure class=\"wp-block-gallery columns-3 is-cropped wp-block-gallery-1 is-layout-flex wp-block-gallery-is-layout-flex\"><ul class=\"blocks-gallery-grid\"><li class=\"blocks-gallery-item\"><figure><img loading=\"lazy\" decoding=\"async\" width=\"194\" height=\"259\" src=\"https:\/\/nahuelproducciones.com.ar\/radioquijano\/wp-content\/uploads\/2022\/07\/karnawal2.jpg\" alt=\"\" data-id=\"2952\" data-full-url=\"https:\/\/nahuelproducciones.com.ar\/radioquijano\/wp-content\/uploads\/2022\/07\/karnawal2.jpg\" data-link=\"https:\/\/nahuelproducciones.com.ar\/radioquijano\/?attachment_id=2952\" class=\"wp-image-2952\" srcset=\"https:\/\/nahuelproducciones.com.ar\/radioquijano\/wp-content\/uploads\/2022\/07\/karnawal2.jpg 194w, https:\/\/nahuelproducciones.com.ar\/radioquijano\/wp-content\/uploads\/2022\/07\/karnawal2-150x200.jpg 150w\" sizes=\"auto, (max-width: 194px) 100vw, 194px\" \/><\/figure><\/li><li class=\"blocks-gallery-item\"><figure><img loading=\"lazy\" decoding=\"async\" width=\"300\" height=\"168\" src=\"https:\/\/nahuelproducciones.com.ar\/radioquijano\/wp-content\/uploads\/2022\/07\/martin-lacci-karnawl-1.jpg\" alt=\"\" data-id=\"2953\" data-full-url=\"https:\/\/nahuelproducciones.com.ar\/radioquijano\/wp-content\/uploads\/2022\/07\/martin-lacci-karnawl-1.jpg\" data-link=\"https:\/\/nahuelproducciones.com.ar\/radioquijano\/?attachment_id=2953\" class=\"wp-image-2953\" srcset=\"https:\/\/nahuelproducciones.com.ar\/radioquijano\/wp-content\/uploads\/2022\/07\/martin-lacci-karnawl-1.jpg 300w, https:\/\/nahuelproducciones.com.ar\/radioquijano\/wp-content\/uploads\/2022\/07\/martin-lacci-karnawl-1-150x84.jpg 150w\" sizes=\"auto, (max-width: 300px) 100vw, 300px\" \/><\/figure><\/li><li class=\"blocks-gallery-item\"><figure><img loading=\"lazy\" decoding=\"async\" width=\"900\" height=\"507\" src=\"https:\/\/nahuelproducciones.com.ar\/radioquijano\/wp-content\/uploads\/2022\/07\/karnawal1.jpg\" alt=\"\" data-id=\"2954\" data-full-url=\"https:\/\/nahuelproducciones.com.ar\/radioquijano\/wp-content\/uploads\/2022\/07\/karnawal1.jpg\" data-link=\"https:\/\/nahuelproducciones.com.ar\/radioquijano\/?attachment_id=2954\" class=\"wp-image-2954\" srcset=\"https:\/\/nahuelproducciones.com.ar\/radioquijano\/wp-content\/uploads\/2022\/07\/karnawal1.jpg 900w, https:\/\/nahuelproducciones.com.ar\/radioquijano\/wp-content\/uploads\/2022\/07\/karnawal1-300x169.jpg 300w, https:\/\/nahuelproducciones.com.ar\/radioquijano\/wp-content\/uploads\/2022\/07\/karnawal1-768x433.jpg 768w, https:\/\/nahuelproducciones.com.ar\/radioquijano\/wp-content\/uploads\/2022\/07\/karnawal1-150x85.jpg 150w\" sizes=\"auto, (max-width: 900px) 100vw, 900px\" \/><\/figure><\/li><\/ul><\/figure>\n\n\n\n<p><a href=\"https:\/\/nahuelproducciones.com.ar\/index.php\/rq999\" target=\"_blank\" rel=\"noreferrer noopener\">#RQ99.9Mhz<\/a>\u00a0<a href=\"https:\/\/nahuelproducciones.com.ar\/\" target=\"_blank\" rel=\"noreferrer noopener\">#CAMPOQUIJANO<\/a><\/p>\n","protected":false},"excerpt":{"rendered":"<p>\u00abKarnawal\u00bb, de\u00a0Juan Pablo Felix, cosech\u00f3\u00a014 nominaciones, entre ellas Mejor Pel\u00edcula de Ficci\u00f3n, para los\u00a0Premios Sur\u00a0que entrega la\u00a0Academia de las Artes y Ciencias Cinematogr\u00e1ficas de la Argentina, y contin\u00faa su laureado camino tras el estreno del a\u00f1o pasado. En las categor\u00edas Revelaci\u00f3n Masculina y Mejor Actor Protag\u00f3nico se encuentra el quijane\u00f1o Mart\u00edn L\u00f3pez Lacci\u00a0por \u201cKarnawal\u201d . [&hellip;]<\/p>\n","protected":false},"author":8,"featured_media":2951,"comment_status":"open","ping_status":"open","sticky":false,"template":"","format":"standard","meta":{"_monsterinsights_skip_tracking":false,"_monsterinsights_sitenote_active":false,"_monsterinsights_sitenote_note":"","_monsterinsights_sitenote_category":0,"footnotes":""},"categories":[16],"tags":[36,548,182,547],"class_list":["post-2950","post","type-post","status-publish","format-standard","has-post-thumbnail","hentry","category-noticias","tag-campo-quijano","tag-en-categoria-revelacion-masculina-se-encuentra-el-quijaneno-martin-lopez-lacci-por-karnawal","tag-karnawal","tag-martin-lopez-lacci"],"yoast_head":"<!-- This site is optimized with the Yoast SEO plugin v20.8 - https:\/\/yoast.com\/wordpress\/plugins\/seo\/ -->\n<title>&quot;Karnawal&quot; encabeza las nominaciones de los Premios Sur al cine argentino. - RQ 99.9<\/title>\n<meta name=\"description\" content=\"El largometraje de ficci\u00f3n de Juan Pablo Felix, cosech\u00f3 14, entre ellas Mejor Ficci\u00f3n, para los premios de la Academia de las Artes y Ciencias Cinematogr\u00e1ficas de la Argentina, y sigue su laureado camino tras el estreno del 2021.\" \/>\n<meta name=\"robots\" content=\"index, follow, max-snippet:-1, max-image-preview:large, max-video-preview:-1\" \/>\n<link rel=\"canonical\" href=\"https:\/\/nahuelproducciones.com.ar\/radioquijano\/karnawal-encabeza-las-nominaciones-de-los-premios-sur-al-cine-argentino\/\" \/>\n<meta property=\"og:locale\" content=\"es_ES\" \/>\n<meta property=\"og:type\" content=\"article\" \/>\n<meta property=\"og:title\" content=\"&quot;Karnawal&quot; encabeza las nominaciones de los Premios Sur al cine argentino. - RQ 99.9\" \/>\n<meta property=\"og:description\" content=\"El largometraje de ficci\u00f3n de Juan Pablo Felix, cosech\u00f3 14, entre ellas Mejor Ficci\u00f3n, para los premios de la Academia de las Artes y Ciencias Cinematogr\u00e1ficas de la Argentina, y sigue su laureado camino tras el estreno del 2021.\" \/>\n<meta property=\"og:url\" content=\"https:\/\/nahuelproducciones.com.ar\/radioquijano\/karnawal-encabeza-las-nominaciones-de-los-premios-sur-al-cine-argentino\/\" \/>\n<meta property=\"og:site_name\" content=\"RQ 99.9\" \/>\n<meta property=\"article:publisher\" content=\"https:\/\/www.facebook.com\/nahuelproducciones999\/\" \/>\n<meta property=\"article:published_time\" content=\"2022-07-07T15:15:16+00:00\" \/>\n<meta property=\"article:modified_time\" content=\"2022-07-07T16:02:29+00:00\" \/>\n<meta property=\"og:image\" content=\"https:\/\/nahuelproducciones.com.ar\/radioquijano\/wp-content\/uploads\/2022\/07\/martin-lacci-karnawl-e1657206856727.jpg\" \/>\n\t<meta property=\"og:image:width\" content=\"300\" \/>\n\t<meta property=\"og:image:height\" content=\"168\" \/>\n\t<meta property=\"og:image:type\" content=\"image\/jpeg\" \/>\n<meta name=\"author\" content=\"Cecilia Pastrana\" \/>\n<meta name=\"twitter:card\" content=\"summary_large_image\" \/>\n<meta name=\"twitter:creator\" content=\"@nahuproduciones\" \/>\n<meta name=\"twitter:site\" content=\"@nahuproduciones\" \/>\n<meta name=\"twitter:label1\" content=\"Escrito por\" \/>\n\t<meta name=\"twitter:data1\" content=\"Cecilia Pastrana\" \/>\n\t<meta name=\"twitter:label2\" content=\"Tiempo de lectura\" \/>\n\t<meta name=\"twitter:data2\" content=\"5 minutos\" \/>\n<script type=\"application\/ld+json\" class=\"yoast-schema-graph\">{\"@context\":\"https:\/\/schema.org\",\"@graph\":[{\"@type\":\"WebPage\",\"@id\":\"https:\/\/nahuelproducciones.com.ar\/radioquijano\/karnawal-encabeza-las-nominaciones-de-los-premios-sur-al-cine-argentino\/\",\"url\":\"https:\/\/nahuelproducciones.com.ar\/radioquijano\/karnawal-encabeza-las-nominaciones-de-los-premios-sur-al-cine-argentino\/\",\"name\":\"\\\"Karnawal\\\" encabeza las nominaciones de los Premios Sur al cine argentino. - RQ 99.9\",\"isPartOf\":{\"@id\":\"https:\/\/nahuelproducciones.com.ar\/radioquijano\/#website\"},\"datePublished\":\"2022-07-07T15:15:16+00:00\",\"dateModified\":\"2022-07-07T16:02:29+00:00\",\"author\":{\"@id\":\"https:\/\/nahuelproducciones.com.ar\/radioquijano\/#\/schema\/person\/e8a4f939e2cb487fe6d0c54042c9d32c\"},\"description\":\"El largometraje de ficci\u00f3n de Juan Pablo Felix, cosech\u00f3 14, entre ellas Mejor Ficci\u00f3n, para los premios de la Academia de las Artes y Ciencias Cinematogr\u00e1ficas de la Argentina, y sigue su laureado camino tras el estreno del 2021.\",\"breadcrumb\":{\"@id\":\"https:\/\/nahuelproducciones.com.ar\/radioquijano\/karnawal-encabeza-las-nominaciones-de-los-premios-sur-al-cine-argentino\/#breadcrumb\"},\"inLanguage\":\"es\",\"potentialAction\":[{\"@type\":\"ReadAction\",\"target\":[\"https:\/\/nahuelproducciones.com.ar\/radioquijano\/karnawal-encabeza-las-nominaciones-de-los-premios-sur-al-cine-argentino\/\"]}]},{\"@type\":\"BreadcrumbList\",\"@id\":\"https:\/\/nahuelproducciones.com.ar\/radioquijano\/karnawal-encabeza-las-nominaciones-de-los-premios-sur-al-cine-argentino\/#breadcrumb\",\"itemListElement\":[{\"@type\":\"ListItem\",\"position\":1,\"name\":\"Portada\",\"item\":\"https:\/\/nahuelproducciones.com.ar\/radioquijano\/\"},{\"@type\":\"ListItem\",\"position\":2,\"name\":\"\u00abKarnawal\u00bb encabeza las nominaciones de los Premios Sur al cine argentino.\"}]},{\"@type\":\"WebSite\",\"@id\":\"https:\/\/nahuelproducciones.com.ar\/radioquijano\/#website\",\"url\":\"https:\/\/nahuelproducciones.com.ar\/radioquijano\/\",\"name\":\"RQ 99.9\",\"description\":\"Radio Quijano 99.9 MHz\",\"potentialAction\":[{\"@type\":\"SearchAction\",\"target\":{\"@type\":\"EntryPoint\",\"urlTemplate\":\"https:\/\/nahuelproducciones.com.ar\/radioquijano\/?s={search_term_string}\"},\"query-input\":\"required name=search_term_string\"}],\"inLanguage\":\"es\"},{\"@type\":\"Person\",\"@id\":\"https:\/\/nahuelproducciones.com.ar\/radioquijano\/#\/schema\/person\/e8a4f939e2cb487fe6d0c54042c9d32c\",\"name\":\"Cecilia Pastrana\",\"image\":{\"@type\":\"ImageObject\",\"inLanguage\":\"es\",\"@id\":\"https:\/\/nahuelproducciones.com.ar\/radioquijano\/#\/schema\/person\/image\/\",\"url\":\"https:\/\/secure.gravatar.com\/avatar\/661a3ef63a8488d4f2794ed44af8cf71420f7e106f3072c40125114df5157749?s=96&d=mm&r=g\",\"contentUrl\":\"https:\/\/secure.gravatar.com\/avatar\/661a3ef63a8488d4f2794ed44af8cf71420f7e106f3072c40125114df5157749?s=96&d=mm&r=g\",\"caption\":\"Cecilia Pastrana\"},\"sameAs\":[\"cecy\"],\"url\":\"https:\/\/nahuelproducciones.com.ar\/radioquijano\/author\/cecy\/\"}]}<\/script>\n<!-- \/ Yoast SEO plugin. -->","yoast_head_json":{"title":"\"Karnawal\" encabeza las nominaciones de los Premios Sur al cine argentino. - RQ 99.9","description":"El largometraje de ficci\u00f3n de Juan Pablo Felix, cosech\u00f3 14, entre ellas Mejor Ficci\u00f3n, para los premios de la Academia de las Artes y Ciencias Cinematogr\u00e1ficas de la Argentina, y sigue su laureado camino tras el estreno del 2021.","robots":{"index":"index","follow":"follow","max-snippet":"max-snippet:-1","max-image-preview":"max-image-preview:large","max-video-preview":"max-video-preview:-1"},"canonical":"https:\/\/nahuelproducciones.com.ar\/radioquijano\/karnawal-encabeza-las-nominaciones-de-los-premios-sur-al-cine-argentino\/","og_locale":"es_ES","og_type":"article","og_title":"\"Karnawal\" encabeza las nominaciones de los Premios Sur al cine argentino. - RQ 99.9","og_description":"El largometraje de ficci\u00f3n de Juan Pablo Felix, cosech\u00f3 14, entre ellas Mejor Ficci\u00f3n, para los premios de la Academia de las Artes y Ciencias Cinematogr\u00e1ficas de la Argentina, y sigue su laureado camino tras el estreno del 2021.","og_url":"https:\/\/nahuelproducciones.com.ar\/radioquijano\/karnawal-encabeza-las-nominaciones-de-los-premios-sur-al-cine-argentino\/","og_site_name":"RQ 99.9","article_publisher":"https:\/\/www.facebook.com\/nahuelproducciones999\/","article_published_time":"2022-07-07T15:15:16+00:00","article_modified_time":"2022-07-07T16:02:29+00:00","og_image":[{"width":300,"height":168,"url":"https:\/\/nahuelproducciones.com.ar\/radioquijano\/wp-content\/uploads\/2022\/07\/martin-lacci-karnawl-e1657206856727.jpg","type":"image\/jpeg"}],"author":"Cecilia Pastrana","twitter_card":"summary_large_image","twitter_creator":"@nahuproduciones","twitter_site":"@nahuproduciones","twitter_misc":{"Escrito por":"Cecilia Pastrana","Tiempo de lectura":"5 minutos"},"schema":{"@context":"https:\/\/schema.org","@graph":[{"@type":"WebPage","@id":"https:\/\/nahuelproducciones.com.ar\/radioquijano\/karnawal-encabeza-las-nominaciones-de-los-premios-sur-al-cine-argentino\/","url":"https:\/\/nahuelproducciones.com.ar\/radioquijano\/karnawal-encabeza-las-nominaciones-de-los-premios-sur-al-cine-argentino\/","name":"\"Karnawal\" encabeza las nominaciones de los Premios Sur al cine argentino. - RQ 99.9","isPartOf":{"@id":"https:\/\/nahuelproducciones.com.ar\/radioquijano\/#website"},"datePublished":"2022-07-07T15:15:16+00:00","dateModified":"2022-07-07T16:02:29+00:00","author":{"@id":"https:\/\/nahuelproducciones.com.ar\/radioquijano\/#\/schema\/person\/e8a4f939e2cb487fe6d0c54042c9d32c"},"description":"El largometraje de ficci\u00f3n de Juan Pablo Felix, cosech\u00f3 14, entre ellas Mejor Ficci\u00f3n, para los premios de la Academia de las Artes y Ciencias Cinematogr\u00e1ficas de la Argentina, y sigue su laureado camino tras el estreno del 2021.","breadcrumb":{"@id":"https:\/\/nahuelproducciones.com.ar\/radioquijano\/karnawal-encabeza-las-nominaciones-de-los-premios-sur-al-cine-argentino\/#breadcrumb"},"inLanguage":"es","potentialAction":[{"@type":"ReadAction","target":["https:\/\/nahuelproducciones.com.ar\/radioquijano\/karnawal-encabeza-las-nominaciones-de-los-premios-sur-al-cine-argentino\/"]}]},{"@type":"BreadcrumbList","@id":"https:\/\/nahuelproducciones.com.ar\/radioquijano\/karnawal-encabeza-las-nominaciones-de-los-premios-sur-al-cine-argentino\/#breadcrumb","itemListElement":[{"@type":"ListItem","position":1,"name":"Portada","item":"https:\/\/nahuelproducciones.com.ar\/radioquijano\/"},{"@type":"ListItem","position":2,"name":"\u00abKarnawal\u00bb encabeza las nominaciones de los Premios Sur al cine argentino."}]},{"@type":"WebSite","@id":"https:\/\/nahuelproducciones.com.ar\/radioquijano\/#website","url":"https:\/\/nahuelproducciones.com.ar\/radioquijano\/","name":"RQ 99.9","description":"Radio Quijano 99.9 MHz","potentialAction":[{"@type":"SearchAction","target":{"@type":"EntryPoint","urlTemplate":"https:\/\/nahuelproducciones.com.ar\/radioquijano\/?s={search_term_string}"},"query-input":"required name=search_term_string"}],"inLanguage":"es"},{"@type":"Person","@id":"https:\/\/nahuelproducciones.com.ar\/radioquijano\/#\/schema\/person\/e8a4f939e2cb487fe6d0c54042c9d32c","name":"Cecilia Pastrana","image":{"@type":"ImageObject","inLanguage":"es","@id":"https:\/\/nahuelproducciones.com.ar\/radioquijano\/#\/schema\/person\/image\/","url":"https:\/\/secure.gravatar.com\/avatar\/661a3ef63a8488d4f2794ed44af8cf71420f7e106f3072c40125114df5157749?s=96&d=mm&r=g","contentUrl":"https:\/\/secure.gravatar.com\/avatar\/661a3ef63a8488d4f2794ed44af8cf71420f7e106f3072c40125114df5157749?s=96&d=mm&r=g","caption":"Cecilia Pastrana"},"sameAs":["cecy"],"url":"https:\/\/nahuelproducciones.com.ar\/radioquijano\/author\/cecy\/"}]}},"_links":{"self":[{"href":"https:\/\/nahuelproducciones.com.ar\/radioquijano\/wp-json\/wp\/v2\/posts\/2950","targetHints":{"allow":["GET"]}}],"collection":[{"href":"https:\/\/nahuelproducciones.com.ar\/radioquijano\/wp-json\/wp\/v2\/posts"}],"about":[{"href":"https:\/\/nahuelproducciones.com.ar\/radioquijano\/wp-json\/wp\/v2\/types\/post"}],"author":[{"embeddable":true,"href":"https:\/\/nahuelproducciones.com.ar\/radioquijano\/wp-json\/wp\/v2\/users\/8"}],"replies":[{"embeddable":true,"href":"https:\/\/nahuelproducciones.com.ar\/radioquijano\/wp-json\/wp\/v2\/comments?post=2950"}],"version-history":[{"count":2,"href":"https:\/\/nahuelproducciones.com.ar\/radioquijano\/wp-json\/wp\/v2\/posts\/2950\/revisions"}],"predecessor-version":[{"id":2957,"href":"https:\/\/nahuelproducciones.com.ar\/radioquijano\/wp-json\/wp\/v2\/posts\/2950\/revisions\/2957"}],"wp:featuredmedia":[{"embeddable":true,"href":"https:\/\/nahuelproducciones.com.ar\/radioquijano\/wp-json\/wp\/v2\/media\/2951"}],"wp:attachment":[{"href":"https:\/\/nahuelproducciones.com.ar\/radioquijano\/wp-json\/wp\/v2\/media?parent=2950"}],"wp:term":[{"taxonomy":"category","embeddable":true,"href":"https:\/\/nahuelproducciones.com.ar\/radioquijano\/wp-json\/wp\/v2\/categories?post=2950"},{"taxonomy":"post_tag","embeddable":true,"href":"https:\/\/nahuelproducciones.com.ar\/radioquijano\/wp-json\/wp\/v2\/tags?post=2950"}],"curies":[{"name":"wp","href":"https:\/\/api.w.org\/{rel}","templated":true}]}}