{"id":2958,"date":"2022-07-08T07:10:58","date_gmt":"2022-07-08T10:10:58","guid":{"rendered":"https:\/\/nahuelproducciones.com.ar\/radioquijano\/?p=2958"},"modified":"2022-07-08T07:49:58","modified_gmt":"2022-07-08T10:49:58","slug":"festival-solidario-en-la-escuela-virrey-francisco-de-toledo-de-la-silleta","status":"publish","type":"post","link":"https:\/\/nahuelproducciones.com.ar\/radioquijano\/festival-solidario-en-la-escuela-virrey-francisco-de-toledo-de-la-silleta\/","title":{"rendered":"Festival Solidario en la escuela \u00abVirrey Francisco de Toledo\u00bb de La Silleta."},"content":{"rendered":"\n<p>La comunidad de La Silleta siempre solidaria ayudar\u00e1 a la familia de la maestra Norma Carrizo, que la semana pasada perdi\u00f3 su hogar producto de un incendio.<\/p>\n\n\n\n<p>Con el lema\u00bbLa Silleta extiende sus manos solidarias\u00bb sumar\u00e1n voluntades en una propuesta art\u00edstica donde participar\u00e1n  varios m\u00fasicos del folclore, academias locales y la movida tropical. <\/p>\n\n\n\n<p>Tendr\u00e1n un patio de comidas regionales, vender\u00e1n un Bono contribuci\u00f3n y todo lo recaudado ser\u00e1 entregado a la familia , coment\u00f3 el director de la escuela Mart\u00edn Guti\u00e9rrez.<\/p>\n\n\n\n<p>El gran festival ser\u00e1 el  8 de julio desde las 19:00 hs hasta las 01:00hs. en el local escolar, Islas Malvinas y Coronel\u00a0Moldes, La Silleta, es  para toda la familia, con entrada  libre y gratuito.  A las 00:00 hs se cantar\u00e1 el himno nacional Argentino dando la bienvenida a los 206 aniversario de la Independencia de Argentina y se festejar\u00e1 los 101 a\u00f1os de la fundaci\u00f3n de Campo Quijano.<\/p>\n\n\n\n<p>En la oportunidad se repartir\u00e1 vino hervido con canela para seguir la tradici\u00f3n, nos dijo, Mart\u00edn Guti\u00e9rrez, director de la escuela de la Silleta, en comunicaci\u00f3n con <a href=\"https:\/\/nahuelproducciones.com.ar\/radioquijano\/\" target=\"_blank\" rel=\"noreferrer noopener\">RQ99.9Mhz.<\/a><\/p>\n\n\n\n<p>Para todos aquellos que no puedan asistir al Festival Solidario, pero que quieren colaborar el director dej\u00f3 el tel\u00e9fono fijo de la escuela. Para m\u00e1s informaci\u00f3n o sobre c\u00f3mo ayudar con materiales o mano de obra llamar al tel\u00e9fono fijo de la escuela 0387 4993477.&nbsp;<\/p>\n\n\n\n<figure class=\"wp-block-audio\"><audio controls src=\"https:\/\/nahuelproducciones.com.ar\/radioquijano\/wp-content\/uploads\/2022\/07\/07-07-2022-dire-de-la-escuela-Virrey-Toledo-la-silleta-festival-solidario-para-la-seno-norma-carriso.mp3\"><\/audio><\/figure>\n\n\n\n<p> Entrevista a Mart\u00edn Guti\u00e9rrez, director de la escuela de la Silleta, en comunicaci\u00f3n con RQ99.9Mhz. <\/p>\n\n\n\n<p><\/p>\n\n\n\n<p><a href=\"https:\/\/nahuelproducciones.com.ar\/index.php\/rq999\" target=\"_blank\" rel=\"noreferrer noopener\">#RQ99.9Mhz<\/a>&nbsp;<a href=\"https:\/\/nahuelproducciones.com.ar\/\" target=\"_blank\" rel=\"noreferrer noopener\">#CAMPOQUIJANO<\/a><\/p>\n","protected":false},"excerpt":{"rendered":"<p>La comunidad de La Silleta siempre solidaria ayudar\u00e1 a la familia de la maestra Norma Carrizo, que la semana pasada perdi\u00f3 su hogar producto de un incendio. Con el lema\u00bbLa Silleta extiende sus manos solidarias\u00bb sumar\u00e1n voluntades en una propuesta art\u00edstica donde participar\u00e1n varios m\u00fasicos del folclore, academias locales y la movida tropical. Tendr\u00e1n un [&hellip;]<\/p>\n","protected":false},"author":8,"featured_media":2961,"comment_status":"open","ping_status":"open","sticky":false,"template":"","format":"standard","meta":{"_monsterinsights_skip_tracking":false,"_monsterinsights_sitenote_active":false,"_monsterinsights_sitenote_note":"","_monsterinsights_sitenote_category":0,"footnotes":""},"categories":[16],"tags":[552,550,549,77,71],"class_list":["post-2958","post","type-post","status-publish","format-standard","has-post-thumbnail","hentry","category-noticias","tag-la-silleta-extiende-sus-manos-solidarias","tag-entrevista-a-martin-gutierrez","tag-escuela-virrey-francisco-toledo","tag-la-silleta","tag-municipalidad-de-campo-quijano"],"yoast_head":"<!-- This site is optimized with the Yoast SEO plugin v20.8 - https:\/\/yoast.com\/wordpress\/plugins\/seo\/ -->\n<title>Festival Solidario en la escuela &quot;Virrey Francisco de Toledo&quot; de La Silleta. - Noticias %<\/title>\n<meta name=\"description\" content=\"El gran festival ser\u00e1 el 8 de julio desde las 19:00 hs hasta las 01:00hs. en el local escolar, Islas Malvinas y Coronel\u00a0Moldes, La Silleta.\" \/>\n<meta name=\"robots\" content=\"index, follow, max-snippet:-1, max-image-preview:large, max-video-preview:-1\" \/>\n<link rel=\"canonical\" href=\"https:\/\/nahuelproducciones.com.ar\/radioquijano\/festival-solidario-en-la-escuela-virrey-francisco-de-toledo-de-la-silleta\/\" \/>\n<meta property=\"og:locale\" content=\"es_ES\" \/>\n<meta property=\"og:type\" content=\"article\" \/>\n<meta property=\"og:title\" content=\"Festival Solidario en la escuela &quot;Virrey Francisco de Toledo&quot; de La Silleta. - Noticias %\" \/>\n<meta property=\"og:description\" content=\"El gran festival ser\u00e1 el 8 de julio desde las 19:00 hs hasta las 01:00hs. en el local escolar, Islas Malvinas y Coronel\u00a0Moldes, La Silleta.\" \/>\n<meta property=\"og:url\" content=\"https:\/\/nahuelproducciones.com.ar\/radioquijano\/festival-solidario-en-la-escuela-virrey-francisco-de-toledo-de-la-silleta\/\" \/>\n<meta property=\"og:site_name\" content=\"RQ 99.9\" \/>\n<meta property=\"article:publisher\" content=\"https:\/\/www.facebook.com\/nahuelproducciones999\/\" \/>\n<meta property=\"article:published_time\" content=\"2022-07-08T10:10:58+00:00\" \/>\n<meta property=\"article:modified_time\" content=\"2022-07-08T10:49:58+00:00\" \/>\n<meta property=\"og:image\" content=\"https:\/\/nahuelproducciones.com.ar\/radioquijano\/wp-content\/uploads\/2022\/07\/Festival-Solidario-ala-Silleta.jpg\" \/>\n\t<meta property=\"og:image:width\" content=\"548\" \/>\n\t<meta property=\"og:image:height\" content=\"800\" \/>\n\t<meta property=\"og:image:type\" content=\"image\/jpeg\" \/>\n<meta name=\"author\" content=\"Cecilia Pastrana\" \/>\n<meta name=\"twitter:card\" content=\"summary_large_image\" \/>\n<meta name=\"twitter:creator\" content=\"@nahuproduciones\" \/>\n<meta name=\"twitter:site\" content=\"@nahuproduciones\" \/>\n<meta name=\"twitter:label1\" content=\"Escrito por\" \/>\n\t<meta name=\"twitter:data1\" content=\"Cecilia Pastrana\" \/>\n\t<meta name=\"twitter:label2\" content=\"Tiempo de lectura\" \/>\n\t<meta name=\"twitter:data2\" content=\"2 minutos\" \/>\n<script type=\"application\/ld+json\" class=\"yoast-schema-graph\">{\"@context\":\"https:\/\/schema.org\",\"@graph\":[{\"@type\":\"WebPage\",\"@id\":\"https:\/\/nahuelproducciones.com.ar\/radioquijano\/festival-solidario-en-la-escuela-virrey-francisco-de-toledo-de-la-silleta\/\",\"url\":\"https:\/\/nahuelproducciones.com.ar\/radioquijano\/festival-solidario-en-la-escuela-virrey-francisco-de-toledo-de-la-silleta\/\",\"name\":\"Festival Solidario en la escuela \\\"Virrey Francisco de Toledo\\\" de La Silleta. - Noticias %\",\"isPartOf\":{\"@id\":\"https:\/\/nahuelproducciones.com.ar\/radioquijano\/#website\"},\"datePublished\":\"2022-07-08T10:10:58+00:00\",\"dateModified\":\"2022-07-08T10:49:58+00:00\",\"author\":{\"@id\":\"https:\/\/nahuelproducciones.com.ar\/radioquijano\/#\/schema\/person\/e8a4f939e2cb487fe6d0c54042c9d32c\"},\"description\":\"El gran festival ser\u00e1 el 8 de julio desde las 19:00 hs hasta las 01:00hs. en el local escolar, Islas Malvinas y Coronel\u00a0Moldes, La Silleta.\",\"breadcrumb\":{\"@id\":\"https:\/\/nahuelproducciones.com.ar\/radioquijano\/festival-solidario-en-la-escuela-virrey-francisco-de-toledo-de-la-silleta\/#breadcrumb\"},\"inLanguage\":\"es\",\"potentialAction\":[{\"@type\":\"ReadAction\",\"target\":[\"https:\/\/nahuelproducciones.com.ar\/radioquijano\/festival-solidario-en-la-escuela-virrey-francisco-de-toledo-de-la-silleta\/\"]}]},{\"@type\":\"BreadcrumbList\",\"@id\":\"https:\/\/nahuelproducciones.com.ar\/radioquijano\/festival-solidario-en-la-escuela-virrey-francisco-de-toledo-de-la-silleta\/#breadcrumb\",\"itemListElement\":[{\"@type\":\"ListItem\",\"position\":1,\"name\":\"Portada\",\"item\":\"https:\/\/nahuelproducciones.com.ar\/radioquijano\/\"},{\"@type\":\"ListItem\",\"position\":2,\"name\":\"Festival Solidario en la escuela \u00abVirrey Francisco de Toledo\u00bb de La Silleta.\"}]},{\"@type\":\"WebSite\",\"@id\":\"https:\/\/nahuelproducciones.com.ar\/radioquijano\/#website\",\"url\":\"https:\/\/nahuelproducciones.com.ar\/radioquijano\/\",\"name\":\"RQ 99.9\",\"description\":\"Radio Quijano 99.9 MHz\",\"potentialAction\":[{\"@type\":\"SearchAction\",\"target\":{\"@type\":\"EntryPoint\",\"urlTemplate\":\"https:\/\/nahuelproducciones.com.ar\/radioquijano\/?s={search_term_string}\"},\"query-input\":\"required name=search_term_string\"}],\"inLanguage\":\"es\"},{\"@type\":\"Person\",\"@id\":\"https:\/\/nahuelproducciones.com.ar\/radioquijano\/#\/schema\/person\/e8a4f939e2cb487fe6d0c54042c9d32c\",\"name\":\"Cecilia Pastrana\",\"image\":{\"@type\":\"ImageObject\",\"inLanguage\":\"es\",\"@id\":\"https:\/\/nahuelproducciones.com.ar\/radioquijano\/#\/schema\/person\/image\/\",\"url\":\"https:\/\/secure.gravatar.com\/avatar\/661a3ef63a8488d4f2794ed44af8cf71420f7e106f3072c40125114df5157749?s=96&d=mm&r=g\",\"contentUrl\":\"https:\/\/secure.gravatar.com\/avatar\/661a3ef63a8488d4f2794ed44af8cf71420f7e106f3072c40125114df5157749?s=96&d=mm&r=g\",\"caption\":\"Cecilia Pastrana\"},\"sameAs\":[\"cecy\"],\"url\":\"https:\/\/nahuelproducciones.com.ar\/radioquijano\/author\/cecy\/\"}]}<\/script>\n<!-- \/ Yoast SEO plugin. -->","yoast_head_json":{"title":"Festival Solidario en la escuela \"Virrey Francisco de Toledo\" de La Silleta. - Noticias %","description":"El gran festival ser\u00e1 el 8 de julio desde las 19:00 hs hasta las 01:00hs. en el local escolar, Islas Malvinas y Coronel\u00a0Moldes, La Silleta.","robots":{"index":"index","follow":"follow","max-snippet":"max-snippet:-1","max-image-preview":"max-image-preview:large","max-video-preview":"max-video-preview:-1"},"canonical":"https:\/\/nahuelproducciones.com.ar\/radioquijano\/festival-solidario-en-la-escuela-virrey-francisco-de-toledo-de-la-silleta\/","og_locale":"es_ES","og_type":"article","og_title":"Festival Solidario en la escuela \"Virrey Francisco de Toledo\" de La Silleta. - Noticias %","og_description":"El gran festival ser\u00e1 el 8 de julio desde las 19:00 hs hasta las 01:00hs. en el local escolar, Islas Malvinas y Coronel\u00a0Moldes, La Silleta.","og_url":"https:\/\/nahuelproducciones.com.ar\/radioquijano\/festival-solidario-en-la-escuela-virrey-francisco-de-toledo-de-la-silleta\/","og_site_name":"RQ 99.9","article_publisher":"https:\/\/www.facebook.com\/nahuelproducciones999\/","article_published_time":"2022-07-08T10:10:58+00:00","article_modified_time":"2022-07-08T10:49:58+00:00","og_image":[{"width":548,"height":800,"url":"https:\/\/nahuelproducciones.com.ar\/radioquijano\/wp-content\/uploads\/2022\/07\/Festival-Solidario-ala-Silleta.jpg","type":"image\/jpeg"}],"author":"Cecilia Pastrana","twitter_card":"summary_large_image","twitter_creator":"@nahuproduciones","twitter_site":"@nahuproduciones","twitter_misc":{"Escrito por":"Cecilia Pastrana","Tiempo de lectura":"2 minutos"},"schema":{"@context":"https:\/\/schema.org","@graph":[{"@type":"WebPage","@id":"https:\/\/nahuelproducciones.com.ar\/radioquijano\/festival-solidario-en-la-escuela-virrey-francisco-de-toledo-de-la-silleta\/","url":"https:\/\/nahuelproducciones.com.ar\/radioquijano\/festival-solidario-en-la-escuela-virrey-francisco-de-toledo-de-la-silleta\/","name":"Festival Solidario en la escuela \"Virrey Francisco de Toledo\" de La Silleta. - Noticias %","isPartOf":{"@id":"https:\/\/nahuelproducciones.com.ar\/radioquijano\/#website"},"datePublished":"2022-07-08T10:10:58+00:00","dateModified":"2022-07-08T10:49:58+00:00","author":{"@id":"https:\/\/nahuelproducciones.com.ar\/radioquijano\/#\/schema\/person\/e8a4f939e2cb487fe6d0c54042c9d32c"},"description":"El gran festival ser\u00e1 el 8 de julio desde las 19:00 hs hasta las 01:00hs. en el local escolar, Islas Malvinas y Coronel\u00a0Moldes, La Silleta.","breadcrumb":{"@id":"https:\/\/nahuelproducciones.com.ar\/radioquijano\/festival-solidario-en-la-escuela-virrey-francisco-de-toledo-de-la-silleta\/#breadcrumb"},"inLanguage":"es","potentialAction":[{"@type":"ReadAction","target":["https:\/\/nahuelproducciones.com.ar\/radioquijano\/festival-solidario-en-la-escuela-virrey-francisco-de-toledo-de-la-silleta\/"]}]},{"@type":"BreadcrumbList","@id":"https:\/\/nahuelproducciones.com.ar\/radioquijano\/festival-solidario-en-la-escuela-virrey-francisco-de-toledo-de-la-silleta\/#breadcrumb","itemListElement":[{"@type":"ListItem","position":1,"name":"Portada","item":"https:\/\/nahuelproducciones.com.ar\/radioquijano\/"},{"@type":"ListItem","position":2,"name":"Festival Solidario en la escuela \u00abVirrey Francisco de Toledo\u00bb de La Silleta."}]},{"@type":"WebSite","@id":"https:\/\/nahuelproducciones.com.ar\/radioquijano\/#website","url":"https:\/\/nahuelproducciones.com.ar\/radioquijano\/","name":"RQ 99.9","description":"Radio Quijano 99.9 MHz","potentialAction":[{"@type":"SearchAction","target":{"@type":"EntryPoint","urlTemplate":"https:\/\/nahuelproducciones.com.ar\/radioquijano\/?s={search_term_string}"},"query-input":"required name=search_term_string"}],"inLanguage":"es"},{"@type":"Person","@id":"https:\/\/nahuelproducciones.com.ar\/radioquijano\/#\/schema\/person\/e8a4f939e2cb487fe6d0c54042c9d32c","name":"Cecilia Pastrana","image":{"@type":"ImageObject","inLanguage":"es","@id":"https:\/\/nahuelproducciones.com.ar\/radioquijano\/#\/schema\/person\/image\/","url":"https:\/\/secure.gravatar.com\/avatar\/661a3ef63a8488d4f2794ed44af8cf71420f7e106f3072c40125114df5157749?s=96&d=mm&r=g","contentUrl":"https:\/\/secure.gravatar.com\/avatar\/661a3ef63a8488d4f2794ed44af8cf71420f7e106f3072c40125114df5157749?s=96&d=mm&r=g","caption":"Cecilia Pastrana"},"sameAs":["cecy"],"url":"https:\/\/nahuelproducciones.com.ar\/radioquijano\/author\/cecy\/"}]}},"_links":{"self":[{"href":"https:\/\/nahuelproducciones.com.ar\/radioquijano\/wp-json\/wp\/v2\/posts\/2958","targetHints":{"allow":["GET"]}}],"collection":[{"href":"https:\/\/nahuelproducciones.com.ar\/radioquijano\/wp-json\/wp\/v2\/posts"}],"about":[{"href":"https:\/\/nahuelproducciones.com.ar\/radioquijano\/wp-json\/wp\/v2\/types\/post"}],"author":[{"embeddable":true,"href":"https:\/\/nahuelproducciones.com.ar\/radioquijano\/wp-json\/wp\/v2\/users\/8"}],"replies":[{"embeddable":true,"href":"https:\/\/nahuelproducciones.com.ar\/radioquijano\/wp-json\/wp\/v2\/comments?post=2958"}],"version-history":[{"count":5,"href":"https:\/\/nahuelproducciones.com.ar\/radioquijano\/wp-json\/wp\/v2\/posts\/2958\/revisions"}],"predecessor-version":[{"id":2970,"href":"https:\/\/nahuelproducciones.com.ar\/radioquijano\/wp-json\/wp\/v2\/posts\/2958\/revisions\/2970"}],"wp:featuredmedia":[{"embeddable":true,"href":"https:\/\/nahuelproducciones.com.ar\/radioquijano\/wp-json\/wp\/v2\/media\/2961"}],"wp:attachment":[{"href":"https:\/\/nahuelproducciones.com.ar\/radioquijano\/wp-json\/wp\/v2\/media?parent=2958"}],"wp:term":[{"taxonomy":"category","embeddable":true,"href":"https:\/\/nahuelproducciones.com.ar\/radioquijano\/wp-json\/wp\/v2\/categories?post=2958"},{"taxonomy":"post_tag","embeddable":true,"href":"https:\/\/nahuelproducciones.com.ar\/radioquijano\/wp-json\/wp\/v2\/tags?post=2958"}],"curies":[{"name":"wp","href":"https:\/\/api.w.org\/{rel}","templated":true}]}}