{"id":2979,"date":"2022-07-09T02:08:45","date_gmt":"2022-07-09T05:08:45","guid":{"rendered":"https:\/\/nahuelproducciones.com.ar\/radioquijano\/?p=2979"},"modified":"2022-07-09T02:08:46","modified_gmt":"2022-07-09T05:08:46","slug":"jubilados-provincialessede-quijano-serviran-chocolatada-el-9-de-julio","status":"publish","type":"post","link":"https:\/\/nahuelproducciones.com.ar\/radioquijano\/jubilados-provincialessede-quijano-serviran-chocolatada-el-9-de-julio\/","title":{"rendered":"Jubilados provinciales,sede Quijano servir\u00e1n chocolatada el 9 de julio."},"content":{"rendered":"\n<p>La Asociaci\u00f3n de Jubilados y Pensionados de la Provincia de Salta con sede en Campo Quijano invita a socios, instituciones, vecinos y p\u00fablico en  general a servirse una chocolatada el d\u00eda 9 de julio.<\/p>\n\n\n\n<p>La chocolatada se realizar\u00e1 con la familia Vald\u00e9s Flores y se servir\u00e1 desde las 08:00 hs en Avda 9 de julio esquina calle San Mart\u00edn.<br>De esta manera participamos de los eventos de la independencia.<\/p>\n\n\n\n<p>TODOS SON BIENVENIDOS.<\/p>\n\n\n\n<p><a href=\"https:\/\/nahuelproducciones.com.ar\/index.php\/rq999\" target=\"_blank\" rel=\"noreferrer noopener\">#RQ99.9Mhz<\/a>\u00a0<a href=\"https:\/\/nahuelproducciones.com.ar\/\" target=\"_blank\" rel=\"noreferrer noopener\">#CAMPOQUIJANO<\/a>\u00a0<a href=\"http:\/\/nahuelproducciones.com.ar\/radioquijano\/\" target=\"_blank\" rel=\"noreferrer noopener\">#RadioQuijano<\/a><\/p>\n","protected":false},"excerpt":{"rendered":"<p>La Asociaci\u00f3n de Jubilados y Pensionados de la Provincia de Salta con sede en Campo Quijano invita a socios, instituciones, vecinos y p\u00fablico en general a servirse una chocolatada el d\u00eda 9 de julio. La chocolatada se realizar\u00e1 con la familia Vald\u00e9s Flores y se servir\u00e1 desde las 08:00 hs en Avda 9 de julio [&hellip;]<\/p>\n","protected":false},"author":8,"featured_media":2980,"comment_status":"open","ping_status":"open","sticky":false,"template":"","format":"standard","meta":{"_monsterinsights_skip_tracking":false,"_monsterinsights_sitenote_active":false,"_monsterinsights_sitenote_note":"","_monsterinsights_sitenote_category":0,"footnotes":""},"categories":[16],"tags":[36,557,556],"class_list":["post-2979","post","type-post","status-publish","format-standard","has-post-thumbnail","hentry","category-noticias","tag-campo-quijano","tag-chocolatada","tag-jubilados-y-pensionados-de-la-provinca-de-salta-sede-campo-quijano"],"yoast_head":"<!-- This site is optimized with the Yoast SEO plugin v20.8 - https:\/\/yoast.com\/wordpress\/plugins\/seo\/ -->\n<title>Jubilados provinciales,sede Quijano servir\u00e1n chocolatada el 9 de julio. - RQ 99.9<\/title>\n<meta name=\"description\" content=\"Se servir\u00e1 desde las 08:00 hs en Avda 9 de julio esquina calle San Mart\u00edn.\" \/>\n<meta name=\"robots\" content=\"index, follow, max-snippet:-1, max-image-preview:large, max-video-preview:-1\" \/>\n<link rel=\"canonical\" href=\"https:\/\/nahuelproducciones.com.ar\/radioquijano\/jubilados-provincialessede-quijano-serviran-chocolatada-el-9-de-julio\/\" \/>\n<meta property=\"og:locale\" content=\"es_ES\" \/>\n<meta property=\"og:type\" content=\"article\" \/>\n<meta property=\"og:title\" content=\"Jubilados provinciales,sede Quijano servir\u00e1n chocolatada el 9 de julio. - RQ 99.9\" \/>\n<meta property=\"og:description\" content=\"Se servir\u00e1 desde las 08:00 hs en Avda 9 de julio esquina calle San Mart\u00edn.\" \/>\n<meta property=\"og:url\" content=\"https:\/\/nahuelproducciones.com.ar\/radioquijano\/jubilados-provincialessede-quijano-serviran-chocolatada-el-9-de-julio\/\" \/>\n<meta property=\"og:site_name\" content=\"RQ 99.9\" \/>\n<meta property=\"article:publisher\" content=\"https:\/\/www.facebook.com\/nahuelproducciones999\/\" \/>\n<meta property=\"article:published_time\" content=\"2022-07-09T05:08:45+00:00\" \/>\n<meta property=\"article:modified_time\" content=\"2022-07-09T05:08:46+00:00\" \/>\n<meta property=\"og:image\" content=\"https:\/\/nahuelproducciones.com.ar\/radioquijano\/wp-content\/uploads\/2022\/07\/chocolate.jpg\" \/>\n\t<meta property=\"og:image:width\" content=\"600\" \/>\n\t<meta property=\"og:image:height\" content=\"386\" \/>\n\t<meta property=\"og:image:type\" content=\"image\/jpeg\" \/>\n<meta name=\"author\" content=\"Cecilia Pastrana\" \/>\n<meta name=\"twitter:card\" content=\"summary_large_image\" \/>\n<meta name=\"twitter:creator\" content=\"@nahuproduciones\" \/>\n<meta name=\"twitter:site\" content=\"@nahuproduciones\" \/>\n<meta name=\"twitter:label1\" content=\"Escrito por\" \/>\n\t<meta name=\"twitter:data1\" content=\"Cecilia Pastrana\" \/>\n\t<meta name=\"twitter:label2\" content=\"Tiempo de lectura\" \/>\n\t<meta name=\"twitter:data2\" content=\"1 minuto\" \/>\n<script type=\"application\/ld+json\" class=\"yoast-schema-graph\">{\"@context\":\"https:\/\/schema.org\",\"@graph\":[{\"@type\":\"WebPage\",\"@id\":\"https:\/\/nahuelproducciones.com.ar\/radioquijano\/jubilados-provincialessede-quijano-serviran-chocolatada-el-9-de-julio\/\",\"url\":\"https:\/\/nahuelproducciones.com.ar\/radioquijano\/jubilados-provincialessede-quijano-serviran-chocolatada-el-9-de-julio\/\",\"name\":\"Jubilados provinciales,sede Quijano servir\u00e1n chocolatada el 9 de julio. - RQ 99.9\",\"isPartOf\":{\"@id\":\"https:\/\/nahuelproducciones.com.ar\/radioquijano\/#website\"},\"datePublished\":\"2022-07-09T05:08:45+00:00\",\"dateModified\":\"2022-07-09T05:08:46+00:00\",\"author\":{\"@id\":\"https:\/\/nahuelproducciones.com.ar\/radioquijano\/#\/schema\/person\/e8a4f939e2cb487fe6d0c54042c9d32c\"},\"description\":\"Se servir\u00e1 desde las 08:00 hs en Avda 9 de julio esquina calle San Mart\u00edn.\",\"breadcrumb\":{\"@id\":\"https:\/\/nahuelproducciones.com.ar\/radioquijano\/jubilados-provincialessede-quijano-serviran-chocolatada-el-9-de-julio\/#breadcrumb\"},\"inLanguage\":\"es\",\"potentialAction\":[{\"@type\":\"ReadAction\",\"target\":[\"https:\/\/nahuelproducciones.com.ar\/radioquijano\/jubilados-provincialessede-quijano-serviran-chocolatada-el-9-de-julio\/\"]}]},{\"@type\":\"BreadcrumbList\",\"@id\":\"https:\/\/nahuelproducciones.com.ar\/radioquijano\/jubilados-provincialessede-quijano-serviran-chocolatada-el-9-de-julio\/#breadcrumb\",\"itemListElement\":[{\"@type\":\"ListItem\",\"position\":1,\"name\":\"Portada\",\"item\":\"https:\/\/nahuelproducciones.com.ar\/radioquijano\/\"},{\"@type\":\"ListItem\",\"position\":2,\"name\":\"Jubilados provinciales,sede Quijano servir\u00e1n chocolatada el 9 de julio.\"}]},{\"@type\":\"WebSite\",\"@id\":\"https:\/\/nahuelproducciones.com.ar\/radioquijano\/#website\",\"url\":\"https:\/\/nahuelproducciones.com.ar\/radioquijano\/\",\"name\":\"RQ 99.9\",\"description\":\"Radio Quijano 99.9 MHz\",\"potentialAction\":[{\"@type\":\"SearchAction\",\"target\":{\"@type\":\"EntryPoint\",\"urlTemplate\":\"https:\/\/nahuelproducciones.com.ar\/radioquijano\/?s={search_term_string}\"},\"query-input\":\"required name=search_term_string\"}],\"inLanguage\":\"es\"},{\"@type\":\"Person\",\"@id\":\"https:\/\/nahuelproducciones.com.ar\/radioquijano\/#\/schema\/person\/e8a4f939e2cb487fe6d0c54042c9d32c\",\"name\":\"Cecilia Pastrana\",\"image\":{\"@type\":\"ImageObject\",\"inLanguage\":\"es\",\"@id\":\"https:\/\/nahuelproducciones.com.ar\/radioquijano\/#\/schema\/person\/image\/\",\"url\":\"https:\/\/secure.gravatar.com\/avatar\/661a3ef63a8488d4f2794ed44af8cf71420f7e106f3072c40125114df5157749?s=96&d=mm&r=g\",\"contentUrl\":\"https:\/\/secure.gravatar.com\/avatar\/661a3ef63a8488d4f2794ed44af8cf71420f7e106f3072c40125114df5157749?s=96&d=mm&r=g\",\"caption\":\"Cecilia Pastrana\"},\"sameAs\":[\"cecy\"],\"url\":\"https:\/\/nahuelproducciones.com.ar\/radioquijano\/author\/cecy\/\"}]}<\/script>\n<!-- \/ Yoast SEO plugin. -->","yoast_head_json":{"title":"Jubilados provinciales,sede Quijano servir\u00e1n chocolatada el 9 de julio. - RQ 99.9","description":"Se servir\u00e1 desde las 08:00 hs en Avda 9 de julio esquina calle San Mart\u00edn.","robots":{"index":"index","follow":"follow","max-snippet":"max-snippet:-1","max-image-preview":"max-image-preview:large","max-video-preview":"max-video-preview:-1"},"canonical":"https:\/\/nahuelproducciones.com.ar\/radioquijano\/jubilados-provincialessede-quijano-serviran-chocolatada-el-9-de-julio\/","og_locale":"es_ES","og_type":"article","og_title":"Jubilados provinciales,sede Quijano servir\u00e1n chocolatada el 9 de julio. - RQ 99.9","og_description":"Se servir\u00e1 desde las 08:00 hs en Avda 9 de julio esquina calle San Mart\u00edn.","og_url":"https:\/\/nahuelproducciones.com.ar\/radioquijano\/jubilados-provincialessede-quijano-serviran-chocolatada-el-9-de-julio\/","og_site_name":"RQ 99.9","article_publisher":"https:\/\/www.facebook.com\/nahuelproducciones999\/","article_published_time":"2022-07-09T05:08:45+00:00","article_modified_time":"2022-07-09T05:08:46+00:00","og_image":[{"width":600,"height":386,"url":"https:\/\/nahuelproducciones.com.ar\/radioquijano\/wp-content\/uploads\/2022\/07\/chocolate.jpg","type":"image\/jpeg"}],"author":"Cecilia Pastrana","twitter_card":"summary_large_image","twitter_creator":"@nahuproduciones","twitter_site":"@nahuproduciones","twitter_misc":{"Escrito por":"Cecilia Pastrana","Tiempo de lectura":"1 minuto"},"schema":{"@context":"https:\/\/schema.org","@graph":[{"@type":"WebPage","@id":"https:\/\/nahuelproducciones.com.ar\/radioquijano\/jubilados-provincialessede-quijano-serviran-chocolatada-el-9-de-julio\/","url":"https:\/\/nahuelproducciones.com.ar\/radioquijano\/jubilados-provincialessede-quijano-serviran-chocolatada-el-9-de-julio\/","name":"Jubilados provinciales,sede Quijano servir\u00e1n chocolatada el 9 de julio. - RQ 99.9","isPartOf":{"@id":"https:\/\/nahuelproducciones.com.ar\/radioquijano\/#website"},"datePublished":"2022-07-09T05:08:45+00:00","dateModified":"2022-07-09T05:08:46+00:00","author":{"@id":"https:\/\/nahuelproducciones.com.ar\/radioquijano\/#\/schema\/person\/e8a4f939e2cb487fe6d0c54042c9d32c"},"description":"Se servir\u00e1 desde las 08:00 hs en Avda 9 de julio esquina calle San Mart\u00edn.","breadcrumb":{"@id":"https:\/\/nahuelproducciones.com.ar\/radioquijano\/jubilados-provincialessede-quijano-serviran-chocolatada-el-9-de-julio\/#breadcrumb"},"inLanguage":"es","potentialAction":[{"@type":"ReadAction","target":["https:\/\/nahuelproducciones.com.ar\/radioquijano\/jubilados-provincialessede-quijano-serviran-chocolatada-el-9-de-julio\/"]}]},{"@type":"BreadcrumbList","@id":"https:\/\/nahuelproducciones.com.ar\/radioquijano\/jubilados-provincialessede-quijano-serviran-chocolatada-el-9-de-julio\/#breadcrumb","itemListElement":[{"@type":"ListItem","position":1,"name":"Portada","item":"https:\/\/nahuelproducciones.com.ar\/radioquijano\/"},{"@type":"ListItem","position":2,"name":"Jubilados provinciales,sede Quijano servir\u00e1n chocolatada el 9 de julio."}]},{"@type":"WebSite","@id":"https:\/\/nahuelproducciones.com.ar\/radioquijano\/#website","url":"https:\/\/nahuelproducciones.com.ar\/radioquijano\/","name":"RQ 99.9","description":"Radio Quijano 99.9 MHz","potentialAction":[{"@type":"SearchAction","target":{"@type":"EntryPoint","urlTemplate":"https:\/\/nahuelproducciones.com.ar\/radioquijano\/?s={search_term_string}"},"query-input":"required name=search_term_string"}],"inLanguage":"es"},{"@type":"Person","@id":"https:\/\/nahuelproducciones.com.ar\/radioquijano\/#\/schema\/person\/e8a4f939e2cb487fe6d0c54042c9d32c","name":"Cecilia Pastrana","image":{"@type":"ImageObject","inLanguage":"es","@id":"https:\/\/nahuelproducciones.com.ar\/radioquijano\/#\/schema\/person\/image\/","url":"https:\/\/secure.gravatar.com\/avatar\/661a3ef63a8488d4f2794ed44af8cf71420f7e106f3072c40125114df5157749?s=96&d=mm&r=g","contentUrl":"https:\/\/secure.gravatar.com\/avatar\/661a3ef63a8488d4f2794ed44af8cf71420f7e106f3072c40125114df5157749?s=96&d=mm&r=g","caption":"Cecilia Pastrana"},"sameAs":["cecy"],"url":"https:\/\/nahuelproducciones.com.ar\/radioquijano\/author\/cecy\/"}]}},"_links":{"self":[{"href":"https:\/\/nahuelproducciones.com.ar\/radioquijano\/wp-json\/wp\/v2\/posts\/2979","targetHints":{"allow":["GET"]}}],"collection":[{"href":"https:\/\/nahuelproducciones.com.ar\/radioquijano\/wp-json\/wp\/v2\/posts"}],"about":[{"href":"https:\/\/nahuelproducciones.com.ar\/radioquijano\/wp-json\/wp\/v2\/types\/post"}],"author":[{"embeddable":true,"href":"https:\/\/nahuelproducciones.com.ar\/radioquijano\/wp-json\/wp\/v2\/users\/8"}],"replies":[{"embeddable":true,"href":"https:\/\/nahuelproducciones.com.ar\/radioquijano\/wp-json\/wp\/v2\/comments?post=2979"}],"version-history":[{"count":1,"href":"https:\/\/nahuelproducciones.com.ar\/radioquijano\/wp-json\/wp\/v2\/posts\/2979\/revisions"}],"predecessor-version":[{"id":2981,"href":"https:\/\/nahuelproducciones.com.ar\/radioquijano\/wp-json\/wp\/v2\/posts\/2979\/revisions\/2981"}],"wp:featuredmedia":[{"embeddable":true,"href":"https:\/\/nahuelproducciones.com.ar\/radioquijano\/wp-json\/wp\/v2\/media\/2980"}],"wp:attachment":[{"href":"https:\/\/nahuelproducciones.com.ar\/radioquijano\/wp-json\/wp\/v2\/media?parent=2979"}],"wp:term":[{"taxonomy":"category","embeddable":true,"href":"https:\/\/nahuelproducciones.com.ar\/radioquijano\/wp-json\/wp\/v2\/categories?post=2979"},{"taxonomy":"post_tag","embeddable":true,"href":"https:\/\/nahuelproducciones.com.ar\/radioquijano\/wp-json\/wp\/v2\/tags?post=2979"}],"curies":[{"name":"wp","href":"https:\/\/api.w.org\/{rel}","templated":true}]}}