{"id":3069,"date":"2022-07-14T00:15:36","date_gmt":"2022-07-14T03:15:36","guid":{"rendered":"https:\/\/nahuelproducciones.com.ar\/radioquijano\/?p=3069"},"modified":"2022-07-14T00:17:27","modified_gmt":"2022-07-14T03:17:27","slug":"6festival-de-la-cabeza-guateada-en-campo-quijano","status":"publish","type":"post","link":"https:\/\/nahuelproducciones.com.ar\/radioquijano\/6festival-de-la-cabeza-guateada-en-campo-quijano\/","title":{"rendered":"6\u00b0Festival de la Cabeza Guateada en Campo Quijano."},"content":{"rendered":"\n<p>Los vecinos se preparan para vivir una nueva edici\u00f3n del\u00a0Festival\u00a0de la Cabeza Guateada, con m\u00fasica,artistas en vivo y danzas t\u00edpicas con entrada libre y gratuita.<\/p>\n\n\n\n<p>Campo Quijano, el domingo 17 de julio desde las 12:00 hs, espera que todos  puedan degustar en el lugar o llevar a domicilio la bandeja individual que contiene una porci\u00f3n de cabeza guateada, papa del cerro, mote,ensalada de tomate y cebolla,m\u00e1s pan. <\/p>\n\n\n\n<p>La presidenta del Centro de Artesanos de Campo Quijano en RQ99.9Mhz conto que se haran sorteos en la tarde de 30 bandejas con bu\u00f1uelos, una promesa que qued\u00f3 pendiente desde el concurso de bu\u00f1uelos, que en esta oportunidad se concretar\u00e1. Quienes compren bu\u00f1uelos en los puestos de los socios del Centro recibir\u00e1n un numerito para participar del sorteo.<\/p>\n\n\n\n<p>El evento cumplira su 6\u00b0edici\u00f3n y tienen pensado poner a la venta unas 18 cabezas guateadas. <\/p>\n\n\n\n<h2 class=\"wp-block-heading\"><strong>\u00bfQu\u00e9 es la Cabeza guateada?<\/strong><\/h2>\n\n\n\n<p>La cabeza guateada es un plato tradicional del  norte argentino. <\/p>\n\n\n\n<h4 class=\"wp-block-heading\"><strong>La palabra\u00a0guatiar\u00a0o\u00a0guatear\u00a0nombra a la cabeza de la vaca, preparada con sal y condimentos, cocinada al horno de barro o enterrada, previamente bien limpiada. Generalmente se utiliza una cabeza de vaca. A continuaci\u00f3n te ense\u00f1amos\u00a0como hacer cabeza guateada.<\/strong><\/h4>\n\n\n\n<h4 class=\"wp-block-heading\"><strong>PREPARACI\u00d3N<\/strong><\/h4>\n\n\n\n<p><strong>1-<\/strong>&nbsp;Se elige preferentemente una cabeza de vaca tierna.<\/p>\n\n\n\n<p><strong>2-<\/strong>&nbsp;Lavar bien la cabeza de vaca con agua y dejarla escurrir.<\/p>\n\n\n\n<p><strong>3-<\/strong>\u00a0Una vez lavada, se procede a condimentar con sal, aj\u00ed, cebolla verde. \u00abEl Guatiado\u00bb consiste en preparar un pozo de 1,20 m de profundidad, donde se hace \u00abuna cama o colch\u00f3n\u00bb de brasas, colocar una lata, sobre \u00e9sta la cabeza adobada envuelta en lona, colocar otra lata m\u00e1s encima y sobre \u00e9sta colocar brasas encendidas, tapar con ladrillo y barro, dejar cocinar 12 horas.<\/p>\n\n\n\n<p><\/p>\n\n\n\n<p>Organiza el Centro de artesanos de Campo Quijano.<\/p>\n\n\n\n<div class=\"wp-block-image\"><figure class=\"aligncenter size-large\"><img loading=\"lazy\" decoding=\"async\" width=\"720\" height=\"540\" src=\"https:\/\/nahuelproducciones.com.ar\/radioquijano\/wp-content\/uploads\/2022\/07\/cabeza-guateada2.jpg\" alt=\"\" class=\"wp-image-3071\" srcset=\"https:\/\/nahuelproducciones.com.ar\/radioquijano\/wp-content\/uploads\/2022\/07\/cabeza-guateada2.jpg 720w, https:\/\/nahuelproducciones.com.ar\/radioquijano\/wp-content\/uploads\/2022\/07\/cabeza-guateada2-300x225.jpg 300w, https:\/\/nahuelproducciones.com.ar\/radioquijano\/wp-content\/uploads\/2022\/07\/cabeza-guateada2-150x113.jpg 150w\" sizes=\"auto, (max-width: 720px) 100vw, 720px\" \/><\/figure><\/div>\n\n\n\n<div class=\"wp-block-image\"><figure class=\"aligncenter size-large\"><img loading=\"lazy\" decoding=\"async\" width=\"720\" height=\"540\" src=\"https:\/\/nahuelproducciones.com.ar\/radioquijano\/wp-content\/uploads\/2022\/07\/cabeza-guateada1.jpg\" alt=\"\" class=\"wp-image-3072\" srcset=\"https:\/\/nahuelproducciones.com.ar\/radioquijano\/wp-content\/uploads\/2022\/07\/cabeza-guateada1.jpg 720w, https:\/\/nahuelproducciones.com.ar\/radioquijano\/wp-content\/uploads\/2022\/07\/cabeza-guateada1-300x225.jpg 300w, https:\/\/nahuelproducciones.com.ar\/radioquijano\/wp-content\/uploads\/2022\/07\/cabeza-guateada1-150x113.jpg 150w\" sizes=\"auto, (max-width: 720px) 100vw, 720px\" \/><\/figure><\/div>\n\n\n\n<div class=\"wp-block-image\"><figure class=\"aligncenter size-large is-resized\"><img loading=\"lazy\" decoding=\"async\" src=\"https:\/\/nahuelproducciones.com.ar\/radioquijano\/wp-content\/uploads\/2022\/07\/WhatsApp-Image-2022-07-11-at-10.28.15-PM-723x1024.jpeg\" alt=\"\" class=\"wp-image-3073\" width=\"630\" height=\"892\"\/><\/figure><\/div>\n\n\n\n<figure class=\"wp-block-audio\"><audio controls src=\"https:\/\/nahuelproducciones.com.ar\/radioquijano\/wp-content\/uploads\/2022\/07\/13-07-2022-maria-santos-invita-a-cabeza-guateada.mp3\"><\/audio><figcaption>Mar\u00eda Santos Presidenta del Centro de Artesanos de Campo Quijano.<\/figcaption><\/figure>\n\n\n\n<p><a href=\"https:\/\/nahuelproducciones.com.ar\/index.php\/rq999\" target=\"_blank\" rel=\"noreferrer noopener\">#RQ99.9Mhz<\/a>\u00a0<a href=\"https:\/\/nahuelproducciones.com.ar\/\" target=\"_blank\" rel=\"noreferrer noopener\">#CAMPOQUIJANO<\/a>\u00a0<a href=\"http:\/\/nahuelproducciones.com.ar\/radioquijano\/\" target=\"_blank\" rel=\"noreferrer noopener\">#RadioQuijano<\/a><\/p>\n\n\n\n<p><\/p>\n","protected":false},"excerpt":{"rendered":"<p>Los vecinos se preparan para vivir una nueva edici\u00f3n del\u00a0Festival\u00a0de la Cabeza Guateada, con m\u00fasica,artistas en vivo y danzas t\u00edpicas con entrada libre y gratuita. Campo Quijano, el domingo 17 de julio desde las 12:00 hs, espera que todos puedan degustar en el lugar o llevar a domicilio la bandeja individual que contiene una porci\u00f3n [&hellip;]<\/p>\n","protected":false},"author":8,"featured_media":3073,"comment_status":"open","ping_status":"open","sticky":false,"template":"","format":"standard","meta":{"_monsterinsights_skip_tracking":false,"_monsterinsights_sitenote_active":false,"_monsterinsights_sitenote_note":"","_monsterinsights_sitenote_category":0,"footnotes":""},"categories":[16],"tags":[560,36,478,281],"class_list":["post-3069","post","type-post","status-publish","format-standard","has-post-thumbnail","hentry","category-noticias","tag-cabeza-guateada","tag-campo-quijano","tag-centro-de-artesanos-de-campo-quijano","tag-plaza-martin-fierro-2"],"yoast_head":"<!-- This site is optimized with the Yoast SEO plugin v20.8 - https:\/\/yoast.com\/wordpress\/plugins\/seo\/ -->\n<title>6\u00b0Festival de la Cabeza Guateada en Campo Quijano. - RQ 99.9<\/title>\n<meta name=\"description\" content=\"Se realizar\u00e1 el domingo 17 de julio en Plaza Mart\u00edn Fierro desde 12:00 hs.\" \/>\n<meta name=\"robots\" content=\"index, follow, max-snippet:-1, max-image-preview:large, max-video-preview:-1\" \/>\n<link rel=\"canonical\" href=\"https:\/\/nahuelproducciones.com.ar\/radioquijano\/6festival-de-la-cabeza-guateada-en-campo-quijano\/\" \/>\n<meta property=\"og:locale\" content=\"es_ES\" \/>\n<meta property=\"og:type\" content=\"article\" \/>\n<meta property=\"og:title\" content=\"6\u00b0Festival de la Cabeza Guateada en Campo Quijano. - RQ 99.9\" \/>\n<meta property=\"og:description\" content=\"Se realizar\u00e1 el domingo 17 de julio en Plaza Mart\u00edn Fierro desde 12:00 hs.\" \/>\n<meta property=\"og:url\" content=\"https:\/\/nahuelproducciones.com.ar\/radioquijano\/6festival-de-la-cabeza-guateada-en-campo-quijano\/\" \/>\n<meta property=\"og:site_name\" content=\"RQ 99.9\" \/>\n<meta property=\"article:publisher\" content=\"https:\/\/www.facebook.com\/nahuelproducciones999\/\" \/>\n<meta property=\"article:published_time\" content=\"2022-07-14T03:15:36+00:00\" \/>\n<meta property=\"article:modified_time\" content=\"2022-07-14T03:17:27+00:00\" \/>\n<meta property=\"og:image\" content=\"https:\/\/nahuelproducciones.com.ar\/radioquijano\/wp-content\/uploads\/2022\/07\/WhatsApp-Image-2022-07-11-at-10.28.15-PM-e1657768523533.jpeg\" \/>\n\t<meta property=\"og:image:width\" content=\"400\" \/>\n\t<meta property=\"og:image:height\" content=\"566\" \/>\n\t<meta property=\"og:image:type\" content=\"image\/jpeg\" \/>\n<meta name=\"author\" content=\"Cecilia Pastrana\" \/>\n<meta name=\"twitter:card\" content=\"summary_large_image\" \/>\n<meta name=\"twitter:creator\" content=\"@nahuproduciones\" \/>\n<meta name=\"twitter:site\" content=\"@nahuproduciones\" \/>\n<meta name=\"twitter:label1\" content=\"Escrito por\" \/>\n\t<meta name=\"twitter:data1\" content=\"Cecilia Pastrana\" \/>\n\t<meta name=\"twitter:label2\" content=\"Tiempo de lectura\" \/>\n\t<meta name=\"twitter:data2\" content=\"3 minutos\" \/>\n<script type=\"application\/ld+json\" class=\"yoast-schema-graph\">{\"@context\":\"https:\/\/schema.org\",\"@graph\":[{\"@type\":\"WebPage\",\"@id\":\"https:\/\/nahuelproducciones.com.ar\/radioquijano\/6festival-de-la-cabeza-guateada-en-campo-quijano\/\",\"url\":\"https:\/\/nahuelproducciones.com.ar\/radioquijano\/6festival-de-la-cabeza-guateada-en-campo-quijano\/\",\"name\":\"6\u00b0Festival de la Cabeza Guateada en Campo Quijano. - RQ 99.9\",\"isPartOf\":{\"@id\":\"https:\/\/nahuelproducciones.com.ar\/radioquijano\/#website\"},\"datePublished\":\"2022-07-14T03:15:36+00:00\",\"dateModified\":\"2022-07-14T03:17:27+00:00\",\"author\":{\"@id\":\"https:\/\/nahuelproducciones.com.ar\/radioquijano\/#\/schema\/person\/e8a4f939e2cb487fe6d0c54042c9d32c\"},\"description\":\"Se realizar\u00e1 el domingo 17 de julio en Plaza Mart\u00edn Fierro desde 12:00 hs.\",\"breadcrumb\":{\"@id\":\"https:\/\/nahuelproducciones.com.ar\/radioquijano\/6festival-de-la-cabeza-guateada-en-campo-quijano\/#breadcrumb\"},\"inLanguage\":\"es\",\"potentialAction\":[{\"@type\":\"ReadAction\",\"target\":[\"https:\/\/nahuelproducciones.com.ar\/radioquijano\/6festival-de-la-cabeza-guateada-en-campo-quijano\/\"]}]},{\"@type\":\"BreadcrumbList\",\"@id\":\"https:\/\/nahuelproducciones.com.ar\/radioquijano\/6festival-de-la-cabeza-guateada-en-campo-quijano\/#breadcrumb\",\"itemListElement\":[{\"@type\":\"ListItem\",\"position\":1,\"name\":\"Portada\",\"item\":\"https:\/\/nahuelproducciones.com.ar\/radioquijano\/\"},{\"@type\":\"ListItem\",\"position\":2,\"name\":\"6\u00b0Festival de la Cabeza Guateada en Campo Quijano.\"}]},{\"@type\":\"WebSite\",\"@id\":\"https:\/\/nahuelproducciones.com.ar\/radioquijano\/#website\",\"url\":\"https:\/\/nahuelproducciones.com.ar\/radioquijano\/\",\"name\":\"RQ 99.9\",\"description\":\"Radio Quijano 99.9 MHz\",\"potentialAction\":[{\"@type\":\"SearchAction\",\"target\":{\"@type\":\"EntryPoint\",\"urlTemplate\":\"https:\/\/nahuelproducciones.com.ar\/radioquijano\/?s={search_term_string}\"},\"query-input\":\"required name=search_term_string\"}],\"inLanguage\":\"es\"},{\"@type\":\"Person\",\"@id\":\"https:\/\/nahuelproducciones.com.ar\/radioquijano\/#\/schema\/person\/e8a4f939e2cb487fe6d0c54042c9d32c\",\"name\":\"Cecilia Pastrana\",\"image\":{\"@type\":\"ImageObject\",\"inLanguage\":\"es\",\"@id\":\"https:\/\/nahuelproducciones.com.ar\/radioquijano\/#\/schema\/person\/image\/\",\"url\":\"https:\/\/secure.gravatar.com\/avatar\/661a3ef63a8488d4f2794ed44af8cf71420f7e106f3072c40125114df5157749?s=96&d=mm&r=g\",\"contentUrl\":\"https:\/\/secure.gravatar.com\/avatar\/661a3ef63a8488d4f2794ed44af8cf71420f7e106f3072c40125114df5157749?s=96&d=mm&r=g\",\"caption\":\"Cecilia Pastrana\"},\"sameAs\":[\"cecy\"],\"url\":\"https:\/\/nahuelproducciones.com.ar\/radioquijano\/author\/cecy\/\"}]}<\/script>\n<!-- \/ Yoast SEO plugin. -->","yoast_head_json":{"title":"6\u00b0Festival de la Cabeza Guateada en Campo Quijano. - RQ 99.9","description":"Se realizar\u00e1 el domingo 17 de julio en Plaza Mart\u00edn Fierro desde 12:00 hs.","robots":{"index":"index","follow":"follow","max-snippet":"max-snippet:-1","max-image-preview":"max-image-preview:large","max-video-preview":"max-video-preview:-1"},"canonical":"https:\/\/nahuelproducciones.com.ar\/radioquijano\/6festival-de-la-cabeza-guateada-en-campo-quijano\/","og_locale":"es_ES","og_type":"article","og_title":"6\u00b0Festival de la Cabeza Guateada en Campo Quijano. - RQ 99.9","og_description":"Se realizar\u00e1 el domingo 17 de julio en Plaza Mart\u00edn Fierro desde 12:00 hs.","og_url":"https:\/\/nahuelproducciones.com.ar\/radioquijano\/6festival-de-la-cabeza-guateada-en-campo-quijano\/","og_site_name":"RQ 99.9","article_publisher":"https:\/\/www.facebook.com\/nahuelproducciones999\/","article_published_time":"2022-07-14T03:15:36+00:00","article_modified_time":"2022-07-14T03:17:27+00:00","og_image":[{"width":400,"height":566,"url":"https:\/\/nahuelproducciones.com.ar\/radioquijano\/wp-content\/uploads\/2022\/07\/WhatsApp-Image-2022-07-11-at-10.28.15-PM-e1657768523533.jpeg","type":"image\/jpeg"}],"author":"Cecilia Pastrana","twitter_card":"summary_large_image","twitter_creator":"@nahuproduciones","twitter_site":"@nahuproduciones","twitter_misc":{"Escrito por":"Cecilia Pastrana","Tiempo de lectura":"3 minutos"},"schema":{"@context":"https:\/\/schema.org","@graph":[{"@type":"WebPage","@id":"https:\/\/nahuelproducciones.com.ar\/radioquijano\/6festival-de-la-cabeza-guateada-en-campo-quijano\/","url":"https:\/\/nahuelproducciones.com.ar\/radioquijano\/6festival-de-la-cabeza-guateada-en-campo-quijano\/","name":"6\u00b0Festival de la Cabeza Guateada en Campo Quijano. - RQ 99.9","isPartOf":{"@id":"https:\/\/nahuelproducciones.com.ar\/radioquijano\/#website"},"datePublished":"2022-07-14T03:15:36+00:00","dateModified":"2022-07-14T03:17:27+00:00","author":{"@id":"https:\/\/nahuelproducciones.com.ar\/radioquijano\/#\/schema\/person\/e8a4f939e2cb487fe6d0c54042c9d32c"},"description":"Se realizar\u00e1 el domingo 17 de julio en Plaza Mart\u00edn Fierro desde 12:00 hs.","breadcrumb":{"@id":"https:\/\/nahuelproducciones.com.ar\/radioquijano\/6festival-de-la-cabeza-guateada-en-campo-quijano\/#breadcrumb"},"inLanguage":"es","potentialAction":[{"@type":"ReadAction","target":["https:\/\/nahuelproducciones.com.ar\/radioquijano\/6festival-de-la-cabeza-guateada-en-campo-quijano\/"]}]},{"@type":"BreadcrumbList","@id":"https:\/\/nahuelproducciones.com.ar\/radioquijano\/6festival-de-la-cabeza-guateada-en-campo-quijano\/#breadcrumb","itemListElement":[{"@type":"ListItem","position":1,"name":"Portada","item":"https:\/\/nahuelproducciones.com.ar\/radioquijano\/"},{"@type":"ListItem","position":2,"name":"6\u00b0Festival de la Cabeza Guateada en Campo Quijano."}]},{"@type":"WebSite","@id":"https:\/\/nahuelproducciones.com.ar\/radioquijano\/#website","url":"https:\/\/nahuelproducciones.com.ar\/radioquijano\/","name":"RQ 99.9","description":"Radio Quijano 99.9 MHz","potentialAction":[{"@type":"SearchAction","target":{"@type":"EntryPoint","urlTemplate":"https:\/\/nahuelproducciones.com.ar\/radioquijano\/?s={search_term_string}"},"query-input":"required name=search_term_string"}],"inLanguage":"es"},{"@type":"Person","@id":"https:\/\/nahuelproducciones.com.ar\/radioquijano\/#\/schema\/person\/e8a4f939e2cb487fe6d0c54042c9d32c","name":"Cecilia Pastrana","image":{"@type":"ImageObject","inLanguage":"es","@id":"https:\/\/nahuelproducciones.com.ar\/radioquijano\/#\/schema\/person\/image\/","url":"https:\/\/secure.gravatar.com\/avatar\/661a3ef63a8488d4f2794ed44af8cf71420f7e106f3072c40125114df5157749?s=96&d=mm&r=g","contentUrl":"https:\/\/secure.gravatar.com\/avatar\/661a3ef63a8488d4f2794ed44af8cf71420f7e106f3072c40125114df5157749?s=96&d=mm&r=g","caption":"Cecilia Pastrana"},"sameAs":["cecy"],"url":"https:\/\/nahuelproducciones.com.ar\/radioquijano\/author\/cecy\/"}]}},"_links":{"self":[{"href":"https:\/\/nahuelproducciones.com.ar\/radioquijano\/wp-json\/wp\/v2\/posts\/3069","targetHints":{"allow":["GET"]}}],"collection":[{"href":"https:\/\/nahuelproducciones.com.ar\/radioquijano\/wp-json\/wp\/v2\/posts"}],"about":[{"href":"https:\/\/nahuelproducciones.com.ar\/radioquijano\/wp-json\/wp\/v2\/types\/post"}],"author":[{"embeddable":true,"href":"https:\/\/nahuelproducciones.com.ar\/radioquijano\/wp-json\/wp\/v2\/users\/8"}],"replies":[{"embeddable":true,"href":"https:\/\/nahuelproducciones.com.ar\/radioquijano\/wp-json\/wp\/v2\/comments?post=3069"}],"version-history":[{"count":2,"href":"https:\/\/nahuelproducciones.com.ar\/radioquijano\/wp-json\/wp\/v2\/posts\/3069\/revisions"}],"predecessor-version":[{"id":3077,"href":"https:\/\/nahuelproducciones.com.ar\/radioquijano\/wp-json\/wp\/v2\/posts\/3069\/revisions\/3077"}],"wp:featuredmedia":[{"embeddable":true,"href":"https:\/\/nahuelproducciones.com.ar\/radioquijano\/wp-json\/wp\/v2\/media\/3073"}],"wp:attachment":[{"href":"https:\/\/nahuelproducciones.com.ar\/radioquijano\/wp-json\/wp\/v2\/media?parent=3069"}],"wp:term":[{"taxonomy":"category","embeddable":true,"href":"https:\/\/nahuelproducciones.com.ar\/radioquijano\/wp-json\/wp\/v2\/categories?post=3069"},{"taxonomy":"post_tag","embeddable":true,"href":"https:\/\/nahuelproducciones.com.ar\/radioquijano\/wp-json\/wp\/v2\/tags?post=3069"}],"curies":[{"name":"wp","href":"https:\/\/api.w.org\/{rel}","templated":true}]}}