{"id":3078,"date":"2022-07-14T00:52:27","date_gmt":"2022-07-14T03:52:27","guid":{"rendered":"https:\/\/nahuelproducciones.com.ar\/radioquijano\/?p=3078"},"modified":"2022-07-14T00:59:51","modified_gmt":"2022-07-14T03:59:51","slug":"caravana-en-honor-a-santiago-apostol-y-programa-de-actividades","status":"publish","type":"post","link":"https:\/\/nahuelproducciones.com.ar\/radioquijano\/caravana-en-honor-a-santiago-apostol-y-programa-de-actividades\/","title":{"rendered":"Caravana en honor a Santiago Ap\u00f3stol y programa de actividades."},"content":{"rendered":"\n<p>Bajo el lema\u00a0\u00a1Sal de tu tierra! \u00a1El Ap\u00f3stol Santiago te espera!, se inician los homenajes al Santo Patrono.<\/p>\n\n\n\n<p><strong>La fiesta Patronal en honor a Santiago Ap\u00f3stol, Patrono de la Parroquia,se realiza anualmente en Campo Quijano, departamento Rosario de Lerma. Su nombre significa \u201cProtegido de Dios\u201d es patrono de Espa\u00f1a y de la Caballer\u00eda.<\/strong><\/p>\n\n\n\n<p>El programa de las Fiestas Patronales ya est\u00e1 confirmado y el  s\u00e1bado 16 de Julio a hs 15:30, saldr\u00e1 en procesi\u00f3n  todo el pueblo de Campo Quijano junto a Santiago Ap\u00f3stol a Caballo.<\/p>\n\n\n\n<p>A 15:00hs del s\u00e1bado 16 se har\u00e1 la concentraci\u00f3n en la Parroquia y a las 15:30 saldr\u00e1 la im\u00e1gen para recorrer algunas  calles del pueblo.<\/p>\n\n\n\n<p>La novena comienza el viernes 22 al 30 de julio y se invita a participar a todas las instituciones.<\/p>\n\n\n\n<p>El mes de julio se  manifestaci\u00f3n una gran demostraci\u00f3n de fe,  los vecinos de la zona llegan con misachicos y con el cari\u00f1o de siempre a agradecer y a pedir bendiciones.<\/p>\n\n\n\n<p>La procesi\u00f3n se realizar\u00e1 el 31 de julio recorriendo tambi\u00e9n las calles del Pueblo. Una vez terminadas las actividades ese mismo d\u00eda, desde el balc\u00f3n de la iglesia se asoma Santiago Ap\u00f3stol  y bendice desde lo alto a todos los que llegaron a su encuentro.<\/p>\n\n\n\n<figure class=\"wp-block-gallery columns-3 is-cropped wp-block-gallery-1 is-layout-flex wp-block-gallery-is-layout-flex\"><ul class=\"blocks-gallery-grid\"><li class=\"blocks-gallery-item\"><figure><img loading=\"lazy\" decoding=\"async\" width=\"1024\" height=\"1024\" src=\"https:\/\/nahuelproducciones.com.ar\/radioquijano\/wp-content\/uploads\/2022\/07\/santiago-apostol-programa3-1024x1024.jpg\" alt=\"\" data-id=\"3080\" data-full-url=\"https:\/\/nahuelproducciones.com.ar\/radioquijano\/wp-content\/uploads\/2022\/07\/santiago-apostol-programa3.jpg\" data-link=\"https:\/\/nahuelproducciones.com.ar\/radioquijano\/?attachment_id=3080\" class=\"wp-image-3080\" srcset=\"https:\/\/nahuelproducciones.com.ar\/radioquijano\/wp-content\/uploads\/2022\/07\/santiago-apostol-programa3-1024x1024.jpg 1024w, https:\/\/nahuelproducciones.com.ar\/radioquijano\/wp-content\/uploads\/2022\/07\/santiago-apostol-programa3-300x300.jpg 300w, https:\/\/nahuelproducciones.com.ar\/radioquijano\/wp-content\/uploads\/2022\/07\/santiago-apostol-programa3-768x768.jpg 768w, https:\/\/nahuelproducciones.com.ar\/radioquijano\/wp-content\/uploads\/2022\/07\/santiago-apostol-programa3-1536x1536.jpg 1536w, https:\/\/nahuelproducciones.com.ar\/radioquijano\/wp-content\/uploads\/2022\/07\/santiago-apostol-programa3-96x96.jpg 96w, https:\/\/nahuelproducciones.com.ar\/radioquijano\/wp-content\/uploads\/2022\/07\/santiago-apostol-programa3-150x150.jpg 150w, https:\/\/nahuelproducciones.com.ar\/radioquijano\/wp-content\/uploads\/2022\/07\/santiago-apostol-programa3.jpg 1920w\" sizes=\"auto, (max-width: 1024px) 100vw, 1024px\" \/><\/figure><\/li><li class=\"blocks-gallery-item\"><figure><img loading=\"lazy\" decoding=\"async\" width=\"1024\" height=\"533\" src=\"https:\/\/nahuelproducciones.com.ar\/radioquijano\/wp-content\/uploads\/2022\/07\/santiago-apostol-programa4-1024x533.jpg\" alt=\"\" data-id=\"3081\" data-full-url=\"https:\/\/nahuelproducciones.com.ar\/radioquijano\/wp-content\/uploads\/2022\/07\/santiago-apostol-programa4.jpg\" data-link=\"https:\/\/nahuelproducciones.com.ar\/radioquijano\/?attachment_id=3081\" class=\"wp-image-3081\" srcset=\"https:\/\/nahuelproducciones.com.ar\/radioquijano\/wp-content\/uploads\/2022\/07\/santiago-apostol-programa4-1024x533.jpg 1024w, https:\/\/nahuelproducciones.com.ar\/radioquijano\/wp-content\/uploads\/2022\/07\/santiago-apostol-programa4-300x156.jpg 300w, https:\/\/nahuelproducciones.com.ar\/radioquijano\/wp-content\/uploads\/2022\/07\/santiago-apostol-programa4-768x399.jpg 768w, https:\/\/nahuelproducciones.com.ar\/radioquijano\/wp-content\/uploads\/2022\/07\/santiago-apostol-programa4-1536x799.jpg 1536w, https:\/\/nahuelproducciones.com.ar\/radioquijano\/wp-content\/uploads\/2022\/07\/santiago-apostol-programa4-150x78.jpg 150w, https:\/\/nahuelproducciones.com.ar\/radioquijano\/wp-content\/uploads\/2022\/07\/santiago-apostol-programa4.jpg 2048w\" sizes=\"auto, (max-width: 1024px) 100vw, 1024px\" \/><\/figure><\/li><li class=\"blocks-gallery-item\"><figure><img loading=\"lazy\" decoding=\"async\" width=\"658\" height=\"968\" src=\"https:\/\/nahuelproducciones.com.ar\/radioquijano\/wp-content\/uploads\/2022\/07\/santiago-apostol-1.jpg\" alt=\"\" data-id=\"3082\" data-full-url=\"https:\/\/nahuelproducciones.com.ar\/radioquijano\/wp-content\/uploads\/2022\/07\/santiago-apostol-1.jpg\" data-link=\"https:\/\/nahuelproducciones.com.ar\/radioquijano\/?attachment_id=3082\" class=\"wp-image-3082\" srcset=\"https:\/\/nahuelproducciones.com.ar\/radioquijano\/wp-content\/uploads\/2022\/07\/santiago-apostol-1.jpg 658w, https:\/\/nahuelproducciones.com.ar\/radioquijano\/wp-content\/uploads\/2022\/07\/santiago-apostol-1-204x300.jpg 204w, https:\/\/nahuelproducciones.com.ar\/radioquijano\/wp-content\/uploads\/2022\/07\/santiago-apostol-1-150x221.jpg 150w\" sizes=\"auto, (max-width: 658px) 100vw, 658px\" \/><\/figure><\/li><li class=\"blocks-gallery-item\"><figure><img loading=\"lazy\" decoding=\"async\" width=\"1024\" height=\"792\" src=\"https:\/\/nahuelproducciones.com.ar\/radioquijano\/wp-content\/uploads\/2022\/07\/santiago-apostol-programa1-1024x792.jpg\" alt=\"\" data-id=\"3083\" data-full-url=\"https:\/\/nahuelproducciones.com.ar\/radioquijano\/wp-content\/uploads\/2022\/07\/santiago-apostol-programa1.jpg\" data-link=\"https:\/\/nahuelproducciones.com.ar\/radioquijano\/?attachment_id=3083\" class=\"wp-image-3083\" srcset=\"https:\/\/nahuelproducciones.com.ar\/radioquijano\/wp-content\/uploads\/2022\/07\/santiago-apostol-programa1-1024x792.jpg 1024w, https:\/\/nahuelproducciones.com.ar\/radioquijano\/wp-content\/uploads\/2022\/07\/santiago-apostol-programa1-300x232.jpg 300w, https:\/\/nahuelproducciones.com.ar\/radioquijano\/wp-content\/uploads\/2022\/07\/santiago-apostol-programa1-768x594.jpg 768w, https:\/\/nahuelproducciones.com.ar\/radioquijano\/wp-content\/uploads\/2022\/07\/santiago-apostol-programa1-1536x1187.jpg 1536w, https:\/\/nahuelproducciones.com.ar\/radioquijano\/wp-content\/uploads\/2022\/07\/santiago-apostol-programa1-150x116.jpg 150w, https:\/\/nahuelproducciones.com.ar\/radioquijano\/wp-content\/uploads\/2022\/07\/santiago-apostol-programa1.jpg 2048w\" sizes=\"auto, (max-width: 1024px) 100vw, 1024px\" \/><\/figure><\/li><li class=\"blocks-gallery-item\"><figure><img loading=\"lazy\" decoding=\"async\" width=\"1024\" height=\"791\" src=\"https:\/\/nahuelproducciones.com.ar\/radioquijano\/wp-content\/uploads\/2022\/07\/santiago-apostol-programa2-1024x791.jpg\" alt=\"\" data-id=\"3084\" data-full-url=\"https:\/\/nahuelproducciones.com.ar\/radioquijano\/wp-content\/uploads\/2022\/07\/santiago-apostol-programa2.jpg\" data-link=\"https:\/\/nahuelproducciones.com.ar\/radioquijano\/?attachment_id=3084\" class=\"wp-image-3084\" srcset=\"https:\/\/nahuelproducciones.com.ar\/radioquijano\/wp-content\/uploads\/2022\/07\/santiago-apostol-programa2-1024x791.jpg 1024w, https:\/\/nahuelproducciones.com.ar\/radioquijano\/wp-content\/uploads\/2022\/07\/santiago-apostol-programa2-300x232.jpg 300w, https:\/\/nahuelproducciones.com.ar\/radioquijano\/wp-content\/uploads\/2022\/07\/santiago-apostol-programa2-768x593.jpg 768w, https:\/\/nahuelproducciones.com.ar\/radioquijano\/wp-content\/uploads\/2022\/07\/santiago-apostol-programa2-1536x1187.jpg 1536w, https:\/\/nahuelproducciones.com.ar\/radioquijano\/wp-content\/uploads\/2022\/07\/santiago-apostol-programa2-150x116.jpg 150w, https:\/\/nahuelproducciones.com.ar\/radioquijano\/wp-content\/uploads\/2022\/07\/santiago-apostol-programa2.jpg 2048w\" sizes=\"auto, (max-width: 1024px) 100vw, 1024px\" \/><\/figure><\/li><\/ul><figcaption class=\"blocks-gallery-caption\"><a href=\"https:\/\/nahuelproducciones.com.ar\/index.php\/rq999\" target=\"_blank\" rel=\"noreferrer noopener\">#RQ99.9Mhz<\/a>\u00a0<a href=\"https:\/\/nahuelproducciones.com.ar\/\" target=\"_blank\" rel=\"noreferrer noopener\">#CAMPOQUIJANO<\/a>\u00a0<a href=\"http:\/\/nahuelproducciones.com.ar\/radioquijano\/\" target=\"_blank\" rel=\"noreferrer noopener\">#RadioQuijano<\/a><\/figcaption><\/figure>\n","protected":false},"excerpt":{"rendered":"<p>Bajo el lema\u00a0\u00a1Sal de tu tierra! \u00a1El Ap\u00f3stol Santiago te espera!, se inician los homenajes al Santo Patrono. La fiesta Patronal en honor a Santiago Ap\u00f3stol, Patrono de la Parroquia,se realiza anualmente en Campo Quijano, departamento Rosario de Lerma. Su nombre significa \u201cProtegido de Dios\u201d es patrono de Espa\u00f1a y de la Caballer\u00eda. El programa [&hellip;]<\/p>\n","protected":false},"author":8,"featured_media":3086,"comment_status":"open","ping_status":"open","sticky":false,"template":"","format":"standard","meta":{"_monsterinsights_skip_tracking":false,"_monsterinsights_sitenote_active":false,"_monsterinsights_sitenote_note":"","_monsterinsights_sitenote_category":0,"footnotes":""},"categories":[16],"tags":[36,564,563,562],"class_list":["post-3078","post","type-post","status-publish","format-standard","has-post-thumbnail","hentry","category-noticias","tag-campo-quijano","tag-caravana-en-honor-a-santiago-apostol","tag-programa-de-actividades","tag-santiago-apostol-a-caballo"],"yoast_head":"<!-- This site is optimized with the Yoast SEO plugin v20.8 - https:\/\/yoast.com\/wordpress\/plugins\/seo\/ -->\n<title>Caravana en honor a Santiago Ap\u00f3stol y programa de actividades. - RQ 99.9<\/title>\n<meta name=\"description\" content=\"El s\u00e1bado 16 de Julio a hs 15:30, saldr\u00e1 en procesi\u00f3n todo el pueblo de Campo Quijano junto a Santiago Ap\u00f3stol a Caballo.\" \/>\n<meta name=\"robots\" content=\"index, follow, max-snippet:-1, max-image-preview:large, max-video-preview:-1\" \/>\n<link rel=\"canonical\" href=\"https:\/\/nahuelproducciones.com.ar\/radioquijano\/caravana-en-honor-a-santiago-apostol-y-programa-de-actividades\/\" \/>\n<meta property=\"og:locale\" content=\"es_ES\" \/>\n<meta property=\"og:type\" content=\"article\" \/>\n<meta property=\"og:title\" content=\"Caravana en honor a Santiago Ap\u00f3stol y programa de actividades. - RQ 99.9\" \/>\n<meta property=\"og:description\" content=\"El s\u00e1bado 16 de Julio a hs 15:30, saldr\u00e1 en procesi\u00f3n todo el pueblo de Campo Quijano junto a Santiago Ap\u00f3stol a Caballo.\" \/>\n<meta property=\"og:url\" content=\"https:\/\/nahuelproducciones.com.ar\/radioquijano\/caravana-en-honor-a-santiago-apostol-y-programa-de-actividades\/\" \/>\n<meta property=\"og:site_name\" content=\"RQ 99.9\" \/>\n<meta property=\"article:publisher\" content=\"https:\/\/www.facebook.com\/nahuelproducciones999\/\" \/>\n<meta property=\"article:published_time\" content=\"2022-07-14T03:52:27+00:00\" \/>\n<meta property=\"article:modified_time\" content=\"2022-07-14T03:59:51+00:00\" \/>\n<meta property=\"og:image\" content=\"https:\/\/nahuelproducciones.com.ar\/radioquijano\/wp-content\/uploads\/2022\/07\/santiago-apostol-2.jpg\" \/>\n\t<meta property=\"og:image:width\" content=\"658\" \/>\n\t<meta property=\"og:image:height\" content=\"400\" \/>\n\t<meta property=\"og:image:type\" content=\"image\/jpeg\" \/>\n<meta name=\"author\" content=\"Cecilia Pastrana\" \/>\n<meta name=\"twitter:card\" content=\"summary_large_image\" \/>\n<meta name=\"twitter:creator\" content=\"@nahuproduciones\" \/>\n<meta name=\"twitter:site\" content=\"@nahuproduciones\" \/>\n<meta name=\"twitter:label1\" content=\"Escrito por\" \/>\n\t<meta name=\"twitter:data1\" content=\"Cecilia Pastrana\" \/>\n\t<meta name=\"twitter:label2\" content=\"Tiempo de lectura\" \/>\n\t<meta name=\"twitter:data2\" content=\"2 minutos\" \/>\n<script type=\"application\/ld+json\" class=\"yoast-schema-graph\">{\"@context\":\"https:\/\/schema.org\",\"@graph\":[{\"@type\":\"WebPage\",\"@id\":\"https:\/\/nahuelproducciones.com.ar\/radioquijano\/caravana-en-honor-a-santiago-apostol-y-programa-de-actividades\/\",\"url\":\"https:\/\/nahuelproducciones.com.ar\/radioquijano\/caravana-en-honor-a-santiago-apostol-y-programa-de-actividades\/\",\"name\":\"Caravana en honor a Santiago Ap\u00f3stol y programa de actividades. - RQ 99.9\",\"isPartOf\":{\"@id\":\"https:\/\/nahuelproducciones.com.ar\/radioquijano\/#website\"},\"datePublished\":\"2022-07-14T03:52:27+00:00\",\"dateModified\":\"2022-07-14T03:59:51+00:00\",\"author\":{\"@id\":\"https:\/\/nahuelproducciones.com.ar\/radioquijano\/#\/schema\/person\/e8a4f939e2cb487fe6d0c54042c9d32c\"},\"description\":\"El s\u00e1bado 16 de Julio a hs 15:30, saldr\u00e1 en procesi\u00f3n todo el pueblo de Campo Quijano junto a Santiago Ap\u00f3stol a Caballo.\",\"breadcrumb\":{\"@id\":\"https:\/\/nahuelproducciones.com.ar\/radioquijano\/caravana-en-honor-a-santiago-apostol-y-programa-de-actividades\/#breadcrumb\"},\"inLanguage\":\"es\",\"potentialAction\":[{\"@type\":\"ReadAction\",\"target\":[\"https:\/\/nahuelproducciones.com.ar\/radioquijano\/caravana-en-honor-a-santiago-apostol-y-programa-de-actividades\/\"]}]},{\"@type\":\"BreadcrumbList\",\"@id\":\"https:\/\/nahuelproducciones.com.ar\/radioquijano\/caravana-en-honor-a-santiago-apostol-y-programa-de-actividades\/#breadcrumb\",\"itemListElement\":[{\"@type\":\"ListItem\",\"position\":1,\"name\":\"Portada\",\"item\":\"https:\/\/nahuelproducciones.com.ar\/radioquijano\/\"},{\"@type\":\"ListItem\",\"position\":2,\"name\":\"Caravana en honor a Santiago Ap\u00f3stol y programa de actividades.\"}]},{\"@type\":\"WebSite\",\"@id\":\"https:\/\/nahuelproducciones.com.ar\/radioquijano\/#website\",\"url\":\"https:\/\/nahuelproducciones.com.ar\/radioquijano\/\",\"name\":\"RQ 99.9\",\"description\":\"Radio Quijano 99.9 MHz\",\"potentialAction\":[{\"@type\":\"SearchAction\",\"target\":{\"@type\":\"EntryPoint\",\"urlTemplate\":\"https:\/\/nahuelproducciones.com.ar\/radioquijano\/?s={search_term_string}\"},\"query-input\":\"required name=search_term_string\"}],\"inLanguage\":\"es\"},{\"@type\":\"Person\",\"@id\":\"https:\/\/nahuelproducciones.com.ar\/radioquijano\/#\/schema\/person\/e8a4f939e2cb487fe6d0c54042c9d32c\",\"name\":\"Cecilia Pastrana\",\"image\":{\"@type\":\"ImageObject\",\"inLanguage\":\"es\",\"@id\":\"https:\/\/nahuelproducciones.com.ar\/radioquijano\/#\/schema\/person\/image\/\",\"url\":\"https:\/\/secure.gravatar.com\/avatar\/661a3ef63a8488d4f2794ed44af8cf71420f7e106f3072c40125114df5157749?s=96&d=mm&r=g\",\"contentUrl\":\"https:\/\/secure.gravatar.com\/avatar\/661a3ef63a8488d4f2794ed44af8cf71420f7e106f3072c40125114df5157749?s=96&d=mm&r=g\",\"caption\":\"Cecilia Pastrana\"},\"sameAs\":[\"cecy\"],\"url\":\"https:\/\/nahuelproducciones.com.ar\/radioquijano\/author\/cecy\/\"}]}<\/script>\n<!-- \/ Yoast SEO plugin. -->","yoast_head_json":{"title":"Caravana en honor a Santiago Ap\u00f3stol y programa de actividades. - RQ 99.9","description":"El s\u00e1bado 16 de Julio a hs 15:30, saldr\u00e1 en procesi\u00f3n todo el pueblo de Campo Quijano junto a Santiago Ap\u00f3stol a Caballo.","robots":{"index":"index","follow":"follow","max-snippet":"max-snippet:-1","max-image-preview":"max-image-preview:large","max-video-preview":"max-video-preview:-1"},"canonical":"https:\/\/nahuelproducciones.com.ar\/radioquijano\/caravana-en-honor-a-santiago-apostol-y-programa-de-actividades\/","og_locale":"es_ES","og_type":"article","og_title":"Caravana en honor a Santiago Ap\u00f3stol y programa de actividades. - RQ 99.9","og_description":"El s\u00e1bado 16 de Julio a hs 15:30, saldr\u00e1 en procesi\u00f3n todo el pueblo de Campo Quijano junto a Santiago Ap\u00f3stol a Caballo.","og_url":"https:\/\/nahuelproducciones.com.ar\/radioquijano\/caravana-en-honor-a-santiago-apostol-y-programa-de-actividades\/","og_site_name":"RQ 99.9","article_publisher":"https:\/\/www.facebook.com\/nahuelproducciones999\/","article_published_time":"2022-07-14T03:52:27+00:00","article_modified_time":"2022-07-14T03:59:51+00:00","og_image":[{"width":658,"height":400,"url":"https:\/\/nahuelproducciones.com.ar\/radioquijano\/wp-content\/uploads\/2022\/07\/santiago-apostol-2.jpg","type":"image\/jpeg"}],"author":"Cecilia Pastrana","twitter_card":"summary_large_image","twitter_creator":"@nahuproduciones","twitter_site":"@nahuproduciones","twitter_misc":{"Escrito por":"Cecilia Pastrana","Tiempo de lectura":"2 minutos"},"schema":{"@context":"https:\/\/schema.org","@graph":[{"@type":"WebPage","@id":"https:\/\/nahuelproducciones.com.ar\/radioquijano\/caravana-en-honor-a-santiago-apostol-y-programa-de-actividades\/","url":"https:\/\/nahuelproducciones.com.ar\/radioquijano\/caravana-en-honor-a-santiago-apostol-y-programa-de-actividades\/","name":"Caravana en honor a Santiago Ap\u00f3stol y programa de actividades. - RQ 99.9","isPartOf":{"@id":"https:\/\/nahuelproducciones.com.ar\/radioquijano\/#website"},"datePublished":"2022-07-14T03:52:27+00:00","dateModified":"2022-07-14T03:59:51+00:00","author":{"@id":"https:\/\/nahuelproducciones.com.ar\/radioquijano\/#\/schema\/person\/e8a4f939e2cb487fe6d0c54042c9d32c"},"description":"El s\u00e1bado 16 de Julio a hs 15:30, saldr\u00e1 en procesi\u00f3n todo el pueblo de Campo Quijano junto a Santiago Ap\u00f3stol a Caballo.","breadcrumb":{"@id":"https:\/\/nahuelproducciones.com.ar\/radioquijano\/caravana-en-honor-a-santiago-apostol-y-programa-de-actividades\/#breadcrumb"},"inLanguage":"es","potentialAction":[{"@type":"ReadAction","target":["https:\/\/nahuelproducciones.com.ar\/radioquijano\/caravana-en-honor-a-santiago-apostol-y-programa-de-actividades\/"]}]},{"@type":"BreadcrumbList","@id":"https:\/\/nahuelproducciones.com.ar\/radioquijano\/caravana-en-honor-a-santiago-apostol-y-programa-de-actividades\/#breadcrumb","itemListElement":[{"@type":"ListItem","position":1,"name":"Portada","item":"https:\/\/nahuelproducciones.com.ar\/radioquijano\/"},{"@type":"ListItem","position":2,"name":"Caravana en honor a Santiago Ap\u00f3stol y programa de actividades."}]},{"@type":"WebSite","@id":"https:\/\/nahuelproducciones.com.ar\/radioquijano\/#website","url":"https:\/\/nahuelproducciones.com.ar\/radioquijano\/","name":"RQ 99.9","description":"Radio Quijano 99.9 MHz","potentialAction":[{"@type":"SearchAction","target":{"@type":"EntryPoint","urlTemplate":"https:\/\/nahuelproducciones.com.ar\/radioquijano\/?s={search_term_string}"},"query-input":"required name=search_term_string"}],"inLanguage":"es"},{"@type":"Person","@id":"https:\/\/nahuelproducciones.com.ar\/radioquijano\/#\/schema\/person\/e8a4f939e2cb487fe6d0c54042c9d32c","name":"Cecilia Pastrana","image":{"@type":"ImageObject","inLanguage":"es","@id":"https:\/\/nahuelproducciones.com.ar\/radioquijano\/#\/schema\/person\/image\/","url":"https:\/\/secure.gravatar.com\/avatar\/661a3ef63a8488d4f2794ed44af8cf71420f7e106f3072c40125114df5157749?s=96&d=mm&r=g","contentUrl":"https:\/\/secure.gravatar.com\/avatar\/661a3ef63a8488d4f2794ed44af8cf71420f7e106f3072c40125114df5157749?s=96&d=mm&r=g","caption":"Cecilia Pastrana"},"sameAs":["cecy"],"url":"https:\/\/nahuelproducciones.com.ar\/radioquijano\/author\/cecy\/"}]}},"_links":{"self":[{"href":"https:\/\/nahuelproducciones.com.ar\/radioquijano\/wp-json\/wp\/v2\/posts\/3078","targetHints":{"allow":["GET"]}}],"collection":[{"href":"https:\/\/nahuelproducciones.com.ar\/radioquijano\/wp-json\/wp\/v2\/posts"}],"about":[{"href":"https:\/\/nahuelproducciones.com.ar\/radioquijano\/wp-json\/wp\/v2\/types\/post"}],"author":[{"embeddable":true,"href":"https:\/\/nahuelproducciones.com.ar\/radioquijano\/wp-json\/wp\/v2\/users\/8"}],"replies":[{"embeddable":true,"href":"https:\/\/nahuelproducciones.com.ar\/radioquijano\/wp-json\/wp\/v2\/comments?post=3078"}],"version-history":[{"count":1,"href":"https:\/\/nahuelproducciones.com.ar\/radioquijano\/wp-json\/wp\/v2\/posts\/3078\/revisions"}],"predecessor-version":[{"id":3085,"href":"https:\/\/nahuelproducciones.com.ar\/radioquijano\/wp-json\/wp\/v2\/posts\/3078\/revisions\/3085"}],"wp:featuredmedia":[{"embeddable":true,"href":"https:\/\/nahuelproducciones.com.ar\/radioquijano\/wp-json\/wp\/v2\/media\/3086"}],"wp:attachment":[{"href":"https:\/\/nahuelproducciones.com.ar\/radioquijano\/wp-json\/wp\/v2\/media?parent=3078"}],"wp:term":[{"taxonomy":"category","embeddable":true,"href":"https:\/\/nahuelproducciones.com.ar\/radioquijano\/wp-json\/wp\/v2\/categories?post=3078"},{"taxonomy":"post_tag","embeddable":true,"href":"https:\/\/nahuelproducciones.com.ar\/radioquijano\/wp-json\/wp\/v2\/tags?post=3078"}],"curies":[{"name":"wp","href":"https:\/\/api.w.org\/{rel}","templated":true}]}}