{"id":3090,"date":"2022-07-17T11:25:04","date_gmt":"2022-07-17T14:25:04","guid":{"rendered":"https:\/\/nahuelproducciones.com.ar\/radioquijano\/?p=3090"},"modified":"2022-07-17T15:28:49","modified_gmt":"2022-07-17T18:28:49","slug":"campo-quijano-funcionario-municipal-requerido-a-juicio-por-un-basural-a-cielo-abierto","status":"publish","type":"post","link":"https:\/\/nahuelproducciones.com.ar\/radioquijano\/campo-quijano-funcionario-municipal-requerido-a-juicio-por-un-basural-a-cielo-abierto\/","title":{"rendered":"Campo Quijano: Funcionario municipal requerido a juicio por un basural a cielo abierto"},"content":{"rendered":"\n<p>El hombre de 34 a\u00f1os, se desempe\u00f1a como Director de Servicios P\u00fablicos de la Municipalidad de Campo Quijano y est\u00e1 acusado como infractor del art\u00edculo 94 bis de la Ley 7135\/01, al comprobarse la existencia de un basural a cielo abierto y sin ning\u00fan tipo de tratamiento, ubicado en el predio del ex matadero, a la vera del r\u00edo Rosario de ese municipio. <strong>Se orden\u00f3 la clausura del predio.<\/strong><\/p>\n\n\n\n<p>La fiscal penal Ver\u00f3nica Simesen de Bielke, interina en la Unidad Fiscal Contravencional, requiri\u00f3 juicio ante el Juzgado de Garant\u00edas en turno, para un hombre de 34 a\u00f1os de edad, que se desempe\u00f1a como <strong>Director de Servicios P\u00fablicos de la Municipalidad de Campo Quijano<\/strong>, por la infracci\u00f3n al art\u00edculo 94 bis de la Ley 7135\/01, donde se se\u00f1ala que ser\u00e1 sancionado con arresto de hasta ochenta (80) d\u00edas o multa de hasta ochenta (80) d\u00edas, el funcionario p\u00fablico que por acci\u00f3n u omisi\u00f3n dolosa, provocare, consintiere, autorizare o no denunciare la concreci\u00f3n de un da\u00f1o ambiental, con efecto sobre la salud y\/o el patrimonio de las personas, siempre que el hecho no constituya delito.<\/p>\n\n\n\n<p>La investigaci\u00f3n se inici\u00f3 ante las reiteradas denuncias de una vecina de Campo Quijano, que se\u00f1ala que desde la Municipalidad se disponen residuos s\u00f3lidos y l\u00edquidos (cloacales) en un predio sin ning\u00fan tipo de tratamiento, lo cual fue corroborado por un informe del CIF, donde se constat\u00f3 la existencia de un \u201cmicrobasural\u201d ubicado en el predio del ex matadero y en la vera del r\u00edo Rosario en la localidad de Campo Quijano.<\/p>\n\n\n\n<p>El informe menciona que se evidencia que el <strong>\u201cbasural a cielo abierto\u201d<\/strong> funciona sin licencia ambiental expedida por autoridad competente, por lo que no ha obtenido la evaluaci\u00f3n de impacto ambiental necesaria para utilizar el predio mencionado para el destino final de los residuos a cielo abierto (requisito previo en la ley N \u00ba25.675 Ley General del Ambiente), ello es as\u00ed ya del informe de la Secretar\u00eda De Ambiente y Desarrollo Sustentable surge que <strong>no cuenta con un plan de gesti\u00f3n<\/strong>. Situaci\u00f3n esta, que qued\u00f3 acreditada a trav\u00e9s de los <strong>propios dichos del Director del Servicios P\u00fablicos.<\/strong><\/p>\n\n\n\n<p>Sostiene en el requerimiento que el funcionario p\u00fablico de la localidad de Campo Quijano, a pesar de tener pleno conocimiento de que la disposici\u00f3n final de los residuos de la comuna deben realizarse en el relleno sanitario San Javier, a ra\u00edz de que en el a\u00f1o 2014 se celebr\u00f3 un convenio de cooperaci\u00f3n conjunta con la Municipalidad de Salta (FAM) y de lo enunciado en el art. 1 de la Ordenanza Municipal N\u00ba 3\/19, este hizo caso omiso, <strong>consintiendo de manera impl\u00edcita que personal a su cargo como tambi\u00e9n particulares, depositen los desechos domiciliarios en el predio del ex matadero y en las m\u00e1rgenes r\u00edo Rosario, tambi\u00e9n la quema de los mismos, provocando con su conducta la concreci\u00f3n de un da\u00f1o ambiental.<\/strong><\/p>\n\n\n\n<p>El informe del Cuerpo de Investigaciones Fiscales, concluye que:<\/p>\n\n\n\n<blockquote class=\"wp-block-quote has-text-align-center is-layout-flow wp-block-quote-is-layout-flow\"><p>\u201cEn la propiedad denominada ex matadero Municipal la presencia de residuos urbanos, cubiertos con vegetaci\u00f3n y en otros sitios actividad de quema, lo que genera gases contaminantes. Esta situaci\u00f3n se agrava por la cercan\u00eda de viviendas. El tanque soterrado que contiene oil en el predio del Ex Matadero constituye un pasivo ambiental de alta gravedad por tratarse de una sustancia peligrosa. Se observ\u00f3 en la margen izquierda del r\u00edo Rosario, la existencia de residuos asimilables a urbanos dispersos y restos de tabaco pr\u00f3ximos al agua\u201d.<\/p><\/blockquote>\n\n\n\n<p>Por lo que se advierte que el Director de Servicios P\u00fablicos de la localidad de Campo Quijano, ten\u00eda el deber de velar por el derecho a la salud de los habitantes del mencionado municipio, y con su accionar, ha vulnerado el derecho a gozar de un medio ambiente sano, derecho de raigambre constitucional.<\/p>\n\n\n\n<p>A solicitud de la fiscal penal Simesen de Bielke, el Juzgado de Garant\u00edas interviniente, orden\u00f3 la clausura del predio.<\/p>\n\n\n\n<p>Fuente: MINISTERIO P\u00daBLICO FISCAL DE SALTA<\/p>\n\n\n\n<p><a href=\"https:\/\/nahuelproducciones.com.ar\/index.php\/rq999\" target=\"_blank\" rel=\"noreferrer noopener\">#RQ99.9Mhz<\/a>&nbsp;<a href=\"https:\/\/nahuelproducciones.com.ar\/\" target=\"_blank\" rel=\"noreferrer noopener\">#CAMPOQUIJANO<\/a>&nbsp;<a href=\"http:\/\/nahuelproducciones.com.ar\/radioquijano\/\" target=\"_blank\" rel=\"noreferrer noopener\">#RadioQuijano<\/a><\/p>\n","protected":false},"excerpt":{"rendered":"<p>El hombre de 34 a\u00f1os, se desempe\u00f1a como Director de Servicios P\u00fablicos de la Municipalidad de Campo Quijano y est\u00e1 acusado como infractor del art\u00edculo 94 bis de la Ley 7135\/01, al comprobarse la existencia de un basural a cielo abierto y sin ning\u00fan tipo de tratamiento, ubicado en el predio del ex matadero, a [&hellip;]<\/p>\n","protected":false},"author":8,"featured_media":3094,"comment_status":"open","ping_status":"open","sticky":false,"template":"","format":"standard","meta":{"_monsterinsights_skip_tracking":false,"_monsterinsights_sitenote_active":false,"_monsterinsights_sitenote_note":"","_monsterinsights_sitenote_category":0,"footnotes":""},"categories":[18,16],"tags":[36,567,566,71],"class_list":["post-3090","post","type-post","status-publish","format-standard","has-post-thumbnail","hentry","category-covid-19","category-noticias","tag-campo-quijano","tag-clausura-del-ex-matadero","tag-director-de-servicios-publicos-de-la-municipalidad-de-campo-quijano","tag-municipalidad-de-campo-quijano"],"yoast_head":"<!-- This site is optimized with the Yoast SEO plugin v20.8 - https:\/\/yoast.com\/wordpress\/plugins\/seo\/ -->\n<title>Campo Quijano: Funcionario municipal requerido a juicio por un basural a cielo abierto - RQ 99.9<\/title>\n<meta name=\"description\" content=\"A solicitud de la fiscal penal Simesen de Bielke, el Juzgado de Garant\u00edas interviniente, orden\u00f3 la clausura del predio.\" \/>\n<meta name=\"robots\" content=\"index, follow, max-snippet:-1, max-image-preview:large, max-video-preview:-1\" \/>\n<link rel=\"canonical\" href=\"https:\/\/nahuelproducciones.com.ar\/radioquijano\/campo-quijano-funcionario-municipal-requerido-a-juicio-por-un-basural-a-cielo-abierto\/\" \/>\n<meta property=\"og:locale\" content=\"es_ES\" \/>\n<meta property=\"og:type\" content=\"article\" \/>\n<meta property=\"og:title\" content=\"Campo Quijano: Funcionario municipal requerido a juicio por un basural a cielo abierto - RQ 99.9\" \/>\n<meta property=\"og:description\" content=\"A solicitud de la fiscal penal Simesen de Bielke, el Juzgado de Garant\u00edas interviniente, orden\u00f3 la clausura del predio.\" \/>\n<meta property=\"og:url\" content=\"https:\/\/nahuelproducciones.com.ar\/radioquijano\/campo-quijano-funcionario-municipal-requerido-a-juicio-por-un-basural-a-cielo-abierto\/\" \/>\n<meta property=\"og:site_name\" content=\"RQ 99.9\" \/>\n<meta property=\"article:publisher\" content=\"https:\/\/www.facebook.com\/nahuelproducciones999\/\" \/>\n<meta property=\"article:published_time\" content=\"2022-07-17T14:25:04+00:00\" \/>\n<meta property=\"article:modified_time\" content=\"2022-07-17T18:28:49+00:00\" \/>\n<meta property=\"og:image\" content=\"https:\/\/nahuelproducciones.com.ar\/radioquijano\/wp-content\/uploads\/2022\/07\/basural-de-quijano.1-e1658068756541.jpg\" \/>\n\t<meta property=\"og:image:width\" content=\"700\" \/>\n\t<meta property=\"og:image:height\" content=\"525\" \/>\n\t<meta property=\"og:image:type\" content=\"image\/jpeg\" \/>\n<meta name=\"author\" content=\"Cecilia Pastrana\" \/>\n<meta name=\"twitter:card\" content=\"summary_large_image\" \/>\n<meta name=\"twitter:creator\" content=\"@nahuproduciones\" \/>\n<meta name=\"twitter:site\" content=\"@nahuproduciones\" \/>\n<meta name=\"twitter:label1\" content=\"Escrito por\" \/>\n\t<meta name=\"twitter:data1\" content=\"Cecilia Pastrana\" \/>\n\t<meta name=\"twitter:label2\" content=\"Tiempo de lectura\" \/>\n\t<meta name=\"twitter:data2\" content=\"3 minutos\" \/>\n<script type=\"application\/ld+json\" class=\"yoast-schema-graph\">{\"@context\":\"https:\/\/schema.org\",\"@graph\":[{\"@type\":\"WebPage\",\"@id\":\"https:\/\/nahuelproducciones.com.ar\/radioquijano\/campo-quijano-funcionario-municipal-requerido-a-juicio-por-un-basural-a-cielo-abierto\/\",\"url\":\"https:\/\/nahuelproducciones.com.ar\/radioquijano\/campo-quijano-funcionario-municipal-requerido-a-juicio-por-un-basural-a-cielo-abierto\/\",\"name\":\"Campo Quijano: Funcionario municipal requerido a juicio por un basural a cielo abierto - RQ 99.9\",\"isPartOf\":{\"@id\":\"https:\/\/nahuelproducciones.com.ar\/radioquijano\/#website\"},\"datePublished\":\"2022-07-17T14:25:04+00:00\",\"dateModified\":\"2022-07-17T18:28:49+00:00\",\"author\":{\"@id\":\"https:\/\/nahuelproducciones.com.ar\/radioquijano\/#\/schema\/person\/e8a4f939e2cb487fe6d0c54042c9d32c\"},\"description\":\"A solicitud de la fiscal penal Simesen de Bielke, el Juzgado de Garant\u00edas interviniente, orden\u00f3 la clausura del predio.\",\"breadcrumb\":{\"@id\":\"https:\/\/nahuelproducciones.com.ar\/radioquijano\/campo-quijano-funcionario-municipal-requerido-a-juicio-por-un-basural-a-cielo-abierto\/#breadcrumb\"},\"inLanguage\":\"es\",\"potentialAction\":[{\"@type\":\"ReadAction\",\"target\":[\"https:\/\/nahuelproducciones.com.ar\/radioquijano\/campo-quijano-funcionario-municipal-requerido-a-juicio-por-un-basural-a-cielo-abierto\/\"]}]},{\"@type\":\"BreadcrumbList\",\"@id\":\"https:\/\/nahuelproducciones.com.ar\/radioquijano\/campo-quijano-funcionario-municipal-requerido-a-juicio-por-un-basural-a-cielo-abierto\/#breadcrumb\",\"itemListElement\":[{\"@type\":\"ListItem\",\"position\":1,\"name\":\"Portada\",\"item\":\"https:\/\/nahuelproducciones.com.ar\/radioquijano\/\"},{\"@type\":\"ListItem\",\"position\":2,\"name\":\"Campo Quijano: Funcionario municipal requerido a juicio por un basural a cielo abierto\"}]},{\"@type\":\"WebSite\",\"@id\":\"https:\/\/nahuelproducciones.com.ar\/radioquijano\/#website\",\"url\":\"https:\/\/nahuelproducciones.com.ar\/radioquijano\/\",\"name\":\"RQ 99.9\",\"description\":\"Radio Quijano 99.9 MHz\",\"potentialAction\":[{\"@type\":\"SearchAction\",\"target\":{\"@type\":\"EntryPoint\",\"urlTemplate\":\"https:\/\/nahuelproducciones.com.ar\/radioquijano\/?s={search_term_string}\"},\"query-input\":\"required name=search_term_string\"}],\"inLanguage\":\"es\"},{\"@type\":\"Person\",\"@id\":\"https:\/\/nahuelproducciones.com.ar\/radioquijano\/#\/schema\/person\/e8a4f939e2cb487fe6d0c54042c9d32c\",\"name\":\"Cecilia Pastrana\",\"image\":{\"@type\":\"ImageObject\",\"inLanguage\":\"es\",\"@id\":\"https:\/\/nahuelproducciones.com.ar\/radioquijano\/#\/schema\/person\/image\/\",\"url\":\"https:\/\/secure.gravatar.com\/avatar\/661a3ef63a8488d4f2794ed44af8cf71420f7e106f3072c40125114df5157749?s=96&d=mm&r=g\",\"contentUrl\":\"https:\/\/secure.gravatar.com\/avatar\/661a3ef63a8488d4f2794ed44af8cf71420f7e106f3072c40125114df5157749?s=96&d=mm&r=g\",\"caption\":\"Cecilia Pastrana\"},\"sameAs\":[\"cecy\"],\"url\":\"https:\/\/nahuelproducciones.com.ar\/radioquijano\/author\/cecy\/\"}]}<\/script>\n<!-- \/ Yoast SEO plugin. -->","yoast_head_json":{"title":"Campo Quijano: Funcionario municipal requerido a juicio por un basural a cielo abierto - RQ 99.9","description":"A solicitud de la fiscal penal Simesen de Bielke, el Juzgado de Garant\u00edas interviniente, orden\u00f3 la clausura del predio.","robots":{"index":"index","follow":"follow","max-snippet":"max-snippet:-1","max-image-preview":"max-image-preview:large","max-video-preview":"max-video-preview:-1"},"canonical":"https:\/\/nahuelproducciones.com.ar\/radioquijano\/campo-quijano-funcionario-municipal-requerido-a-juicio-por-un-basural-a-cielo-abierto\/","og_locale":"es_ES","og_type":"article","og_title":"Campo Quijano: Funcionario municipal requerido a juicio por un basural a cielo abierto - RQ 99.9","og_description":"A solicitud de la fiscal penal Simesen de Bielke, el Juzgado de Garant\u00edas interviniente, orden\u00f3 la clausura del predio.","og_url":"https:\/\/nahuelproducciones.com.ar\/radioquijano\/campo-quijano-funcionario-municipal-requerido-a-juicio-por-un-basural-a-cielo-abierto\/","og_site_name":"RQ 99.9","article_publisher":"https:\/\/www.facebook.com\/nahuelproducciones999\/","article_published_time":"2022-07-17T14:25:04+00:00","article_modified_time":"2022-07-17T18:28:49+00:00","og_image":[{"width":700,"height":525,"url":"https:\/\/nahuelproducciones.com.ar\/radioquijano\/wp-content\/uploads\/2022\/07\/basural-de-quijano.1-e1658068756541.jpg","type":"image\/jpeg"}],"author":"Cecilia Pastrana","twitter_card":"summary_large_image","twitter_creator":"@nahuproduciones","twitter_site":"@nahuproduciones","twitter_misc":{"Escrito por":"Cecilia Pastrana","Tiempo de lectura":"3 minutos"},"schema":{"@context":"https:\/\/schema.org","@graph":[{"@type":"WebPage","@id":"https:\/\/nahuelproducciones.com.ar\/radioquijano\/campo-quijano-funcionario-municipal-requerido-a-juicio-por-un-basural-a-cielo-abierto\/","url":"https:\/\/nahuelproducciones.com.ar\/radioquijano\/campo-quijano-funcionario-municipal-requerido-a-juicio-por-un-basural-a-cielo-abierto\/","name":"Campo Quijano: Funcionario municipal requerido a juicio por un basural a cielo abierto - RQ 99.9","isPartOf":{"@id":"https:\/\/nahuelproducciones.com.ar\/radioquijano\/#website"},"datePublished":"2022-07-17T14:25:04+00:00","dateModified":"2022-07-17T18:28:49+00:00","author":{"@id":"https:\/\/nahuelproducciones.com.ar\/radioquijano\/#\/schema\/person\/e8a4f939e2cb487fe6d0c54042c9d32c"},"description":"A solicitud de la fiscal penal Simesen de Bielke, el Juzgado de Garant\u00edas interviniente, orden\u00f3 la clausura del predio.","breadcrumb":{"@id":"https:\/\/nahuelproducciones.com.ar\/radioquijano\/campo-quijano-funcionario-municipal-requerido-a-juicio-por-un-basural-a-cielo-abierto\/#breadcrumb"},"inLanguage":"es","potentialAction":[{"@type":"ReadAction","target":["https:\/\/nahuelproducciones.com.ar\/radioquijano\/campo-quijano-funcionario-municipal-requerido-a-juicio-por-un-basural-a-cielo-abierto\/"]}]},{"@type":"BreadcrumbList","@id":"https:\/\/nahuelproducciones.com.ar\/radioquijano\/campo-quijano-funcionario-municipal-requerido-a-juicio-por-un-basural-a-cielo-abierto\/#breadcrumb","itemListElement":[{"@type":"ListItem","position":1,"name":"Portada","item":"https:\/\/nahuelproducciones.com.ar\/radioquijano\/"},{"@type":"ListItem","position":2,"name":"Campo Quijano: Funcionario municipal requerido a juicio por un basural a cielo abierto"}]},{"@type":"WebSite","@id":"https:\/\/nahuelproducciones.com.ar\/radioquijano\/#website","url":"https:\/\/nahuelproducciones.com.ar\/radioquijano\/","name":"RQ 99.9","description":"Radio Quijano 99.9 MHz","potentialAction":[{"@type":"SearchAction","target":{"@type":"EntryPoint","urlTemplate":"https:\/\/nahuelproducciones.com.ar\/radioquijano\/?s={search_term_string}"},"query-input":"required name=search_term_string"}],"inLanguage":"es"},{"@type":"Person","@id":"https:\/\/nahuelproducciones.com.ar\/radioquijano\/#\/schema\/person\/e8a4f939e2cb487fe6d0c54042c9d32c","name":"Cecilia Pastrana","image":{"@type":"ImageObject","inLanguage":"es","@id":"https:\/\/nahuelproducciones.com.ar\/radioquijano\/#\/schema\/person\/image\/","url":"https:\/\/secure.gravatar.com\/avatar\/661a3ef63a8488d4f2794ed44af8cf71420f7e106f3072c40125114df5157749?s=96&d=mm&r=g","contentUrl":"https:\/\/secure.gravatar.com\/avatar\/661a3ef63a8488d4f2794ed44af8cf71420f7e106f3072c40125114df5157749?s=96&d=mm&r=g","caption":"Cecilia Pastrana"},"sameAs":["cecy"],"url":"https:\/\/nahuelproducciones.com.ar\/radioquijano\/author\/cecy\/"}]}},"_links":{"self":[{"href":"https:\/\/nahuelproducciones.com.ar\/radioquijano\/wp-json\/wp\/v2\/posts\/3090","targetHints":{"allow":["GET"]}}],"collection":[{"href":"https:\/\/nahuelproducciones.com.ar\/radioquijano\/wp-json\/wp\/v2\/posts"}],"about":[{"href":"https:\/\/nahuelproducciones.com.ar\/radioquijano\/wp-json\/wp\/v2\/types\/post"}],"author":[{"embeddable":true,"href":"https:\/\/nahuelproducciones.com.ar\/radioquijano\/wp-json\/wp\/v2\/users\/8"}],"replies":[{"embeddable":true,"href":"https:\/\/nahuelproducciones.com.ar\/radioquijano\/wp-json\/wp\/v2\/comments?post=3090"}],"version-history":[{"count":6,"href":"https:\/\/nahuelproducciones.com.ar\/radioquijano\/wp-json\/wp\/v2\/posts\/3090\/revisions"}],"predecessor-version":[{"id":3106,"href":"https:\/\/nahuelproducciones.com.ar\/radioquijano\/wp-json\/wp\/v2\/posts\/3090\/revisions\/3106"}],"wp:featuredmedia":[{"embeddable":true,"href":"https:\/\/nahuelproducciones.com.ar\/radioquijano\/wp-json\/wp\/v2\/media\/3094"}],"wp:attachment":[{"href":"https:\/\/nahuelproducciones.com.ar\/radioquijano\/wp-json\/wp\/v2\/media?parent=3090"}],"wp:term":[{"taxonomy":"category","embeddable":true,"href":"https:\/\/nahuelproducciones.com.ar\/radioquijano\/wp-json\/wp\/v2\/categories?post=3090"},{"taxonomy":"post_tag","embeddable":true,"href":"https:\/\/nahuelproducciones.com.ar\/radioquijano\/wp-json\/wp\/v2\/tags?post=3090"}],"curies":[{"name":"wp","href":"https:\/\/api.w.org\/{rel}","templated":true}]}}